{"id":131551,"date":"2026-01-19T18:07:11","date_gmt":"2026-01-19T21:07:11","guid":{"rendered":"https:\/\/www.noticiasradioreflejos.com.ar\/2021\/?p=131551"},"modified":"2026-01-19T18:07:11","modified_gmt":"2026-01-19T21:07:11","slug":"justicia-bonaerense-se-conocieron-los-numeros-de-dni-para-los-juicios-por-jurados","status":"publish","type":"post","link":"https:\/\/www.noticiasradioreflejos.com.ar\/2021\/justicia-bonaerense-se-conocieron-los-numeros-de-dni-para-los-juicios-por-jurados\/","title":{"rendered":"Justicia bonaerense: se conocieron los n\u00fameros de DNI para los Juicios por Jurados"},"content":{"rendered":"<p data-path-to-node=\"3\"><b data-path-to-node=\"3\" data-index-in-node=\"0\"><\/b> El Ministerio de Justicia de la Provincia de Buenos Aires, a trav\u00e9s de la Loter\u00eda Provincial, realiz\u00f3 el sorteo anual de ciudadanos que integrar\u00e1n el Listado Oficial de <b data-path-to-node=\"3\" data-index-in-node=\"181\">Juicios por Jurados<\/b>. La medida busca garantizar la participaci\u00f3n ciudadana en el proceso judicial y alcanza a vecinos del partido de <b data-path-to-node=\"4\" data-index-in-node=\"112\">Tornquist<\/b> y otras diez localidades de la regi\u00f3n.<!--more--><\/p>\n<p data-path-to-node=\"6\">Los ciudadanos cuyos Documentos Nacionales de Identidad finalicen en las siguientes tres cifras quedan habilitados para ser convocados hasta el <b data-path-to-node=\"6\" data-index-in-node=\"144\">31 de diciembre<\/b>:<\/p>\n<ul data-path-to-node=\"7\">\n<li>\n<p data-path-to-node=\"7,0,0\"><b data-path-to-node=\"7,0,0\" data-index-in-node=\"0\">006<\/b> | <b data-path-to-node=\"7,0,0\" data-index-in-node=\"6\">094<\/b> | <b data-path-to-node=\"7,0,0\" data-index-in-node=\"12\">220<\/b><\/p>\n<\/li>\n<li>\n<p data-path-to-node=\"7,1,0\"><b data-path-to-node=\"7,1,0\" data-index-in-node=\"0\">828<\/b> | <b data-path-to-node=\"7,1,0\" data-index-in-node=\"6\">909<\/b> | <b data-path-to-node=\"7,1,0\" data-index-in-node=\"12\">964<\/b><\/p>\n<\/li>\n<\/ul>\n<p data-path-to-node=\"8\">En total, son unas <b data-path-to-node=\"8\" data-index-in-node=\"19\">2.500 personas<\/b> del sudoeste bonaerense (Bah\u00eda Blanca, Tornquist, Villarino, Coronel Pringles, Coronel Dorrego, Coronel Su\u00e1rez, Puan, Monte Hermoso, Punta Alta, Tres Arroyos y Gonzales Chaves) quienes integran esta n\u00f3mina preventiva.<\/p>\n<h3 data-path-to-node=\"10\"><b data-path-to-node=\"10\" data-index-in-node=\"0\">\u00bfQu\u00e9 debo hacer si mi DNI coincide?<\/b><\/h3>\n<p data-path-to-node=\"11\">Si los \u00faltimos tres n\u00fameros de tu documento est\u00e1n en la lista, es importante que tengas en cuenta los siguientes puntos:<\/p>\n<ol start=\"1\" data-path-to-node=\"12\">\n<li>\n<p data-path-to-node=\"12,0,0\"><b data-path-to-node=\"12,0,0\" data-index-in-node=\"0\">No es una citaci\u00f3n inmediata:<\/b> Estar en la lista significa que eres un \u00abjurado potencial\u00bb. Solo ser\u00e1s contactado si se requiere conformar un tribunal para un juicio espec\u00edfico en el Departamento Judicial de Bah\u00eda Blanca.<\/p>\n<\/li>\n<li>\n<p data-path-to-node=\"12,1,0\"><b data-path-to-node=\"12,1,0\" data-index-in-node=\"0\">Notificaci\u00f3n oficial:<\/b> En caso de ser seleccionado para un juicio concreto, recibir\u00e1s una notificaci\u00f3n formal en tu domicilio por parte de las autoridades judiciales o fuerzas de seguridad.<\/p>\n<\/li>\n<li>\n<p data-path-to-node=\"12,2,0\"><b data-path-to-node=\"12,2,0\" data-index-in-node=\"0\">Declaraci\u00f3n Jurada:<\/b> Una vez notificado, deber\u00e1s completar una declaraci\u00f3n jurada para verificar que cumples con los requisitos legales (ser argentino, tener entre 21 y 75 a\u00f1os, saber leer y escribir, y no tener impedimentos legales o profesionales).<\/p>\n<\/li>\n<li>\n<p data-path-to-node=\"12,3,0\"><b data-path-to-node=\"12,3,0\" data-index-in-node=\"0\">Carga p\u00fablica:<\/b> La funci\u00f3n de jurado es una carga p\u00fablica obligatoria, similar a la de presidente de mesa en las elecciones, y cuenta con protecciones laborales para que el empleador no compute la inasistencia.<\/p>\n<\/li>\n<\/ol>\n<blockquote data-path-to-node=\"13\">\n<p data-path-to-node=\"13,0\"><b data-path-to-node=\"13,0\" data-index-in-node=\"0\">\u00bfD\u00f3nde consultar?<\/b> Los ciudadanos pueden verificar si figuran en el padr\u00f3n a trav\u00e9s de la p\u00e1gina oficial del <b data-path-to-node=\"13,0\" data-index-in-node=\"108\">Ministerio de Justicia y Derechos Humanos de la Provincia de Buenos Aires<\/b>, ingresando su n\u00famero de DNI.<\/p>\n<\/blockquote>\n<p data-path-to-node=\"13,0\">\n<p><a href=\"https:\/\/drive.google.com\/file\/d\/19X-dT_MM8ze5Lj3kBUW7kLf-Immig8eY\/preview#amp=1\"><strong>Aqui\u00a0<\/strong><\/a>Listado<\/p>\n<p><strong>LISTADO TORNQUIST<\/strong><\/p>\n<p>Acebo,Ayelen<br \/>\nAlcaraz, Luis Fernando<br \/>\nAlga\u00f1araz, Lorena Claudia<br \/>\nAndreu, Yanela Ariana<br \/>\nAntinori,Norberto<br \/>\nAtler,Daniel Mauricio<br \/>\nAyoso, Silvina Alejandra<br \/>\nBalario, Antonela Soledad<br \/>\nBerl\u00edn, Paulo Andres<br \/>\nBelelli, Stella Maris<br \/>\nBorelli, Corina Jessica<br \/>\nBordoni, Estefan\u00eda<br \/>\nCarr\u00e0 Antonela Ver\u00f3nica<br \/>\nC\u00e0rdenas, Angel\u00ecca<br \/>\nCardenas, Lorena<br \/>\nCassano Canela<br \/>\nClark,Carlos H\u00e9ctor<br \/>\nColado,Edelmira<br \/>\nCoronel Ramiro Manuel<br \/>\nC\u00f2nsoli, Gustavo Adolfo<br \/>\nCorrea Zulma Liliana<br \/>\nDI Biase, Gianfranco<br \/>\nDom\u00ednguez, Angel Martin<br \/>\nDore, Francisco Alesio<br \/>\nDrago Ricardo Luis<br \/>\nFarias, Mario Daniel<br \/>\nFagundez, Alejandro Rodolfo<br \/>\nFrias, Diana Anah\u00ec<br \/>\nGalan, Horacio Valent\u00ecn<br \/>\nGallardo, Emanuel Agust\u00edn<br \/>\nGarcia, Claudia Lorena<br \/>\nGarcia, Gonzalo Emanuel<br \/>\nGarcia, Rodrigo Elian<br \/>\nGarrido, Braian Gabriel<br \/>\nGarrido, Nancy Margot<br \/>\nGomez ,Fernado Damian<br \/>\nGonda, Ricardo<br \/>\nGonzalez, Martina<br \/>\nGuevara, H\u00e9ctor Adrian<br \/>\nIchazo, Perla Miriam<br \/>\nJimenez, Sara Angelica<br \/>\nJuarez, Lisandro Ezequiel<br \/>\nKlock, Carolina Soledad<br \/>\nLanaro Nancy Elisabet<br \/>\nLanaro Silvia Nora<br \/>\nLasaga, Paula Carina<br \/>\nLeyria, Walter Jos\u00e9<br \/>\nLoffler, Guillermo Mart\u00edn<br \/>\nLoto, Mailen<br \/>\nLopez, Horacio Esteban<br \/>\nLujan, Gast\u00f3n Ariel<br \/>\nLujan, Julio Cesar<br \/>\nLuque Catalan, Jonhatan Cristian<br \/>\nMadue\u00f1a, Anabella Odolina<br \/>\nMagnani, Florencia<br \/>\nMattos, Stella Maris<br \/>\nMelgarejo, Carina Vanesa<br \/>\nMenvielle, Sebasti\u00e1n Ignacio<br \/>\nMolina, N\u00e9stor Daniel<br \/>\nMontico, Juan Manuel<br \/>\nMora Campos, Nahuel Francisco<br \/>\nMoretti, Enzo Domingo<br \/>\nMu\u00f1oz, Daiana Celeste<br \/>\nNavarro Ramon, Daiana Giselle<br \/>\nNazon, Micaela<br \/>\nOrtiz, Nelson Omar<br \/>\nPaciarotti Pampillon, Agustina<br \/>\nPatz, Analia Ver\u00f3nica<br \/>\nPeetoom, Walter Dylan<br \/>\nPe\u00f1aldo, Milton Ezequiel<br \/>\nPetrelle, Nicol\u00e1s Ernesto<br \/>\nQuiroga, Malvina Soledad<br \/>\nReynoso, Noelia Soledad<br \/>\nRotondi, Caludia Graciela<br \/>\nSandobal, Braian El\u00edas<br \/>\nSandobal, Luciana Vanesa<br \/>\nSandoval, Rosana Mabel<br \/>\nSchafer, Solange Ivana<br \/>\nSep\u00falveda, H\u00e9ctor Arnoldo<br \/>\nSero Mantero, Gustavo Alejandro<br \/>\nSonzini, Ezequ\u00edas<br \/>\nSpencieri, Juan Octavio<br \/>\nTebes, Jonhatan Damian<br \/>\nTorrecilla, Guillermo Ariel<br \/>\nToy, Juan Martin<br \/>\nTroncoso, Gerardo<br \/>\nVenzi, Blas<br \/>\nVillalba, Andr\u00e9s<br \/>\nVillalba, Carlos<br \/>\nWendorff, Rolando<br \/>\nWilson, Melina<br \/>\nZacconi, Bruno<br \/>\nZ\u00fa\u00f1iga, Nahuel<\/p>\n","protected":false},"excerpt":{"rendered":"<p>El Ministerio de Justicia de la Provincia de Buenos Aires, a trav\u00e9s de la Loter\u00eda Provincial, realiz\u00f3 el sorteo anual de ciudadanos que integrar\u00e1n el Listado Oficial de Juicios por Jurados. La medida busca garantizar la participaci\u00f3n ciudadana en el proceso judicial y alcanza a vecinos del partido de Tornquist y otras diez localidades de [&hellip;]<\/p>\n","protected":false},"author":3,"featured_media":94364,"comment_status":"closed","ping_status":"closed","sticky":false,"template":"","format":"standard","meta":{"footnotes":""},"categories":[57,24],"tags":[],"class_list":["post-131551","post","type-post","status-publish","format-standard","has-post-thumbnail","hentry","category-judiciales","category-politica"],"yoast_head":"<!-- This site is optimized with the Yoast SEO plugin v25.9 - https:\/\/yoast.com\/wordpress\/plugins\/seo\/ -->\n<title>Justicia bonaerense: se conocieron los n\u00fameros de DNI para los Juicios por Jurados - Noticias Radio Reflejos<\/title>\n<meta name=\"robots\" content=\"index, follow, max-snippet:-1, max-image-preview:large, max-video-preview:-1\" \/>\n<link rel=\"canonical\" href=\"https:\/\/www.noticiasradioreflejos.com.ar\/2021\/justicia-bonaerense-se-conocieron-los-numeros-de-dni-para-los-juicios-por-jurados\/\" \/>\n<meta property=\"og:locale\" content=\"es_ES\" \/>\n<meta property=\"og:type\" content=\"article\" \/>\n<meta property=\"og:title\" content=\"Justicia bonaerense: se conocieron los n\u00fameros de DNI para los Juicios por Jurados - Noticias Radio Reflejos\" \/>\n<meta property=\"og:description\" content=\"El Ministerio de Justicia de la Provincia de Buenos Aires, a trav\u00e9s de la Loter\u00eda Provincial, realiz\u00f3 el sorteo anual de ciudadanos que integrar\u00e1n el Listado Oficial de Juicios por Jurados. La medida busca garantizar la participaci\u00f3n ciudadana en el proceso judicial y alcanza a vecinos del partido de Tornquist y otras diez localidades de [&hellip;]\" \/>\n<meta property=\"og:url\" content=\"https:\/\/www.noticiasradioreflejos.com.ar\/2021\/justicia-bonaerense-se-conocieron-los-numeros-de-dni-para-los-juicios-por-jurados\/\" \/>\n<meta property=\"og:site_name\" content=\"Noticias Radio Reflejos\" \/>\n<meta property=\"article:published_time\" content=\"2026-01-19T21:07:11+00:00\" \/>\n<meta property=\"og:image\" content=\"https:\/\/www.noticiasradioreflejos.com.ar\/2021\/wp-content\/uploads\/2023\/10\/justicia7-1.jpg\" \/>\n\t<meta property=\"og:image:width\" content=\"700\" \/>\n\t<meta property=\"og:image:height\" content=\"394\" \/>\n\t<meta property=\"og:image:type\" content=\"image\/jpeg\" \/>\n<meta name=\"author\" content=\"Arnaldo Botto\" \/>\n<meta name=\"twitter:card\" content=\"summary_large_image\" \/>\n<script type=\"application\/ld+json\" class=\"yoast-schema-graph\">{\"@context\":\"https:\/\/schema.org\",\"@graph\":[{\"@type\":\"WebPage\",\"@id\":\"https:\/\/www.noticiasradioreflejos.com.ar\/2021\/justicia-bonaerense-se-conocieron-los-numeros-de-dni-para-los-juicios-por-jurados\/\",\"url\":\"https:\/\/www.noticiasradioreflejos.com.ar\/2021\/justicia-bonaerense-se-conocieron-los-numeros-de-dni-para-los-juicios-por-jurados\/\",\"name\":\"Justicia bonaerense: se conocieron los n\u00fameros de DNI para los Juicios por Jurados - Noticias Radio Reflejos\",\"isPartOf\":{\"@id\":\"https:\/\/www.noticiasradioreflejos.com.ar\/2021\/#website\"},\"primaryImageOfPage\":{\"@id\":\"https:\/\/www.noticiasradioreflejos.com.ar\/2021\/justicia-bonaerense-se-conocieron-los-numeros-de-dni-para-los-juicios-por-jurados\/#primaryimage\"},\"image\":{\"@id\":\"https:\/\/www.noticiasradioreflejos.com.ar\/2021\/justicia-bonaerense-se-conocieron-los-numeros-de-dni-para-los-juicios-por-jurados\/#primaryimage\"},\"thumbnailUrl\":\"https:\/\/www.noticiasradioreflejos.com.ar\/2021\/wp-content\/uploads\/2023\/10\/justicia7-1.jpg\",\"datePublished\":\"2026-01-19T21:07:11+00:00\",\"author\":{\"@id\":\"https:\/\/www.noticiasradioreflejos.com.ar\/2021\/#\/schema\/person\/ad82545263dcc5ec0996818884fd5fb1\"},\"breadcrumb\":{\"@id\":\"https:\/\/www.noticiasradioreflejos.com.ar\/2021\/justicia-bonaerense-se-conocieron-los-numeros-de-dni-para-los-juicios-por-jurados\/#breadcrumb\"},\"inLanguage\":\"es\",\"potentialAction\":[{\"@type\":\"ReadAction\",\"target\":[\"https:\/\/www.noticiasradioreflejos.com.ar\/2021\/justicia-bonaerense-se-conocieron-los-numeros-de-dni-para-los-juicios-por-jurados\/\"]}]},{\"@type\":\"ImageObject\",\"inLanguage\":\"es\",\"@id\":\"https:\/\/www.noticiasradioreflejos.com.ar\/2021\/justicia-bonaerense-se-conocieron-los-numeros-de-dni-para-los-juicios-por-jurados\/#primaryimage\",\"url\":\"https:\/\/www.noticiasradioreflejos.com.ar\/2021\/wp-content\/uploads\/2023\/10\/justicia7-1.jpg\",\"contentUrl\":\"https:\/\/www.noticiasradioreflejos.com.ar\/2021\/wp-content\/uploads\/2023\/10\/justicia7-1.jpg\",\"width\":700,\"height\":394},{\"@type\":\"BreadcrumbList\",\"@id\":\"https:\/\/www.noticiasradioreflejos.com.ar\/2021\/justicia-bonaerense-se-conocieron-los-numeros-de-dni-para-los-juicios-por-jurados\/#breadcrumb\",\"itemListElement\":[{\"@type\":\"ListItem\",\"position\":1,\"name\":\"Portada\",\"item\":\"https:\/\/www.noticiasradioreflejos.com.ar\/2021\/\"},{\"@type\":\"ListItem\",\"position\":2,\"name\":\"Justicia bonaerense: se conocieron los n\u00fameros de DNI para los Juicios por Jurados\"}]},{\"@type\":\"WebSite\",\"@id\":\"https:\/\/www.noticiasradioreflejos.com.ar\/2021\/#website\",\"url\":\"https:\/\/www.noticiasradioreflejos.com.ar\/2021\/\",\"name\":\"Noticias Radio Reflejos\",\"description\":\"Las noticias de mi comarca\",\"potentialAction\":[{\"@type\":\"SearchAction\",\"target\":{\"@type\":\"EntryPoint\",\"urlTemplate\":\"https:\/\/www.noticiasradioreflejos.com.ar\/2021\/?s={search_term_string}\"},\"query-input\":{\"@type\":\"PropertyValueSpecification\",\"valueRequired\":true,\"valueName\":\"search_term_string\"}}],\"inLanguage\":\"es\"},{\"@type\":\"Person\",\"@id\":\"https:\/\/www.noticiasradioreflejos.com.ar\/2021\/#\/schema\/person\/ad82545263dcc5ec0996818884fd5fb1\",\"name\":\"Arnaldo Botto\",\"image\":{\"@type\":\"ImageObject\",\"inLanguage\":\"es\",\"@id\":\"https:\/\/www.noticiasradioreflejos.com.ar\/2021\/#\/schema\/person\/image\/\",\"url\":\"https:\/\/secure.gravatar.com\/avatar\/55cb5e37c1efa326397366e6974cb338056df65cb50e7d64d1cf314e87504837?s=96&d=mm&r=g\",\"contentUrl\":\"https:\/\/secure.gravatar.com\/avatar\/55cb5e37c1efa326397366e6974cb338056df65cb50e7d64d1cf314e87504837?s=96&d=mm&r=g\",\"caption\":\"Arnaldo Botto\"},\"url\":\"https:\/\/www.noticiasradioreflejos.com.ar\/2021\/author\/arnaldo\/\"}]}<\/script>\n<!-- \/ Yoast SEO plugin. -->","yoast_head_json":{"title":"Justicia bonaerense: se conocieron los n\u00fameros de DNI para los Juicios por Jurados - Noticias Radio Reflejos","robots":{"index":"index","follow":"follow","max-snippet":"max-snippet:-1","max-image-preview":"max-image-preview:large","max-video-preview":"max-video-preview:-1"},"canonical":"https:\/\/www.noticiasradioreflejos.com.ar\/2021\/justicia-bonaerense-se-conocieron-los-numeros-de-dni-para-los-juicios-por-jurados\/","og_locale":"es_ES","og_type":"article","og_title":"Justicia bonaerense: se conocieron los n\u00fameros de DNI para los Juicios por Jurados - Noticias Radio Reflejos","og_description":"El Ministerio de Justicia de la Provincia de Buenos Aires, a trav\u00e9s de la Loter\u00eda Provincial, realiz\u00f3 el sorteo anual de ciudadanos que integrar\u00e1n el Listado Oficial de Juicios por Jurados. La medida busca garantizar la participaci\u00f3n ciudadana en el proceso judicial y alcanza a vecinos del partido de Tornquist y otras diez localidades de [&hellip;]","og_url":"https:\/\/www.noticiasradioreflejos.com.ar\/2021\/justicia-bonaerense-se-conocieron-los-numeros-de-dni-para-los-juicios-por-jurados\/","og_site_name":"Noticias Radio Reflejos","article_published_time":"2026-01-19T21:07:11+00:00","og_image":[{"width":700,"height":394,"url":"https:\/\/www.noticiasradioreflejos.com.ar\/2021\/wp-content\/uploads\/2023\/10\/justicia7-1.jpg","type":"image\/jpeg"}],"author":"Arnaldo Botto","twitter_card":"summary_large_image","schema":{"@context":"https:\/\/schema.org","@graph":[{"@type":"WebPage","@id":"https:\/\/www.noticiasradioreflejos.com.ar\/2021\/justicia-bonaerense-se-conocieron-los-numeros-de-dni-para-los-juicios-por-jurados\/","url":"https:\/\/www.noticiasradioreflejos.com.ar\/2021\/justicia-bonaerense-se-conocieron-los-numeros-de-dni-para-los-juicios-por-jurados\/","name":"Justicia bonaerense: se conocieron los n\u00fameros de DNI para los Juicios por Jurados - Noticias Radio Reflejos","isPartOf":{"@id":"https:\/\/www.noticiasradioreflejos.com.ar\/2021\/#website"},"primaryImageOfPage":{"@id":"https:\/\/www.noticiasradioreflejos.com.ar\/2021\/justicia-bonaerense-se-conocieron-los-numeros-de-dni-para-los-juicios-por-jurados\/#primaryimage"},"image":{"@id":"https:\/\/www.noticiasradioreflejos.com.ar\/2021\/justicia-bonaerense-se-conocieron-los-numeros-de-dni-para-los-juicios-por-jurados\/#primaryimage"},"thumbnailUrl":"https:\/\/www.noticiasradioreflejos.com.ar\/2021\/wp-content\/uploads\/2023\/10\/justicia7-1.jpg","datePublished":"2026-01-19T21:07:11+00:00","author":{"@id":"https:\/\/www.noticiasradioreflejos.com.ar\/2021\/#\/schema\/person\/ad82545263dcc5ec0996818884fd5fb1"},"breadcrumb":{"@id":"https:\/\/www.noticiasradioreflejos.com.ar\/2021\/justicia-bonaerense-se-conocieron-los-numeros-de-dni-para-los-juicios-por-jurados\/#breadcrumb"},"inLanguage":"es","potentialAction":[{"@type":"ReadAction","target":["https:\/\/www.noticiasradioreflejos.com.ar\/2021\/justicia-bonaerense-se-conocieron-los-numeros-de-dni-para-los-juicios-por-jurados\/"]}]},{"@type":"ImageObject","inLanguage":"es","@id":"https:\/\/www.noticiasradioreflejos.com.ar\/2021\/justicia-bonaerense-se-conocieron-los-numeros-de-dni-para-los-juicios-por-jurados\/#primaryimage","url":"https:\/\/www.noticiasradioreflejos.com.ar\/2021\/wp-content\/uploads\/2023\/10\/justicia7-1.jpg","contentUrl":"https:\/\/www.noticiasradioreflejos.com.ar\/2021\/wp-content\/uploads\/2023\/10\/justicia7-1.jpg","width":700,"height":394},{"@type":"BreadcrumbList","@id":"https:\/\/www.noticiasradioreflejos.com.ar\/2021\/justicia-bonaerense-se-conocieron-los-numeros-de-dni-para-los-juicios-por-jurados\/#breadcrumb","itemListElement":[{"@type":"ListItem","position":1,"name":"Portada","item":"https:\/\/www.noticiasradioreflejos.com.ar\/2021\/"},{"@type":"ListItem","position":2,"name":"Justicia bonaerense: se conocieron los n\u00fameros de DNI para los Juicios por Jurados"}]},{"@type":"WebSite","@id":"https:\/\/www.noticiasradioreflejos.com.ar\/2021\/#website","url":"https:\/\/www.noticiasradioreflejos.com.ar\/2021\/","name":"Noticias Radio Reflejos","description":"Las noticias de mi comarca","potentialAction":[{"@type":"SearchAction","target":{"@type":"EntryPoint","urlTemplate":"https:\/\/www.noticiasradioreflejos.com.ar\/2021\/?s={search_term_string}"},"query-input":{"@type":"PropertyValueSpecification","valueRequired":true,"valueName":"search_term_string"}}],"inLanguage":"es"},{"@type":"Person","@id":"https:\/\/www.noticiasradioreflejos.com.ar\/2021\/#\/schema\/person\/ad82545263dcc5ec0996818884fd5fb1","name":"Arnaldo Botto","image":{"@type":"ImageObject","inLanguage":"es","@id":"https:\/\/www.noticiasradioreflejos.com.ar\/2021\/#\/schema\/person\/image\/","url":"https:\/\/secure.gravatar.com\/avatar\/55cb5e37c1efa326397366e6974cb338056df65cb50e7d64d1cf314e87504837?s=96&d=mm&r=g","contentUrl":"https:\/\/secure.gravatar.com\/avatar\/55cb5e37c1efa326397366e6974cb338056df65cb50e7d64d1cf314e87504837?s=96&d=mm&r=g","caption":"Arnaldo Botto"},"url":"https:\/\/www.noticiasradioreflejos.com.ar\/2021\/author\/arnaldo\/"}]}},"_links":{"self":[{"href":"https:\/\/www.noticiasradioreflejos.com.ar\/2021\/wp-json\/wp\/v2\/posts\/131551","targetHints":{"allow":["GET"]}}],"collection":[{"href":"https:\/\/www.noticiasradioreflejos.com.ar\/2021\/wp-json\/wp\/v2\/posts"}],"about":[{"href":"https:\/\/www.noticiasradioreflejos.com.ar\/2021\/wp-json\/wp\/v2\/types\/post"}],"author":[{"embeddable":true,"href":"https:\/\/www.noticiasradioreflejos.com.ar\/2021\/wp-json\/wp\/v2\/users\/3"}],"replies":[{"embeddable":true,"href":"https:\/\/www.noticiasradioreflejos.com.ar\/2021\/wp-json\/wp\/v2\/comments?post=131551"}],"version-history":[{"count":1,"href":"https:\/\/www.noticiasradioreflejos.com.ar\/2021\/wp-json\/wp\/v2\/posts\/131551\/revisions"}],"predecessor-version":[{"id":131552,"href":"https:\/\/www.noticiasradioreflejos.com.ar\/2021\/wp-json\/wp\/v2\/posts\/131551\/revisions\/131552"}],"wp:featuredmedia":[{"embeddable":true,"href":"https:\/\/www.noticiasradioreflejos.com.ar\/2021\/wp-json\/wp\/v2\/media\/94364"}],"wp:attachment":[{"href":"https:\/\/www.noticiasradioreflejos.com.ar\/2021\/wp-json\/wp\/v2\/media?parent=131551"}],"wp:term":[{"taxonomy":"category","embeddable":true,"href":"https:\/\/www.noticiasradioreflejos.com.ar\/2021\/wp-json\/wp\/v2\/categories?post=131551"},{"taxonomy":"post_tag","embeddable":true,"href":"https:\/\/www.noticiasradioreflejos.com.ar\/2021\/wp-json\/wp\/v2\/tags?post=131551"}],"curies":[{"name":"wp","href":"https:\/\/api.w.org\/{rel}","templated":true}]}}