{"id":131545,"date":"2026-01-19T14:31:40","date_gmt":"2026-01-19T17:31:40","guid":{"rendered":"https:\/\/www.noticiasradioreflejos.com.ar\/2021\/?p=131545"},"modified":"2026-01-19T14:31:40","modified_gmt":"2026-01-19T17:31:40","slug":"carnavales-tornquist-inscripciones-abiertas-para-disfrazados-y-carrozas","status":"publish","type":"post","link":"https:\/\/www.noticiasradioreflejos.com.ar\/2021\/carnavales-tornquist-inscripciones-abiertas-para-disfrazados-y-carrozas\/","title":{"rendered":"Carnavales Tornquist: Inscripciones abiertas para disfrazados y carrozas"},"content":{"rendered":"<p>La Subsecretar\u00eda de Cultura informa que se encuentran abiertas las inscripciones para participar con disfrazados y carrozas en los Carnavales de Tornquist, que se llevar\u00e1n a cabo los d\u00edas 15 y 16 de febrero.<!--more--><\/p>\n<p>Las personas interesadas en formar parte de esta tradicional celebraci\u00f3n podr\u00e1n comunicarse al 2915766096 o enviar un correo electr\u00f3nico a direccioncultura.tornquist@gmail.com, donde podr\u00e1n solicitar los formularios de inscripci\u00f3n correspondientes.<\/p>\n<p>Como cada a\u00f1o, los Carnavales de Tornquist contar\u00e1n con importantes premios econ\u00f3micos para las distintas categor\u00edas, incentivando la creatividad, el trabajo en equipo y la reutilizaci\u00f3n de materiales.<\/p>\n<p>Premios<\/p>\n<p>Carrozas<br \/>\n1\u00ba: $1.000.000<br \/>\n2\u00ba: $700.000<br \/>\n3\u00ba: $400.000<\/p>\n<p>Disfraz colectivo mayor<br \/>\n1\u00ba: $600.000<br \/>\n2\u00ba: $400.000<br \/>\n3\u00ba: $250.000<\/p>\n<p>Disfraz colectivo menor<br \/>\n1\u00ba: $400.000<br \/>\n2\u00ba: $300.000<br \/>\n3\u00ba: $150.000<\/p>\n<p>Disfraz individual mayor<br \/>\n1\u00ba: $300.000<br \/>\n2\u00ba: $200.000<br \/>\n3\u00ba: $150.000<\/p>\n<p>Disfraz individual menor<br \/>\n1\u00ba: $250.000<br \/>\n2\u00ba: $150.000<br \/>\n3\u00ba: $100.000<\/p>\n<p>Disfraz hecho con material reciclado: $250.000<\/p>\n<p>Desde la organizaci\u00f3n se invita a toda la comunidad a participar y disfrutar de una nueva edici\u00f3n de los Carnavales, una propuesta pensada para toda la familia, que pone en valor la expresi\u00f3n cultural, el color y la alegr\u00eda popular.<\/p>\n","protected":false},"excerpt":{"rendered":"<p>La Subsecretar\u00eda de Cultura informa que se encuentran abiertas las inscripciones para participar con disfrazados y carrozas en los Carnavales de Tornquist, que se llevar\u00e1n a cabo los d\u00edas 15 y 16 de febrero.<\/p>\n","protected":false},"author":3,"featured_media":131546,"comment_status":"closed","ping_status":"closed","sticky":false,"template":"","format":"standard","meta":{"footnotes":""},"categories":[28],"tags":[],"class_list":["post-131545","post","type-post","status-publish","format-standard","has-post-thumbnail","hentry","category-municipales"],"yoast_head":"<!-- This site is optimized with the Yoast SEO plugin v25.9 - https:\/\/yoast.com\/wordpress\/plugins\/seo\/ -->\n<title>Carnavales Tornquist: Inscripciones abiertas para disfrazados y carrozas - Noticias Radio Reflejos<\/title>\n<meta name=\"robots\" content=\"index, follow, max-snippet:-1, max-image-preview:large, max-video-preview:-1\" \/>\n<link rel=\"canonical\" href=\"https:\/\/www.noticiasradioreflejos.com.ar\/2021\/carnavales-tornquist-inscripciones-abiertas-para-disfrazados-y-carrozas\/\" \/>\n<meta property=\"og:locale\" content=\"es_ES\" \/>\n<meta property=\"og:type\" content=\"article\" \/>\n<meta property=\"og:title\" content=\"Carnavales Tornquist: Inscripciones abiertas para disfrazados y carrozas - Noticias Radio Reflejos\" \/>\n<meta property=\"og:description\" content=\"La Subsecretar\u00eda de Cultura informa que se encuentran abiertas las inscripciones para participar con disfrazados y carrozas en los Carnavales de Tornquist, que se llevar\u00e1n a cabo los d\u00edas 15 y 16 de febrero.\" \/>\n<meta property=\"og:url\" content=\"https:\/\/www.noticiasradioreflejos.com.ar\/2021\/carnavales-tornquist-inscripciones-abiertas-para-disfrazados-y-carrozas\/\" \/>\n<meta property=\"og:site_name\" content=\"Noticias Radio Reflejos\" \/>\n<meta property=\"article:published_time\" content=\"2026-01-19T17:31:40+00:00\" \/>\n<meta property=\"og:image\" content=\"https:\/\/www.noticiasradioreflejos.com.ar\/2021\/wp-content\/uploads\/2026\/01\/Inscrip-Carnavales-2026.jpg\" \/>\n\t<meta property=\"og:image:width\" content=\"1080\" \/>\n\t<meta property=\"og:image:height\" content=\"1350\" \/>\n\t<meta property=\"og:image:type\" content=\"image\/jpeg\" \/>\n<meta name=\"author\" content=\"Arnaldo Botto\" \/>\n<meta name=\"twitter:card\" content=\"summary_large_image\" \/>\n<script type=\"application\/ld+json\" class=\"yoast-schema-graph\">{\"@context\":\"https:\/\/schema.org\",\"@graph\":[{\"@type\":\"WebPage\",\"@id\":\"https:\/\/www.noticiasradioreflejos.com.ar\/2021\/carnavales-tornquist-inscripciones-abiertas-para-disfrazados-y-carrozas\/\",\"url\":\"https:\/\/www.noticiasradioreflejos.com.ar\/2021\/carnavales-tornquist-inscripciones-abiertas-para-disfrazados-y-carrozas\/\",\"name\":\"Carnavales Tornquist: Inscripciones abiertas para disfrazados y carrozas - Noticias Radio Reflejos\",\"isPartOf\":{\"@id\":\"https:\/\/www.noticiasradioreflejos.com.ar\/2021\/#website\"},\"primaryImageOfPage\":{\"@id\":\"https:\/\/www.noticiasradioreflejos.com.ar\/2021\/carnavales-tornquist-inscripciones-abiertas-para-disfrazados-y-carrozas\/#primaryimage\"},\"image\":{\"@id\":\"https:\/\/www.noticiasradioreflejos.com.ar\/2021\/carnavales-tornquist-inscripciones-abiertas-para-disfrazados-y-carrozas\/#primaryimage\"},\"thumbnailUrl\":\"https:\/\/www.noticiasradioreflejos.com.ar\/2021\/wp-content\/uploads\/2026\/01\/Inscrip-Carnavales-2026.jpg\",\"datePublished\":\"2026-01-19T17:31:40+00:00\",\"author\":{\"@id\":\"https:\/\/www.noticiasradioreflejos.com.ar\/2021\/#\/schema\/person\/ad82545263dcc5ec0996818884fd5fb1\"},\"breadcrumb\":{\"@id\":\"https:\/\/www.noticiasradioreflejos.com.ar\/2021\/carnavales-tornquist-inscripciones-abiertas-para-disfrazados-y-carrozas\/#breadcrumb\"},\"inLanguage\":\"es\",\"potentialAction\":[{\"@type\":\"ReadAction\",\"target\":[\"https:\/\/www.noticiasradioreflejos.com.ar\/2021\/carnavales-tornquist-inscripciones-abiertas-para-disfrazados-y-carrozas\/\"]}]},{\"@type\":\"ImageObject\",\"inLanguage\":\"es\",\"@id\":\"https:\/\/www.noticiasradioreflejos.com.ar\/2021\/carnavales-tornquist-inscripciones-abiertas-para-disfrazados-y-carrozas\/#primaryimage\",\"url\":\"https:\/\/www.noticiasradioreflejos.com.ar\/2021\/wp-content\/uploads\/2026\/01\/Inscrip-Carnavales-2026.jpg\",\"contentUrl\":\"https:\/\/www.noticiasradioreflejos.com.ar\/2021\/wp-content\/uploads\/2026\/01\/Inscrip-Carnavales-2026.jpg\",\"width\":1080,\"height\":1350},{\"@type\":\"BreadcrumbList\",\"@id\":\"https:\/\/www.noticiasradioreflejos.com.ar\/2021\/carnavales-tornquist-inscripciones-abiertas-para-disfrazados-y-carrozas\/#breadcrumb\",\"itemListElement\":[{\"@type\":\"ListItem\",\"position\":1,\"name\":\"Portada\",\"item\":\"https:\/\/www.noticiasradioreflejos.com.ar\/2021\/\"},{\"@type\":\"ListItem\",\"position\":2,\"name\":\"Carnavales Tornquist: Inscripciones abiertas para disfrazados y carrozas\"}]},{\"@type\":\"WebSite\",\"@id\":\"https:\/\/www.noticiasradioreflejos.com.ar\/2021\/#website\",\"url\":\"https:\/\/www.noticiasradioreflejos.com.ar\/2021\/\",\"name\":\"Noticias Radio Reflejos\",\"description\":\"Las noticias de mi comarca\",\"potentialAction\":[{\"@type\":\"SearchAction\",\"target\":{\"@type\":\"EntryPoint\",\"urlTemplate\":\"https:\/\/www.noticiasradioreflejos.com.ar\/2021\/?s={search_term_string}\"},\"query-input\":{\"@type\":\"PropertyValueSpecification\",\"valueRequired\":true,\"valueName\":\"search_term_string\"}}],\"inLanguage\":\"es\"},{\"@type\":\"Person\",\"@id\":\"https:\/\/www.noticiasradioreflejos.com.ar\/2021\/#\/schema\/person\/ad82545263dcc5ec0996818884fd5fb1\",\"name\":\"Arnaldo Botto\",\"image\":{\"@type\":\"ImageObject\",\"inLanguage\":\"es\",\"@id\":\"https:\/\/www.noticiasradioreflejos.com.ar\/2021\/#\/schema\/person\/image\/\",\"url\":\"https:\/\/secure.gravatar.com\/avatar\/55cb5e37c1efa326397366e6974cb338056df65cb50e7d64d1cf314e87504837?s=96&d=mm&r=g\",\"contentUrl\":\"https:\/\/secure.gravatar.com\/avatar\/55cb5e37c1efa326397366e6974cb338056df65cb50e7d64d1cf314e87504837?s=96&d=mm&r=g\",\"caption\":\"Arnaldo Botto\"},\"url\":\"https:\/\/www.noticiasradioreflejos.com.ar\/2021\/author\/arnaldo\/\"}]}<\/script>\n<!-- \/ Yoast SEO plugin. -->","yoast_head_json":{"title":"Carnavales Tornquist: Inscripciones abiertas para disfrazados y carrozas - Noticias Radio Reflejos","robots":{"index":"index","follow":"follow","max-snippet":"max-snippet:-1","max-image-preview":"max-image-preview:large","max-video-preview":"max-video-preview:-1"},"canonical":"https:\/\/www.noticiasradioreflejos.com.ar\/2021\/carnavales-tornquist-inscripciones-abiertas-para-disfrazados-y-carrozas\/","og_locale":"es_ES","og_type":"article","og_title":"Carnavales Tornquist: Inscripciones abiertas para disfrazados y carrozas - Noticias Radio Reflejos","og_description":"La Subsecretar\u00eda de Cultura informa que se encuentran abiertas las inscripciones para participar con disfrazados y carrozas en los Carnavales de Tornquist, que se llevar\u00e1n a cabo los d\u00edas 15 y 16 de febrero.","og_url":"https:\/\/www.noticiasradioreflejos.com.ar\/2021\/carnavales-tornquist-inscripciones-abiertas-para-disfrazados-y-carrozas\/","og_site_name":"Noticias Radio Reflejos","article_published_time":"2026-01-19T17:31:40+00:00","og_image":[{"width":1080,"height":1350,"url":"https:\/\/www.noticiasradioreflejos.com.ar\/2021\/wp-content\/uploads\/2026\/01\/Inscrip-Carnavales-2026.jpg","type":"image\/jpeg"}],"author":"Arnaldo Botto","twitter_card":"summary_large_image","schema":{"@context":"https:\/\/schema.org","@graph":[{"@type":"WebPage","@id":"https:\/\/www.noticiasradioreflejos.com.ar\/2021\/carnavales-tornquist-inscripciones-abiertas-para-disfrazados-y-carrozas\/","url":"https:\/\/www.noticiasradioreflejos.com.ar\/2021\/carnavales-tornquist-inscripciones-abiertas-para-disfrazados-y-carrozas\/","name":"Carnavales Tornquist: Inscripciones abiertas para disfrazados y carrozas - Noticias Radio Reflejos","isPartOf":{"@id":"https:\/\/www.noticiasradioreflejos.com.ar\/2021\/#website"},"primaryImageOfPage":{"@id":"https:\/\/www.noticiasradioreflejos.com.ar\/2021\/carnavales-tornquist-inscripciones-abiertas-para-disfrazados-y-carrozas\/#primaryimage"},"image":{"@id":"https:\/\/www.noticiasradioreflejos.com.ar\/2021\/carnavales-tornquist-inscripciones-abiertas-para-disfrazados-y-carrozas\/#primaryimage"},"thumbnailUrl":"https:\/\/www.noticiasradioreflejos.com.ar\/2021\/wp-content\/uploads\/2026\/01\/Inscrip-Carnavales-2026.jpg","datePublished":"2026-01-19T17:31:40+00:00","author":{"@id":"https:\/\/www.noticiasradioreflejos.com.ar\/2021\/#\/schema\/person\/ad82545263dcc5ec0996818884fd5fb1"},"breadcrumb":{"@id":"https:\/\/www.noticiasradioreflejos.com.ar\/2021\/carnavales-tornquist-inscripciones-abiertas-para-disfrazados-y-carrozas\/#breadcrumb"},"inLanguage":"es","potentialAction":[{"@type":"ReadAction","target":["https:\/\/www.noticiasradioreflejos.com.ar\/2021\/carnavales-tornquist-inscripciones-abiertas-para-disfrazados-y-carrozas\/"]}]},{"@type":"ImageObject","inLanguage":"es","@id":"https:\/\/www.noticiasradioreflejos.com.ar\/2021\/carnavales-tornquist-inscripciones-abiertas-para-disfrazados-y-carrozas\/#primaryimage","url":"https:\/\/www.noticiasradioreflejos.com.ar\/2021\/wp-content\/uploads\/2026\/01\/Inscrip-Carnavales-2026.jpg","contentUrl":"https:\/\/www.noticiasradioreflejos.com.ar\/2021\/wp-content\/uploads\/2026\/01\/Inscrip-Carnavales-2026.jpg","width":1080,"height":1350},{"@type":"BreadcrumbList","@id":"https:\/\/www.noticiasradioreflejos.com.ar\/2021\/carnavales-tornquist-inscripciones-abiertas-para-disfrazados-y-carrozas\/#breadcrumb","itemListElement":[{"@type":"ListItem","position":1,"name":"Portada","item":"https:\/\/www.noticiasradioreflejos.com.ar\/2021\/"},{"@type":"ListItem","position":2,"name":"Carnavales Tornquist: Inscripciones abiertas para disfrazados y carrozas"}]},{"@type":"WebSite","@id":"https:\/\/www.noticiasradioreflejos.com.ar\/2021\/#website","url":"https:\/\/www.noticiasradioreflejos.com.ar\/2021\/","name":"Noticias Radio Reflejos","description":"Las noticias de mi comarca","potentialAction":[{"@type":"SearchAction","target":{"@type":"EntryPoint","urlTemplate":"https:\/\/www.noticiasradioreflejos.com.ar\/2021\/?s={search_term_string}"},"query-input":{"@type":"PropertyValueSpecification","valueRequired":true,"valueName":"search_term_string"}}],"inLanguage":"es"},{"@type":"Person","@id":"https:\/\/www.noticiasradioreflejos.com.ar\/2021\/#\/schema\/person\/ad82545263dcc5ec0996818884fd5fb1","name":"Arnaldo Botto","image":{"@type":"ImageObject","inLanguage":"es","@id":"https:\/\/www.noticiasradioreflejos.com.ar\/2021\/#\/schema\/person\/image\/","url":"https:\/\/secure.gravatar.com\/avatar\/55cb5e37c1efa326397366e6974cb338056df65cb50e7d64d1cf314e87504837?s=96&d=mm&r=g","contentUrl":"https:\/\/secure.gravatar.com\/avatar\/55cb5e37c1efa326397366e6974cb338056df65cb50e7d64d1cf314e87504837?s=96&d=mm&r=g","caption":"Arnaldo Botto"},"url":"https:\/\/www.noticiasradioreflejos.com.ar\/2021\/author\/arnaldo\/"}]}},"_links":{"self":[{"href":"https:\/\/www.noticiasradioreflejos.com.ar\/2021\/wp-json\/wp\/v2\/posts\/131545","targetHints":{"allow":["GET"]}}],"collection":[{"href":"https:\/\/www.noticiasradioreflejos.com.ar\/2021\/wp-json\/wp\/v2\/posts"}],"about":[{"href":"https:\/\/www.noticiasradioreflejos.com.ar\/2021\/wp-json\/wp\/v2\/types\/post"}],"author":[{"embeddable":true,"href":"https:\/\/www.noticiasradioreflejos.com.ar\/2021\/wp-json\/wp\/v2\/users\/3"}],"replies":[{"embeddable":true,"href":"https:\/\/www.noticiasradioreflejos.com.ar\/2021\/wp-json\/wp\/v2\/comments?post=131545"}],"version-history":[{"count":1,"href":"https:\/\/www.noticiasradioreflejos.com.ar\/2021\/wp-json\/wp\/v2\/posts\/131545\/revisions"}],"predecessor-version":[{"id":131547,"href":"https:\/\/www.noticiasradioreflejos.com.ar\/2021\/wp-json\/wp\/v2\/posts\/131545\/revisions\/131547"}],"wp:featuredmedia":[{"embeddable":true,"href":"https:\/\/www.noticiasradioreflejos.com.ar\/2021\/wp-json\/wp\/v2\/media\/131546"}],"wp:attachment":[{"href":"https:\/\/www.noticiasradioreflejos.com.ar\/2021\/wp-json\/wp\/v2\/media?parent=131545"}],"wp:term":[{"taxonomy":"category","embeddable":true,"href":"https:\/\/www.noticiasradioreflejos.com.ar\/2021\/wp-json\/wp\/v2\/categories?post=131545"},{"taxonomy":"post_tag","embeddable":true,"href":"https:\/\/www.noticiasradioreflejos.com.ar\/2021\/wp-json\/wp\/v2\/tags?post=131545"}],"curies":[{"name":"wp","href":"https:\/\/api.w.org\/{rel}","templated":true}]}}