{"id":131542,"date":"2026-01-19T14:28:40","date_gmt":"2026-01-19T17:28:40","guid":{"rendered":"https:\/\/www.noticiasradioreflejos.com.ar\/2021\/?p=131542"},"modified":"2026-01-19T14:32:06","modified_gmt":"2026-01-19T17:32:06","slug":"derrumbe-en-comodoro-rivadavia-declararon-la-emergencia-geologica-y-urbanistica","status":"publish","type":"post","link":"https:\/\/www.noticiasradioreflejos.com.ar\/2021\/derrumbe-en-comodoro-rivadavia-declararon-la-emergencia-geologica-y-urbanistica\/","title":{"rendered":"Derrumbe en Comodoro Rivadavia: declararon la emergencia geol\u00f3gica y urban\u00edstica"},"content":{"rendered":"<p>As\u00ed lo determin\u00f3 la comisi\u00f3n de receso del Concejo Deliberante de Comodoro Rivadavia tras el derrumbe del cerro Hermitte.<!--more--><\/p>\n<div class=\"column-main\">\n<figure class=\"multimedia\" data-tadevel-template=\"web\/multimedia\" data-type=\"photo\"><figcaption class=\"caption\"><\/figcaption><\/figure>\n<div class=\"article-body\" data-tadevel-template=\"web\/article-body\">\n<div class=\"article-body-content\">\n<p><strong>La emergencia geol\u00f3gica y urban\u00edstica fue declarada en la ciudad de Comodoro Rivadavia<\/strong>\u00a0por el Consejo Deliberante luego del\u00a0<strong>derrumbe del cerro Hermitte<\/strong>, que provoc\u00f3 evacuaciones masivas y amplios operativos, meintras que las autoridades se dispusieron el\u00a0<strong>cierre del per\u00edmetro afectado por al menos 48 horas<\/strong>, debido a que el terreno \u201csigue latiendo y presenta riesgo urbano\u201d.<\/p>\n<p>Este fin de semana los vecinos de los\u00a0<strong>barrios Sismogr\u00e1fica, Marquesado y Los Tilos<\/strong>, en la zona de Km. 3, se vieron afectados por el sorpresivo derrumbe del cerro Hermitte que provoc\u00f3, en algunos casos, que las casas se dividan en dos producto de los movimientos o de la ca\u00edda de tierra.<\/p>\n<p>Este domingo por la noche, ante el escenario presentado, la comisi\u00f3n de receso del Concejo Deliberante de Comodoro Rivadavia dictamin\u00f3 a trav\u00e9s de una\u00a0<strong>ordenanza<\/strong>\u00a0la\u00a0<strong>emergencia geol\u00f3gica y urban\u00edstica por 90 d\u00edas<\/strong>\u00a0\u201ccon el fin de implementar las acciones necesarias para mitigar los riesgos derivados de la inestabilidad del suelo en el \u00e1rea\u201d.<\/p>\n<p>A su vez, se autoriz\u00f3 a que el Poder Ejecutivo Municipal pueda realizar \u201clas reestructuraciones presupuestarias, transferencias de partidas y la utilizaci\u00f3n de fondos de libre disponibilidad que resulten necesarios para atender las erogaciones que demande la presente emergencia, as\u00ed como a gestionar asistencia financiera ante organismos provinciales, nacionales o internacionales, conforme a la normativa vigente\u201d.<\/p>\n<p>Respecto al Plan de Contingencia,\u00a0se destaca que se debe evacuar de forma segura y ordenada a la poblaci\u00f3n en riesgo, \u201cgarantizando alojamiento temporario, asistencia b\u00e1sica, cobertura sanitaria y seguridad durante un per\u00edodo de 30 d\u00edas, minimizando riesgos sociales y sanitarios\u201d.<\/p>\n<p>A su vez, se indic\u00f3 el inicio de cuatro fases:<\/p>\n<ul>\n<li>Fase 1 (D\u00eda 0-1): activaci\u00f3n del Centro de Operaciones de Emergencia (COE), censo r\u00e1pido y evacuaci\u00f3n priorizada.<\/li>\n<li>Fase 2 (D\u00eda 1-3): reubicaci\u00f3n, alojamiento y asistencia inicial.<\/li>\n<li>Fase 3 (Dia 4- 10): estabilizaci\u00f3n, seguimiento sanitario y seguridad.<\/li>\n<li>Fase 4 (D\u00eda 11-15): evaluaci\u00f3n t\u00e9cnica y toma de decisiones sobre retorno o extensi\u00f3n.<\/li>\n<\/ul>\n<p>&nbsp;<\/p>\n<p>En las \u00faltimas horas tambi\u00e9n se realiz\u00f3 una\u00a0<strong>conferencia de prensa<\/strong>\u00a0a cargo del \u00a0intendente Othar Macharashvili, acompa\u00f1ado por el vice intendente, Maximiliano Sampaoli; el secretario de Desarrollo Humano y Familia, \u00c1ngel Rivas; el Jefe del Cuerpo Activo de Bomberos Voluntarios, comandante Jos\u00e9 Ayamilla; el ge\u00f3logo del Departamento de Geolog\u00eda de la Universidad Nacional de Patagonia San Juan Bosco, Jos\u00e9 Paredes; miembros del Gabinete Municipal, concejales y equipos t\u00e9cnicos provinciales.<\/p>\n<p>En ese contexto, el jefe de la ciudad destac\u00f3 que el colapso del sector ya ven\u00eda siendo observado por equipos t\u00e9cnicos, al expresar que \u201cafortunadamente no tenemos que lamentar v\u00edctimas, producto del trabajo previo y de la responsabilidad de los vecinos que realizaron autoevacuaciones. Desde el primer momento, activamos el Comit\u00e9 de Crisis y el protocolo que se ven\u00eda trabajando. Estuvimos y vamos a seguir estando al lado de los vecinos, conteni\u00e9ndolos y asisti\u00e9ndolos\u201d.<\/p>\n<p>A su turno, el ge\u00f3logo Jos\u00e9 Paredes, del Departamento de Geolog\u00eda de la Universidad Nacional de la Patagonia San Juan Bosco, explic\u00f3 que \u201cel fen\u00f3meno corresponde a un\u00a0<strong>deslizamiento de gran magnitud, in\u00e9dito en la zona. El proceso no est\u00e1 completamente estabilizado y no es posible predecir su evoluci\u00f3n en el corto plazo<\/strong>\u201d, al tiempo que agreg\u00f3 que \u201clo m\u00e1s importante es evitar p\u00e9rdidas humanas. Este es un problema geol\u00f3gico de gran escala que se va a instalar de manera cr\u00f3nica y va a requerir soluciones sociales y territoriales a largo plazo\u201d, concluy\u00f3.<\/p>\n<p>&nbsp;<\/p>\n<p><a href=\"https:\/\/noticiasargentinas.com\/-agenciana_t6916e70a4551e78eb9423f59\">#AgenciaNA<\/a><\/p>\n<\/div>\n<\/div>\n<\/div>\n","protected":false},"excerpt":{"rendered":"<p>As\u00ed lo determin\u00f3 la comisi\u00f3n de receso del Concejo Deliberante de Comodoro Rivadavia tras el derrumbe del cerro Hermitte.<\/p>\n","protected":false},"author":3,"featured_media":131543,"comment_status":"closed","ping_status":"closed","sticky":false,"template":"","format":"standard","meta":{"footnotes":""},"categories":[24,26],"tags":[],"class_list":["post-131542","post","type-post","status-publish","format-standard","has-post-thumbnail","hentry","category-politica","category-sociedad"],"yoast_head":"<!-- This site is optimized with the Yoast SEO plugin v25.9 - https:\/\/yoast.com\/wordpress\/plugins\/seo\/ -->\n<title>Derrumbe en Comodoro Rivadavia: declararon la emergencia geol\u00f3gica y urban\u00edstica - Noticias Radio Reflejos<\/title>\n<meta name=\"robots\" content=\"index, follow, max-snippet:-1, max-image-preview:large, max-video-preview:-1\" \/>\n<link rel=\"canonical\" href=\"https:\/\/www.noticiasradioreflejos.com.ar\/2021\/derrumbe-en-comodoro-rivadavia-declararon-la-emergencia-geologica-y-urbanistica\/\" \/>\n<meta property=\"og:locale\" content=\"es_ES\" \/>\n<meta property=\"og:type\" content=\"article\" \/>\n<meta property=\"og:title\" content=\"Derrumbe en Comodoro Rivadavia: declararon la emergencia geol\u00f3gica y urban\u00edstica - Noticias Radio Reflejos\" \/>\n<meta property=\"og:description\" content=\"As\u00ed lo determin\u00f3 la comisi\u00f3n de receso del Concejo Deliberante de Comodoro Rivadavia tras el derrumbe del cerro Hermitte.\" \/>\n<meta property=\"og:url\" content=\"https:\/\/www.noticiasradioreflejos.com.ar\/2021\/derrumbe-en-comodoro-rivadavia-declararon-la-emergencia-geologica-y-urbanistica\/\" \/>\n<meta property=\"og:site_name\" content=\"Noticias Radio Reflejos\" \/>\n<meta property=\"article:published_time\" content=\"2026-01-19T17:28:40+00:00\" \/>\n<meta property=\"article:modified_time\" content=\"2026-01-19T17:32:06+00:00\" \/>\n<meta property=\"og:image\" content=\"https:\/\/www.noticiasradioreflejos.com.ar\/2021\/wp-content\/uploads\/2026\/01\/derumbe-en-Comodoro.webp\" \/>\n\t<meta property=\"og:image:width\" content=\"1280\" \/>\n\t<meta property=\"og:image:height\" content=\"718\" \/>\n\t<meta property=\"og:image:type\" content=\"image\/webp\" \/>\n<meta name=\"author\" content=\"Arnaldo Botto\" \/>\n<meta name=\"twitter:card\" content=\"summary_large_image\" \/>\n<script type=\"application\/ld+json\" class=\"yoast-schema-graph\">{\"@context\":\"https:\/\/schema.org\",\"@graph\":[{\"@type\":\"WebPage\",\"@id\":\"https:\/\/www.noticiasradioreflejos.com.ar\/2021\/derrumbe-en-comodoro-rivadavia-declararon-la-emergencia-geologica-y-urbanistica\/\",\"url\":\"https:\/\/www.noticiasradioreflejos.com.ar\/2021\/derrumbe-en-comodoro-rivadavia-declararon-la-emergencia-geologica-y-urbanistica\/\",\"name\":\"Derrumbe en Comodoro Rivadavia: declararon la emergencia geol\u00f3gica y urban\u00edstica - Noticias Radio Reflejos\",\"isPartOf\":{\"@id\":\"https:\/\/www.noticiasradioreflejos.com.ar\/2021\/#website\"},\"primaryImageOfPage\":{\"@id\":\"https:\/\/www.noticiasradioreflejos.com.ar\/2021\/derrumbe-en-comodoro-rivadavia-declararon-la-emergencia-geologica-y-urbanistica\/#primaryimage\"},\"image\":{\"@id\":\"https:\/\/www.noticiasradioreflejos.com.ar\/2021\/derrumbe-en-comodoro-rivadavia-declararon-la-emergencia-geologica-y-urbanistica\/#primaryimage\"},\"thumbnailUrl\":\"https:\/\/www.noticiasradioreflejos.com.ar\/2021\/wp-content\/uploads\/2026\/01\/derumbe-en-Comodoro.webp\",\"datePublished\":\"2026-01-19T17:28:40+00:00\",\"dateModified\":\"2026-01-19T17:32:06+00:00\",\"author\":{\"@id\":\"https:\/\/www.noticiasradioreflejos.com.ar\/2021\/#\/schema\/person\/ad82545263dcc5ec0996818884fd5fb1\"},\"breadcrumb\":{\"@id\":\"https:\/\/www.noticiasradioreflejos.com.ar\/2021\/derrumbe-en-comodoro-rivadavia-declararon-la-emergencia-geologica-y-urbanistica\/#breadcrumb\"},\"inLanguage\":\"es\",\"potentialAction\":[{\"@type\":\"ReadAction\",\"target\":[\"https:\/\/www.noticiasradioreflejos.com.ar\/2021\/derrumbe-en-comodoro-rivadavia-declararon-la-emergencia-geologica-y-urbanistica\/\"]}]},{\"@type\":\"ImageObject\",\"inLanguage\":\"es\",\"@id\":\"https:\/\/www.noticiasradioreflejos.com.ar\/2021\/derrumbe-en-comodoro-rivadavia-declararon-la-emergencia-geologica-y-urbanistica\/#primaryimage\",\"url\":\"https:\/\/www.noticiasradioreflejos.com.ar\/2021\/wp-content\/uploads\/2026\/01\/derumbe-en-Comodoro.webp\",\"contentUrl\":\"https:\/\/www.noticiasradioreflejos.com.ar\/2021\/wp-content\/uploads\/2026\/01\/derumbe-en-Comodoro.webp\",\"width\":1280,\"height\":718},{\"@type\":\"BreadcrumbList\",\"@id\":\"https:\/\/www.noticiasradioreflejos.com.ar\/2021\/derrumbe-en-comodoro-rivadavia-declararon-la-emergencia-geologica-y-urbanistica\/#breadcrumb\",\"itemListElement\":[{\"@type\":\"ListItem\",\"position\":1,\"name\":\"Portada\",\"item\":\"https:\/\/www.noticiasradioreflejos.com.ar\/2021\/\"},{\"@type\":\"ListItem\",\"position\":2,\"name\":\"Derrumbe en Comodoro Rivadavia: declararon la emergencia geol\u00f3gica y urban\u00edstica\"}]},{\"@type\":\"WebSite\",\"@id\":\"https:\/\/www.noticiasradioreflejos.com.ar\/2021\/#website\",\"url\":\"https:\/\/www.noticiasradioreflejos.com.ar\/2021\/\",\"name\":\"Noticias Radio Reflejos\",\"description\":\"Las noticias de mi comarca\",\"potentialAction\":[{\"@type\":\"SearchAction\",\"target\":{\"@type\":\"EntryPoint\",\"urlTemplate\":\"https:\/\/www.noticiasradioreflejos.com.ar\/2021\/?s={search_term_string}\"},\"query-input\":{\"@type\":\"PropertyValueSpecification\",\"valueRequired\":true,\"valueName\":\"search_term_string\"}}],\"inLanguage\":\"es\"},{\"@type\":\"Person\",\"@id\":\"https:\/\/www.noticiasradioreflejos.com.ar\/2021\/#\/schema\/person\/ad82545263dcc5ec0996818884fd5fb1\",\"name\":\"Arnaldo Botto\",\"image\":{\"@type\":\"ImageObject\",\"inLanguage\":\"es\",\"@id\":\"https:\/\/www.noticiasradioreflejos.com.ar\/2021\/#\/schema\/person\/image\/\",\"url\":\"https:\/\/secure.gravatar.com\/avatar\/55cb5e37c1efa326397366e6974cb338056df65cb50e7d64d1cf314e87504837?s=96&d=mm&r=g\",\"contentUrl\":\"https:\/\/secure.gravatar.com\/avatar\/55cb5e37c1efa326397366e6974cb338056df65cb50e7d64d1cf314e87504837?s=96&d=mm&r=g\",\"caption\":\"Arnaldo Botto\"},\"url\":\"https:\/\/www.noticiasradioreflejos.com.ar\/2021\/author\/arnaldo\/\"}]}<\/script>\n<!-- \/ Yoast SEO plugin. -->","yoast_head_json":{"title":"Derrumbe en Comodoro Rivadavia: declararon la emergencia geol\u00f3gica y urban\u00edstica - Noticias Radio Reflejos","robots":{"index":"index","follow":"follow","max-snippet":"max-snippet:-1","max-image-preview":"max-image-preview:large","max-video-preview":"max-video-preview:-1"},"canonical":"https:\/\/www.noticiasradioreflejos.com.ar\/2021\/derrumbe-en-comodoro-rivadavia-declararon-la-emergencia-geologica-y-urbanistica\/","og_locale":"es_ES","og_type":"article","og_title":"Derrumbe en Comodoro Rivadavia: declararon la emergencia geol\u00f3gica y urban\u00edstica - Noticias Radio Reflejos","og_description":"As\u00ed lo determin\u00f3 la comisi\u00f3n de receso del Concejo Deliberante de Comodoro Rivadavia tras el derrumbe del cerro Hermitte.","og_url":"https:\/\/www.noticiasradioreflejos.com.ar\/2021\/derrumbe-en-comodoro-rivadavia-declararon-la-emergencia-geologica-y-urbanistica\/","og_site_name":"Noticias Radio Reflejos","article_published_time":"2026-01-19T17:28:40+00:00","article_modified_time":"2026-01-19T17:32:06+00:00","og_image":[{"width":1280,"height":718,"url":"https:\/\/www.noticiasradioreflejos.com.ar\/2021\/wp-content\/uploads\/2026\/01\/derumbe-en-Comodoro.webp","type":"image\/webp"}],"author":"Arnaldo Botto","twitter_card":"summary_large_image","schema":{"@context":"https:\/\/schema.org","@graph":[{"@type":"WebPage","@id":"https:\/\/www.noticiasradioreflejos.com.ar\/2021\/derrumbe-en-comodoro-rivadavia-declararon-la-emergencia-geologica-y-urbanistica\/","url":"https:\/\/www.noticiasradioreflejos.com.ar\/2021\/derrumbe-en-comodoro-rivadavia-declararon-la-emergencia-geologica-y-urbanistica\/","name":"Derrumbe en Comodoro Rivadavia: declararon la emergencia geol\u00f3gica y urban\u00edstica - Noticias Radio Reflejos","isPartOf":{"@id":"https:\/\/www.noticiasradioreflejos.com.ar\/2021\/#website"},"primaryImageOfPage":{"@id":"https:\/\/www.noticiasradioreflejos.com.ar\/2021\/derrumbe-en-comodoro-rivadavia-declararon-la-emergencia-geologica-y-urbanistica\/#primaryimage"},"image":{"@id":"https:\/\/www.noticiasradioreflejos.com.ar\/2021\/derrumbe-en-comodoro-rivadavia-declararon-la-emergencia-geologica-y-urbanistica\/#primaryimage"},"thumbnailUrl":"https:\/\/www.noticiasradioreflejos.com.ar\/2021\/wp-content\/uploads\/2026\/01\/derumbe-en-Comodoro.webp","datePublished":"2026-01-19T17:28:40+00:00","dateModified":"2026-01-19T17:32:06+00:00","author":{"@id":"https:\/\/www.noticiasradioreflejos.com.ar\/2021\/#\/schema\/person\/ad82545263dcc5ec0996818884fd5fb1"},"breadcrumb":{"@id":"https:\/\/www.noticiasradioreflejos.com.ar\/2021\/derrumbe-en-comodoro-rivadavia-declararon-la-emergencia-geologica-y-urbanistica\/#breadcrumb"},"inLanguage":"es","potentialAction":[{"@type":"ReadAction","target":["https:\/\/www.noticiasradioreflejos.com.ar\/2021\/derrumbe-en-comodoro-rivadavia-declararon-la-emergencia-geologica-y-urbanistica\/"]}]},{"@type":"ImageObject","inLanguage":"es","@id":"https:\/\/www.noticiasradioreflejos.com.ar\/2021\/derrumbe-en-comodoro-rivadavia-declararon-la-emergencia-geologica-y-urbanistica\/#primaryimage","url":"https:\/\/www.noticiasradioreflejos.com.ar\/2021\/wp-content\/uploads\/2026\/01\/derumbe-en-Comodoro.webp","contentUrl":"https:\/\/www.noticiasradioreflejos.com.ar\/2021\/wp-content\/uploads\/2026\/01\/derumbe-en-Comodoro.webp","width":1280,"height":718},{"@type":"BreadcrumbList","@id":"https:\/\/www.noticiasradioreflejos.com.ar\/2021\/derrumbe-en-comodoro-rivadavia-declararon-la-emergencia-geologica-y-urbanistica\/#breadcrumb","itemListElement":[{"@type":"ListItem","position":1,"name":"Portada","item":"https:\/\/www.noticiasradioreflejos.com.ar\/2021\/"},{"@type":"ListItem","position":2,"name":"Derrumbe en Comodoro Rivadavia: declararon la emergencia geol\u00f3gica y urban\u00edstica"}]},{"@type":"WebSite","@id":"https:\/\/www.noticiasradioreflejos.com.ar\/2021\/#website","url":"https:\/\/www.noticiasradioreflejos.com.ar\/2021\/","name":"Noticias Radio Reflejos","description":"Las noticias de mi comarca","potentialAction":[{"@type":"SearchAction","target":{"@type":"EntryPoint","urlTemplate":"https:\/\/www.noticiasradioreflejos.com.ar\/2021\/?s={search_term_string}"},"query-input":{"@type":"PropertyValueSpecification","valueRequired":true,"valueName":"search_term_string"}}],"inLanguage":"es"},{"@type":"Person","@id":"https:\/\/www.noticiasradioreflejos.com.ar\/2021\/#\/schema\/person\/ad82545263dcc5ec0996818884fd5fb1","name":"Arnaldo Botto","image":{"@type":"ImageObject","inLanguage":"es","@id":"https:\/\/www.noticiasradioreflejos.com.ar\/2021\/#\/schema\/person\/image\/","url":"https:\/\/secure.gravatar.com\/avatar\/55cb5e37c1efa326397366e6974cb338056df65cb50e7d64d1cf314e87504837?s=96&d=mm&r=g","contentUrl":"https:\/\/secure.gravatar.com\/avatar\/55cb5e37c1efa326397366e6974cb338056df65cb50e7d64d1cf314e87504837?s=96&d=mm&r=g","caption":"Arnaldo Botto"},"url":"https:\/\/www.noticiasradioreflejos.com.ar\/2021\/author\/arnaldo\/"}]}},"_links":{"self":[{"href":"https:\/\/www.noticiasradioreflejos.com.ar\/2021\/wp-json\/wp\/v2\/posts\/131542","targetHints":{"allow":["GET"]}}],"collection":[{"href":"https:\/\/www.noticiasradioreflejos.com.ar\/2021\/wp-json\/wp\/v2\/posts"}],"about":[{"href":"https:\/\/www.noticiasradioreflejos.com.ar\/2021\/wp-json\/wp\/v2\/types\/post"}],"author":[{"embeddable":true,"href":"https:\/\/www.noticiasradioreflejos.com.ar\/2021\/wp-json\/wp\/v2\/users\/3"}],"replies":[{"embeddable":true,"href":"https:\/\/www.noticiasradioreflejos.com.ar\/2021\/wp-json\/wp\/v2\/comments?post=131542"}],"version-history":[{"count":1,"href":"https:\/\/www.noticiasradioreflejos.com.ar\/2021\/wp-json\/wp\/v2\/posts\/131542\/revisions"}],"predecessor-version":[{"id":131544,"href":"https:\/\/www.noticiasradioreflejos.com.ar\/2021\/wp-json\/wp\/v2\/posts\/131542\/revisions\/131544"}],"wp:featuredmedia":[{"embeddable":true,"href":"https:\/\/www.noticiasradioreflejos.com.ar\/2021\/wp-json\/wp\/v2\/media\/131543"}],"wp:attachment":[{"href":"https:\/\/www.noticiasradioreflejos.com.ar\/2021\/wp-json\/wp\/v2\/media?parent=131542"}],"wp:term":[{"taxonomy":"category","embeddable":true,"href":"https:\/\/www.noticiasradioreflejos.com.ar\/2021\/wp-json\/wp\/v2\/categories?post=131542"},{"taxonomy":"post_tag","embeddable":true,"href":"https:\/\/www.noticiasradioreflejos.com.ar\/2021\/wp-json\/wp\/v2\/tags?post=131542"}],"curies":[{"name":"wp","href":"https:\/\/api.w.org\/{rel}","templated":true}]}}