{"id":131540,"date":"2026-01-19T14:26:21","date_gmt":"2026-01-19T17:26:21","guid":{"rendered":"https:\/\/www.noticiasradioreflejos.com.ar\/2021\/?p=131540"},"modified":"2026-01-19T14:26:21","modified_gmt":"2026-01-19T17:26:21","slug":"mundial-2026-confirmaron-que-la-tv-publica-transmitira-los-partidos-de-argentina","status":"publish","type":"post","link":"https:\/\/www.noticiasradioreflejos.com.ar\/2021\/mundial-2026-confirmaron-que-la-tv-publica-transmitira-los-partidos-de-argentina\/","title":{"rendered":"Mundial 2026: confirmaron que la TV P\u00fablica transmitir\u00e1 los partidos de Argentina"},"content":{"rendered":"<p>As\u00ed lo inform\u00f3 el jefe de Gabinete, Manuel Adorni, a trav\u00e9s de un mensaje que difundi\u00f3 en las redes sociales<!--more--><\/p>\n<div class=\"columns\" data-tadevel-template=\"web\/article-columns\">\n<div class=\"column-main\">\n<figure class=\"multimedia\" data-tadevel-template=\"web\/multimedia\" data-type=\"photo\">\n<div class=\"content\">\n<div class=\"sizer\" data-sizer=\"aspect-ratio\" data-tadevel-template=\"web\/aspect-ratio\"><\/div>\n<\/div>\n<\/figure>\n<div class=\"article-body\" data-tadevel-template=\"web\/article-body\">\n<div class=\"article-body-content\">\n<p>El jefe de Gabinete, Manuel Adorni, confirm\u00f3 este lunes que la TV P\u00fablica y Radio Nacional \u201ctransmitir\u00e1n todos los partidos\u201d de la Selecci\u00f3n argentina en el Mundial M\u00e9xico, Estados Unidos, Canad\u00e1 2026.<\/p>\n<p><strong>\u201cLa Televisi\u00f3n P\u00fablica y Radio Nacional transmitir\u00e1n todos los partidos de la Selecci\u00f3n argentina durante la Copa del Mundo 2026\u201d<\/strong>, se\u00f1al\u00f3 en un mensaje que difundi\u00f3 en la red social X al que accedi\u00f3 la\u00a0<a href=\"https:\/\/es.wikipedia.org\/wiki\/Noticias_Argentinas\" target=\"_blank\" rel=\"noopener nofollow\"><strong>Agencia Noticias Argentinas.<\/strong><\/a><\/p>\n<p>Asimismo, a\u00f1adi\u00f3: \u201cGracias a un acuerdo comercial, el costo de los derechos de transmisi\u00f3n no ser\u00e1 afrontado con el dinero de los impuestos. Para todos, sin usar la plata de todos\u201d.<\/p>\n<p>El Mundial se disputar\u00e1 del 11 de junio al 19 de julio y\u00a0<strong>la Selecci\u00f3n argentina, que ir\u00e1 a defender el t\u00edtulo de campe\u00f3n, iniciar\u00e1 su camino el martes 16 de junio a las 22 enfrentando a Argelia\u00a0<\/strong>en el Kansas City Stadium.<\/p>\n<p>En el segundo encuentro,\u00a0<strong>el equipo dirigido por Lionel Scaloni jugar\u00e1 ante Austria el lunes 22 de junio a las 14<\/strong>\u00a0en el Dallas Stadium, mismo escenario donde\u00a0<strong>se medir\u00e1 frente a Jordania el s\u00e1bado 27 de junio a las 23.<\/strong><\/p>\n<p>En tanto, el partido inaugural tendr\u00e1 lugar el jueves 11 de junio a las 16 cuando M\u00e9xico se enfrentar\u00e1 a Sud\u00e1frica en el ic\u00f3nico estadio Azteca.<\/p>\n<p><a href=\"https:\/\/noticiasargentinas.com\/-agenciana_t6916e70a4551e78eb9423f59\">#AgenciaNA<\/a><\/p>\n<\/div>\n<\/div>\n<\/div>\n<\/div>\n","protected":false},"excerpt":{"rendered":"<p>As\u00ed lo inform\u00f3 el jefe de Gabinete, Manuel Adorni, a trav\u00e9s de un mensaje que difundi\u00f3 en las redes sociales<\/p>\n","protected":false},"author":3,"featured_media":110791,"comment_status":"closed","ping_status":"closed","sticky":false,"template":"","format":"standard","meta":{"footnotes":""},"categories":[1],"tags":[],"class_list":["post-131540","post","type-post","status-publish","format-standard","has-post-thumbnail","hentry","category-sin-categoria"],"yoast_head":"<!-- This site is optimized with the Yoast SEO plugin v25.9 - https:\/\/yoast.com\/wordpress\/plugins\/seo\/ -->\n<title>Mundial 2026: confirmaron que la TV P\u00fablica transmitir\u00e1 los partidos de Argentina - Noticias Radio Reflejos<\/title>\n<meta name=\"robots\" content=\"index, follow, max-snippet:-1, max-image-preview:large, max-video-preview:-1\" \/>\n<link rel=\"canonical\" href=\"https:\/\/www.noticiasradioreflejos.com.ar\/2021\/mundial-2026-confirmaron-que-la-tv-publica-transmitira-los-partidos-de-argentina\/\" \/>\n<meta property=\"og:locale\" content=\"es_ES\" \/>\n<meta property=\"og:type\" content=\"article\" \/>\n<meta property=\"og:title\" content=\"Mundial 2026: confirmaron que la TV P\u00fablica transmitir\u00e1 los partidos de Argentina - Noticias Radio Reflejos\" \/>\n<meta property=\"og:description\" content=\"As\u00ed lo inform\u00f3 el jefe de Gabinete, Manuel Adorni, a trav\u00e9s de un mensaje que difundi\u00f3 en las redes sociales\" \/>\n<meta property=\"og:url\" content=\"https:\/\/www.noticiasradioreflejos.com.ar\/2021\/mundial-2026-confirmaron-que-la-tv-publica-transmitira-los-partidos-de-argentina\/\" \/>\n<meta property=\"og:site_name\" content=\"Noticias Radio Reflejos\" \/>\n<meta property=\"article:published_time\" content=\"2026-01-19T17:26:21+00:00\" \/>\n<meta property=\"og:image\" content=\"https:\/\/www.noticiasradioreflejos.com.ar\/2021\/wp-content\/uploads\/2024\/12\/Argentina-campeon-del-mundo.jpg\" \/>\n\t<meta property=\"og:image:width\" content=\"540\" \/>\n\t<meta property=\"og:image:height\" content=\"360\" \/>\n\t<meta property=\"og:image:type\" content=\"image\/jpeg\" \/>\n<meta name=\"author\" content=\"Arnaldo Botto\" \/>\n<meta name=\"twitter:card\" content=\"summary_large_image\" \/>\n<script type=\"application\/ld+json\" class=\"yoast-schema-graph\">{\"@context\":\"https:\/\/schema.org\",\"@graph\":[{\"@type\":\"WebPage\",\"@id\":\"https:\/\/www.noticiasradioreflejos.com.ar\/2021\/mundial-2026-confirmaron-que-la-tv-publica-transmitira-los-partidos-de-argentina\/\",\"url\":\"https:\/\/www.noticiasradioreflejos.com.ar\/2021\/mundial-2026-confirmaron-que-la-tv-publica-transmitira-los-partidos-de-argentina\/\",\"name\":\"Mundial 2026: confirmaron que la TV P\u00fablica transmitir\u00e1 los partidos de Argentina - Noticias Radio Reflejos\",\"isPartOf\":{\"@id\":\"https:\/\/www.noticiasradioreflejos.com.ar\/2021\/#website\"},\"primaryImageOfPage\":{\"@id\":\"https:\/\/www.noticiasradioreflejos.com.ar\/2021\/mundial-2026-confirmaron-que-la-tv-publica-transmitira-los-partidos-de-argentina\/#primaryimage\"},\"image\":{\"@id\":\"https:\/\/www.noticiasradioreflejos.com.ar\/2021\/mundial-2026-confirmaron-que-la-tv-publica-transmitira-los-partidos-de-argentina\/#primaryimage\"},\"thumbnailUrl\":\"https:\/\/www.noticiasradioreflejos.com.ar\/2021\/wp-content\/uploads\/2024\/12\/Argentina-campeon-del-mundo.jpg\",\"datePublished\":\"2026-01-19T17:26:21+00:00\",\"author\":{\"@id\":\"https:\/\/www.noticiasradioreflejos.com.ar\/2021\/#\/schema\/person\/ad82545263dcc5ec0996818884fd5fb1\"},\"breadcrumb\":{\"@id\":\"https:\/\/www.noticiasradioreflejos.com.ar\/2021\/mundial-2026-confirmaron-que-la-tv-publica-transmitira-los-partidos-de-argentina\/#breadcrumb\"},\"inLanguage\":\"es\",\"potentialAction\":[{\"@type\":\"ReadAction\",\"target\":[\"https:\/\/www.noticiasradioreflejos.com.ar\/2021\/mundial-2026-confirmaron-que-la-tv-publica-transmitira-los-partidos-de-argentina\/\"]}]},{\"@type\":\"ImageObject\",\"inLanguage\":\"es\",\"@id\":\"https:\/\/www.noticiasradioreflejos.com.ar\/2021\/mundial-2026-confirmaron-que-la-tv-publica-transmitira-los-partidos-de-argentina\/#primaryimage\",\"url\":\"https:\/\/www.noticiasradioreflejos.com.ar\/2021\/wp-content\/uploads\/2024\/12\/Argentina-campeon-del-mundo.jpg\",\"contentUrl\":\"https:\/\/www.noticiasradioreflejos.com.ar\/2021\/wp-content\/uploads\/2024\/12\/Argentina-campeon-del-mundo.jpg\",\"width\":540,\"height\":360},{\"@type\":\"BreadcrumbList\",\"@id\":\"https:\/\/www.noticiasradioreflejos.com.ar\/2021\/mundial-2026-confirmaron-que-la-tv-publica-transmitira-los-partidos-de-argentina\/#breadcrumb\",\"itemListElement\":[{\"@type\":\"ListItem\",\"position\":1,\"name\":\"Portada\",\"item\":\"https:\/\/www.noticiasradioreflejos.com.ar\/2021\/\"},{\"@type\":\"ListItem\",\"position\":2,\"name\":\"Mundial 2026: confirmaron que la TV P\u00fablica transmitir\u00e1 los partidos de Argentina\"}]},{\"@type\":\"WebSite\",\"@id\":\"https:\/\/www.noticiasradioreflejos.com.ar\/2021\/#website\",\"url\":\"https:\/\/www.noticiasradioreflejos.com.ar\/2021\/\",\"name\":\"Noticias Radio Reflejos\",\"description\":\"Las noticias de mi comarca\",\"potentialAction\":[{\"@type\":\"SearchAction\",\"target\":{\"@type\":\"EntryPoint\",\"urlTemplate\":\"https:\/\/www.noticiasradioreflejos.com.ar\/2021\/?s={search_term_string}\"},\"query-input\":{\"@type\":\"PropertyValueSpecification\",\"valueRequired\":true,\"valueName\":\"search_term_string\"}}],\"inLanguage\":\"es\"},{\"@type\":\"Person\",\"@id\":\"https:\/\/www.noticiasradioreflejos.com.ar\/2021\/#\/schema\/person\/ad82545263dcc5ec0996818884fd5fb1\",\"name\":\"Arnaldo Botto\",\"image\":{\"@type\":\"ImageObject\",\"inLanguage\":\"es\",\"@id\":\"https:\/\/www.noticiasradioreflejos.com.ar\/2021\/#\/schema\/person\/image\/\",\"url\":\"https:\/\/secure.gravatar.com\/avatar\/55cb5e37c1efa326397366e6974cb338056df65cb50e7d64d1cf314e87504837?s=96&d=mm&r=g\",\"contentUrl\":\"https:\/\/secure.gravatar.com\/avatar\/55cb5e37c1efa326397366e6974cb338056df65cb50e7d64d1cf314e87504837?s=96&d=mm&r=g\",\"caption\":\"Arnaldo Botto\"},\"url\":\"https:\/\/www.noticiasradioreflejos.com.ar\/2021\/author\/arnaldo\/\"}]}<\/script>\n<!-- \/ Yoast SEO plugin. -->","yoast_head_json":{"title":"Mundial 2026: confirmaron que la TV P\u00fablica transmitir\u00e1 los partidos de Argentina - Noticias Radio Reflejos","robots":{"index":"index","follow":"follow","max-snippet":"max-snippet:-1","max-image-preview":"max-image-preview:large","max-video-preview":"max-video-preview:-1"},"canonical":"https:\/\/www.noticiasradioreflejos.com.ar\/2021\/mundial-2026-confirmaron-que-la-tv-publica-transmitira-los-partidos-de-argentina\/","og_locale":"es_ES","og_type":"article","og_title":"Mundial 2026: confirmaron que la TV P\u00fablica transmitir\u00e1 los partidos de Argentina - Noticias Radio Reflejos","og_description":"As\u00ed lo inform\u00f3 el jefe de Gabinete, Manuel Adorni, a trav\u00e9s de un mensaje que difundi\u00f3 en las redes sociales","og_url":"https:\/\/www.noticiasradioreflejos.com.ar\/2021\/mundial-2026-confirmaron-que-la-tv-publica-transmitira-los-partidos-de-argentina\/","og_site_name":"Noticias Radio Reflejos","article_published_time":"2026-01-19T17:26:21+00:00","og_image":[{"width":540,"height":360,"url":"https:\/\/www.noticiasradioreflejos.com.ar\/2021\/wp-content\/uploads\/2024\/12\/Argentina-campeon-del-mundo.jpg","type":"image\/jpeg"}],"author":"Arnaldo Botto","twitter_card":"summary_large_image","schema":{"@context":"https:\/\/schema.org","@graph":[{"@type":"WebPage","@id":"https:\/\/www.noticiasradioreflejos.com.ar\/2021\/mundial-2026-confirmaron-que-la-tv-publica-transmitira-los-partidos-de-argentina\/","url":"https:\/\/www.noticiasradioreflejos.com.ar\/2021\/mundial-2026-confirmaron-que-la-tv-publica-transmitira-los-partidos-de-argentina\/","name":"Mundial 2026: confirmaron que la TV P\u00fablica transmitir\u00e1 los partidos de Argentina - Noticias Radio Reflejos","isPartOf":{"@id":"https:\/\/www.noticiasradioreflejos.com.ar\/2021\/#website"},"primaryImageOfPage":{"@id":"https:\/\/www.noticiasradioreflejos.com.ar\/2021\/mundial-2026-confirmaron-que-la-tv-publica-transmitira-los-partidos-de-argentina\/#primaryimage"},"image":{"@id":"https:\/\/www.noticiasradioreflejos.com.ar\/2021\/mundial-2026-confirmaron-que-la-tv-publica-transmitira-los-partidos-de-argentina\/#primaryimage"},"thumbnailUrl":"https:\/\/www.noticiasradioreflejos.com.ar\/2021\/wp-content\/uploads\/2024\/12\/Argentina-campeon-del-mundo.jpg","datePublished":"2026-01-19T17:26:21+00:00","author":{"@id":"https:\/\/www.noticiasradioreflejos.com.ar\/2021\/#\/schema\/person\/ad82545263dcc5ec0996818884fd5fb1"},"breadcrumb":{"@id":"https:\/\/www.noticiasradioreflejos.com.ar\/2021\/mundial-2026-confirmaron-que-la-tv-publica-transmitira-los-partidos-de-argentina\/#breadcrumb"},"inLanguage":"es","potentialAction":[{"@type":"ReadAction","target":["https:\/\/www.noticiasradioreflejos.com.ar\/2021\/mundial-2026-confirmaron-que-la-tv-publica-transmitira-los-partidos-de-argentina\/"]}]},{"@type":"ImageObject","inLanguage":"es","@id":"https:\/\/www.noticiasradioreflejos.com.ar\/2021\/mundial-2026-confirmaron-que-la-tv-publica-transmitira-los-partidos-de-argentina\/#primaryimage","url":"https:\/\/www.noticiasradioreflejos.com.ar\/2021\/wp-content\/uploads\/2024\/12\/Argentina-campeon-del-mundo.jpg","contentUrl":"https:\/\/www.noticiasradioreflejos.com.ar\/2021\/wp-content\/uploads\/2024\/12\/Argentina-campeon-del-mundo.jpg","width":540,"height":360},{"@type":"BreadcrumbList","@id":"https:\/\/www.noticiasradioreflejos.com.ar\/2021\/mundial-2026-confirmaron-que-la-tv-publica-transmitira-los-partidos-de-argentina\/#breadcrumb","itemListElement":[{"@type":"ListItem","position":1,"name":"Portada","item":"https:\/\/www.noticiasradioreflejos.com.ar\/2021\/"},{"@type":"ListItem","position":2,"name":"Mundial 2026: confirmaron que la TV P\u00fablica transmitir\u00e1 los partidos de Argentina"}]},{"@type":"WebSite","@id":"https:\/\/www.noticiasradioreflejos.com.ar\/2021\/#website","url":"https:\/\/www.noticiasradioreflejos.com.ar\/2021\/","name":"Noticias Radio Reflejos","description":"Las noticias de mi comarca","potentialAction":[{"@type":"SearchAction","target":{"@type":"EntryPoint","urlTemplate":"https:\/\/www.noticiasradioreflejos.com.ar\/2021\/?s={search_term_string}"},"query-input":{"@type":"PropertyValueSpecification","valueRequired":true,"valueName":"search_term_string"}}],"inLanguage":"es"},{"@type":"Person","@id":"https:\/\/www.noticiasradioreflejos.com.ar\/2021\/#\/schema\/person\/ad82545263dcc5ec0996818884fd5fb1","name":"Arnaldo Botto","image":{"@type":"ImageObject","inLanguage":"es","@id":"https:\/\/www.noticiasradioreflejos.com.ar\/2021\/#\/schema\/person\/image\/","url":"https:\/\/secure.gravatar.com\/avatar\/55cb5e37c1efa326397366e6974cb338056df65cb50e7d64d1cf314e87504837?s=96&d=mm&r=g","contentUrl":"https:\/\/secure.gravatar.com\/avatar\/55cb5e37c1efa326397366e6974cb338056df65cb50e7d64d1cf314e87504837?s=96&d=mm&r=g","caption":"Arnaldo Botto"},"url":"https:\/\/www.noticiasradioreflejos.com.ar\/2021\/author\/arnaldo\/"}]}},"_links":{"self":[{"href":"https:\/\/www.noticiasradioreflejos.com.ar\/2021\/wp-json\/wp\/v2\/posts\/131540","targetHints":{"allow":["GET"]}}],"collection":[{"href":"https:\/\/www.noticiasradioreflejos.com.ar\/2021\/wp-json\/wp\/v2\/posts"}],"about":[{"href":"https:\/\/www.noticiasradioreflejos.com.ar\/2021\/wp-json\/wp\/v2\/types\/post"}],"author":[{"embeddable":true,"href":"https:\/\/www.noticiasradioreflejos.com.ar\/2021\/wp-json\/wp\/v2\/users\/3"}],"replies":[{"embeddable":true,"href":"https:\/\/www.noticiasradioreflejos.com.ar\/2021\/wp-json\/wp\/v2\/comments?post=131540"}],"version-history":[{"count":1,"href":"https:\/\/www.noticiasradioreflejos.com.ar\/2021\/wp-json\/wp\/v2\/posts\/131540\/revisions"}],"predecessor-version":[{"id":131541,"href":"https:\/\/www.noticiasradioreflejos.com.ar\/2021\/wp-json\/wp\/v2\/posts\/131540\/revisions\/131541"}],"wp:featuredmedia":[{"embeddable":true,"href":"https:\/\/www.noticiasradioreflejos.com.ar\/2021\/wp-json\/wp\/v2\/media\/110791"}],"wp:attachment":[{"href":"https:\/\/www.noticiasradioreflejos.com.ar\/2021\/wp-json\/wp\/v2\/media?parent=131540"}],"wp:term":[{"taxonomy":"category","embeddable":true,"href":"https:\/\/www.noticiasradioreflejos.com.ar\/2021\/wp-json\/wp\/v2\/categories?post=131540"},{"taxonomy":"post_tag","embeddable":true,"href":"https:\/\/www.noticiasradioreflejos.com.ar\/2021\/wp-json\/wp\/v2\/tags?post=131540"}],"curies":[{"name":"wp","href":"https:\/\/api.w.org\/{rel}","templated":true}]}}