{"id":131535,"date":"2026-01-19T14:17:30","date_gmt":"2026-01-19T17:17:30","guid":{"rendered":"https:\/\/www.noticiasradioreflejos.com.ar\/2021\/?p=131535"},"modified":"2026-01-20T09:47:20","modified_gmt":"2026-01-20T12:47:20","slug":"la-celt-infroma-que-habra-cortes-programados-de-internet-en-tornquist-y-villa-ventana","status":"publish","type":"post","link":"https:\/\/www.noticiasradioreflejos.com.ar\/2021\/la-celt-infroma-que-habra-cortes-programados-de-internet-en-tornquist-y-villa-ventana\/","title":{"rendered":"La CELT informa que habr\u00e1 cortes programados de internet en Tornquist y Villa Ventana"},"content":{"rendered":"<p>La Cooperativa El\u00e9ctrica Limitada de Tornquist (CELT) comunica a sus asociados y a la comunidad en general que, debido a trabajos de actualizaci\u00f3n tecnol\u00f3gica, se podr\u00edan registrar interrupciones en el servicio de banda ancha durante las pr\u00f3ximas jornadas.<!--more--><\/p>\n<p data-path-to-node=\"4\">De acuerdo al plan de mejoras en la infraestructura de telecomunicaciones, se llevar\u00e1 a cabo un <b data-path-to-node=\"4\" data-index-in-node=\"96\">cambio de servidores en el cabezal de la ciudad de Tornquist<\/b>. Estas tareas son fundamentales para optimizar la estabilidad y velocidad del servicio en la regi\u00f3n.<\/p>\n<h3 data-path-to-node=\"5\"><b data-path-to-node=\"5\" data-index-in-node=\"0\">Detalles de la interrupci\u00f3n:<\/b><\/h3>\n<ul data-path-to-node=\"6\">\n<li>\n<p data-path-to-node=\"6,0,0\"><b data-path-to-node=\"6,0,0\" data-index-in-node=\"0\">D\u00edas:<\/b> Martes 20 y mi\u00e9rcoles 21 de enero.<\/p>\n<\/li>\n<li>\n<p data-path-to-node=\"6,1,0\"><b data-path-to-node=\"6,1,0\" data-index-in-node=\"0\">Zonas afectadas:<\/b> Tornquist y Villa Ventana.<\/p>\n<\/li>\n<li>\n<p data-path-to-node=\"6,2,0\"><b data-path-to-node=\"6,2,0\" data-index-in-node=\"0\">Tipo de afectaci\u00f3n:<\/b> Cortes moment\u00e1neos del servicio de Internet.<\/p>\n<\/li>\n<\/ul>\n<p data-path-to-node=\"7\">Desde la Cooperativa se solicita la comprensi\u00f3n de los usuarios, recordando que estas intervenciones t\u00e9cnicas son necesarias para brindar una mejor prestaci\u00f3n.<\/p>\n<p data-path-to-node=\"8\"><b data-path-to-node=\"8\" data-index-in-node=\"0\">Consultas y atenci\u00f3n al cliente:<\/b> Ante cualquier duda o inconveniente t\u00e9cnico adicional, los asociados pueden comunicarse al tel\u00e9fono <b data-path-to-node=\"8\" data-index-in-node=\"133\">4941180<\/b>.<\/p>\n<p data-path-to-node=\"8\">\n<p data-path-to-node=\"8\">La CELT<\/p>\n","protected":false},"excerpt":{"rendered":"<p>La Cooperativa El\u00e9ctrica Limitada de Tornquist (CELT) comunica a sus asociados y a la comunidad en general que, debido a trabajos de actualizaci\u00f3n tecnol\u00f3gica, se podr\u00edan registrar interrupciones en el servicio de banda ancha durante las pr\u00f3ximas jornadas.<\/p>\n","protected":false},"author":3,"featured_media":59702,"comment_status":"closed","ping_status":"closed","sticky":false,"template":"","format":"standard","meta":{"footnotes":""},"categories":[26],"tags":[],"class_list":["post-131535","post","type-post","status-publish","format-standard","has-post-thumbnail","hentry","category-sociedad"],"yoast_head":"<!-- This site is optimized with the Yoast SEO plugin v25.9 - https:\/\/yoast.com\/wordpress\/plugins\/seo\/ -->\n<title>La CELT informa que habr\u00e1 cortes programados de internet en Tornquist y Villa Ventana - Noticias Radio Reflejos<\/title>\n<meta name=\"robots\" content=\"index, follow, max-snippet:-1, max-image-preview:large, max-video-preview:-1\" \/>\n<link rel=\"canonical\" href=\"https:\/\/www.noticiasradioreflejos.com.ar\/2021\/la-celt-infroma-que-habra-cortes-programados-de-internet-en-tornquist-y-villa-ventana\/\" \/>\n<meta property=\"og:locale\" content=\"es_ES\" \/>\n<meta property=\"og:type\" content=\"article\" \/>\n<meta property=\"og:title\" content=\"La CELT informa que habr\u00e1 cortes programados de internet en Tornquist y Villa Ventana - Noticias Radio Reflejos\" \/>\n<meta property=\"og:description\" content=\"La Cooperativa El\u00e9ctrica Limitada de Tornquist (CELT) comunica a sus asociados y a la comunidad en general que, debido a trabajos de actualizaci\u00f3n tecnol\u00f3gica, se podr\u00edan registrar interrupciones en el servicio de banda ancha durante las pr\u00f3ximas jornadas.\" \/>\n<meta property=\"og:url\" content=\"https:\/\/www.noticiasradioreflejos.com.ar\/2021\/la-celt-infroma-que-habra-cortes-programados-de-internet-en-tornquist-y-villa-ventana\/\" \/>\n<meta property=\"og:site_name\" content=\"Noticias Radio Reflejos\" \/>\n<meta property=\"article:published_time\" content=\"2026-01-19T17:17:30+00:00\" \/>\n<meta property=\"article:modified_time\" content=\"2026-01-20T12:47:20+00:00\" \/>\n<meta property=\"og:image\" content=\"https:\/\/www.noticiasradioreflejos.com.ar\/2021\/wp-content\/uploads\/2021\/07\/Internet.jpg\" \/>\n\t<meta property=\"og:image:width\" content=\"600\" \/>\n\t<meta property=\"og:image:height\" content=\"337\" \/>\n\t<meta property=\"og:image:type\" content=\"image\/jpeg\" \/>\n<meta name=\"author\" content=\"Arnaldo Botto\" \/>\n<meta name=\"twitter:card\" content=\"summary_large_image\" \/>\n<script type=\"application\/ld+json\" class=\"yoast-schema-graph\">{\"@context\":\"https:\/\/schema.org\",\"@graph\":[{\"@type\":\"WebPage\",\"@id\":\"https:\/\/www.noticiasradioreflejos.com.ar\/2021\/la-celt-infroma-que-habra-cortes-programados-de-internet-en-tornquist-y-villa-ventana\/\",\"url\":\"https:\/\/www.noticiasradioreflejos.com.ar\/2021\/la-celt-infroma-que-habra-cortes-programados-de-internet-en-tornquist-y-villa-ventana\/\",\"name\":\"La CELT informa que habr\u00e1 cortes programados de internet en Tornquist y Villa Ventana - Noticias Radio Reflejos\",\"isPartOf\":{\"@id\":\"https:\/\/www.noticiasradioreflejos.com.ar\/2021\/#website\"},\"primaryImageOfPage\":{\"@id\":\"https:\/\/www.noticiasradioreflejos.com.ar\/2021\/la-celt-infroma-que-habra-cortes-programados-de-internet-en-tornquist-y-villa-ventana\/#primaryimage\"},\"image\":{\"@id\":\"https:\/\/www.noticiasradioreflejos.com.ar\/2021\/la-celt-infroma-que-habra-cortes-programados-de-internet-en-tornquist-y-villa-ventana\/#primaryimage\"},\"thumbnailUrl\":\"https:\/\/www.noticiasradioreflejos.com.ar\/2021\/wp-content\/uploads\/2021\/07\/Internet.jpg\",\"datePublished\":\"2026-01-19T17:17:30+00:00\",\"dateModified\":\"2026-01-20T12:47:20+00:00\",\"author\":{\"@id\":\"https:\/\/www.noticiasradioreflejos.com.ar\/2021\/#\/schema\/person\/ad82545263dcc5ec0996818884fd5fb1\"},\"breadcrumb\":{\"@id\":\"https:\/\/www.noticiasradioreflejos.com.ar\/2021\/la-celt-infroma-que-habra-cortes-programados-de-internet-en-tornquist-y-villa-ventana\/#breadcrumb\"},\"inLanguage\":\"es\",\"potentialAction\":[{\"@type\":\"ReadAction\",\"target\":[\"https:\/\/www.noticiasradioreflejos.com.ar\/2021\/la-celt-infroma-que-habra-cortes-programados-de-internet-en-tornquist-y-villa-ventana\/\"]}]},{\"@type\":\"ImageObject\",\"inLanguage\":\"es\",\"@id\":\"https:\/\/www.noticiasradioreflejos.com.ar\/2021\/la-celt-infroma-que-habra-cortes-programados-de-internet-en-tornquist-y-villa-ventana\/#primaryimage\",\"url\":\"https:\/\/www.noticiasradioreflejos.com.ar\/2021\/wp-content\/uploads\/2021\/07\/Internet.jpg\",\"contentUrl\":\"https:\/\/www.noticiasradioreflejos.com.ar\/2021\/wp-content\/uploads\/2021\/07\/Internet.jpg\",\"width\":600,\"height\":337},{\"@type\":\"BreadcrumbList\",\"@id\":\"https:\/\/www.noticiasradioreflejos.com.ar\/2021\/la-celt-infroma-que-habra-cortes-programados-de-internet-en-tornquist-y-villa-ventana\/#breadcrumb\",\"itemListElement\":[{\"@type\":\"ListItem\",\"position\":1,\"name\":\"Portada\",\"item\":\"https:\/\/www.noticiasradioreflejos.com.ar\/2021\/\"},{\"@type\":\"ListItem\",\"position\":2,\"name\":\"La CELT informa que habr\u00e1 cortes programados de internet en Tornquist y Villa Ventana\"}]},{\"@type\":\"WebSite\",\"@id\":\"https:\/\/www.noticiasradioreflejos.com.ar\/2021\/#website\",\"url\":\"https:\/\/www.noticiasradioreflejos.com.ar\/2021\/\",\"name\":\"Noticias Radio Reflejos\",\"description\":\"Las noticias de mi comarca\",\"potentialAction\":[{\"@type\":\"SearchAction\",\"target\":{\"@type\":\"EntryPoint\",\"urlTemplate\":\"https:\/\/www.noticiasradioreflejos.com.ar\/2021\/?s={search_term_string}\"},\"query-input\":{\"@type\":\"PropertyValueSpecification\",\"valueRequired\":true,\"valueName\":\"search_term_string\"}}],\"inLanguage\":\"es\"},{\"@type\":\"Person\",\"@id\":\"https:\/\/www.noticiasradioreflejos.com.ar\/2021\/#\/schema\/person\/ad82545263dcc5ec0996818884fd5fb1\",\"name\":\"Arnaldo Botto\",\"image\":{\"@type\":\"ImageObject\",\"inLanguage\":\"es\",\"@id\":\"https:\/\/www.noticiasradioreflejos.com.ar\/2021\/#\/schema\/person\/image\/\",\"url\":\"https:\/\/secure.gravatar.com\/avatar\/55cb5e37c1efa326397366e6974cb338056df65cb50e7d64d1cf314e87504837?s=96&d=mm&r=g\",\"contentUrl\":\"https:\/\/secure.gravatar.com\/avatar\/55cb5e37c1efa326397366e6974cb338056df65cb50e7d64d1cf314e87504837?s=96&d=mm&r=g\",\"caption\":\"Arnaldo Botto\"},\"url\":\"https:\/\/www.noticiasradioreflejos.com.ar\/2021\/author\/arnaldo\/\"}]}<\/script>\n<!-- \/ Yoast SEO plugin. -->","yoast_head_json":{"title":"La CELT informa que habr\u00e1 cortes programados de internet en Tornquist y Villa Ventana - Noticias Radio Reflejos","robots":{"index":"index","follow":"follow","max-snippet":"max-snippet:-1","max-image-preview":"max-image-preview:large","max-video-preview":"max-video-preview:-1"},"canonical":"https:\/\/www.noticiasradioreflejos.com.ar\/2021\/la-celt-infroma-que-habra-cortes-programados-de-internet-en-tornquist-y-villa-ventana\/","og_locale":"es_ES","og_type":"article","og_title":"La CELT informa que habr\u00e1 cortes programados de internet en Tornquist y Villa Ventana - Noticias Radio Reflejos","og_description":"La Cooperativa El\u00e9ctrica Limitada de Tornquist (CELT) comunica a sus asociados y a la comunidad en general que, debido a trabajos de actualizaci\u00f3n tecnol\u00f3gica, se podr\u00edan registrar interrupciones en el servicio de banda ancha durante las pr\u00f3ximas jornadas.","og_url":"https:\/\/www.noticiasradioreflejos.com.ar\/2021\/la-celt-infroma-que-habra-cortes-programados-de-internet-en-tornquist-y-villa-ventana\/","og_site_name":"Noticias Radio Reflejos","article_published_time":"2026-01-19T17:17:30+00:00","article_modified_time":"2026-01-20T12:47:20+00:00","og_image":[{"width":600,"height":337,"url":"https:\/\/www.noticiasradioreflejos.com.ar\/2021\/wp-content\/uploads\/2021\/07\/Internet.jpg","type":"image\/jpeg"}],"author":"Arnaldo Botto","twitter_card":"summary_large_image","schema":{"@context":"https:\/\/schema.org","@graph":[{"@type":"WebPage","@id":"https:\/\/www.noticiasradioreflejos.com.ar\/2021\/la-celt-infroma-que-habra-cortes-programados-de-internet-en-tornquist-y-villa-ventana\/","url":"https:\/\/www.noticiasradioreflejos.com.ar\/2021\/la-celt-infroma-que-habra-cortes-programados-de-internet-en-tornquist-y-villa-ventana\/","name":"La CELT informa que habr\u00e1 cortes programados de internet en Tornquist y Villa Ventana - Noticias Radio Reflejos","isPartOf":{"@id":"https:\/\/www.noticiasradioreflejos.com.ar\/2021\/#website"},"primaryImageOfPage":{"@id":"https:\/\/www.noticiasradioreflejos.com.ar\/2021\/la-celt-infroma-que-habra-cortes-programados-de-internet-en-tornquist-y-villa-ventana\/#primaryimage"},"image":{"@id":"https:\/\/www.noticiasradioreflejos.com.ar\/2021\/la-celt-infroma-que-habra-cortes-programados-de-internet-en-tornquist-y-villa-ventana\/#primaryimage"},"thumbnailUrl":"https:\/\/www.noticiasradioreflejos.com.ar\/2021\/wp-content\/uploads\/2021\/07\/Internet.jpg","datePublished":"2026-01-19T17:17:30+00:00","dateModified":"2026-01-20T12:47:20+00:00","author":{"@id":"https:\/\/www.noticiasradioreflejos.com.ar\/2021\/#\/schema\/person\/ad82545263dcc5ec0996818884fd5fb1"},"breadcrumb":{"@id":"https:\/\/www.noticiasradioreflejos.com.ar\/2021\/la-celt-infroma-que-habra-cortes-programados-de-internet-en-tornquist-y-villa-ventana\/#breadcrumb"},"inLanguage":"es","potentialAction":[{"@type":"ReadAction","target":["https:\/\/www.noticiasradioreflejos.com.ar\/2021\/la-celt-infroma-que-habra-cortes-programados-de-internet-en-tornquist-y-villa-ventana\/"]}]},{"@type":"ImageObject","inLanguage":"es","@id":"https:\/\/www.noticiasradioreflejos.com.ar\/2021\/la-celt-infroma-que-habra-cortes-programados-de-internet-en-tornquist-y-villa-ventana\/#primaryimage","url":"https:\/\/www.noticiasradioreflejos.com.ar\/2021\/wp-content\/uploads\/2021\/07\/Internet.jpg","contentUrl":"https:\/\/www.noticiasradioreflejos.com.ar\/2021\/wp-content\/uploads\/2021\/07\/Internet.jpg","width":600,"height":337},{"@type":"BreadcrumbList","@id":"https:\/\/www.noticiasradioreflejos.com.ar\/2021\/la-celt-infroma-que-habra-cortes-programados-de-internet-en-tornquist-y-villa-ventana\/#breadcrumb","itemListElement":[{"@type":"ListItem","position":1,"name":"Portada","item":"https:\/\/www.noticiasradioreflejos.com.ar\/2021\/"},{"@type":"ListItem","position":2,"name":"La CELT informa que habr\u00e1 cortes programados de internet en Tornquist y Villa Ventana"}]},{"@type":"WebSite","@id":"https:\/\/www.noticiasradioreflejos.com.ar\/2021\/#website","url":"https:\/\/www.noticiasradioreflejos.com.ar\/2021\/","name":"Noticias Radio Reflejos","description":"Las noticias de mi comarca","potentialAction":[{"@type":"SearchAction","target":{"@type":"EntryPoint","urlTemplate":"https:\/\/www.noticiasradioreflejos.com.ar\/2021\/?s={search_term_string}"},"query-input":{"@type":"PropertyValueSpecification","valueRequired":true,"valueName":"search_term_string"}}],"inLanguage":"es"},{"@type":"Person","@id":"https:\/\/www.noticiasradioreflejos.com.ar\/2021\/#\/schema\/person\/ad82545263dcc5ec0996818884fd5fb1","name":"Arnaldo Botto","image":{"@type":"ImageObject","inLanguage":"es","@id":"https:\/\/www.noticiasradioreflejos.com.ar\/2021\/#\/schema\/person\/image\/","url":"https:\/\/secure.gravatar.com\/avatar\/55cb5e37c1efa326397366e6974cb338056df65cb50e7d64d1cf314e87504837?s=96&d=mm&r=g","contentUrl":"https:\/\/secure.gravatar.com\/avatar\/55cb5e37c1efa326397366e6974cb338056df65cb50e7d64d1cf314e87504837?s=96&d=mm&r=g","caption":"Arnaldo Botto"},"url":"https:\/\/www.noticiasradioreflejos.com.ar\/2021\/author\/arnaldo\/"}]}},"_links":{"self":[{"href":"https:\/\/www.noticiasradioreflejos.com.ar\/2021\/wp-json\/wp\/v2\/posts\/131535","targetHints":{"allow":["GET"]}}],"collection":[{"href":"https:\/\/www.noticiasradioreflejos.com.ar\/2021\/wp-json\/wp\/v2\/posts"}],"about":[{"href":"https:\/\/www.noticiasradioreflejos.com.ar\/2021\/wp-json\/wp\/v2\/types\/post"}],"author":[{"embeddable":true,"href":"https:\/\/www.noticiasradioreflejos.com.ar\/2021\/wp-json\/wp\/v2\/users\/3"}],"replies":[{"embeddable":true,"href":"https:\/\/www.noticiasradioreflejos.com.ar\/2021\/wp-json\/wp\/v2\/comments?post=131535"}],"version-history":[{"count":3,"href":"https:\/\/www.noticiasradioreflejos.com.ar\/2021\/wp-json\/wp\/v2\/posts\/131535\/revisions"}],"predecessor-version":[{"id":131586,"href":"https:\/\/www.noticiasradioreflejos.com.ar\/2021\/wp-json\/wp\/v2\/posts\/131535\/revisions\/131586"}],"wp:featuredmedia":[{"embeddable":true,"href":"https:\/\/www.noticiasradioreflejos.com.ar\/2021\/wp-json\/wp\/v2\/media\/59702"}],"wp:attachment":[{"href":"https:\/\/www.noticiasradioreflejos.com.ar\/2021\/wp-json\/wp\/v2\/media?parent=131535"}],"wp:term":[{"taxonomy":"category","embeddable":true,"href":"https:\/\/www.noticiasradioreflejos.com.ar\/2021\/wp-json\/wp\/v2\/categories?post=131535"},{"taxonomy":"post_tag","embeddable":true,"href":"https:\/\/www.noticiasradioreflejos.com.ar\/2021\/wp-json\/wp\/v2\/tags?post=131535"}],"curies":[{"name":"wp","href":"https:\/\/api.w.org\/{rel}","templated":true}]}}