{"id":131527,"date":"2026-01-19T11:57:24","date_gmt":"2026-01-19T14:57:24","guid":{"rendered":"https:\/\/www.noticiasradioreflejos.com.ar\/2021\/?p=131527"},"modified":"2026-01-19T11:57:24","modified_gmt":"2026-01-19T14:57:24","slug":"vecinos-de-cerro-ceferino-exigen-mantenimiento-urgente-ante-riesgos-ambientales-y-de-salud","status":"publish","type":"post","link":"https:\/\/www.noticiasradioreflejos.com.ar\/2021\/vecinos-de-cerro-ceferino-exigen-mantenimiento-urgente-ante-riesgos-ambientales-y-de-salud\/","title":{"rendered":"Vecinos de Cerro Ceferino exigen mantenimiento urgente ante riesgos ambientales y de salud"},"content":{"rendered":"<p data-path-to-node=\"3\">La Asociaci\u00f3n de Fomento del Barrio Cerro Ceferino present\u00f3 una nota formal al Delegado de Villa Arcadia, Sergio G\u00f3mez, solicitando el corte de pastizales en la zona ribere\u00f1a. Alertan sobre el peligro inminente de incendios, la presencia de roedores y la aparici\u00f3n de ofidios en \u00e1reas de alta concurrencia tur\u00edstica.<!--more--><\/p>\n<p data-path-to-node=\"7\"><span data-path-to-node=\"7,0\"><span class=\"citation-31\">La comisi\u00f3n directiva de la Asociaci\u00f3n de Fomento del Barrio Cerro Ceferino, encabezada por su presidente H\u00e9ctor Octavio Cabral, junto a Abel Keil (Vicepresidente) y Cecilia Mercedes Lovisuto (Secretaria), elev\u00f3 un reclamo formal ante la Municipalidad de Coronel Su\u00e1rez<\/span><\/span><span data-path-to-node=\"7,2\">.<\/span><\/p>\n<p data-path-to-node=\"8\"><span data-path-to-node=\"8,1\"><span class=\"citation-30\">El pedido se centra espec\u00edficamente en el sector comprendido entre el <\/span><b data-path-to-node=\"8,1\" data-index-in-node=\"70\"><span class=\"citation-30\">arroyo Sauce Grande y las calles Costanera y Las Clavelinas<\/span><\/b><\/span><span data-path-to-node=\"8,3\">. <\/span><span data-path-to-node=\"8,5\"><span class=\"citation-29\">Los vecinos destacan que este espacio, adem\u00e1s de estar protegido por una medida cautelar judicial para su uso p\u00fablico, presenta actualmente una falta total de mantenimiento con pastizales de gran altura<\/span><\/span><span data-path-to-node=\"8,7\">.<\/span><\/p>\n<p data-path-to-node=\"9\"><b data-path-to-node=\"9\" data-index-in-node=\"0\">Los riesgos denunciados<\/b> La instituci\u00f3n subray\u00f3 la gravedad de la situaci\u00f3n bas\u00e1ndose en tres ejes principales:<\/p>\n<ul data-path-to-node=\"10\">\n<li>\n<p data-path-to-node=\"10,0,1\"><span data-path-to-node=\"10,0,1,0\"><b data-path-to-node=\"10,0,1,0\" data-index-in-node=\"0\"><span class=\"citation-28\">Peligro de Incendio:<\/span><\/b><span class=\"citation-28\"> Las altas temperaturas y la falta de lluvias, sumadas a la inexistencia de cortafuegos, generan una amenaza real para las propiedades y la vida de los habitantes de la zona<\/span><\/span><span data-path-to-node=\"10,0,1,2\">.<\/span><\/p>\n<\/li>\n<li>\n<p data-path-to-node=\"10,1,1\"><span data-path-to-node=\"10,1,1,0\"><b data-path-to-node=\"10,1,1,0\" data-index-in-node=\"0\"><span class=\"citation-27\">Riesgo Sanitario:<\/span><\/b><span class=\"citation-27\"> Se advierte sobre la presencia de roedores en un contexto de aumento de casos de Hantavirus<\/span><\/span><span data-path-to-node=\"10,1,1,2\">.<\/span><\/p>\n<\/li>\n<li>\n<p data-path-to-node=\"10,2,1\"><span data-path-to-node=\"10,2,1,0\"><b data-path-to-node=\"10,2,1,0\" data-index-in-node=\"0\"><span class=\"citation-26\">Presencia de Ofidios:<\/span><\/b><span class=\"citation-26\"> Los vecinos reportaron la aparici\u00f3n de serpientes y v\u00edboras, incluyendo un ejemplar de Yarar\u00e1 en el balneario \u00abLos Angelitos\u00bb<\/span><\/span><span data-path-to-node=\"10,2,1,2\">.<\/span><\/p>\n<div class=\"source-inline-chip-container ng-star-inserted\"><\/div>\n<\/li>\n<\/ul>\n<p data-path-to-node=\"11\"><span data-path-to-node=\"11,0\"><b data-path-to-node=\"11,0\" data-index-in-node=\"0\">Un paisaje protegido<\/b> <\/span><span data-path-to-node=\"11,2\"><span class=\"citation-25\">La nota recuerda que el sector forma parte de un espacio y paisaje protegido por Ordenanza Municipal<\/span><\/span><span data-path-to-node=\"11,4\">. <\/span><span data-path-to-node=\"11,6\"><span class=\"citation-24\">Dada la constante circulaci\u00f3n de turistas hacia el balneario \u00abLos Tres \u00c1lamos\u00bb, la Asociaci\u00f3n considera \u00abimprescindible, urgente y necesario\u00bb que la delegaci\u00f3n a cargo de Sergio G\u00f3mez realice las tareas de corte de pasto para garantizar la seguridad p\u00fablica<\/span><\/span><span data-path-to-node=\"11,8\">.<\/span><\/p>\n<p data-path-to-node=\"11\">\n<p data-path-to-node=\"11\">\n<div class=\"source-inline-chip-container ng-star-inserted\"><\/div>\n<p> <iframe loading=\"lazy\" class=\"scribd_iframe_embed\" title=\"Vecinos de Cerro Ceferino exigen mantenimiento urgente ante riesgos ambientales y de salud\" src=\"https:\/\/www.scribd.com\/embeds\/983686143\/content?start_page=1&#038;view_mode=scroll&#038;access_key=key-hI4hOCYPXjA8vQl2J4v9\" tabindex=\"0\" data-auto-height=\"true\" data-aspect-ratio=\"0.7068965517241379\" scrolling=\"no\" width=\"100%\" height=\"600\" frameborder=\"0\" ><\/iframe> <\/p>\n<p style=\"margin: 12px auto 6px auto; font-family: Helvetica,Arial,Sans-serif; font-size: 14px; line-height: normal; display: block;\"> <a title=\"View Vecinos de Cerro Ceferino exigen mantenimiento urgente ante riesgos ambientales y de salud on Scribd\" href=\"https:\/\/www.scribd.com\/document\/983686143\/Vecinos-de-Cerro-Ceferino-exigen-mantenimiento-urgente-ante-riesgos-ambientales-y-de-salud#from_embed\" style=\"color: #098642; text-decoration: underline;\"> Vecinos de Cerro Ceferino exigen mantenimiento urgente ante riesgos ambientales y de salud <\/a> by <a title=\"View FM Reflejos Sierra de la Ventana's profile on Scribd\" href=\"https:\/\/www.scribd.com\/user\/128459674\/FM-Reflejos-Sierra-de-la-Ventana#from_embed\" style=\"color: #098642; text-decoration: underline;\" > FM Reflejos Sierra de la Ventana <\/a> <\/p>\n","protected":false},"excerpt":{"rendered":"<p>La Asociaci\u00f3n de Fomento del Barrio Cerro Ceferino present\u00f3 una nota formal al Delegado de Villa Arcadia, Sergio G\u00f3mez, solicitando el corte de pastizales en la zona ribere\u00f1a. Alertan sobre el peligro inminente de incendios, la presencia de roedores y la aparici\u00f3n de ofidios en \u00e1reas de alta concurrencia tur\u00edstica.<\/p>\n","protected":false},"author":3,"featured_media":89958,"comment_status":"closed","ping_status":"closed","sticky":false,"template":"","format":"standard","meta":{"footnotes":""},"categories":[26],"tags":[],"class_list":["post-131527","post","type-post","status-publish","format-standard","has-post-thumbnail","hentry","category-sociedad"],"yoast_head":"<!-- This site is optimized with the Yoast SEO plugin v25.9 - https:\/\/yoast.com\/wordpress\/plugins\/seo\/ -->\n<title>Vecinos de Cerro Ceferino exigen mantenimiento urgente ante riesgos ambientales y de salud - Noticias Radio Reflejos<\/title>\n<meta name=\"robots\" content=\"index, follow, max-snippet:-1, max-image-preview:large, max-video-preview:-1\" \/>\n<link rel=\"canonical\" href=\"https:\/\/www.noticiasradioreflejos.com.ar\/2021\/vecinos-de-cerro-ceferino-exigen-mantenimiento-urgente-ante-riesgos-ambientales-y-de-salud\/\" \/>\n<meta property=\"og:locale\" content=\"es_ES\" \/>\n<meta property=\"og:type\" content=\"article\" \/>\n<meta property=\"og:title\" content=\"Vecinos de Cerro Ceferino exigen mantenimiento urgente ante riesgos ambientales y de salud - Noticias Radio Reflejos\" \/>\n<meta property=\"og:description\" content=\"La Asociaci\u00f3n de Fomento del Barrio Cerro Ceferino present\u00f3 una nota formal al Delegado de Villa Arcadia, Sergio G\u00f3mez, solicitando el corte de pastizales en la zona ribere\u00f1a. Alertan sobre el peligro inminente de incendios, la presencia de roedores y la aparici\u00f3n de ofidios en \u00e1reas de alta concurrencia tur\u00edstica.\" \/>\n<meta property=\"og:url\" content=\"https:\/\/www.noticiasradioreflejos.com.ar\/2021\/vecinos-de-cerro-ceferino-exigen-mantenimiento-urgente-ante-riesgos-ambientales-y-de-salud\/\" \/>\n<meta property=\"og:site_name\" content=\"Noticias Radio Reflejos\" \/>\n<meta property=\"article:published_time\" content=\"2026-01-19T14:57:24+00:00\" \/>\n<meta property=\"og:image\" content=\"https:\/\/www.noticiasradioreflejos.com.ar\/2021\/wp-content\/uploads\/2023\/06\/Barrio-Cerro-Ceferino.jpg\" \/>\n\t<meta property=\"og:image:width\" content=\"1366\" \/>\n\t<meta property=\"og:image:height\" content=\"768\" \/>\n\t<meta property=\"og:image:type\" content=\"image\/jpeg\" \/>\n<meta name=\"author\" content=\"Arnaldo Botto\" \/>\n<meta name=\"twitter:card\" content=\"summary_large_image\" \/>\n<script type=\"application\/ld+json\" class=\"yoast-schema-graph\">{\"@context\":\"https:\/\/schema.org\",\"@graph\":[{\"@type\":\"WebPage\",\"@id\":\"https:\/\/www.noticiasradioreflejos.com.ar\/2021\/vecinos-de-cerro-ceferino-exigen-mantenimiento-urgente-ante-riesgos-ambientales-y-de-salud\/\",\"url\":\"https:\/\/www.noticiasradioreflejos.com.ar\/2021\/vecinos-de-cerro-ceferino-exigen-mantenimiento-urgente-ante-riesgos-ambientales-y-de-salud\/\",\"name\":\"Vecinos de Cerro Ceferino exigen mantenimiento urgente ante riesgos ambientales y de salud - Noticias Radio Reflejos\",\"isPartOf\":{\"@id\":\"https:\/\/www.noticiasradioreflejos.com.ar\/2021\/#website\"},\"primaryImageOfPage\":{\"@id\":\"https:\/\/www.noticiasradioreflejos.com.ar\/2021\/vecinos-de-cerro-ceferino-exigen-mantenimiento-urgente-ante-riesgos-ambientales-y-de-salud\/#primaryimage\"},\"image\":{\"@id\":\"https:\/\/www.noticiasradioreflejos.com.ar\/2021\/vecinos-de-cerro-ceferino-exigen-mantenimiento-urgente-ante-riesgos-ambientales-y-de-salud\/#primaryimage\"},\"thumbnailUrl\":\"https:\/\/www.noticiasradioreflejos.com.ar\/2021\/wp-content\/uploads\/2023\/06\/Barrio-Cerro-Ceferino.jpg\",\"datePublished\":\"2026-01-19T14:57:24+00:00\",\"author\":{\"@id\":\"https:\/\/www.noticiasradioreflejos.com.ar\/2021\/#\/schema\/person\/ad82545263dcc5ec0996818884fd5fb1\"},\"breadcrumb\":{\"@id\":\"https:\/\/www.noticiasradioreflejos.com.ar\/2021\/vecinos-de-cerro-ceferino-exigen-mantenimiento-urgente-ante-riesgos-ambientales-y-de-salud\/#breadcrumb\"},\"inLanguage\":\"es\",\"potentialAction\":[{\"@type\":\"ReadAction\",\"target\":[\"https:\/\/www.noticiasradioreflejos.com.ar\/2021\/vecinos-de-cerro-ceferino-exigen-mantenimiento-urgente-ante-riesgos-ambientales-y-de-salud\/\"]}]},{\"@type\":\"ImageObject\",\"inLanguage\":\"es\",\"@id\":\"https:\/\/www.noticiasradioreflejos.com.ar\/2021\/vecinos-de-cerro-ceferino-exigen-mantenimiento-urgente-ante-riesgos-ambientales-y-de-salud\/#primaryimage\",\"url\":\"https:\/\/www.noticiasradioreflejos.com.ar\/2021\/wp-content\/uploads\/2023\/06\/Barrio-Cerro-Ceferino.jpg\",\"contentUrl\":\"https:\/\/www.noticiasradioreflejos.com.ar\/2021\/wp-content\/uploads\/2023\/06\/Barrio-Cerro-Ceferino.jpg\",\"width\":1366,\"height\":768},{\"@type\":\"BreadcrumbList\",\"@id\":\"https:\/\/www.noticiasradioreflejos.com.ar\/2021\/vecinos-de-cerro-ceferino-exigen-mantenimiento-urgente-ante-riesgos-ambientales-y-de-salud\/#breadcrumb\",\"itemListElement\":[{\"@type\":\"ListItem\",\"position\":1,\"name\":\"Portada\",\"item\":\"https:\/\/www.noticiasradioreflejos.com.ar\/2021\/\"},{\"@type\":\"ListItem\",\"position\":2,\"name\":\"Vecinos de Cerro Ceferino exigen mantenimiento urgente ante riesgos ambientales y de salud\"}]},{\"@type\":\"WebSite\",\"@id\":\"https:\/\/www.noticiasradioreflejos.com.ar\/2021\/#website\",\"url\":\"https:\/\/www.noticiasradioreflejos.com.ar\/2021\/\",\"name\":\"Noticias Radio Reflejos\",\"description\":\"Las noticias de mi comarca\",\"potentialAction\":[{\"@type\":\"SearchAction\",\"target\":{\"@type\":\"EntryPoint\",\"urlTemplate\":\"https:\/\/www.noticiasradioreflejos.com.ar\/2021\/?s={search_term_string}\"},\"query-input\":{\"@type\":\"PropertyValueSpecification\",\"valueRequired\":true,\"valueName\":\"search_term_string\"}}],\"inLanguage\":\"es\"},{\"@type\":\"Person\",\"@id\":\"https:\/\/www.noticiasradioreflejos.com.ar\/2021\/#\/schema\/person\/ad82545263dcc5ec0996818884fd5fb1\",\"name\":\"Arnaldo Botto\",\"image\":{\"@type\":\"ImageObject\",\"inLanguage\":\"es\",\"@id\":\"https:\/\/www.noticiasradioreflejos.com.ar\/2021\/#\/schema\/person\/image\/\",\"url\":\"https:\/\/secure.gravatar.com\/avatar\/55cb5e37c1efa326397366e6974cb338056df65cb50e7d64d1cf314e87504837?s=96&d=mm&r=g\",\"contentUrl\":\"https:\/\/secure.gravatar.com\/avatar\/55cb5e37c1efa326397366e6974cb338056df65cb50e7d64d1cf314e87504837?s=96&d=mm&r=g\",\"caption\":\"Arnaldo Botto\"},\"url\":\"https:\/\/www.noticiasradioreflejos.com.ar\/2021\/author\/arnaldo\/\"}]}<\/script>\n<!-- \/ Yoast SEO plugin. -->","yoast_head_json":{"title":"Vecinos de Cerro Ceferino exigen mantenimiento urgente ante riesgos ambientales y de salud - Noticias Radio Reflejos","robots":{"index":"index","follow":"follow","max-snippet":"max-snippet:-1","max-image-preview":"max-image-preview:large","max-video-preview":"max-video-preview:-1"},"canonical":"https:\/\/www.noticiasradioreflejos.com.ar\/2021\/vecinos-de-cerro-ceferino-exigen-mantenimiento-urgente-ante-riesgos-ambientales-y-de-salud\/","og_locale":"es_ES","og_type":"article","og_title":"Vecinos de Cerro Ceferino exigen mantenimiento urgente ante riesgos ambientales y de salud - Noticias Radio Reflejos","og_description":"La Asociaci\u00f3n de Fomento del Barrio Cerro Ceferino present\u00f3 una nota formal al Delegado de Villa Arcadia, Sergio G\u00f3mez, solicitando el corte de pastizales en la zona ribere\u00f1a. Alertan sobre el peligro inminente de incendios, la presencia de roedores y la aparici\u00f3n de ofidios en \u00e1reas de alta concurrencia tur\u00edstica.","og_url":"https:\/\/www.noticiasradioreflejos.com.ar\/2021\/vecinos-de-cerro-ceferino-exigen-mantenimiento-urgente-ante-riesgos-ambientales-y-de-salud\/","og_site_name":"Noticias Radio Reflejos","article_published_time":"2026-01-19T14:57:24+00:00","og_image":[{"width":1366,"height":768,"url":"https:\/\/www.noticiasradioreflejos.com.ar\/2021\/wp-content\/uploads\/2023\/06\/Barrio-Cerro-Ceferino.jpg","type":"image\/jpeg"}],"author":"Arnaldo Botto","twitter_card":"summary_large_image","schema":{"@context":"https:\/\/schema.org","@graph":[{"@type":"WebPage","@id":"https:\/\/www.noticiasradioreflejos.com.ar\/2021\/vecinos-de-cerro-ceferino-exigen-mantenimiento-urgente-ante-riesgos-ambientales-y-de-salud\/","url":"https:\/\/www.noticiasradioreflejos.com.ar\/2021\/vecinos-de-cerro-ceferino-exigen-mantenimiento-urgente-ante-riesgos-ambientales-y-de-salud\/","name":"Vecinos de Cerro Ceferino exigen mantenimiento urgente ante riesgos ambientales y de salud - Noticias Radio Reflejos","isPartOf":{"@id":"https:\/\/www.noticiasradioreflejos.com.ar\/2021\/#website"},"primaryImageOfPage":{"@id":"https:\/\/www.noticiasradioreflejos.com.ar\/2021\/vecinos-de-cerro-ceferino-exigen-mantenimiento-urgente-ante-riesgos-ambientales-y-de-salud\/#primaryimage"},"image":{"@id":"https:\/\/www.noticiasradioreflejos.com.ar\/2021\/vecinos-de-cerro-ceferino-exigen-mantenimiento-urgente-ante-riesgos-ambientales-y-de-salud\/#primaryimage"},"thumbnailUrl":"https:\/\/www.noticiasradioreflejos.com.ar\/2021\/wp-content\/uploads\/2023\/06\/Barrio-Cerro-Ceferino.jpg","datePublished":"2026-01-19T14:57:24+00:00","author":{"@id":"https:\/\/www.noticiasradioreflejos.com.ar\/2021\/#\/schema\/person\/ad82545263dcc5ec0996818884fd5fb1"},"breadcrumb":{"@id":"https:\/\/www.noticiasradioreflejos.com.ar\/2021\/vecinos-de-cerro-ceferino-exigen-mantenimiento-urgente-ante-riesgos-ambientales-y-de-salud\/#breadcrumb"},"inLanguage":"es","potentialAction":[{"@type":"ReadAction","target":["https:\/\/www.noticiasradioreflejos.com.ar\/2021\/vecinos-de-cerro-ceferino-exigen-mantenimiento-urgente-ante-riesgos-ambientales-y-de-salud\/"]}]},{"@type":"ImageObject","inLanguage":"es","@id":"https:\/\/www.noticiasradioreflejos.com.ar\/2021\/vecinos-de-cerro-ceferino-exigen-mantenimiento-urgente-ante-riesgos-ambientales-y-de-salud\/#primaryimage","url":"https:\/\/www.noticiasradioreflejos.com.ar\/2021\/wp-content\/uploads\/2023\/06\/Barrio-Cerro-Ceferino.jpg","contentUrl":"https:\/\/www.noticiasradioreflejos.com.ar\/2021\/wp-content\/uploads\/2023\/06\/Barrio-Cerro-Ceferino.jpg","width":1366,"height":768},{"@type":"BreadcrumbList","@id":"https:\/\/www.noticiasradioreflejos.com.ar\/2021\/vecinos-de-cerro-ceferino-exigen-mantenimiento-urgente-ante-riesgos-ambientales-y-de-salud\/#breadcrumb","itemListElement":[{"@type":"ListItem","position":1,"name":"Portada","item":"https:\/\/www.noticiasradioreflejos.com.ar\/2021\/"},{"@type":"ListItem","position":2,"name":"Vecinos de Cerro Ceferino exigen mantenimiento urgente ante riesgos ambientales y de salud"}]},{"@type":"WebSite","@id":"https:\/\/www.noticiasradioreflejos.com.ar\/2021\/#website","url":"https:\/\/www.noticiasradioreflejos.com.ar\/2021\/","name":"Noticias Radio Reflejos","description":"Las noticias de mi comarca","potentialAction":[{"@type":"SearchAction","target":{"@type":"EntryPoint","urlTemplate":"https:\/\/www.noticiasradioreflejos.com.ar\/2021\/?s={search_term_string}"},"query-input":{"@type":"PropertyValueSpecification","valueRequired":true,"valueName":"search_term_string"}}],"inLanguage":"es"},{"@type":"Person","@id":"https:\/\/www.noticiasradioreflejos.com.ar\/2021\/#\/schema\/person\/ad82545263dcc5ec0996818884fd5fb1","name":"Arnaldo Botto","image":{"@type":"ImageObject","inLanguage":"es","@id":"https:\/\/www.noticiasradioreflejos.com.ar\/2021\/#\/schema\/person\/image\/","url":"https:\/\/secure.gravatar.com\/avatar\/55cb5e37c1efa326397366e6974cb338056df65cb50e7d64d1cf314e87504837?s=96&d=mm&r=g","contentUrl":"https:\/\/secure.gravatar.com\/avatar\/55cb5e37c1efa326397366e6974cb338056df65cb50e7d64d1cf314e87504837?s=96&d=mm&r=g","caption":"Arnaldo Botto"},"url":"https:\/\/www.noticiasradioreflejos.com.ar\/2021\/author\/arnaldo\/"}]}},"_links":{"self":[{"href":"https:\/\/www.noticiasradioreflejos.com.ar\/2021\/wp-json\/wp\/v2\/posts\/131527","targetHints":{"allow":["GET"]}}],"collection":[{"href":"https:\/\/www.noticiasradioreflejos.com.ar\/2021\/wp-json\/wp\/v2\/posts"}],"about":[{"href":"https:\/\/www.noticiasradioreflejos.com.ar\/2021\/wp-json\/wp\/v2\/types\/post"}],"author":[{"embeddable":true,"href":"https:\/\/www.noticiasradioreflejos.com.ar\/2021\/wp-json\/wp\/v2\/users\/3"}],"replies":[{"embeddable":true,"href":"https:\/\/www.noticiasradioreflejos.com.ar\/2021\/wp-json\/wp\/v2\/comments?post=131527"}],"version-history":[{"count":1,"href":"https:\/\/www.noticiasradioreflejos.com.ar\/2021\/wp-json\/wp\/v2\/posts\/131527\/revisions"}],"predecessor-version":[{"id":131528,"href":"https:\/\/www.noticiasradioreflejos.com.ar\/2021\/wp-json\/wp\/v2\/posts\/131527\/revisions\/131528"}],"wp:featuredmedia":[{"embeddable":true,"href":"https:\/\/www.noticiasradioreflejos.com.ar\/2021\/wp-json\/wp\/v2\/media\/89958"}],"wp:attachment":[{"href":"https:\/\/www.noticiasradioreflejos.com.ar\/2021\/wp-json\/wp\/v2\/media?parent=131527"}],"wp:term":[{"taxonomy":"category","embeddable":true,"href":"https:\/\/www.noticiasradioreflejos.com.ar\/2021\/wp-json\/wp\/v2\/categories?post=131527"},{"taxonomy":"post_tag","embeddable":true,"href":"https:\/\/www.noticiasradioreflejos.com.ar\/2021\/wp-json\/wp\/v2\/tags?post=131527"}],"curies":[{"name":"wp","href":"https:\/\/api.w.org\/{rel}","templated":true}]}}