{"id":131515,"date":"2026-01-19T18:14:45","date_gmt":"2026-01-19T21:14:45","guid":{"rendered":"https:\/\/www.noticiasradioreflejos.com.ar\/2021\/?p=131515"},"modified":"2026-01-19T18:14:45","modified_gmt":"2026-01-19T21:14:45","slug":"monte-hermoso-2026-el-triunfo-de-las-escapadas-cortas-frente-a-la-crisis","status":"publish","type":"post","link":"https:\/\/www.noticiasradioreflejos.com.ar\/2021\/monte-hermoso-2026-el-triunfo-de-las-escapadas-cortas-frente-a-la-crisis\/","title":{"rendered":"Monte Hermoso 2026: el triunfo de las escapadas cortas frente a la crisis"},"content":{"rendered":"<p>El periodista <strong>Luis Alberto Cano<\/strong> analiz\u00f3 la particular din\u00e1mica de la temporada, marcada por una fuerte afluencia durante los fines de semana y la flexibilidad en los precios de los alquileres. Seg\u00fan el cronista, la ciudad balnearia logra sostener el movimiento gracias al pragmatismo de los prestadores y a un cambio definitivo en los h\u00e1bitos de veraneo de los argentinos.<!--more--><\/p>\n<p data-path-to-node=\"3\">El periodista bahiense, Luis Alberto Cano, analiz\u00f3 el comportamiento de la temporada en la ciudad balnearia de Monte Hermoso. Destac\u00f3 que, a pesar de la crisis econ\u00f3mica, el destino logra sostenerse gracias a la flexibilidad de los prestadores y a una marcada tendencia de escapadas cortas.<\/p>\n<p data-path-to-node=\"4\">La temporada de verano en Monte Hermoso muestra una din\u00e1mica particular este 2026, marcada por una fuerte brecha entre el movimiento de los d\u00edas de descanso y el ritmo de la semana laboral. Seg\u00fan observ\u00f3 el periodista local <b data-path-to-node=\"4\" data-index-in-node=\"224\">Luis Alberto Cano<\/b>, esta dualidad es la caracter\u00edstica principal del enero actual: \u00abLa sensaci\u00f3n que uno tiene es viernes, s\u00e1bado y domingo, y otra cosa es a partir del lunes. Tambi\u00e9n lo dicen los comerciantes con los que hablo\u00bb, se\u00f1al\u00f3, describiendo un escenario de gran afluencia intermitente.<\/p>\n<p data-path-to-node=\"5\">A pesar del contexto nacional de retracci\u00f3n econ\u00f3mica, Cano percibe que la ciudad logra mantenerse a flote mejor que otros destinos. \u00abCuando hay marea baja, te das cuenta del movimiento real en la playa\u00bb, grafic\u00f3 el periodista, agregando que, desde la mirada de las autoridades municipales, Monte Hermoso no estar\u00eda sufriendo las consecuencias de la crisis de manera tan dr\u00e1stica. Este fen\u00f3meno se explicar\u00eda, en parte, por una actitud pragm\u00e1tica del sector privado frente a la ca\u00edda del consumo.<\/p>\n<p data-path-to-node=\"6\">En cuanto a los valores de la temporada, Cano subray\u00f3 que no se han registrado aumentos desmedidos en el rubro de alojamiento, priorizando la ocupaci\u00f3n por sobre la rentabilidad m\u00e1xima. \u00abLa gente prefiere tener alg\u00fan ingreso y tener el lugar m\u00e1s o menos ocupado, aunque sea por tres o cuatro d\u00edas\u00bb, explic\u00f3. En este sentido, el periodista sentenci\u00f3 que la fisonom\u00eda del veraneo tradicional ha cambiado definitivamente: \u00abHace rato que se termin\u00f3 lo de irse de vacaciones 15 d\u00edas o un mes; ahora el ritmo es otro\u00bb.<\/p>\n<audio class=\"wp-audio-shortcode\" id=\"audio-131515-1\" preload=\"none\" style=\"width: 100%;\" controls=\"controls\"><source type=\"audio\/mpeg\" src=\"https:\/\/www.noticiasradioreflejos.com.ar\/2021\/wp-content\/uploads\/2026\/01\/Luis-Alberto-Canno-19-01.mp3?_=1\" \/><a href=\"https:\/\/www.noticiasradioreflejos.com.ar\/2021\/wp-content\/uploads\/2026\/01\/Luis-Alberto-Canno-19-01.mp3\">https:\/\/www.noticiasradioreflejos.com.ar\/2021\/wp-content\/uploads\/2026\/01\/Luis-Alberto-Canno-19-01.mp3<\/a><\/audio>\n","protected":false},"excerpt":{"rendered":"<p>El periodista Luis Alberto Cano analiz\u00f3 la particular din\u00e1mica de la temporada, marcada por una fuerte afluencia durante los fines de semana y la flexibilidad en los precios de los alquileres. Seg\u00fan el cronista, la ciudad balnearia logra sostener el movimiento gracias al pragmatismo de los prestadores y a un cambio definitivo en los h\u00e1bitos [&hellip;]<\/p>\n","protected":false},"author":3,"featured_media":83341,"comment_status":"closed","ping_status":"closed","sticky":false,"template":"","format":"standard","meta":{"footnotes":""},"categories":[26,33],"tags":[48],"class_list":["post-131515","post","type-post","status-publish","format-standard","has-post-thumbnail","hentry","category-sociedad","category-turismo","tag-destacada"],"yoast_head":"<!-- This site is optimized with the Yoast SEO plugin v25.9 - https:\/\/yoast.com\/wordpress\/plugins\/seo\/ -->\n<title>Monte Hermoso 2026: el triunfo de las escapadas cortas frente a la crisis - Noticias Radio Reflejos<\/title>\n<meta name=\"robots\" content=\"index, follow, max-snippet:-1, max-image-preview:large, max-video-preview:-1\" \/>\n<link rel=\"canonical\" href=\"https:\/\/www.noticiasradioreflejos.com.ar\/2021\/monte-hermoso-2026-el-triunfo-de-las-escapadas-cortas-frente-a-la-crisis\/\" \/>\n<meta property=\"og:locale\" content=\"es_ES\" \/>\n<meta property=\"og:type\" content=\"article\" \/>\n<meta property=\"og:title\" content=\"Monte Hermoso 2026: el triunfo de las escapadas cortas frente a la crisis - Noticias Radio Reflejos\" \/>\n<meta property=\"og:description\" content=\"El periodista Luis Alberto Cano analiz\u00f3 la particular din\u00e1mica de la temporada, marcada por una fuerte afluencia durante los fines de semana y la flexibilidad en los precios de los alquileres. Seg\u00fan el cronista, la ciudad balnearia logra sostener el movimiento gracias al pragmatismo de los prestadores y a un cambio definitivo en los h\u00e1bitos [&hellip;]\" \/>\n<meta property=\"og:url\" content=\"https:\/\/www.noticiasradioreflejos.com.ar\/2021\/monte-hermoso-2026-el-triunfo-de-las-escapadas-cortas-frente-a-la-crisis\/\" \/>\n<meta property=\"og:site_name\" content=\"Noticias Radio Reflejos\" \/>\n<meta property=\"article:published_time\" content=\"2026-01-19T21:14:45+00:00\" \/>\n<meta property=\"og:image\" content=\"https:\/\/www.noticiasradioreflejos.com.ar\/2021\/wp-content\/uploads\/2023\/01\/MONTEHERMOSOPLAYA3.jpg\" \/>\n\t<meta property=\"og:image:width\" content=\"600\" \/>\n\t<meta property=\"og:image:height\" content=\"450\" \/>\n\t<meta property=\"og:image:type\" content=\"image\/jpeg\" \/>\n<meta name=\"author\" content=\"Arnaldo Botto\" \/>\n<meta name=\"twitter:card\" content=\"summary_large_image\" \/>\n<script type=\"application\/ld+json\" class=\"yoast-schema-graph\">{\"@context\":\"https:\/\/schema.org\",\"@graph\":[{\"@type\":\"WebPage\",\"@id\":\"https:\/\/www.noticiasradioreflejos.com.ar\/2021\/monte-hermoso-2026-el-triunfo-de-las-escapadas-cortas-frente-a-la-crisis\/\",\"url\":\"https:\/\/www.noticiasradioreflejos.com.ar\/2021\/monte-hermoso-2026-el-triunfo-de-las-escapadas-cortas-frente-a-la-crisis\/\",\"name\":\"Monte Hermoso 2026: el triunfo de las escapadas cortas frente a la crisis - Noticias Radio Reflejos\",\"isPartOf\":{\"@id\":\"https:\/\/www.noticiasradioreflejos.com.ar\/2021\/#website\"},\"primaryImageOfPage\":{\"@id\":\"https:\/\/www.noticiasradioreflejos.com.ar\/2021\/monte-hermoso-2026-el-triunfo-de-las-escapadas-cortas-frente-a-la-crisis\/#primaryimage\"},\"image\":{\"@id\":\"https:\/\/www.noticiasradioreflejos.com.ar\/2021\/monte-hermoso-2026-el-triunfo-de-las-escapadas-cortas-frente-a-la-crisis\/#primaryimage\"},\"thumbnailUrl\":\"https:\/\/www.noticiasradioreflejos.com.ar\/2021\/wp-content\/uploads\/2023\/01\/MONTEHERMOSOPLAYA3.jpg\",\"datePublished\":\"2026-01-19T21:14:45+00:00\",\"author\":{\"@id\":\"https:\/\/www.noticiasradioreflejos.com.ar\/2021\/#\/schema\/person\/ad82545263dcc5ec0996818884fd5fb1\"},\"breadcrumb\":{\"@id\":\"https:\/\/www.noticiasradioreflejos.com.ar\/2021\/monte-hermoso-2026-el-triunfo-de-las-escapadas-cortas-frente-a-la-crisis\/#breadcrumb\"},\"inLanguage\":\"es\",\"potentialAction\":[{\"@type\":\"ReadAction\",\"target\":[\"https:\/\/www.noticiasradioreflejos.com.ar\/2021\/monte-hermoso-2026-el-triunfo-de-las-escapadas-cortas-frente-a-la-crisis\/\"]}]},{\"@type\":\"ImageObject\",\"inLanguage\":\"es\",\"@id\":\"https:\/\/www.noticiasradioreflejos.com.ar\/2021\/monte-hermoso-2026-el-triunfo-de-las-escapadas-cortas-frente-a-la-crisis\/#primaryimage\",\"url\":\"https:\/\/www.noticiasradioreflejos.com.ar\/2021\/wp-content\/uploads\/2023\/01\/MONTEHERMOSOPLAYA3.jpg\",\"contentUrl\":\"https:\/\/www.noticiasradioreflejos.com.ar\/2021\/wp-content\/uploads\/2023\/01\/MONTEHERMOSOPLAYA3.jpg\",\"width\":600,\"height\":450},{\"@type\":\"BreadcrumbList\",\"@id\":\"https:\/\/www.noticiasradioreflejos.com.ar\/2021\/monte-hermoso-2026-el-triunfo-de-las-escapadas-cortas-frente-a-la-crisis\/#breadcrumb\",\"itemListElement\":[{\"@type\":\"ListItem\",\"position\":1,\"name\":\"Portada\",\"item\":\"https:\/\/www.noticiasradioreflejos.com.ar\/2021\/\"},{\"@type\":\"ListItem\",\"position\":2,\"name\":\"Monte Hermoso 2026: el triunfo de las escapadas cortas frente a la crisis\"}]},{\"@type\":\"WebSite\",\"@id\":\"https:\/\/www.noticiasradioreflejos.com.ar\/2021\/#website\",\"url\":\"https:\/\/www.noticiasradioreflejos.com.ar\/2021\/\",\"name\":\"Noticias Radio Reflejos\",\"description\":\"Las noticias de mi comarca\",\"potentialAction\":[{\"@type\":\"SearchAction\",\"target\":{\"@type\":\"EntryPoint\",\"urlTemplate\":\"https:\/\/www.noticiasradioreflejos.com.ar\/2021\/?s={search_term_string}\"},\"query-input\":{\"@type\":\"PropertyValueSpecification\",\"valueRequired\":true,\"valueName\":\"search_term_string\"}}],\"inLanguage\":\"es\"},{\"@type\":\"Person\",\"@id\":\"https:\/\/www.noticiasradioreflejos.com.ar\/2021\/#\/schema\/person\/ad82545263dcc5ec0996818884fd5fb1\",\"name\":\"Arnaldo Botto\",\"image\":{\"@type\":\"ImageObject\",\"inLanguage\":\"es\",\"@id\":\"https:\/\/www.noticiasradioreflejos.com.ar\/2021\/#\/schema\/person\/image\/\",\"url\":\"https:\/\/secure.gravatar.com\/avatar\/55cb5e37c1efa326397366e6974cb338056df65cb50e7d64d1cf314e87504837?s=96&d=mm&r=g\",\"contentUrl\":\"https:\/\/secure.gravatar.com\/avatar\/55cb5e37c1efa326397366e6974cb338056df65cb50e7d64d1cf314e87504837?s=96&d=mm&r=g\",\"caption\":\"Arnaldo Botto\"},\"url\":\"https:\/\/www.noticiasradioreflejos.com.ar\/2021\/author\/arnaldo\/\"}]}<\/script>\n<!-- \/ Yoast SEO plugin. -->","yoast_head_json":{"title":"Monte Hermoso 2026: el triunfo de las escapadas cortas frente a la crisis - Noticias Radio Reflejos","robots":{"index":"index","follow":"follow","max-snippet":"max-snippet:-1","max-image-preview":"max-image-preview:large","max-video-preview":"max-video-preview:-1"},"canonical":"https:\/\/www.noticiasradioreflejos.com.ar\/2021\/monte-hermoso-2026-el-triunfo-de-las-escapadas-cortas-frente-a-la-crisis\/","og_locale":"es_ES","og_type":"article","og_title":"Monte Hermoso 2026: el triunfo de las escapadas cortas frente a la crisis - Noticias Radio Reflejos","og_description":"El periodista Luis Alberto Cano analiz\u00f3 la particular din\u00e1mica de la temporada, marcada por una fuerte afluencia durante los fines de semana y la flexibilidad en los precios de los alquileres. Seg\u00fan el cronista, la ciudad balnearia logra sostener el movimiento gracias al pragmatismo de los prestadores y a un cambio definitivo en los h\u00e1bitos [&hellip;]","og_url":"https:\/\/www.noticiasradioreflejos.com.ar\/2021\/monte-hermoso-2026-el-triunfo-de-las-escapadas-cortas-frente-a-la-crisis\/","og_site_name":"Noticias Radio Reflejos","article_published_time":"2026-01-19T21:14:45+00:00","og_image":[{"width":600,"height":450,"url":"https:\/\/www.noticiasradioreflejos.com.ar\/2021\/wp-content\/uploads\/2023\/01\/MONTEHERMOSOPLAYA3.jpg","type":"image\/jpeg"}],"author":"Arnaldo Botto","twitter_card":"summary_large_image","schema":{"@context":"https:\/\/schema.org","@graph":[{"@type":"WebPage","@id":"https:\/\/www.noticiasradioreflejos.com.ar\/2021\/monte-hermoso-2026-el-triunfo-de-las-escapadas-cortas-frente-a-la-crisis\/","url":"https:\/\/www.noticiasradioreflejos.com.ar\/2021\/monte-hermoso-2026-el-triunfo-de-las-escapadas-cortas-frente-a-la-crisis\/","name":"Monte Hermoso 2026: el triunfo de las escapadas cortas frente a la crisis - Noticias Radio Reflejos","isPartOf":{"@id":"https:\/\/www.noticiasradioreflejos.com.ar\/2021\/#website"},"primaryImageOfPage":{"@id":"https:\/\/www.noticiasradioreflejos.com.ar\/2021\/monte-hermoso-2026-el-triunfo-de-las-escapadas-cortas-frente-a-la-crisis\/#primaryimage"},"image":{"@id":"https:\/\/www.noticiasradioreflejos.com.ar\/2021\/monte-hermoso-2026-el-triunfo-de-las-escapadas-cortas-frente-a-la-crisis\/#primaryimage"},"thumbnailUrl":"https:\/\/www.noticiasradioreflejos.com.ar\/2021\/wp-content\/uploads\/2023\/01\/MONTEHERMOSOPLAYA3.jpg","datePublished":"2026-01-19T21:14:45+00:00","author":{"@id":"https:\/\/www.noticiasradioreflejos.com.ar\/2021\/#\/schema\/person\/ad82545263dcc5ec0996818884fd5fb1"},"breadcrumb":{"@id":"https:\/\/www.noticiasradioreflejos.com.ar\/2021\/monte-hermoso-2026-el-triunfo-de-las-escapadas-cortas-frente-a-la-crisis\/#breadcrumb"},"inLanguage":"es","potentialAction":[{"@type":"ReadAction","target":["https:\/\/www.noticiasradioreflejos.com.ar\/2021\/monte-hermoso-2026-el-triunfo-de-las-escapadas-cortas-frente-a-la-crisis\/"]}]},{"@type":"ImageObject","inLanguage":"es","@id":"https:\/\/www.noticiasradioreflejos.com.ar\/2021\/monte-hermoso-2026-el-triunfo-de-las-escapadas-cortas-frente-a-la-crisis\/#primaryimage","url":"https:\/\/www.noticiasradioreflejos.com.ar\/2021\/wp-content\/uploads\/2023\/01\/MONTEHERMOSOPLAYA3.jpg","contentUrl":"https:\/\/www.noticiasradioreflejos.com.ar\/2021\/wp-content\/uploads\/2023\/01\/MONTEHERMOSOPLAYA3.jpg","width":600,"height":450},{"@type":"BreadcrumbList","@id":"https:\/\/www.noticiasradioreflejos.com.ar\/2021\/monte-hermoso-2026-el-triunfo-de-las-escapadas-cortas-frente-a-la-crisis\/#breadcrumb","itemListElement":[{"@type":"ListItem","position":1,"name":"Portada","item":"https:\/\/www.noticiasradioreflejos.com.ar\/2021\/"},{"@type":"ListItem","position":2,"name":"Monte Hermoso 2026: el triunfo de las escapadas cortas frente a la crisis"}]},{"@type":"WebSite","@id":"https:\/\/www.noticiasradioreflejos.com.ar\/2021\/#website","url":"https:\/\/www.noticiasradioreflejos.com.ar\/2021\/","name":"Noticias Radio Reflejos","description":"Las noticias de mi comarca","potentialAction":[{"@type":"SearchAction","target":{"@type":"EntryPoint","urlTemplate":"https:\/\/www.noticiasradioreflejos.com.ar\/2021\/?s={search_term_string}"},"query-input":{"@type":"PropertyValueSpecification","valueRequired":true,"valueName":"search_term_string"}}],"inLanguage":"es"},{"@type":"Person","@id":"https:\/\/www.noticiasradioreflejos.com.ar\/2021\/#\/schema\/person\/ad82545263dcc5ec0996818884fd5fb1","name":"Arnaldo Botto","image":{"@type":"ImageObject","inLanguage":"es","@id":"https:\/\/www.noticiasradioreflejos.com.ar\/2021\/#\/schema\/person\/image\/","url":"https:\/\/secure.gravatar.com\/avatar\/55cb5e37c1efa326397366e6974cb338056df65cb50e7d64d1cf314e87504837?s=96&d=mm&r=g","contentUrl":"https:\/\/secure.gravatar.com\/avatar\/55cb5e37c1efa326397366e6974cb338056df65cb50e7d64d1cf314e87504837?s=96&d=mm&r=g","caption":"Arnaldo Botto"},"url":"https:\/\/www.noticiasradioreflejos.com.ar\/2021\/author\/arnaldo\/"}]}},"_links":{"self":[{"href":"https:\/\/www.noticiasradioreflejos.com.ar\/2021\/wp-json\/wp\/v2\/posts\/131515","targetHints":{"allow":["GET"]}}],"collection":[{"href":"https:\/\/www.noticiasradioreflejos.com.ar\/2021\/wp-json\/wp\/v2\/posts"}],"about":[{"href":"https:\/\/www.noticiasradioreflejos.com.ar\/2021\/wp-json\/wp\/v2\/types\/post"}],"author":[{"embeddable":true,"href":"https:\/\/www.noticiasradioreflejos.com.ar\/2021\/wp-json\/wp\/v2\/users\/3"}],"replies":[{"embeddable":true,"href":"https:\/\/www.noticiasradioreflejos.com.ar\/2021\/wp-json\/wp\/v2\/comments?post=131515"}],"version-history":[{"count":4,"href":"https:\/\/www.noticiasradioreflejos.com.ar\/2021\/wp-json\/wp\/v2\/posts\/131515\/revisions"}],"predecessor-version":[{"id":131554,"href":"https:\/\/www.noticiasradioreflejos.com.ar\/2021\/wp-json\/wp\/v2\/posts\/131515\/revisions\/131554"}],"wp:featuredmedia":[{"embeddable":true,"href":"https:\/\/www.noticiasradioreflejos.com.ar\/2021\/wp-json\/wp\/v2\/media\/83341"}],"wp:attachment":[{"href":"https:\/\/www.noticiasradioreflejos.com.ar\/2021\/wp-json\/wp\/v2\/media?parent=131515"}],"wp:term":[{"taxonomy":"category","embeddable":true,"href":"https:\/\/www.noticiasradioreflejos.com.ar\/2021\/wp-json\/wp\/v2\/categories?post=131515"},{"taxonomy":"post_tag","embeddable":true,"href":"https:\/\/www.noticiasradioreflejos.com.ar\/2021\/wp-json\/wp\/v2\/tags?post=131515"}],"curies":[{"name":"wp","href":"https:\/\/api.w.org\/{rel}","templated":true}]}}