{"id":13151,"date":"2017-08-04T18:25:34","date_gmt":"2017-08-04T21:25:34","guid":{"rendered":"http:\/\/www.noticiasradioreflejos.com.ar\/noticias\/?p=13151"},"modified":"2017-08-04T18:25:34","modified_gmt":"2017-08-04T21:25:34","slug":"no-venimos-a-prometer-nada-sino-a-comprometernos-a-trabajar-carlos-quiroz","status":"publish","type":"post","link":"https:\/\/www.noticiasradioreflejos.com.ar\/2021\/no-venimos-a-prometer-nada-sino-a-comprometernos-a-trabajar-carlos-quiroz\/","title":{"rendered":"\u201cNo venimos a prometer nada, sino a comprometernos a trabajar\u201d &#8211; Carlos Quiroz"},"content":{"rendered":"<p>El precandidato a primer concejal por Unidad Ciudadana, Carlos Quiroz, visit\u00f3 los estudios de FM de la Ciudad 99.5 \u201cNuevo Aire\u201d para hacer un balance de la campa\u00f1a electoral de cara las PASO del domingo 13 de este mes.<br \/>\n\u201cLa estamos llevando adelante en un marco de cordialidad y tranquilidad, recorriendo y visitando casad de vecinos de diferentes localidades del distrito\u201d, sostuvo.<!--more--><br \/>\n\u201cA veces hay mucho silencio por parte de los vecinos que hay que saberlo interpretar\u201d pero tambi\u00e9n \u201cescuchamos situaciones muy cr\u00edticas respecto a la situaci\u00f3n econ\u00f3mica, jubilados se nos han puesto a llorar\u201d y eso \u201cnos preocupa realmente\u201d.<br \/>\n\u201cEso sumado al aumento desmedido de la luz y el gas, situaciones que son duras para el bolsillo con sueldos muy estancados. Ya empieza a producirse la brecha entre el ingreso y el egreso\u201d, asegur\u00f3.<br \/>\nPor otra parte, se refiri\u00f3 a la interna que hay en el peronismo en el distrito, entre la l\u00ednea que encabeza \u00e9l y la liderada por el exintendente Gustavo Trankels, sobre todo en la \u2018discusi\u00f3n\u2019 entre cu\u00e1l es la verdadera Unidad B\u00e1sica: \u201c\u00bfqui\u00e9n tiene el peron\u00f3metro?, \u00bfqui\u00e9n dice que yo soy que soy m\u00e1s o menos peronista? Eso te lo da la militancia, la conducta en la comunidad a trav\u00e9s de los a\u00f1os, la participaci\u00f3n en las instituciones, la forma de cada ser y el compromiso social\u201d, manifest\u00f3.<br \/>\nEn ese sentido, indic\u00f3 que en su espacio \u201cle hemos abierto los brazos a todos los compa\u00f1eros y se han visto transitar viejos compa\u00f1eros que para algunos muchachos eran los dinosaurios. Tambi\u00e9n hay j\u00f3venes militantes y funcionarios del gobierno anterior. Es un gran crisol de algo nuevo que se est\u00e1 gestando\u201d.<br \/>\n\u201cConvocamos a una participaci\u00f3n real y efectiva, a que nos acompa\u00f1en; no venimos a prometer nada, si a comprometernos a trabajar. No buscamos captar votos con propuestas falsas\u201d, enfatiz\u00f3.<br \/>\n\u201cRescatamos que tenemos una muy buena relaci\u00f3n con un mont\u00f3n de sectores independientes que nos van a acompa\u00f1ar a nivel local\u201d afirm\u00f3 y consider\u00f3 que \u201cva a haber corte de boleta y eso nos va a beneficiar\u201d.<br \/>\nA prop\u00f3sito, consider\u00f3 que \u201cestamos muy bien posicionados\u201d y admiti\u00f3 que \u201csi metemos dos concejales es un triunfo para nosotros\u201d.,<br \/>\nEn cuanto a su acompa\u00f1amiento a la candidatura de Cristina Kirchner a senadora nacional coment\u00f3 que \u201csi la mochila de CFK significa colaborar con el proyecto nacional y popular, no es una mochila\u201d. \u201cCreemos que la \u00fanica conductora que le puede poner un limite en el congreso al gobierno neoliberal es esta estructura\u201d, a\u00f1adi\u00f3.<br \/>\nEn el \u00e1mbito local, asegur\u00f3 que \u201cqueremos venir para construir en conjunto para el distrito, no a obstruir. Me considero una persona de di\u00e1logo y consenso y con una visi\u00f3n de futuro de ac\u00e1 a 50 a\u00f1os\u201d.<br \/>\n\u201cLos tornquistenses tenemos que ser inteligentes y definir un proyecto de Tornquist desde el punto de visto del C\u00f3digo de Planeamiento Urbano, de d\u00f3nde queremos una terminal, qu\u00e9 vamos a hacer con nuestro cementerio\u201d, entre otros planteos. \u201cTenemos que generar pol\u00edticas de estado distritales\u201d, concluy\u00f3.<br \/>\n<iframe loading=\"lazy\" src=\"https:\/\/w.soundcloud.com\/player\/?url=https%3A\/\/api.soundcloud.com\/tracks\/336399187&amp;color=ff5500&amp;auto_play=false&amp;hide_related=false&amp;show_comments=true&amp;show_user=true&amp;show_reposts=false\" width=\"100%\" height=\"166\" frameborder=\"no\" scrolling=\"no\"><\/iframe><\/p>\n","protected":false},"excerpt":{"rendered":"<p>El precandidato a primer concejal por Unidad Ciudadana, Carlos Quiroz, visit\u00f3 los estudios de FM de la Ciudad 99.5 \u201cNuevo Aire\u201d para hacer un balance de la campa\u00f1a electoral de cara las PASO del domingo 13 de este mes. \u201cLa estamos llevando adelante en un marco de cordialidad y tranquilidad, recorriendo y visitando casad de [&hellip;]<\/p>\n","protected":false},"author":3,"featured_media":0,"comment_status":"closed","ping_status":"open","sticky":false,"template":"","format":"standard","meta":{"footnotes":""},"categories":[24],"tags":[],"class_list":["post-13151","post","type-post","status-publish","format-standard","hentry","category-politica"],"yoast_head":"<!-- This site is optimized with the Yoast SEO plugin v25.9 - https:\/\/yoast.com\/wordpress\/plugins\/seo\/ -->\n<title>\u201cNo venimos a prometer nada, sino a comprometernos a trabajar\u201d - Carlos Quiroz - Noticias Radio Reflejos<\/title>\n<meta name=\"robots\" content=\"index, follow, max-snippet:-1, max-image-preview:large, max-video-preview:-1\" \/>\n<link rel=\"canonical\" href=\"https:\/\/www.noticiasradioreflejos.com.ar\/2021\/no-venimos-a-prometer-nada-sino-a-comprometernos-a-trabajar-carlos-quiroz\/\" \/>\n<meta property=\"og:locale\" content=\"es_ES\" \/>\n<meta property=\"og:type\" content=\"article\" \/>\n<meta property=\"og:title\" content=\"\u201cNo venimos a prometer nada, sino a comprometernos a trabajar\u201d - Carlos Quiroz - Noticias Radio Reflejos\" \/>\n<meta property=\"og:description\" content=\"El precandidato a primer concejal por Unidad Ciudadana, Carlos Quiroz, visit\u00f3 los estudios de FM de la Ciudad 99.5 \u201cNuevo Aire\u201d para hacer un balance de la campa\u00f1a electoral de cara las PASO del domingo 13 de este mes. \u201cLa estamos llevando adelante en un marco de cordialidad y tranquilidad, recorriendo y visitando casad de [&hellip;]\" \/>\n<meta property=\"og:url\" content=\"https:\/\/www.noticiasradioreflejos.com.ar\/2021\/no-venimos-a-prometer-nada-sino-a-comprometernos-a-trabajar-carlos-quiroz\/\" \/>\n<meta property=\"og:site_name\" content=\"Noticias Radio Reflejos\" \/>\n<meta property=\"article:published_time\" content=\"2017-08-04T21:25:34+00:00\" \/>\n<meta property=\"og:image\" content=\"https:\/\/www.noticiasradioreflejos.com.ar\/2021\/wp-content\/uploads\/2021\/07\/logosol300x200.png\" \/>\n\t<meta property=\"og:image:width\" content=\"300\" \/>\n\t<meta property=\"og:image:height\" content=\"200\" \/>\n\t<meta property=\"og:image:type\" content=\"image\/png\" \/>\n<meta name=\"author\" content=\"Arnaldo Botto\" \/>\n<meta name=\"twitter:card\" content=\"summary_large_image\" \/>\n<script type=\"application\/ld+json\" class=\"yoast-schema-graph\">{\"@context\":\"https:\/\/schema.org\",\"@graph\":[{\"@type\":\"WebPage\",\"@id\":\"https:\/\/www.noticiasradioreflejos.com.ar\/2021\/no-venimos-a-prometer-nada-sino-a-comprometernos-a-trabajar-carlos-quiroz\/\",\"url\":\"https:\/\/www.noticiasradioreflejos.com.ar\/2021\/no-venimos-a-prometer-nada-sino-a-comprometernos-a-trabajar-carlos-quiroz\/\",\"name\":\"\u201cNo venimos a prometer nada, sino a comprometernos a trabajar\u201d - Carlos Quiroz - Noticias Radio Reflejos\",\"isPartOf\":{\"@id\":\"https:\/\/www.noticiasradioreflejos.com.ar\/2021\/#website\"},\"datePublished\":\"2017-08-04T21:25:34+00:00\",\"author\":{\"@id\":\"https:\/\/www.noticiasradioreflejos.com.ar\/2021\/#\/schema\/person\/ad82545263dcc5ec0996818884fd5fb1\"},\"breadcrumb\":{\"@id\":\"https:\/\/www.noticiasradioreflejos.com.ar\/2021\/no-venimos-a-prometer-nada-sino-a-comprometernos-a-trabajar-carlos-quiroz\/#breadcrumb\"},\"inLanguage\":\"es\",\"potentialAction\":[{\"@type\":\"ReadAction\",\"target\":[\"https:\/\/www.noticiasradioreflejos.com.ar\/2021\/no-venimos-a-prometer-nada-sino-a-comprometernos-a-trabajar-carlos-quiroz\/\"]}]},{\"@type\":\"BreadcrumbList\",\"@id\":\"https:\/\/www.noticiasradioreflejos.com.ar\/2021\/no-venimos-a-prometer-nada-sino-a-comprometernos-a-trabajar-carlos-quiroz\/#breadcrumb\",\"itemListElement\":[{\"@type\":\"ListItem\",\"position\":1,\"name\":\"Portada\",\"item\":\"https:\/\/www.noticiasradioreflejos.com.ar\/2021\/\"},{\"@type\":\"ListItem\",\"position\":2,\"name\":\"\u201cNo venimos a prometer nada, sino a comprometernos a trabajar\u201d &#8211; Carlos Quiroz\"}]},{\"@type\":\"WebSite\",\"@id\":\"https:\/\/www.noticiasradioreflejos.com.ar\/2021\/#website\",\"url\":\"https:\/\/www.noticiasradioreflejos.com.ar\/2021\/\",\"name\":\"Noticias Radio Reflejos\",\"description\":\"Las noticias de mi comarca\",\"potentialAction\":[{\"@type\":\"SearchAction\",\"target\":{\"@type\":\"EntryPoint\",\"urlTemplate\":\"https:\/\/www.noticiasradioreflejos.com.ar\/2021\/?s={search_term_string}\"},\"query-input\":{\"@type\":\"PropertyValueSpecification\",\"valueRequired\":true,\"valueName\":\"search_term_string\"}}],\"inLanguage\":\"es\"},{\"@type\":\"Person\",\"@id\":\"https:\/\/www.noticiasradioreflejos.com.ar\/2021\/#\/schema\/person\/ad82545263dcc5ec0996818884fd5fb1\",\"name\":\"Arnaldo Botto\",\"image\":{\"@type\":\"ImageObject\",\"inLanguage\":\"es\",\"@id\":\"https:\/\/www.noticiasradioreflejos.com.ar\/2021\/#\/schema\/person\/image\/\",\"url\":\"https:\/\/secure.gravatar.com\/avatar\/55cb5e37c1efa326397366e6974cb338056df65cb50e7d64d1cf314e87504837?s=96&d=mm&r=g\",\"contentUrl\":\"https:\/\/secure.gravatar.com\/avatar\/55cb5e37c1efa326397366e6974cb338056df65cb50e7d64d1cf314e87504837?s=96&d=mm&r=g\",\"caption\":\"Arnaldo Botto\"},\"url\":\"https:\/\/www.noticiasradioreflejos.com.ar\/2021\/author\/arnaldo\/\"}]}<\/script>\n<!-- \/ Yoast SEO plugin. -->","yoast_head_json":{"title":"\u201cNo venimos a prometer nada, sino a comprometernos a trabajar\u201d - Carlos Quiroz - Noticias Radio Reflejos","robots":{"index":"index","follow":"follow","max-snippet":"max-snippet:-1","max-image-preview":"max-image-preview:large","max-video-preview":"max-video-preview:-1"},"canonical":"https:\/\/www.noticiasradioreflejos.com.ar\/2021\/no-venimos-a-prometer-nada-sino-a-comprometernos-a-trabajar-carlos-quiroz\/","og_locale":"es_ES","og_type":"article","og_title":"\u201cNo venimos a prometer nada, sino a comprometernos a trabajar\u201d - Carlos Quiroz - Noticias Radio Reflejos","og_description":"El precandidato a primer concejal por Unidad Ciudadana, Carlos Quiroz, visit\u00f3 los estudios de FM de la Ciudad 99.5 \u201cNuevo Aire\u201d para hacer un balance de la campa\u00f1a electoral de cara las PASO del domingo 13 de este mes. \u201cLa estamos llevando adelante en un marco de cordialidad y tranquilidad, recorriendo y visitando casad de [&hellip;]","og_url":"https:\/\/www.noticiasradioreflejos.com.ar\/2021\/no-venimos-a-prometer-nada-sino-a-comprometernos-a-trabajar-carlos-quiroz\/","og_site_name":"Noticias Radio Reflejos","article_published_time":"2017-08-04T21:25:34+00:00","og_image":[{"width":300,"height":200,"url":"https:\/\/www.noticiasradioreflejos.com.ar\/2021\/wp-content\/uploads\/2021\/07\/logosol300x200.png","type":"image\/png"}],"author":"Arnaldo Botto","twitter_card":"summary_large_image","schema":{"@context":"https:\/\/schema.org","@graph":[{"@type":"WebPage","@id":"https:\/\/www.noticiasradioreflejos.com.ar\/2021\/no-venimos-a-prometer-nada-sino-a-comprometernos-a-trabajar-carlos-quiroz\/","url":"https:\/\/www.noticiasradioreflejos.com.ar\/2021\/no-venimos-a-prometer-nada-sino-a-comprometernos-a-trabajar-carlos-quiroz\/","name":"\u201cNo venimos a prometer nada, sino a comprometernos a trabajar\u201d - Carlos Quiroz - Noticias Radio Reflejos","isPartOf":{"@id":"https:\/\/www.noticiasradioreflejos.com.ar\/2021\/#website"},"datePublished":"2017-08-04T21:25:34+00:00","author":{"@id":"https:\/\/www.noticiasradioreflejos.com.ar\/2021\/#\/schema\/person\/ad82545263dcc5ec0996818884fd5fb1"},"breadcrumb":{"@id":"https:\/\/www.noticiasradioreflejos.com.ar\/2021\/no-venimos-a-prometer-nada-sino-a-comprometernos-a-trabajar-carlos-quiroz\/#breadcrumb"},"inLanguage":"es","potentialAction":[{"@type":"ReadAction","target":["https:\/\/www.noticiasradioreflejos.com.ar\/2021\/no-venimos-a-prometer-nada-sino-a-comprometernos-a-trabajar-carlos-quiroz\/"]}]},{"@type":"BreadcrumbList","@id":"https:\/\/www.noticiasradioreflejos.com.ar\/2021\/no-venimos-a-prometer-nada-sino-a-comprometernos-a-trabajar-carlos-quiroz\/#breadcrumb","itemListElement":[{"@type":"ListItem","position":1,"name":"Portada","item":"https:\/\/www.noticiasradioreflejos.com.ar\/2021\/"},{"@type":"ListItem","position":2,"name":"\u201cNo venimos a prometer nada, sino a comprometernos a trabajar\u201d &#8211; Carlos Quiroz"}]},{"@type":"WebSite","@id":"https:\/\/www.noticiasradioreflejos.com.ar\/2021\/#website","url":"https:\/\/www.noticiasradioreflejos.com.ar\/2021\/","name":"Noticias Radio Reflejos","description":"Las noticias de mi comarca","potentialAction":[{"@type":"SearchAction","target":{"@type":"EntryPoint","urlTemplate":"https:\/\/www.noticiasradioreflejos.com.ar\/2021\/?s={search_term_string}"},"query-input":{"@type":"PropertyValueSpecification","valueRequired":true,"valueName":"search_term_string"}}],"inLanguage":"es"},{"@type":"Person","@id":"https:\/\/www.noticiasradioreflejos.com.ar\/2021\/#\/schema\/person\/ad82545263dcc5ec0996818884fd5fb1","name":"Arnaldo Botto","image":{"@type":"ImageObject","inLanguage":"es","@id":"https:\/\/www.noticiasradioreflejos.com.ar\/2021\/#\/schema\/person\/image\/","url":"https:\/\/secure.gravatar.com\/avatar\/55cb5e37c1efa326397366e6974cb338056df65cb50e7d64d1cf314e87504837?s=96&d=mm&r=g","contentUrl":"https:\/\/secure.gravatar.com\/avatar\/55cb5e37c1efa326397366e6974cb338056df65cb50e7d64d1cf314e87504837?s=96&d=mm&r=g","caption":"Arnaldo Botto"},"url":"https:\/\/www.noticiasradioreflejos.com.ar\/2021\/author\/arnaldo\/"}]}},"_links":{"self":[{"href":"https:\/\/www.noticiasradioreflejos.com.ar\/2021\/wp-json\/wp\/v2\/posts\/13151","targetHints":{"allow":["GET"]}}],"collection":[{"href":"https:\/\/www.noticiasradioreflejos.com.ar\/2021\/wp-json\/wp\/v2\/posts"}],"about":[{"href":"https:\/\/www.noticiasradioreflejos.com.ar\/2021\/wp-json\/wp\/v2\/types\/post"}],"author":[{"embeddable":true,"href":"https:\/\/www.noticiasradioreflejos.com.ar\/2021\/wp-json\/wp\/v2\/users\/3"}],"replies":[{"embeddable":true,"href":"https:\/\/www.noticiasradioreflejos.com.ar\/2021\/wp-json\/wp\/v2\/comments?post=13151"}],"version-history":[{"count":0,"href":"https:\/\/www.noticiasradioreflejos.com.ar\/2021\/wp-json\/wp\/v2\/posts\/13151\/revisions"}],"wp:attachment":[{"href":"https:\/\/www.noticiasradioreflejos.com.ar\/2021\/wp-json\/wp\/v2\/media?parent=13151"}],"wp:term":[{"taxonomy":"category","embeddable":true,"href":"https:\/\/www.noticiasradioreflejos.com.ar\/2021\/wp-json\/wp\/v2\/categories?post=13151"},{"taxonomy":"post_tag","embeddable":true,"href":"https:\/\/www.noticiasradioreflejos.com.ar\/2021\/wp-json\/wp\/v2\/tags?post=13151"}],"curies":[{"name":"wp","href":"https:\/\/api.w.org\/{rel}","templated":true}]}}