{"id":131509,"date":"2026-01-19T18:10:41","date_gmt":"2026-01-19T21:10:41","guid":{"rendered":"https:\/\/www.noticiasradioreflejos.com.ar\/2021\/?p=131509"},"modified":"2026-01-19T18:10:41","modified_gmt":"2026-01-19T21:10:41","slug":"con-el-foco-en-el-gasto-del-visitante-tornquist-cierra-la-primera-quincena-de-enero-y-apuesta-a-nuevos-datos-estadisticos","status":"publish","type":"post","link":"https:\/\/www.noticiasradioreflejos.com.ar\/2021\/con-el-foco-en-el-gasto-del-visitante-tornquist-cierra-la-primera-quincena-de-enero-y-apuesta-a-nuevos-datos-estadisticos\/","title":{"rendered":"Con el foco en el gasto del visitante, Tornquist cierra la primera quincena de enero y apuesta a nuevos datos estad\u00edsticos"},"content":{"rendered":"<p data-path-to-node=\"11\"><b data-path-to-node=\"11\" data-index-in-node=\"0\"><\/b> El titular de la cartera tur\u00edstica, Carlos Lamas, asegur\u00f3 en<a href=\"https:\/\/www.noticiasradioreflejos.com.ar\/2021\/radio-en-vivo\/\"><strong> FM Reflejos\u00a0<\/strong><\/a> que la clave de este verano ha sido la flexibilidad de los prestadores para acomodar valores a la realidad bonaerense. En un a\u00f1o de desaf\u00edos econ\u00f3micos, la gesti\u00f3n municipal reforz\u00f3 convenios regionales y prepara una nueva metodolog\u00eda de relevamiento para conocer con exactitud el impacto del turismo en la econom\u00eda local.<!--more--><\/p>\n<p data-path-to-node=\"3\">El Secretario de Turismo, Carlos Lamas, analiz\u00f3 el cierre de la primera quincena de enero en el distrito. Destac\u00f3 la articulaci\u00f3n con el sector privado para amortiguar el impacto econ\u00f3mico, el fortalecimiento de los lazos regionales y el pr\u00f3ximo lanzamiento de indicadores de consumo tur\u00edstico.<\/p>\n<p data-path-to-node=\"4\"><span class=\"citation-1\">Tras finalizar la primera quincena de enero, el Secretario de Turismo de Tornquist, <\/span><b data-path-to-node=\"4\" data-index-in-node=\"84\"><span class=\"citation-1\">Carlos Lamas<\/span><\/b><span class=\"citation-1 citation-end-1\">, brind\u00f3 un panorama detallado sobre el movimiento en la Comarca en un contexto nacional que calific\u00f3 como complejo.<\/span> \u00abA priori, estamos viviendo una circunstancia econ\u00f3mica dif\u00edcil, por eso hubo mucho trabajo previo\u00bb, explic\u00f3 el funcionario, subrayando que la clave para sostener la actividad ha sido la labor mancomunada con los prestadores locales. \u00abLo laburamos con el sector privado juntos para favorecer las condiciones de trabajo; obviamente, notamos un movimiento mucho m\u00e1s marcado durante los fines de semana\u00bb, precis\u00f3.<\/p>\n<p data-path-to-node=\"5\">Al ser consultado sobre los recientes informes de la Confederaci\u00f3n Argentina de la Mediana Empresa (CAME), Lamas coincidi\u00f3 en que los datos reflejan una realidad diversa donde el p\u00fablico habitual del distrito est\u00e1 sintiendo el peso de las medidas econ\u00f3micas actuales. Sin embargo, destac\u00f3 la capacidad de adaptaci\u00f3n del sector local: \u00abObservo la disposici\u00f3n de los prestadores para acomodar los precios y poder trabajar. Se est\u00e1n ajustando a una realidad bonaerense, y desde el Estado municipal estamos ah\u00ed, trabajando para que la gente pueda seguir prestando servicios a pesar de la preocupaci\u00f3n reinante\u00bb.<\/p>\n<p data-path-to-node=\"7\">Otro de los ejes centrales de la gesti\u00f3n de Lamas es la integraci\u00f3n con los distritos vecinos para potenciar el corredor tur\u00edstico. En este sentido, confirm\u00f3 que se ha reforzado el convenio de trabajo con Coronel Su\u00e1rez para unificar criterios operativos, con resultados muy positivos. Asimismo, adelant\u00f3 que se encuentran en di\u00e1logo con referentes de Dufour y Colonia San Mart\u00edn para formalizar y organizar las actividades conjuntas que ya suceden de hecho en la regi\u00f3n.<\/p>\n<p data-path-to-node=\"8\">Finalmente, el Secretario anunci\u00f3 que el \u00e1rea de Turismo busca dar un salto de calidad en materia de estad\u00edsticas para este 2026. \u00abEstamos fortaleciendo el \u00e1rea y lo que estamos puliendo es definir la posibilidad de evaluar gastos por persona. En breve estaremos lanzando algunas muestras\u00bb, inform\u00f3. El objetivo es claro: dejar de lado las estimaciones generales para obtener n\u00fameros reales de consumo que permitan entender mejor el comportamiento del visitante en el distrito y orientar las pol\u00edticas p\u00fablicas con mayor precisi\u00f3n.<\/p>\n<audio class=\"wp-audio-shortcode\" id=\"audio-131509-1\" preload=\"none\" style=\"width: 100%;\" controls=\"controls\"><source type=\"audio\/mpeg\" src=\"https:\/\/www.noticiasradioreflejos.com.ar\/2021\/wp-content\/uploads\/2026\/01\/Carlos-Lamas-19-01.mp3?_=1\" \/><a href=\"https:\/\/www.noticiasradioreflejos.com.ar\/2021\/wp-content\/uploads\/2026\/01\/Carlos-Lamas-19-01.mp3\">https:\/\/www.noticiasradioreflejos.com.ar\/2021\/wp-content\/uploads\/2026\/01\/Carlos-Lamas-19-01.mp3<\/a><\/audio>\n","protected":false},"excerpt":{"rendered":"<p>El titular de la cartera tur\u00edstica, Carlos Lamas, asegur\u00f3 en FM Reflejos\u00a0 que la clave de este verano ha sido la flexibilidad de los prestadores para acomodar valores a la realidad bonaerense. En un a\u00f1o de desaf\u00edos econ\u00f3micos, la gesti\u00f3n municipal reforz\u00f3 convenios regionales y prepara una nueva metodolog\u00eda de relevamiento para conocer con exactitud [&hellip;]<\/p>\n","protected":false},"author":3,"featured_media":99648,"comment_status":"closed","ping_status":"closed","sticky":false,"template":"","format":"standard","meta":{"footnotes":""},"categories":[36,33],"tags":[48],"class_list":["post-131509","post","type-post","status-publish","format-standard","has-post-thumbnail","hentry","category-economia","category-turismo","tag-destacada"],"yoast_head":"<!-- This site is optimized with the Yoast SEO plugin v25.9 - https:\/\/yoast.com\/wordpress\/plugins\/seo\/ -->\n<title>Con el foco en el gasto del visitante, Tornquist cierra la primera quincena de enero y apuesta a nuevos datos estad\u00edsticos - Noticias Radio Reflejos<\/title>\n<meta name=\"robots\" content=\"index, follow, max-snippet:-1, max-image-preview:large, max-video-preview:-1\" \/>\n<link rel=\"canonical\" href=\"https:\/\/www.noticiasradioreflejos.com.ar\/2021\/con-el-foco-en-el-gasto-del-visitante-tornquist-cierra-la-primera-quincena-de-enero-y-apuesta-a-nuevos-datos-estadisticos\/\" \/>\n<meta property=\"og:locale\" content=\"es_ES\" \/>\n<meta property=\"og:type\" content=\"article\" \/>\n<meta property=\"og:title\" content=\"Con el foco en el gasto del visitante, Tornquist cierra la primera quincena de enero y apuesta a nuevos datos estad\u00edsticos - Noticias Radio Reflejos\" \/>\n<meta property=\"og:description\" content=\"El titular de la cartera tur\u00edstica, Carlos Lamas, asegur\u00f3 en FM Reflejos\u00a0 que la clave de este verano ha sido la flexibilidad de los prestadores para acomodar valores a la realidad bonaerense. En un a\u00f1o de desaf\u00edos econ\u00f3micos, la gesti\u00f3n municipal reforz\u00f3 convenios regionales y prepara una nueva metodolog\u00eda de relevamiento para conocer con exactitud [&hellip;]\" \/>\n<meta property=\"og:url\" content=\"https:\/\/www.noticiasradioreflejos.com.ar\/2021\/con-el-foco-en-el-gasto-del-visitante-tornquist-cierra-la-primera-quincena-de-enero-y-apuesta-a-nuevos-datos-estadisticos\/\" \/>\n<meta property=\"og:site_name\" content=\"Noticias Radio Reflejos\" \/>\n<meta property=\"article:published_time\" content=\"2026-01-19T21:10:41+00:00\" \/>\n<meta property=\"og:image\" content=\"https:\/\/www.noticiasradioreflejos.com.ar\/2021\/wp-content\/uploads\/2024\/03\/Turismo-Fuente.jpg\" \/>\n\t<meta property=\"og:image:width\" content=\"1440\" \/>\n\t<meta property=\"og:image:height\" content=\"1800\" \/>\n\t<meta property=\"og:image:type\" content=\"image\/jpeg\" \/>\n<meta name=\"author\" content=\"Arnaldo Botto\" \/>\n<meta name=\"twitter:card\" content=\"summary_large_image\" \/>\n<script type=\"application\/ld+json\" class=\"yoast-schema-graph\">{\"@context\":\"https:\/\/schema.org\",\"@graph\":[{\"@type\":\"WebPage\",\"@id\":\"https:\/\/www.noticiasradioreflejos.com.ar\/2021\/con-el-foco-en-el-gasto-del-visitante-tornquist-cierra-la-primera-quincena-de-enero-y-apuesta-a-nuevos-datos-estadisticos\/\",\"url\":\"https:\/\/www.noticiasradioreflejos.com.ar\/2021\/con-el-foco-en-el-gasto-del-visitante-tornquist-cierra-la-primera-quincena-de-enero-y-apuesta-a-nuevos-datos-estadisticos\/\",\"name\":\"Con el foco en el gasto del visitante, Tornquist cierra la primera quincena de enero y apuesta a nuevos datos estad\u00edsticos - Noticias Radio Reflejos\",\"isPartOf\":{\"@id\":\"https:\/\/www.noticiasradioreflejos.com.ar\/2021\/#website\"},\"primaryImageOfPage\":{\"@id\":\"https:\/\/www.noticiasradioreflejos.com.ar\/2021\/con-el-foco-en-el-gasto-del-visitante-tornquist-cierra-la-primera-quincena-de-enero-y-apuesta-a-nuevos-datos-estadisticos\/#primaryimage\"},\"image\":{\"@id\":\"https:\/\/www.noticiasradioreflejos.com.ar\/2021\/con-el-foco-en-el-gasto-del-visitante-tornquist-cierra-la-primera-quincena-de-enero-y-apuesta-a-nuevos-datos-estadisticos\/#primaryimage\"},\"thumbnailUrl\":\"https:\/\/www.noticiasradioreflejos.com.ar\/2021\/wp-content\/uploads\/2024\/03\/Turismo-Fuente.jpg\",\"datePublished\":\"2026-01-19T21:10:41+00:00\",\"author\":{\"@id\":\"https:\/\/www.noticiasradioreflejos.com.ar\/2021\/#\/schema\/person\/ad82545263dcc5ec0996818884fd5fb1\"},\"breadcrumb\":{\"@id\":\"https:\/\/www.noticiasradioreflejos.com.ar\/2021\/con-el-foco-en-el-gasto-del-visitante-tornquist-cierra-la-primera-quincena-de-enero-y-apuesta-a-nuevos-datos-estadisticos\/#breadcrumb\"},\"inLanguage\":\"es\",\"potentialAction\":[{\"@type\":\"ReadAction\",\"target\":[\"https:\/\/www.noticiasradioreflejos.com.ar\/2021\/con-el-foco-en-el-gasto-del-visitante-tornquist-cierra-la-primera-quincena-de-enero-y-apuesta-a-nuevos-datos-estadisticos\/\"]}]},{\"@type\":\"ImageObject\",\"inLanguage\":\"es\",\"@id\":\"https:\/\/www.noticiasradioreflejos.com.ar\/2021\/con-el-foco-en-el-gasto-del-visitante-tornquist-cierra-la-primera-quincena-de-enero-y-apuesta-a-nuevos-datos-estadisticos\/#primaryimage\",\"url\":\"https:\/\/www.noticiasradioreflejos.com.ar\/2021\/wp-content\/uploads\/2024\/03\/Turismo-Fuente.jpg\",\"contentUrl\":\"https:\/\/www.noticiasradioreflejos.com.ar\/2021\/wp-content\/uploads\/2024\/03\/Turismo-Fuente.jpg\",\"width\":1440,\"height\":1800},{\"@type\":\"BreadcrumbList\",\"@id\":\"https:\/\/www.noticiasradioreflejos.com.ar\/2021\/con-el-foco-en-el-gasto-del-visitante-tornquist-cierra-la-primera-quincena-de-enero-y-apuesta-a-nuevos-datos-estadisticos\/#breadcrumb\",\"itemListElement\":[{\"@type\":\"ListItem\",\"position\":1,\"name\":\"Portada\",\"item\":\"https:\/\/www.noticiasradioreflejos.com.ar\/2021\/\"},{\"@type\":\"ListItem\",\"position\":2,\"name\":\"Con el foco en el gasto del visitante, Tornquist cierra la primera quincena de enero y apuesta a nuevos datos estad\u00edsticos\"}]},{\"@type\":\"WebSite\",\"@id\":\"https:\/\/www.noticiasradioreflejos.com.ar\/2021\/#website\",\"url\":\"https:\/\/www.noticiasradioreflejos.com.ar\/2021\/\",\"name\":\"Noticias Radio Reflejos\",\"description\":\"Las noticias de mi comarca\",\"potentialAction\":[{\"@type\":\"SearchAction\",\"target\":{\"@type\":\"EntryPoint\",\"urlTemplate\":\"https:\/\/www.noticiasradioreflejos.com.ar\/2021\/?s={search_term_string}\"},\"query-input\":{\"@type\":\"PropertyValueSpecification\",\"valueRequired\":true,\"valueName\":\"search_term_string\"}}],\"inLanguage\":\"es\"},{\"@type\":\"Person\",\"@id\":\"https:\/\/www.noticiasradioreflejos.com.ar\/2021\/#\/schema\/person\/ad82545263dcc5ec0996818884fd5fb1\",\"name\":\"Arnaldo Botto\",\"image\":{\"@type\":\"ImageObject\",\"inLanguage\":\"es\",\"@id\":\"https:\/\/www.noticiasradioreflejos.com.ar\/2021\/#\/schema\/person\/image\/\",\"url\":\"https:\/\/secure.gravatar.com\/avatar\/55cb5e37c1efa326397366e6974cb338056df65cb50e7d64d1cf314e87504837?s=96&d=mm&r=g\",\"contentUrl\":\"https:\/\/secure.gravatar.com\/avatar\/55cb5e37c1efa326397366e6974cb338056df65cb50e7d64d1cf314e87504837?s=96&d=mm&r=g\",\"caption\":\"Arnaldo Botto\"},\"url\":\"https:\/\/www.noticiasradioreflejos.com.ar\/2021\/author\/arnaldo\/\"}]}<\/script>\n<!-- \/ Yoast SEO plugin. -->","yoast_head_json":{"title":"Con el foco en el gasto del visitante, Tornquist cierra la primera quincena de enero y apuesta a nuevos datos estad\u00edsticos - Noticias Radio Reflejos","robots":{"index":"index","follow":"follow","max-snippet":"max-snippet:-1","max-image-preview":"max-image-preview:large","max-video-preview":"max-video-preview:-1"},"canonical":"https:\/\/www.noticiasradioreflejos.com.ar\/2021\/con-el-foco-en-el-gasto-del-visitante-tornquist-cierra-la-primera-quincena-de-enero-y-apuesta-a-nuevos-datos-estadisticos\/","og_locale":"es_ES","og_type":"article","og_title":"Con el foco en el gasto del visitante, Tornquist cierra la primera quincena de enero y apuesta a nuevos datos estad\u00edsticos - Noticias Radio Reflejos","og_description":"El titular de la cartera tur\u00edstica, Carlos Lamas, asegur\u00f3 en FM Reflejos\u00a0 que la clave de este verano ha sido la flexibilidad de los prestadores para acomodar valores a la realidad bonaerense. En un a\u00f1o de desaf\u00edos econ\u00f3micos, la gesti\u00f3n municipal reforz\u00f3 convenios regionales y prepara una nueva metodolog\u00eda de relevamiento para conocer con exactitud [&hellip;]","og_url":"https:\/\/www.noticiasradioreflejos.com.ar\/2021\/con-el-foco-en-el-gasto-del-visitante-tornquist-cierra-la-primera-quincena-de-enero-y-apuesta-a-nuevos-datos-estadisticos\/","og_site_name":"Noticias Radio Reflejos","article_published_time":"2026-01-19T21:10:41+00:00","og_image":[{"width":1440,"height":1800,"url":"https:\/\/www.noticiasradioreflejos.com.ar\/2021\/wp-content\/uploads\/2024\/03\/Turismo-Fuente.jpg","type":"image\/jpeg"}],"author":"Arnaldo Botto","twitter_card":"summary_large_image","schema":{"@context":"https:\/\/schema.org","@graph":[{"@type":"WebPage","@id":"https:\/\/www.noticiasradioreflejos.com.ar\/2021\/con-el-foco-en-el-gasto-del-visitante-tornquist-cierra-la-primera-quincena-de-enero-y-apuesta-a-nuevos-datos-estadisticos\/","url":"https:\/\/www.noticiasradioreflejos.com.ar\/2021\/con-el-foco-en-el-gasto-del-visitante-tornquist-cierra-la-primera-quincena-de-enero-y-apuesta-a-nuevos-datos-estadisticos\/","name":"Con el foco en el gasto del visitante, Tornquist cierra la primera quincena de enero y apuesta a nuevos datos estad\u00edsticos - Noticias Radio Reflejos","isPartOf":{"@id":"https:\/\/www.noticiasradioreflejos.com.ar\/2021\/#website"},"primaryImageOfPage":{"@id":"https:\/\/www.noticiasradioreflejos.com.ar\/2021\/con-el-foco-en-el-gasto-del-visitante-tornquist-cierra-la-primera-quincena-de-enero-y-apuesta-a-nuevos-datos-estadisticos\/#primaryimage"},"image":{"@id":"https:\/\/www.noticiasradioreflejos.com.ar\/2021\/con-el-foco-en-el-gasto-del-visitante-tornquist-cierra-la-primera-quincena-de-enero-y-apuesta-a-nuevos-datos-estadisticos\/#primaryimage"},"thumbnailUrl":"https:\/\/www.noticiasradioreflejos.com.ar\/2021\/wp-content\/uploads\/2024\/03\/Turismo-Fuente.jpg","datePublished":"2026-01-19T21:10:41+00:00","author":{"@id":"https:\/\/www.noticiasradioreflejos.com.ar\/2021\/#\/schema\/person\/ad82545263dcc5ec0996818884fd5fb1"},"breadcrumb":{"@id":"https:\/\/www.noticiasradioreflejos.com.ar\/2021\/con-el-foco-en-el-gasto-del-visitante-tornquist-cierra-la-primera-quincena-de-enero-y-apuesta-a-nuevos-datos-estadisticos\/#breadcrumb"},"inLanguage":"es","potentialAction":[{"@type":"ReadAction","target":["https:\/\/www.noticiasradioreflejos.com.ar\/2021\/con-el-foco-en-el-gasto-del-visitante-tornquist-cierra-la-primera-quincena-de-enero-y-apuesta-a-nuevos-datos-estadisticos\/"]}]},{"@type":"ImageObject","inLanguage":"es","@id":"https:\/\/www.noticiasradioreflejos.com.ar\/2021\/con-el-foco-en-el-gasto-del-visitante-tornquist-cierra-la-primera-quincena-de-enero-y-apuesta-a-nuevos-datos-estadisticos\/#primaryimage","url":"https:\/\/www.noticiasradioreflejos.com.ar\/2021\/wp-content\/uploads\/2024\/03\/Turismo-Fuente.jpg","contentUrl":"https:\/\/www.noticiasradioreflejos.com.ar\/2021\/wp-content\/uploads\/2024\/03\/Turismo-Fuente.jpg","width":1440,"height":1800},{"@type":"BreadcrumbList","@id":"https:\/\/www.noticiasradioreflejos.com.ar\/2021\/con-el-foco-en-el-gasto-del-visitante-tornquist-cierra-la-primera-quincena-de-enero-y-apuesta-a-nuevos-datos-estadisticos\/#breadcrumb","itemListElement":[{"@type":"ListItem","position":1,"name":"Portada","item":"https:\/\/www.noticiasradioreflejos.com.ar\/2021\/"},{"@type":"ListItem","position":2,"name":"Con el foco en el gasto del visitante, Tornquist cierra la primera quincena de enero y apuesta a nuevos datos estad\u00edsticos"}]},{"@type":"WebSite","@id":"https:\/\/www.noticiasradioreflejos.com.ar\/2021\/#website","url":"https:\/\/www.noticiasradioreflejos.com.ar\/2021\/","name":"Noticias Radio Reflejos","description":"Las noticias de mi comarca","potentialAction":[{"@type":"SearchAction","target":{"@type":"EntryPoint","urlTemplate":"https:\/\/www.noticiasradioreflejos.com.ar\/2021\/?s={search_term_string}"},"query-input":{"@type":"PropertyValueSpecification","valueRequired":true,"valueName":"search_term_string"}}],"inLanguage":"es"},{"@type":"Person","@id":"https:\/\/www.noticiasradioreflejos.com.ar\/2021\/#\/schema\/person\/ad82545263dcc5ec0996818884fd5fb1","name":"Arnaldo Botto","image":{"@type":"ImageObject","inLanguage":"es","@id":"https:\/\/www.noticiasradioreflejos.com.ar\/2021\/#\/schema\/person\/image\/","url":"https:\/\/secure.gravatar.com\/avatar\/55cb5e37c1efa326397366e6974cb338056df65cb50e7d64d1cf314e87504837?s=96&d=mm&r=g","contentUrl":"https:\/\/secure.gravatar.com\/avatar\/55cb5e37c1efa326397366e6974cb338056df65cb50e7d64d1cf314e87504837?s=96&d=mm&r=g","caption":"Arnaldo Botto"},"url":"https:\/\/www.noticiasradioreflejos.com.ar\/2021\/author\/arnaldo\/"}]}},"_links":{"self":[{"href":"https:\/\/www.noticiasradioreflejos.com.ar\/2021\/wp-json\/wp\/v2\/posts\/131509","targetHints":{"allow":["GET"]}}],"collection":[{"href":"https:\/\/www.noticiasradioreflejos.com.ar\/2021\/wp-json\/wp\/v2\/posts"}],"about":[{"href":"https:\/\/www.noticiasradioreflejos.com.ar\/2021\/wp-json\/wp\/v2\/types\/post"}],"author":[{"embeddable":true,"href":"https:\/\/www.noticiasradioreflejos.com.ar\/2021\/wp-json\/wp\/v2\/users\/3"}],"replies":[{"embeddable":true,"href":"https:\/\/www.noticiasradioreflejos.com.ar\/2021\/wp-json\/wp\/v2\/comments?post=131509"}],"version-history":[{"count":3,"href":"https:\/\/www.noticiasradioreflejos.com.ar\/2021\/wp-json\/wp\/v2\/posts\/131509\/revisions"}],"predecessor-version":[{"id":131553,"href":"https:\/\/www.noticiasradioreflejos.com.ar\/2021\/wp-json\/wp\/v2\/posts\/131509\/revisions\/131553"}],"wp:featuredmedia":[{"embeddable":true,"href":"https:\/\/www.noticiasradioreflejos.com.ar\/2021\/wp-json\/wp\/v2\/media\/99648"}],"wp:attachment":[{"href":"https:\/\/www.noticiasradioreflejos.com.ar\/2021\/wp-json\/wp\/v2\/media?parent=131509"}],"wp:term":[{"taxonomy":"category","embeddable":true,"href":"https:\/\/www.noticiasradioreflejos.com.ar\/2021\/wp-json\/wp\/v2\/categories?post=131509"},{"taxonomy":"post_tag","embeddable":true,"href":"https:\/\/www.noticiasradioreflejos.com.ar\/2021\/wp-json\/wp\/v2\/tags?post=131509"}],"curies":[{"name":"wp","href":"https:\/\/api.w.org\/{rel}","templated":true}]}}