{"id":131501,"date":"2026-01-19T09:42:49","date_gmt":"2026-01-19T12:42:49","guid":{"rendered":"https:\/\/www.noticiasradioreflejos.com.ar\/2021\/?p=131501"},"modified":"2026-01-19T11:48:09","modified_gmt":"2026-01-19T14:48:09","slug":"urgente-siniestro-vial-en-ruta-76","status":"publish","type":"post","link":"https:\/\/www.noticiasradioreflejos.com.ar\/2021\/urgente-siniestro-vial-en-ruta-76\/","title":{"rendered":"Vuelco en la \u00abCurva de las Vertientes\u00bb, acceso secundario a Villa Ventana."},"content":{"rendered":"<p data-path-to-node=\"3\">Alrededor de las <b data-path-to-node=\"3\" data-index-in-node=\"33\">09:20 hs.<\/b> de este lunes, se tom\u00f3 conocimiento a trav\u00e9s de la red radial sobre un accidente de tr\u00e1nsito ocurrido en la Ruta Provincial 76, espec\u00edficamente en la zona conocida como la <b data-path-to-node=\"3\" data-index-in-node=\"215\">\u00abCurva de las Vertientes\u00bb<\/b>, frente al acceso secundario de Villa Ventana.<!--more--><\/p>\n<p data-path-to-node=\"3\"><a href=\"https:\/\/www.noticiasradioreflejos.com.ar\/2021\/urgente-siniestro-vial-en-ruta-76\/vuelco-vv-2\/\" rel=\"attachment wp-att-131520\"><img loading=\"lazy\" decoding=\"async\" class=\"aligncenter size-full wp-image-131520\" src=\"https:\/\/www.noticiasradioreflejos.com.ar\/2021\/wp-content\/uploads\/2026\/01\/vuelco-VV-2.jpeg\" alt=\"\" width=\"1280\" height=\"960\" srcset=\"https:\/\/www.noticiasradioreflejos.com.ar\/2021\/wp-content\/uploads\/2026\/01\/vuelco-VV-2.jpeg 1280w, https:\/\/www.noticiasradioreflejos.com.ar\/2021\/wp-content\/uploads\/2026\/01\/vuelco-VV-2-300x225.jpeg 300w, https:\/\/www.noticiasradioreflejos.com.ar\/2021\/wp-content\/uploads\/2026\/01\/vuelco-VV-2-1024x768.jpeg 1024w, https:\/\/www.noticiasradioreflejos.com.ar\/2021\/wp-content\/uploads\/2026\/01\/vuelco-VV-2-768x576.jpeg 768w, https:\/\/www.noticiasradioreflejos.com.ar\/2021\/wp-content\/uploads\/2026\/01\/vuelco-VV-2-750x563.jpeg 750w, https:\/\/www.noticiasradioreflejos.com.ar\/2021\/wp-content\/uploads\/2026\/01\/vuelco-VV-2-1140x855.jpeg 1140w\" sizes=\"auto, (max-width: 1280px) 100vw, 1280px\" \/><\/a><\/p>\n<p data-path-to-node=\"5\">El accidente fue protagonizado por un veh\u00edculo <b data-path-to-node=\"5\" data-index-in-node=\"47\">Volkswagen Gol de color rojo (dominio JWM-901)<\/b>. Seg\u00fan el informe oficial, el rodado circulaba en direcci\u00f3n desde el Abra hacia Villa Ventana cuando, por razones que se tratan de establecer, <b data-path-to-node=\"5\" data-index-in-node=\"237\">mordi\u00f3 la banquina y termin\u00f3 volcando<\/b> sobre la calle lateral de acceso.<\/p>\n<p data-path-to-node=\"7\">En el veh\u00edculo viajaban cinco personas, todas ellas no residentes de la zona: <b data-path-to-node=\"8,0,0\" data-index-in-node=\"0\">Conductor:<\/b> Juan Carlos Passera (70 a\u00f1os). <b data-path-to-node=\"8,1,0\" data-index-in-node=\"0\">Acompa\u00f1antes:<\/b> Paola Passera (48 a\u00f1os), Evelyn Passera (30 a\u00f1os) y dos menores de edad, Estefano Reiter (1 a\u00f1o) y Gonzalo Arango (10 a\u00f1os).<\/p>\n<p data-path-to-node=\"9\">Como consecuencia del impacto, personal m\u00e9dico dispuso el traslado urgente de <b data-path-to-node=\"9\" data-index-in-node=\"78\">Evelyn Passera<\/b> y el menor <b data-path-to-node=\"9\" data-index-in-node=\"104\">Gonzalo Arango<\/b> hacia el Hospital Municipal de Tornquist para una mayor observaci\u00f3n y evaluaci\u00f3n de sus heridas.<\/p>\n<h3 data-path-to-node=\"10\"><b data-path-to-node=\"10\" data-index-in-node=\"0\">Operativo en el lugar<\/b><\/h3>\n<p data-path-to-node=\"11\">En el sitio del accidente se despleg\u00f3 un importante operativo conjunto coordinado por:<\/p>\n<ul data-path-to-node=\"12\">\n<li>\n<p data-path-to-node=\"12,0,0\"><b data-path-to-node=\"12,0,0\" data-index-in-node=\"0\">Bomberos Voluntarios de Sierra y\u00a0 Villa Ventana<\/b>, bajo el mando de Diego D\u00edaz.<\/p>\n<\/li>\n<li>\n<p data-path-to-node=\"12,1,0\"><b data-path-to-node=\"12,1,0\" data-index-in-node=\"0\">Defensa Civil<\/b>, a cargo de su titular, Rofrigo Fhur.<\/p>\n<\/li>\n<li>\n<p data-path-to-node=\"12,2,0\"><b data-path-to-node=\"12,2,0\" data-index-in-node=\"0\">Direcci\u00f3n de Tr\u00e1nsito<\/b>, bajo la supervisi\u00f3n de Mart\u00ednez.<\/p>\n<\/li>\n<li>\n<p data-path-to-node=\"12,3,0\">Unidades sanitarias de <b data-path-to-node=\"12,3,0\" data-index-in-node=\"23\">Sierra de la Ventana<\/b> y <b data-path-to-node=\"12,3,0\" data-index-in-node=\"46\">Villa Ventana<\/b>.<\/p>\n<\/li>\n<\/ul>\n<p data-path-to-node=\"14\">Las autoridades reiteran el pedido de extrema precauci\u00f3n al circular por el sector de la curva, dado que el movimiento de las fuerzas de seguridad y de salud a\u00fan persiste en las inmediaciones del acceso.<\/p>\n<p data-path-to-node=\"14\"><a href=\"https:\/\/www.noticiasradioreflejos.com.ar\/2021\/urgente-siniestro-vial-en-ruta-76\/vuelco-en-villa-ventana\/\" rel=\"attachment wp-att-131514\"><img loading=\"lazy\" decoding=\"async\" class=\"aligncenter size-full wp-image-131514\" src=\"https:\/\/www.noticiasradioreflejos.com.ar\/2021\/wp-content\/uploads\/2026\/01\/vuelco-en-Villa-Ventana.jpg\" alt=\"\" width=\"817\" height=\"676\" srcset=\"https:\/\/www.noticiasradioreflejos.com.ar\/2021\/wp-content\/uploads\/2026\/01\/vuelco-en-Villa-Ventana.jpg 817w, https:\/\/www.noticiasradioreflejos.com.ar\/2021\/wp-content\/uploads\/2026\/01\/vuelco-en-Villa-Ventana-300x248.jpg 300w, https:\/\/www.noticiasradioreflejos.com.ar\/2021\/wp-content\/uploads\/2026\/01\/vuelco-en-Villa-Ventana-768x635.jpg 768w, https:\/\/www.noticiasradioreflejos.com.ar\/2021\/wp-content\/uploads\/2026\/01\/vuelco-en-Villa-Ventana-750x621.jpg 750w\" sizes=\"auto, (max-width: 817px) 100vw, 817px\" \/><\/a><\/p>\n","protected":false},"excerpt":{"rendered":"<p>Alrededor de las 09:20 hs. de este lunes, se tom\u00f3 conocimiento a trav\u00e9s de la red radial sobre un accidente de tr\u00e1nsito ocurrido en la Ruta Provincial 76, espec\u00edficamente en la zona conocida como la \u00abCurva de las Vertientes\u00bb, frente al acceso secundario de Villa Ventana.<\/p>\n","protected":false},"author":3,"featured_media":131521,"comment_status":"closed","ping_status":"closed","sticky":false,"template":"","format":"standard","meta":{"footnotes":""},"categories":[29],"tags":[48],"class_list":["post-131501","post","type-post","status-publish","format-standard","has-post-thumbnail","hentry","category-policiales","tag-destacada"],"yoast_head":"<!-- This site is optimized with the Yoast SEO plugin v25.9 - https:\/\/yoast.com\/wordpress\/plugins\/seo\/ -->\n<title>Vuelco en la &quot;Curva de las Vertientes&quot;, acceso secundario a Villa Ventana. - Noticias Radio Reflejos<\/title>\n<meta name=\"robots\" content=\"index, follow, max-snippet:-1, max-image-preview:large, max-video-preview:-1\" \/>\n<link rel=\"canonical\" href=\"https:\/\/www.noticiasradioreflejos.com.ar\/2021\/urgente-siniestro-vial-en-ruta-76\/\" \/>\n<meta property=\"og:locale\" content=\"es_ES\" \/>\n<meta property=\"og:type\" content=\"article\" \/>\n<meta property=\"og:title\" content=\"Vuelco en la &quot;Curva de las Vertientes&quot;, acceso secundario a Villa Ventana. - Noticias Radio Reflejos\" \/>\n<meta property=\"og:description\" content=\"Alrededor de las 09:20 hs. de este lunes, se tom\u00f3 conocimiento a trav\u00e9s de la red radial sobre un accidente de tr\u00e1nsito ocurrido en la Ruta Provincial 76, espec\u00edficamente en la zona conocida como la \u00abCurva de las Vertientes\u00bb, frente al acceso secundario de Villa Ventana.\" \/>\n<meta property=\"og:url\" content=\"https:\/\/www.noticiasradioreflejos.com.ar\/2021\/urgente-siniestro-vial-en-ruta-76\/\" \/>\n<meta property=\"og:site_name\" content=\"Noticias Radio Reflejos\" \/>\n<meta property=\"article:published_time\" content=\"2026-01-19T12:42:49+00:00\" \/>\n<meta property=\"article:modified_time\" content=\"2026-01-19T14:48:09+00:00\" \/>\n<meta property=\"og:image\" content=\"https:\/\/www.noticiasradioreflejos.com.ar\/2021\/wp-content\/uploads\/2026\/01\/vuelco-VV-1.jpeg\" \/>\n\t<meta property=\"og:image:width\" content=\"1280\" \/>\n\t<meta property=\"og:image:height\" content=\"720\" \/>\n\t<meta property=\"og:image:type\" content=\"image\/jpeg\" \/>\n<meta name=\"author\" content=\"Arnaldo Botto\" \/>\n<meta name=\"twitter:card\" content=\"summary_large_image\" \/>\n<script type=\"application\/ld+json\" class=\"yoast-schema-graph\">{\"@context\":\"https:\/\/schema.org\",\"@graph\":[{\"@type\":\"WebPage\",\"@id\":\"https:\/\/www.noticiasradioreflejos.com.ar\/2021\/urgente-siniestro-vial-en-ruta-76\/\",\"url\":\"https:\/\/www.noticiasradioreflejos.com.ar\/2021\/urgente-siniestro-vial-en-ruta-76\/\",\"name\":\"Vuelco en la \\\"Curva de las Vertientes\\\", acceso secundario a Villa Ventana. - Noticias Radio Reflejos\",\"isPartOf\":{\"@id\":\"https:\/\/www.noticiasradioreflejos.com.ar\/2021\/#website\"},\"primaryImageOfPage\":{\"@id\":\"https:\/\/www.noticiasradioreflejos.com.ar\/2021\/urgente-siniestro-vial-en-ruta-76\/#primaryimage\"},\"image\":{\"@id\":\"https:\/\/www.noticiasradioreflejos.com.ar\/2021\/urgente-siniestro-vial-en-ruta-76\/#primaryimage\"},\"thumbnailUrl\":\"https:\/\/www.noticiasradioreflejos.com.ar\/2021\/wp-content\/uploads\/2026\/01\/vuelco-VV-1.jpeg\",\"datePublished\":\"2026-01-19T12:42:49+00:00\",\"dateModified\":\"2026-01-19T14:48:09+00:00\",\"author\":{\"@id\":\"https:\/\/www.noticiasradioreflejos.com.ar\/2021\/#\/schema\/person\/ad82545263dcc5ec0996818884fd5fb1\"},\"breadcrumb\":{\"@id\":\"https:\/\/www.noticiasradioreflejos.com.ar\/2021\/urgente-siniestro-vial-en-ruta-76\/#breadcrumb\"},\"inLanguage\":\"es\",\"potentialAction\":[{\"@type\":\"ReadAction\",\"target\":[\"https:\/\/www.noticiasradioreflejos.com.ar\/2021\/urgente-siniestro-vial-en-ruta-76\/\"]}]},{\"@type\":\"ImageObject\",\"inLanguage\":\"es\",\"@id\":\"https:\/\/www.noticiasradioreflejos.com.ar\/2021\/urgente-siniestro-vial-en-ruta-76\/#primaryimage\",\"url\":\"https:\/\/www.noticiasradioreflejos.com.ar\/2021\/wp-content\/uploads\/2026\/01\/vuelco-VV-1.jpeg\",\"contentUrl\":\"https:\/\/www.noticiasradioreflejos.com.ar\/2021\/wp-content\/uploads\/2026\/01\/vuelco-VV-1.jpeg\",\"width\":1280,\"height\":720},{\"@type\":\"BreadcrumbList\",\"@id\":\"https:\/\/www.noticiasradioreflejos.com.ar\/2021\/urgente-siniestro-vial-en-ruta-76\/#breadcrumb\",\"itemListElement\":[{\"@type\":\"ListItem\",\"position\":1,\"name\":\"Portada\",\"item\":\"https:\/\/www.noticiasradioreflejos.com.ar\/2021\/\"},{\"@type\":\"ListItem\",\"position\":2,\"name\":\"Vuelco en la \u00abCurva de las Vertientes\u00bb, acceso secundario a Villa Ventana.\"}]},{\"@type\":\"WebSite\",\"@id\":\"https:\/\/www.noticiasradioreflejos.com.ar\/2021\/#website\",\"url\":\"https:\/\/www.noticiasradioreflejos.com.ar\/2021\/\",\"name\":\"Noticias Radio Reflejos\",\"description\":\"Las noticias de mi comarca\",\"potentialAction\":[{\"@type\":\"SearchAction\",\"target\":{\"@type\":\"EntryPoint\",\"urlTemplate\":\"https:\/\/www.noticiasradioreflejos.com.ar\/2021\/?s={search_term_string}\"},\"query-input\":{\"@type\":\"PropertyValueSpecification\",\"valueRequired\":true,\"valueName\":\"search_term_string\"}}],\"inLanguage\":\"es\"},{\"@type\":\"Person\",\"@id\":\"https:\/\/www.noticiasradioreflejos.com.ar\/2021\/#\/schema\/person\/ad82545263dcc5ec0996818884fd5fb1\",\"name\":\"Arnaldo Botto\",\"image\":{\"@type\":\"ImageObject\",\"inLanguage\":\"es\",\"@id\":\"https:\/\/www.noticiasradioreflejos.com.ar\/2021\/#\/schema\/person\/image\/\",\"url\":\"https:\/\/secure.gravatar.com\/avatar\/55cb5e37c1efa326397366e6974cb338056df65cb50e7d64d1cf314e87504837?s=96&d=mm&r=g\",\"contentUrl\":\"https:\/\/secure.gravatar.com\/avatar\/55cb5e37c1efa326397366e6974cb338056df65cb50e7d64d1cf314e87504837?s=96&d=mm&r=g\",\"caption\":\"Arnaldo Botto\"},\"url\":\"https:\/\/www.noticiasradioreflejos.com.ar\/2021\/author\/arnaldo\/\"}]}<\/script>\n<!-- \/ Yoast SEO plugin. -->","yoast_head_json":{"title":"Vuelco en la \"Curva de las Vertientes\", acceso secundario a Villa Ventana. - Noticias Radio Reflejos","robots":{"index":"index","follow":"follow","max-snippet":"max-snippet:-1","max-image-preview":"max-image-preview:large","max-video-preview":"max-video-preview:-1"},"canonical":"https:\/\/www.noticiasradioreflejos.com.ar\/2021\/urgente-siniestro-vial-en-ruta-76\/","og_locale":"es_ES","og_type":"article","og_title":"Vuelco en la \"Curva de las Vertientes\", acceso secundario a Villa Ventana. - Noticias Radio Reflejos","og_description":"Alrededor de las 09:20 hs. de este lunes, se tom\u00f3 conocimiento a trav\u00e9s de la red radial sobre un accidente de tr\u00e1nsito ocurrido en la Ruta Provincial 76, espec\u00edficamente en la zona conocida como la \u00abCurva de las Vertientes\u00bb, frente al acceso secundario de Villa Ventana.","og_url":"https:\/\/www.noticiasradioreflejos.com.ar\/2021\/urgente-siniestro-vial-en-ruta-76\/","og_site_name":"Noticias Radio Reflejos","article_published_time":"2026-01-19T12:42:49+00:00","article_modified_time":"2026-01-19T14:48:09+00:00","og_image":[{"width":1280,"height":720,"url":"https:\/\/www.noticiasradioreflejos.com.ar\/2021\/wp-content\/uploads\/2026\/01\/vuelco-VV-1.jpeg","type":"image\/jpeg"}],"author":"Arnaldo Botto","twitter_card":"summary_large_image","schema":{"@context":"https:\/\/schema.org","@graph":[{"@type":"WebPage","@id":"https:\/\/www.noticiasradioreflejos.com.ar\/2021\/urgente-siniestro-vial-en-ruta-76\/","url":"https:\/\/www.noticiasradioreflejos.com.ar\/2021\/urgente-siniestro-vial-en-ruta-76\/","name":"Vuelco en la \"Curva de las Vertientes\", acceso secundario a Villa Ventana. - Noticias Radio Reflejos","isPartOf":{"@id":"https:\/\/www.noticiasradioreflejos.com.ar\/2021\/#website"},"primaryImageOfPage":{"@id":"https:\/\/www.noticiasradioreflejos.com.ar\/2021\/urgente-siniestro-vial-en-ruta-76\/#primaryimage"},"image":{"@id":"https:\/\/www.noticiasradioreflejos.com.ar\/2021\/urgente-siniestro-vial-en-ruta-76\/#primaryimage"},"thumbnailUrl":"https:\/\/www.noticiasradioreflejos.com.ar\/2021\/wp-content\/uploads\/2026\/01\/vuelco-VV-1.jpeg","datePublished":"2026-01-19T12:42:49+00:00","dateModified":"2026-01-19T14:48:09+00:00","author":{"@id":"https:\/\/www.noticiasradioreflejos.com.ar\/2021\/#\/schema\/person\/ad82545263dcc5ec0996818884fd5fb1"},"breadcrumb":{"@id":"https:\/\/www.noticiasradioreflejos.com.ar\/2021\/urgente-siniestro-vial-en-ruta-76\/#breadcrumb"},"inLanguage":"es","potentialAction":[{"@type":"ReadAction","target":["https:\/\/www.noticiasradioreflejos.com.ar\/2021\/urgente-siniestro-vial-en-ruta-76\/"]}]},{"@type":"ImageObject","inLanguage":"es","@id":"https:\/\/www.noticiasradioreflejos.com.ar\/2021\/urgente-siniestro-vial-en-ruta-76\/#primaryimage","url":"https:\/\/www.noticiasradioreflejos.com.ar\/2021\/wp-content\/uploads\/2026\/01\/vuelco-VV-1.jpeg","contentUrl":"https:\/\/www.noticiasradioreflejos.com.ar\/2021\/wp-content\/uploads\/2026\/01\/vuelco-VV-1.jpeg","width":1280,"height":720},{"@type":"BreadcrumbList","@id":"https:\/\/www.noticiasradioreflejos.com.ar\/2021\/urgente-siniestro-vial-en-ruta-76\/#breadcrumb","itemListElement":[{"@type":"ListItem","position":1,"name":"Portada","item":"https:\/\/www.noticiasradioreflejos.com.ar\/2021\/"},{"@type":"ListItem","position":2,"name":"Vuelco en la \u00abCurva de las Vertientes\u00bb, acceso secundario a Villa Ventana."}]},{"@type":"WebSite","@id":"https:\/\/www.noticiasradioreflejos.com.ar\/2021\/#website","url":"https:\/\/www.noticiasradioreflejos.com.ar\/2021\/","name":"Noticias Radio Reflejos","description":"Las noticias de mi comarca","potentialAction":[{"@type":"SearchAction","target":{"@type":"EntryPoint","urlTemplate":"https:\/\/www.noticiasradioreflejos.com.ar\/2021\/?s={search_term_string}"},"query-input":{"@type":"PropertyValueSpecification","valueRequired":true,"valueName":"search_term_string"}}],"inLanguage":"es"},{"@type":"Person","@id":"https:\/\/www.noticiasradioreflejos.com.ar\/2021\/#\/schema\/person\/ad82545263dcc5ec0996818884fd5fb1","name":"Arnaldo Botto","image":{"@type":"ImageObject","inLanguage":"es","@id":"https:\/\/www.noticiasradioreflejos.com.ar\/2021\/#\/schema\/person\/image\/","url":"https:\/\/secure.gravatar.com\/avatar\/55cb5e37c1efa326397366e6974cb338056df65cb50e7d64d1cf314e87504837?s=96&d=mm&r=g","contentUrl":"https:\/\/secure.gravatar.com\/avatar\/55cb5e37c1efa326397366e6974cb338056df65cb50e7d64d1cf314e87504837?s=96&d=mm&r=g","caption":"Arnaldo Botto"},"url":"https:\/\/www.noticiasradioreflejos.com.ar\/2021\/author\/arnaldo\/"}]}},"_links":{"self":[{"href":"https:\/\/www.noticiasradioreflejos.com.ar\/2021\/wp-json\/wp\/v2\/posts\/131501","targetHints":{"allow":["GET"]}}],"collection":[{"href":"https:\/\/www.noticiasradioreflejos.com.ar\/2021\/wp-json\/wp\/v2\/posts"}],"about":[{"href":"https:\/\/www.noticiasradioreflejos.com.ar\/2021\/wp-json\/wp\/v2\/types\/post"}],"author":[{"embeddable":true,"href":"https:\/\/www.noticiasradioreflejos.com.ar\/2021\/wp-json\/wp\/v2\/users\/3"}],"replies":[{"embeddable":true,"href":"https:\/\/www.noticiasradioreflejos.com.ar\/2021\/wp-json\/wp\/v2\/comments?post=131501"}],"version-history":[{"count":11,"href":"https:\/\/www.noticiasradioreflejos.com.ar\/2021\/wp-json\/wp\/v2\/posts\/131501\/revisions"}],"predecessor-version":[{"id":131526,"href":"https:\/\/www.noticiasradioreflejos.com.ar\/2021\/wp-json\/wp\/v2\/posts\/131501\/revisions\/131526"}],"wp:featuredmedia":[{"embeddable":true,"href":"https:\/\/www.noticiasradioreflejos.com.ar\/2021\/wp-json\/wp\/v2\/media\/131521"}],"wp:attachment":[{"href":"https:\/\/www.noticiasradioreflejos.com.ar\/2021\/wp-json\/wp\/v2\/media?parent=131501"}],"wp:term":[{"taxonomy":"category","embeddable":true,"href":"https:\/\/www.noticiasradioreflejos.com.ar\/2021\/wp-json\/wp\/v2\/categories?post=131501"},{"taxonomy":"post_tag","embeddable":true,"href":"https:\/\/www.noticiasradioreflejos.com.ar\/2021\/wp-json\/wp\/v2\/tags?post=131501"}],"curies":[{"name":"wp","href":"https:\/\/api.w.org\/{rel}","templated":true}]}}