{"id":131498,"date":"2026-01-19T08:09:55","date_gmt":"2026-01-19T11:09:55","guid":{"rendered":"https:\/\/www.noticiasradioreflejos.com.ar\/2021\/?p=131498"},"modified":"2026-01-19T08:09:55","modified_gmt":"2026-01-19T11:09:55","slug":"de-una-minima-historica-al-calor-veraniego-asi-estara-el-tiempo-en-la-comarca","status":"publish","type":"post","link":"https:\/\/www.noticiasradioreflejos.com.ar\/2021\/de-una-minima-historica-al-calor-veraniego-asi-estara-el-tiempo-en-la-comarca\/","title":{"rendered":"De una m\u00ednima \u00abhist\u00f3rica\u00bb al calor veraniego: as\u00ed estar\u00e1 el tiempo en la Comarca"},"content":{"rendered":"<p>La semana en <strong>Sierra de la Ventana, Villa Ventana y Saldungaray<\/strong> comienza con un amanecer g\u00e9lido pero promete un ascenso t\u00e9rmico marcado, alcanzando condiciones de pleno verano hacia el mi\u00e9rcoles.<\/p>\n<p data-path-to-node=\"5\"><!--more-->Los habitantes y turistas de la Comarca Serrana vivieron un inicio de lunes at\u00edpico. A las 6:05 hs de hoy, los term\u00f3metros marcaron una <b data-path-to-node=\"5\" data-index-in-node=\"159\">m\u00ednima casi hist\u00f3rica de 5\u00b0C<\/b>, obligando a recurrir al abrigo en pleno enero. Sin embargo, este fen\u00f3meno es solo el preludio de una semana que ir\u00e1 ganando temperatura de forma sostenida.<\/p>\n<h3 data-path-to-node=\"6\">Desarrollo de la semana<\/h3>\n<ul data-path-to-node=\"7\">\n<li>\n<p data-path-to-node=\"7,0,0\"><b data-path-to-node=\"7,0,0\" data-index-in-node=\"0\">Lunes luminoso:<\/b> Tras el fr\u00edo matinal, la jornada de hoy se perfila como un d\u00eda espl\u00e9ndido. El cielo permanecer\u00e1 <b data-path-to-node=\"7,0,0\" data-index-in-node=\"112\">soleado a pleno<\/b>, con vientos suaves del sector norte y noreste.<\/p>\n<\/li>\n<li>\n<p data-path-to-node=\"7,1,0\"><b data-path-to-node=\"7,1,0\" data-index-in-node=\"0\">Martes de ascenso t\u00e9rmico:<\/b> La m\u00ednima se estima en <b data-path-to-node=\"7,1,0\" data-index-in-node=\"50\">12\u00b0C<\/b> y la m\u00e1xima trepar\u00e1 hasta los <b data-path-to-node=\"7,1,0\" data-index-in-node=\"85\">31\u00b0C<\/b>. Se mantienen las condiciones de sol y vientos que rotar\u00e1n de suaves a moderados del norte.<\/p>\n<\/li>\n<li>\n<p data-path-to-node=\"7,2,0\"><b data-path-to-node=\"7,2,0\" data-index-in-node=\"0\">Mi\u00e9rcoles: calor y r\u00e1fagas:<\/b> El mi\u00e9rcoles ser\u00e1 una jornada <b data-path-to-node=\"7,2,0\" data-index-in-node=\"58\">aut\u00e9nticamente veraniega<\/b>. Con una m\u00ednima de <b data-path-to-node=\"7,2,0\" data-index-in-node=\"102\">17\u00b0C<\/b> y una m\u00e1xima superior a los <b data-path-to-node=\"7,2,0\" data-index-in-node=\"135\">33\u00b0C<\/b>, el factor distintivo ser\u00e1 la presencia de <b data-path-to-node=\"7,2,0\" data-index-in-node=\"183\">vientos muy fuertes<\/b>, con r\u00e1fagas de m\u00e1s de <b data-path-to-node=\"7,2,0\" data-index-in-node=\"226\">50 km\/h<\/b>.<\/p>\n<\/li>\n<\/ul>\n<h3 data-path-to-node=\"8\">Prevenci\u00f3n y alertas para el cierre de la semana<\/h3>\n<p data-path-to-node=\"9\">Hacia el final de la semana laboral, el panorama cambiar\u00e1 con el ingreso de <b data-path-to-node=\"9\" data-index-in-node=\"76\">inestabilidad, tormentas y precipitaciones<\/b> para la tarde del jueves y el viernes.<\/p>\n<p data-path-to-node=\"10\">Ante este pron\u00f3stico, se recomienda a la poblaci\u00f3n y a los visitantes estar <b data-path-to-node=\"10\" data-index-in-node=\"76\">especialmente atentos a los avisos de alerta del Servicio Meteorol\u00f3gico Nacional (SMN)<\/b>, particularmente a los avisos de <b data-path-to-node=\"10\" data-index-in-node=\"196\">Corto Plazo (ACP)<\/b>. Cabe recordar que la regi\u00f3n a\u00fan tiene presente el reciente e intenso temporal que afect\u00f3 a Sierra de la Ventana, con lluvias torrenciales y una ca\u00edda de granizo sin precedentes, lo que refuerza la importancia de mantenerse informados y seguir las recomendaciones oficiales de seguridad.<\/p>\n","protected":false},"excerpt":{"rendered":"<p>La semana en Sierra de la Ventana, Villa Ventana y Saldungaray comienza con un amanecer g\u00e9lido pero promete un ascenso t\u00e9rmico marcado, alcanzando condiciones de pleno verano hacia el mi\u00e9rcoles.<\/p>\n","protected":false},"author":3,"featured_media":131499,"comment_status":"closed","ping_status":"closed","sticky":false,"template":"","format":"standard","meta":{"footnotes":""},"categories":[1],"tags":[48],"class_list":["post-131498","post","type-post","status-publish","format-standard","has-post-thumbnail","hentry","category-sin-categoria","tag-destacada"],"yoast_head":"<!-- This site is optimized with the Yoast SEO plugin v25.9 - https:\/\/yoast.com\/wordpress\/plugins\/seo\/ -->\n<title>De una m\u00ednima &quot;hist\u00f3rica&quot; al calor veraniego: as\u00ed estar\u00e1 el tiempo en la Comarca - Noticias Radio Reflejos<\/title>\n<meta name=\"robots\" content=\"index, follow, max-snippet:-1, max-image-preview:large, max-video-preview:-1\" \/>\n<link rel=\"canonical\" href=\"https:\/\/www.noticiasradioreflejos.com.ar\/2021\/de-una-minima-historica-al-calor-veraniego-asi-estara-el-tiempo-en-la-comarca\/\" \/>\n<meta property=\"og:locale\" content=\"es_ES\" \/>\n<meta property=\"og:type\" content=\"article\" \/>\n<meta property=\"og:title\" content=\"De una m\u00ednima &quot;hist\u00f3rica&quot; al calor veraniego: as\u00ed estar\u00e1 el tiempo en la Comarca - Noticias Radio Reflejos\" \/>\n<meta property=\"og:description\" content=\"La semana en Sierra de la Ventana, Villa Ventana y Saldungaray comienza con un amanecer g\u00e9lido pero promete un ascenso t\u00e9rmico marcado, alcanzando condiciones de pleno verano hacia el mi\u00e9rcoles.\" \/>\n<meta property=\"og:url\" content=\"https:\/\/www.noticiasradioreflejos.com.ar\/2021\/de-una-minima-historica-al-calor-veraniego-asi-estara-el-tiempo-en-la-comarca\/\" \/>\n<meta property=\"og:site_name\" content=\"Noticias Radio Reflejos\" \/>\n<meta property=\"article:published_time\" content=\"2026-01-19T11:09:55+00:00\" \/>\n<meta property=\"og:image\" content=\"https:\/\/www.noticiasradioreflejos.com.ar\/2021\/wp-content\/uploads\/2026\/01\/Sierra-Valle-Hermoso.jpeg\" \/>\n\t<meta property=\"og:image:width\" content=\"1600\" \/>\n\t<meta property=\"og:image:height\" content=\"720\" \/>\n\t<meta property=\"og:image:type\" content=\"image\/jpeg\" \/>\n<meta name=\"author\" content=\"Arnaldo Botto\" \/>\n<meta name=\"twitter:card\" content=\"summary_large_image\" \/>\n<script type=\"application\/ld+json\" class=\"yoast-schema-graph\">{\"@context\":\"https:\/\/schema.org\",\"@graph\":[{\"@type\":\"WebPage\",\"@id\":\"https:\/\/www.noticiasradioreflejos.com.ar\/2021\/de-una-minima-historica-al-calor-veraniego-asi-estara-el-tiempo-en-la-comarca\/\",\"url\":\"https:\/\/www.noticiasradioreflejos.com.ar\/2021\/de-una-minima-historica-al-calor-veraniego-asi-estara-el-tiempo-en-la-comarca\/\",\"name\":\"De una m\u00ednima \\\"hist\u00f3rica\\\" al calor veraniego: as\u00ed estar\u00e1 el tiempo en la Comarca - Noticias Radio Reflejos\",\"isPartOf\":{\"@id\":\"https:\/\/www.noticiasradioreflejos.com.ar\/2021\/#website\"},\"primaryImageOfPage\":{\"@id\":\"https:\/\/www.noticiasradioreflejos.com.ar\/2021\/de-una-minima-historica-al-calor-veraniego-asi-estara-el-tiempo-en-la-comarca\/#primaryimage\"},\"image\":{\"@id\":\"https:\/\/www.noticiasradioreflejos.com.ar\/2021\/de-una-minima-historica-al-calor-veraniego-asi-estara-el-tiempo-en-la-comarca\/#primaryimage\"},\"thumbnailUrl\":\"https:\/\/www.noticiasradioreflejos.com.ar\/2021\/wp-content\/uploads\/2026\/01\/Sierra-Valle-Hermoso.jpeg\",\"datePublished\":\"2026-01-19T11:09:55+00:00\",\"author\":{\"@id\":\"https:\/\/www.noticiasradioreflejos.com.ar\/2021\/#\/schema\/person\/ad82545263dcc5ec0996818884fd5fb1\"},\"breadcrumb\":{\"@id\":\"https:\/\/www.noticiasradioreflejos.com.ar\/2021\/de-una-minima-historica-al-calor-veraniego-asi-estara-el-tiempo-en-la-comarca\/#breadcrumb\"},\"inLanguage\":\"es\",\"potentialAction\":[{\"@type\":\"ReadAction\",\"target\":[\"https:\/\/www.noticiasradioreflejos.com.ar\/2021\/de-una-minima-historica-al-calor-veraniego-asi-estara-el-tiempo-en-la-comarca\/\"]}]},{\"@type\":\"ImageObject\",\"inLanguage\":\"es\",\"@id\":\"https:\/\/www.noticiasradioreflejos.com.ar\/2021\/de-una-minima-historica-al-calor-veraniego-asi-estara-el-tiempo-en-la-comarca\/#primaryimage\",\"url\":\"https:\/\/www.noticiasradioreflejos.com.ar\/2021\/wp-content\/uploads\/2026\/01\/Sierra-Valle-Hermoso.jpeg\",\"contentUrl\":\"https:\/\/www.noticiasradioreflejos.com.ar\/2021\/wp-content\/uploads\/2026\/01\/Sierra-Valle-Hermoso.jpeg\",\"width\":1600,\"height\":720},{\"@type\":\"BreadcrumbList\",\"@id\":\"https:\/\/www.noticiasradioreflejos.com.ar\/2021\/de-una-minima-historica-al-calor-veraniego-asi-estara-el-tiempo-en-la-comarca\/#breadcrumb\",\"itemListElement\":[{\"@type\":\"ListItem\",\"position\":1,\"name\":\"Portada\",\"item\":\"https:\/\/www.noticiasradioreflejos.com.ar\/2021\/\"},{\"@type\":\"ListItem\",\"position\":2,\"name\":\"De una m\u00ednima \u00abhist\u00f3rica\u00bb al calor veraniego: as\u00ed estar\u00e1 el tiempo en la Comarca\"}]},{\"@type\":\"WebSite\",\"@id\":\"https:\/\/www.noticiasradioreflejos.com.ar\/2021\/#website\",\"url\":\"https:\/\/www.noticiasradioreflejos.com.ar\/2021\/\",\"name\":\"Noticias Radio Reflejos\",\"description\":\"Las noticias de mi comarca\",\"potentialAction\":[{\"@type\":\"SearchAction\",\"target\":{\"@type\":\"EntryPoint\",\"urlTemplate\":\"https:\/\/www.noticiasradioreflejos.com.ar\/2021\/?s={search_term_string}\"},\"query-input\":{\"@type\":\"PropertyValueSpecification\",\"valueRequired\":true,\"valueName\":\"search_term_string\"}}],\"inLanguage\":\"es\"},{\"@type\":\"Person\",\"@id\":\"https:\/\/www.noticiasradioreflejos.com.ar\/2021\/#\/schema\/person\/ad82545263dcc5ec0996818884fd5fb1\",\"name\":\"Arnaldo Botto\",\"image\":{\"@type\":\"ImageObject\",\"inLanguage\":\"es\",\"@id\":\"https:\/\/www.noticiasradioreflejos.com.ar\/2021\/#\/schema\/person\/image\/\",\"url\":\"https:\/\/secure.gravatar.com\/avatar\/55cb5e37c1efa326397366e6974cb338056df65cb50e7d64d1cf314e87504837?s=96&d=mm&r=g\",\"contentUrl\":\"https:\/\/secure.gravatar.com\/avatar\/55cb5e37c1efa326397366e6974cb338056df65cb50e7d64d1cf314e87504837?s=96&d=mm&r=g\",\"caption\":\"Arnaldo Botto\"},\"url\":\"https:\/\/www.noticiasradioreflejos.com.ar\/2021\/author\/arnaldo\/\"}]}<\/script>\n<!-- \/ Yoast SEO plugin. -->","yoast_head_json":{"title":"De una m\u00ednima \"hist\u00f3rica\" al calor veraniego: as\u00ed estar\u00e1 el tiempo en la Comarca - Noticias Radio Reflejos","robots":{"index":"index","follow":"follow","max-snippet":"max-snippet:-1","max-image-preview":"max-image-preview:large","max-video-preview":"max-video-preview:-1"},"canonical":"https:\/\/www.noticiasradioreflejos.com.ar\/2021\/de-una-minima-historica-al-calor-veraniego-asi-estara-el-tiempo-en-la-comarca\/","og_locale":"es_ES","og_type":"article","og_title":"De una m\u00ednima \"hist\u00f3rica\" al calor veraniego: as\u00ed estar\u00e1 el tiempo en la Comarca - Noticias Radio Reflejos","og_description":"La semana en Sierra de la Ventana, Villa Ventana y Saldungaray comienza con un amanecer g\u00e9lido pero promete un ascenso t\u00e9rmico marcado, alcanzando condiciones de pleno verano hacia el mi\u00e9rcoles.","og_url":"https:\/\/www.noticiasradioreflejos.com.ar\/2021\/de-una-minima-historica-al-calor-veraniego-asi-estara-el-tiempo-en-la-comarca\/","og_site_name":"Noticias Radio Reflejos","article_published_time":"2026-01-19T11:09:55+00:00","og_image":[{"width":1600,"height":720,"url":"https:\/\/www.noticiasradioreflejos.com.ar\/2021\/wp-content\/uploads\/2026\/01\/Sierra-Valle-Hermoso.jpeg","type":"image\/jpeg"}],"author":"Arnaldo Botto","twitter_card":"summary_large_image","schema":{"@context":"https:\/\/schema.org","@graph":[{"@type":"WebPage","@id":"https:\/\/www.noticiasradioreflejos.com.ar\/2021\/de-una-minima-historica-al-calor-veraniego-asi-estara-el-tiempo-en-la-comarca\/","url":"https:\/\/www.noticiasradioreflejos.com.ar\/2021\/de-una-minima-historica-al-calor-veraniego-asi-estara-el-tiempo-en-la-comarca\/","name":"De una m\u00ednima \"hist\u00f3rica\" al calor veraniego: as\u00ed estar\u00e1 el tiempo en la Comarca - Noticias Radio Reflejos","isPartOf":{"@id":"https:\/\/www.noticiasradioreflejos.com.ar\/2021\/#website"},"primaryImageOfPage":{"@id":"https:\/\/www.noticiasradioreflejos.com.ar\/2021\/de-una-minima-historica-al-calor-veraniego-asi-estara-el-tiempo-en-la-comarca\/#primaryimage"},"image":{"@id":"https:\/\/www.noticiasradioreflejos.com.ar\/2021\/de-una-minima-historica-al-calor-veraniego-asi-estara-el-tiempo-en-la-comarca\/#primaryimage"},"thumbnailUrl":"https:\/\/www.noticiasradioreflejos.com.ar\/2021\/wp-content\/uploads\/2026\/01\/Sierra-Valle-Hermoso.jpeg","datePublished":"2026-01-19T11:09:55+00:00","author":{"@id":"https:\/\/www.noticiasradioreflejos.com.ar\/2021\/#\/schema\/person\/ad82545263dcc5ec0996818884fd5fb1"},"breadcrumb":{"@id":"https:\/\/www.noticiasradioreflejos.com.ar\/2021\/de-una-minima-historica-al-calor-veraniego-asi-estara-el-tiempo-en-la-comarca\/#breadcrumb"},"inLanguage":"es","potentialAction":[{"@type":"ReadAction","target":["https:\/\/www.noticiasradioreflejos.com.ar\/2021\/de-una-minima-historica-al-calor-veraniego-asi-estara-el-tiempo-en-la-comarca\/"]}]},{"@type":"ImageObject","inLanguage":"es","@id":"https:\/\/www.noticiasradioreflejos.com.ar\/2021\/de-una-minima-historica-al-calor-veraniego-asi-estara-el-tiempo-en-la-comarca\/#primaryimage","url":"https:\/\/www.noticiasradioreflejos.com.ar\/2021\/wp-content\/uploads\/2026\/01\/Sierra-Valle-Hermoso.jpeg","contentUrl":"https:\/\/www.noticiasradioreflejos.com.ar\/2021\/wp-content\/uploads\/2026\/01\/Sierra-Valle-Hermoso.jpeg","width":1600,"height":720},{"@type":"BreadcrumbList","@id":"https:\/\/www.noticiasradioreflejos.com.ar\/2021\/de-una-minima-historica-al-calor-veraniego-asi-estara-el-tiempo-en-la-comarca\/#breadcrumb","itemListElement":[{"@type":"ListItem","position":1,"name":"Portada","item":"https:\/\/www.noticiasradioreflejos.com.ar\/2021\/"},{"@type":"ListItem","position":2,"name":"De una m\u00ednima \u00abhist\u00f3rica\u00bb al calor veraniego: as\u00ed estar\u00e1 el tiempo en la Comarca"}]},{"@type":"WebSite","@id":"https:\/\/www.noticiasradioreflejos.com.ar\/2021\/#website","url":"https:\/\/www.noticiasradioreflejos.com.ar\/2021\/","name":"Noticias Radio Reflejos","description":"Las noticias de mi comarca","potentialAction":[{"@type":"SearchAction","target":{"@type":"EntryPoint","urlTemplate":"https:\/\/www.noticiasradioreflejos.com.ar\/2021\/?s={search_term_string}"},"query-input":{"@type":"PropertyValueSpecification","valueRequired":true,"valueName":"search_term_string"}}],"inLanguage":"es"},{"@type":"Person","@id":"https:\/\/www.noticiasradioreflejos.com.ar\/2021\/#\/schema\/person\/ad82545263dcc5ec0996818884fd5fb1","name":"Arnaldo Botto","image":{"@type":"ImageObject","inLanguage":"es","@id":"https:\/\/www.noticiasradioreflejos.com.ar\/2021\/#\/schema\/person\/image\/","url":"https:\/\/secure.gravatar.com\/avatar\/55cb5e37c1efa326397366e6974cb338056df65cb50e7d64d1cf314e87504837?s=96&d=mm&r=g","contentUrl":"https:\/\/secure.gravatar.com\/avatar\/55cb5e37c1efa326397366e6974cb338056df65cb50e7d64d1cf314e87504837?s=96&d=mm&r=g","caption":"Arnaldo Botto"},"url":"https:\/\/www.noticiasradioreflejos.com.ar\/2021\/author\/arnaldo\/"}]}},"_links":{"self":[{"href":"https:\/\/www.noticiasradioreflejos.com.ar\/2021\/wp-json\/wp\/v2\/posts\/131498","targetHints":{"allow":["GET"]}}],"collection":[{"href":"https:\/\/www.noticiasradioreflejos.com.ar\/2021\/wp-json\/wp\/v2\/posts"}],"about":[{"href":"https:\/\/www.noticiasradioreflejos.com.ar\/2021\/wp-json\/wp\/v2\/types\/post"}],"author":[{"embeddable":true,"href":"https:\/\/www.noticiasradioreflejos.com.ar\/2021\/wp-json\/wp\/v2\/users\/3"}],"replies":[{"embeddable":true,"href":"https:\/\/www.noticiasradioreflejos.com.ar\/2021\/wp-json\/wp\/v2\/comments?post=131498"}],"version-history":[{"count":1,"href":"https:\/\/www.noticiasradioreflejos.com.ar\/2021\/wp-json\/wp\/v2\/posts\/131498\/revisions"}],"predecessor-version":[{"id":131500,"href":"https:\/\/www.noticiasradioreflejos.com.ar\/2021\/wp-json\/wp\/v2\/posts\/131498\/revisions\/131500"}],"wp:featuredmedia":[{"embeddable":true,"href":"https:\/\/www.noticiasradioreflejos.com.ar\/2021\/wp-json\/wp\/v2\/media\/131499"}],"wp:attachment":[{"href":"https:\/\/www.noticiasradioreflejos.com.ar\/2021\/wp-json\/wp\/v2\/media?parent=131498"}],"wp:term":[{"taxonomy":"category","embeddable":true,"href":"https:\/\/www.noticiasradioreflejos.com.ar\/2021\/wp-json\/wp\/v2\/categories?post=131498"},{"taxonomy":"post_tag","embeddable":true,"href":"https:\/\/www.noticiasradioreflejos.com.ar\/2021\/wp-json\/wp\/v2\/tags?post=131498"}],"curies":[{"name":"wp","href":"https:\/\/api.w.org\/{rel}","templated":true}]}}