{"id":13148,"date":"2017-08-04T18:05:16","date_gmt":"2017-08-04T21:05:16","guid":{"rendered":"http:\/\/www.noticiasradioreflejos.com.ar\/noticias\/?p=13148"},"modified":"2017-08-04T18:05:16","modified_gmt":"2017-08-04T21:05:16","slug":"lo-que-mas-me-identifica-es-el-la-honestidad-juventud-radical-de-tornquist","status":"publish","type":"post","link":"https:\/\/www.noticiasradioreflejos.com.ar\/2021\/lo-que-mas-me-identifica-es-el-la-honestidad-juventud-radical-de-tornquist\/","title":{"rendered":"&quot;Lo que m\u00e1s me identifica es la honestidad&quot; &#8211; Juventud Radical de Tornquist"},"content":{"rendered":"<p>Recibimos en nuestros estudios a los integrantes de la Juventud Radical de Tornquist Cristian Raising, Presidente de la JR y precandidato a concejal de Cambiemos, junto a los hermanos Luis y Manuel Castro.<br \/>\nEn la nota, conocemos los comienzos de su militancia, objetivos y compromisos.<br \/>\n\u00abLa apuesta nuestra es a futuro\u00bb dijo durante la charla Raising, quien describe c\u00f3mo y por qu\u00e9 se sum\u00f3 a las filas del Radicalismo.<br \/>\nEn tanto los hermanos Castro, que militan desde el 2009, tambi\u00e9n describen la forma en la que se involucraron con la militancia pol\u00edtica y hacia d\u00f3nde apunta su trabajo.<!--more--><br \/>\n\u00abComenzamos en el 2009 cuando la UCR ten\u00eda un solo concejal, Manuel Picado, y \u00e9ramos en el inicio 5 o 6 personas\u00bb, destaca Manuel, describiendo los inicios de esta JR que hoy se mantiene firme trabajando con m\u00e1s integrantes.<br \/>\n\u00abAunque \u00e9ramos pocos, estuvimos bancando, dando charlas hasta que se sum\u00f3 m\u00e1s gente\u00bb, recuerda Manuel.<br \/>\nPor su parte Cristian apunta en relaci\u00f3n a las charlas que dan en escuelas: \u00abEs complicado, m\u00e1s como piensan los chicos hoy, los chicos est\u00e1n en la inmediatez, por eso hay que pensar en algo a m\u00e1s largo plazo\u00bb.<br \/>\nEl hecho de que muchos j\u00f3venes terminan la escuela secundaria y se van a estudiar sus respectivas carreras a otras ciudades, les resta en el trabajo que desarrollan para sumar militantes y participantes en la actividad pol\u00edtica, por esto Raising destaca: \u00abLa apuesta nuestra es a futuro\u00bb, aclarando que cuando vuelven los fines de semana o durante los per\u00edodos de vacaciones, muchos siguen acerc\u00e1ndose al Comit\u00e9.<br \/>\nLos j\u00f3venes radicales nos describen c\u00f3mo les fue durante la presentaci\u00f3n de Concejo Deliberante Estudiantil que hicieron en las escuelas del Distrito, y Cristian dice \u00abMe dejaron con la boca abierta, hablaron todos, se presentaron, presentaron proyectos\u00bb, en alusi\u00f3n a la participaci\u00f3n de los estudiantes.<br \/>\nNuestros invitados respondieron a todas las consultas efectuadas, hablaron tambi\u00e9n de su participaci\u00f3n en el gobierno de Bordoni.<br \/>\nConsultados sobre qu\u00e9 promesa consideran incumplida desde la campa\u00f1a anterior hasta el d\u00eda de la fecha, coincidieron que la m\u00e1s grande materia pendiente que tienen es la erradicaci\u00f3n de los basurales a cielo abierto de Saldungaray y Tornquist.<br \/>\nSobre la pregunta, \u00abQu\u00e9 es lo que m\u00e1s los identifica con la UCR, dentro de la doctrina, Raising no duda en decir \u00abLa que m\u00e1s me identifica y de la que estoy orgulloso, es la honestidad, lo que deber\u00eda ser un pre- supuesto en pol\u00edtica, m\u00ednimo e indispensable\u00bb.<br \/>\n<iframe loading=\"lazy\" src=\"https:\/\/w.soundcloud.com\/player\/?url=https%3A\/\/api.soundcloud.com\/tracks\/336285694&amp;color=ff5500&amp;auto_play=false&amp;hide_related=false&amp;show_comments=true&amp;show_user=true&amp;show_reposts=false\" width=\"100%\" height=\"166\" frameborder=\"no\" scrolling=\"no\"><\/iframe><\/p>\n","protected":false},"excerpt":{"rendered":"<p>Recibimos en nuestros estudios a los integrantes de la Juventud Radical de Tornquist Cristian Raising, Presidente de la JR y precandidato a concejal de Cambiemos, junto a los hermanos Luis y Manuel Castro. En la nota, conocemos los comienzos de su militancia, objetivos y compromisos. \u00abLa apuesta nuestra es a futuro\u00bb dijo durante la charla [&hellip;]<\/p>\n","protected":false},"author":3,"featured_media":0,"comment_status":"closed","ping_status":"open","sticky":false,"template":"","format":"standard","meta":{"footnotes":""},"categories":[24],"tags":[],"class_list":["post-13148","post","type-post","status-publish","format-standard","hentry","category-politica"],"yoast_head":"<!-- This site is optimized with the Yoast SEO plugin v25.9 - https:\/\/yoast.com\/wordpress\/plugins\/seo\/ -->\n<title>&quot;Lo que m\u00e1s me identifica es la honestidad&quot; - Juventud Radical de Tornquist - Noticias Radio Reflejos<\/title>\n<meta name=\"robots\" content=\"index, follow, max-snippet:-1, max-image-preview:large, max-video-preview:-1\" \/>\n<link rel=\"canonical\" href=\"https:\/\/www.noticiasradioreflejos.com.ar\/2021\/lo-que-mas-me-identifica-es-el-la-honestidad-juventud-radical-de-tornquist\/\" \/>\n<meta property=\"og:locale\" content=\"es_ES\" \/>\n<meta property=\"og:type\" content=\"article\" \/>\n<meta property=\"og:title\" content=\"&quot;Lo que m\u00e1s me identifica es la honestidad&quot; - Juventud Radical de Tornquist - Noticias Radio Reflejos\" \/>\n<meta property=\"og:description\" content=\"Recibimos en nuestros estudios a los integrantes de la Juventud Radical de Tornquist Cristian Raising, Presidente de la JR y precandidato a concejal de Cambiemos, junto a los hermanos Luis y Manuel Castro. En la nota, conocemos los comienzos de su militancia, objetivos y compromisos. \u00abLa apuesta nuestra es a futuro\u00bb dijo durante la charla [&hellip;]\" \/>\n<meta property=\"og:url\" content=\"https:\/\/www.noticiasradioreflejos.com.ar\/2021\/lo-que-mas-me-identifica-es-el-la-honestidad-juventud-radical-de-tornquist\/\" \/>\n<meta property=\"og:site_name\" content=\"Noticias Radio Reflejos\" \/>\n<meta property=\"article:published_time\" content=\"2017-08-04T21:05:16+00:00\" \/>\n<meta property=\"og:image\" content=\"https:\/\/www.noticiasradioreflejos.com.ar\/2021\/wp-content\/uploads\/2021\/07\/logosol300x200.png\" \/>\n\t<meta property=\"og:image:width\" content=\"300\" \/>\n\t<meta property=\"og:image:height\" content=\"200\" \/>\n\t<meta property=\"og:image:type\" content=\"image\/png\" \/>\n<meta name=\"author\" content=\"Arnaldo Botto\" \/>\n<meta name=\"twitter:card\" content=\"summary_large_image\" \/>\n<script type=\"application\/ld+json\" class=\"yoast-schema-graph\">{\"@context\":\"https:\/\/schema.org\",\"@graph\":[{\"@type\":\"WebPage\",\"@id\":\"https:\/\/www.noticiasradioreflejos.com.ar\/2021\/lo-que-mas-me-identifica-es-el-la-honestidad-juventud-radical-de-tornquist\/\",\"url\":\"https:\/\/www.noticiasradioreflejos.com.ar\/2021\/lo-que-mas-me-identifica-es-el-la-honestidad-juventud-radical-de-tornquist\/\",\"name\":\"&quot;Lo que m\u00e1s me identifica es la honestidad&quot; - Juventud Radical de Tornquist - Noticias Radio Reflejos\",\"isPartOf\":{\"@id\":\"https:\/\/www.noticiasradioreflejos.com.ar\/2021\/#website\"},\"datePublished\":\"2017-08-04T21:05:16+00:00\",\"author\":{\"@id\":\"https:\/\/www.noticiasradioreflejos.com.ar\/2021\/#\/schema\/person\/ad82545263dcc5ec0996818884fd5fb1\"},\"breadcrumb\":{\"@id\":\"https:\/\/www.noticiasradioreflejos.com.ar\/2021\/lo-que-mas-me-identifica-es-el-la-honestidad-juventud-radical-de-tornquist\/#breadcrumb\"},\"inLanguage\":\"es\",\"potentialAction\":[{\"@type\":\"ReadAction\",\"target\":[\"https:\/\/www.noticiasradioreflejos.com.ar\/2021\/lo-que-mas-me-identifica-es-el-la-honestidad-juventud-radical-de-tornquist\/\"]}]},{\"@type\":\"BreadcrumbList\",\"@id\":\"https:\/\/www.noticiasradioreflejos.com.ar\/2021\/lo-que-mas-me-identifica-es-el-la-honestidad-juventud-radical-de-tornquist\/#breadcrumb\",\"itemListElement\":[{\"@type\":\"ListItem\",\"position\":1,\"name\":\"Portada\",\"item\":\"https:\/\/www.noticiasradioreflejos.com.ar\/2021\/\"},{\"@type\":\"ListItem\",\"position\":2,\"name\":\"&quot;Lo que m\u00e1s me identifica es la honestidad&quot; &#8211; Juventud Radical de Tornquist\"}]},{\"@type\":\"WebSite\",\"@id\":\"https:\/\/www.noticiasradioreflejos.com.ar\/2021\/#website\",\"url\":\"https:\/\/www.noticiasradioreflejos.com.ar\/2021\/\",\"name\":\"Noticias Radio Reflejos\",\"description\":\"Las noticias de mi comarca\",\"potentialAction\":[{\"@type\":\"SearchAction\",\"target\":{\"@type\":\"EntryPoint\",\"urlTemplate\":\"https:\/\/www.noticiasradioreflejos.com.ar\/2021\/?s={search_term_string}\"},\"query-input\":{\"@type\":\"PropertyValueSpecification\",\"valueRequired\":true,\"valueName\":\"search_term_string\"}}],\"inLanguage\":\"es\"},{\"@type\":\"Person\",\"@id\":\"https:\/\/www.noticiasradioreflejos.com.ar\/2021\/#\/schema\/person\/ad82545263dcc5ec0996818884fd5fb1\",\"name\":\"Arnaldo Botto\",\"image\":{\"@type\":\"ImageObject\",\"inLanguage\":\"es\",\"@id\":\"https:\/\/www.noticiasradioreflejos.com.ar\/2021\/#\/schema\/person\/image\/\",\"url\":\"https:\/\/secure.gravatar.com\/avatar\/55cb5e37c1efa326397366e6974cb338056df65cb50e7d64d1cf314e87504837?s=96&d=mm&r=g\",\"contentUrl\":\"https:\/\/secure.gravatar.com\/avatar\/55cb5e37c1efa326397366e6974cb338056df65cb50e7d64d1cf314e87504837?s=96&d=mm&r=g\",\"caption\":\"Arnaldo Botto\"},\"url\":\"https:\/\/www.noticiasradioreflejos.com.ar\/2021\/author\/arnaldo\/\"}]}<\/script>\n<!-- \/ Yoast SEO plugin. -->","yoast_head_json":{"title":"&quot;Lo que m\u00e1s me identifica es la honestidad&quot; - Juventud Radical de Tornquist - Noticias Radio Reflejos","robots":{"index":"index","follow":"follow","max-snippet":"max-snippet:-1","max-image-preview":"max-image-preview:large","max-video-preview":"max-video-preview:-1"},"canonical":"https:\/\/www.noticiasradioreflejos.com.ar\/2021\/lo-que-mas-me-identifica-es-el-la-honestidad-juventud-radical-de-tornquist\/","og_locale":"es_ES","og_type":"article","og_title":"&quot;Lo que m\u00e1s me identifica es la honestidad&quot; - Juventud Radical de Tornquist - Noticias Radio Reflejos","og_description":"Recibimos en nuestros estudios a los integrantes de la Juventud Radical de Tornquist Cristian Raising, Presidente de la JR y precandidato a concejal de Cambiemos, junto a los hermanos Luis y Manuel Castro. En la nota, conocemos los comienzos de su militancia, objetivos y compromisos. \u00abLa apuesta nuestra es a futuro\u00bb dijo durante la charla [&hellip;]","og_url":"https:\/\/www.noticiasradioreflejos.com.ar\/2021\/lo-que-mas-me-identifica-es-el-la-honestidad-juventud-radical-de-tornquist\/","og_site_name":"Noticias Radio Reflejos","article_published_time":"2017-08-04T21:05:16+00:00","og_image":[{"width":300,"height":200,"url":"https:\/\/www.noticiasradioreflejos.com.ar\/2021\/wp-content\/uploads\/2021\/07\/logosol300x200.png","type":"image\/png"}],"author":"Arnaldo Botto","twitter_card":"summary_large_image","schema":{"@context":"https:\/\/schema.org","@graph":[{"@type":"WebPage","@id":"https:\/\/www.noticiasradioreflejos.com.ar\/2021\/lo-que-mas-me-identifica-es-el-la-honestidad-juventud-radical-de-tornquist\/","url":"https:\/\/www.noticiasradioreflejos.com.ar\/2021\/lo-que-mas-me-identifica-es-el-la-honestidad-juventud-radical-de-tornquist\/","name":"&quot;Lo que m\u00e1s me identifica es la honestidad&quot; - Juventud Radical de Tornquist - Noticias Radio Reflejos","isPartOf":{"@id":"https:\/\/www.noticiasradioreflejos.com.ar\/2021\/#website"},"datePublished":"2017-08-04T21:05:16+00:00","author":{"@id":"https:\/\/www.noticiasradioreflejos.com.ar\/2021\/#\/schema\/person\/ad82545263dcc5ec0996818884fd5fb1"},"breadcrumb":{"@id":"https:\/\/www.noticiasradioreflejos.com.ar\/2021\/lo-que-mas-me-identifica-es-el-la-honestidad-juventud-radical-de-tornquist\/#breadcrumb"},"inLanguage":"es","potentialAction":[{"@type":"ReadAction","target":["https:\/\/www.noticiasradioreflejos.com.ar\/2021\/lo-que-mas-me-identifica-es-el-la-honestidad-juventud-radical-de-tornquist\/"]}]},{"@type":"BreadcrumbList","@id":"https:\/\/www.noticiasradioreflejos.com.ar\/2021\/lo-que-mas-me-identifica-es-el-la-honestidad-juventud-radical-de-tornquist\/#breadcrumb","itemListElement":[{"@type":"ListItem","position":1,"name":"Portada","item":"https:\/\/www.noticiasradioreflejos.com.ar\/2021\/"},{"@type":"ListItem","position":2,"name":"&quot;Lo que m\u00e1s me identifica es la honestidad&quot; &#8211; Juventud Radical de Tornquist"}]},{"@type":"WebSite","@id":"https:\/\/www.noticiasradioreflejos.com.ar\/2021\/#website","url":"https:\/\/www.noticiasradioreflejos.com.ar\/2021\/","name":"Noticias Radio Reflejos","description":"Las noticias de mi comarca","potentialAction":[{"@type":"SearchAction","target":{"@type":"EntryPoint","urlTemplate":"https:\/\/www.noticiasradioreflejos.com.ar\/2021\/?s={search_term_string}"},"query-input":{"@type":"PropertyValueSpecification","valueRequired":true,"valueName":"search_term_string"}}],"inLanguage":"es"},{"@type":"Person","@id":"https:\/\/www.noticiasradioreflejos.com.ar\/2021\/#\/schema\/person\/ad82545263dcc5ec0996818884fd5fb1","name":"Arnaldo Botto","image":{"@type":"ImageObject","inLanguage":"es","@id":"https:\/\/www.noticiasradioreflejos.com.ar\/2021\/#\/schema\/person\/image\/","url":"https:\/\/secure.gravatar.com\/avatar\/55cb5e37c1efa326397366e6974cb338056df65cb50e7d64d1cf314e87504837?s=96&d=mm&r=g","contentUrl":"https:\/\/secure.gravatar.com\/avatar\/55cb5e37c1efa326397366e6974cb338056df65cb50e7d64d1cf314e87504837?s=96&d=mm&r=g","caption":"Arnaldo Botto"},"url":"https:\/\/www.noticiasradioreflejos.com.ar\/2021\/author\/arnaldo\/"}]}},"_links":{"self":[{"href":"https:\/\/www.noticiasradioreflejos.com.ar\/2021\/wp-json\/wp\/v2\/posts\/13148","targetHints":{"allow":["GET"]}}],"collection":[{"href":"https:\/\/www.noticiasradioreflejos.com.ar\/2021\/wp-json\/wp\/v2\/posts"}],"about":[{"href":"https:\/\/www.noticiasradioreflejos.com.ar\/2021\/wp-json\/wp\/v2\/types\/post"}],"author":[{"embeddable":true,"href":"https:\/\/www.noticiasradioreflejos.com.ar\/2021\/wp-json\/wp\/v2\/users\/3"}],"replies":[{"embeddable":true,"href":"https:\/\/www.noticiasradioreflejos.com.ar\/2021\/wp-json\/wp\/v2\/comments?post=13148"}],"version-history":[{"count":0,"href":"https:\/\/www.noticiasradioreflejos.com.ar\/2021\/wp-json\/wp\/v2\/posts\/13148\/revisions"}],"wp:attachment":[{"href":"https:\/\/www.noticiasradioreflejos.com.ar\/2021\/wp-json\/wp\/v2\/media?parent=13148"}],"wp:term":[{"taxonomy":"category","embeddable":true,"href":"https:\/\/www.noticiasradioreflejos.com.ar\/2021\/wp-json\/wp\/v2\/categories?post=13148"},{"taxonomy":"post_tag","embeddable":true,"href":"https:\/\/www.noticiasradioreflejos.com.ar\/2021\/wp-json\/wp\/v2\/tags?post=13148"}],"curies":[{"name":"wp","href":"https:\/\/api.w.org\/{rel}","templated":true}]}}