{"id":131435,"date":"2026-01-17T15:10:21","date_gmt":"2026-01-17T18:10:21","guid":{"rendered":"https:\/\/www.noticiasradioreflejos.com.ar\/2021\/?p=131435"},"modified":"2026-01-18T09:37:32","modified_gmt":"2026-01-18T12:37:32","slug":"sierra-de-la-ventana-celebro-el-118-aniversario-de-su-fundacion","status":"publish","type":"post","link":"https:\/\/www.noticiasradioreflejos.com.ar\/2021\/sierra-de-la-ventana-celebro-el-118-aniversario-de-su-fundacion\/","title":{"rendered":"Sierra de la Ventana celebr\u00f3 el 118\u00b0 aniversario de su fundaci\u00f3n"},"content":{"rendered":"<p>La localidad de Sierra de la Ventana celebr\u00f3 este s\u00e1bado el 118\u00b0 aniversario de su fundaci\u00f3n con un acto oficial, del que participaron autoridades, instituciones y vecinos de la comunidad.<!--more--><\/p>\n<p>El encuentro cont\u00f3 con la presencia de la intendente municipal, Estefan\u00eda Bordoni, junto al secretario de Gobierno y Gesti\u00f3n P\u00fablica, Claudio Pelizza; la delegada municipal de Sierra de la Ventana, Viviana Montibeller; la presidenta del Honorable Concejo Deliberante, Carmen Soverchia; concejales, autoridades del Departamento Ejecutivo Municipal, organizaciones de la sociedad civil y p\u00fablico en general.<\/p>\n<p><a href=\"https:\/\/www.noticiasradioreflejos.com.ar\/2021\/sierra-de-la-ventana-celebro-el-118-aniversario-de-su-fundacion\/sierra-de-la-ventanan-aniv-4\/\" rel=\"attachment wp-att-131437\"><img loading=\"lazy\" decoding=\"async\" class=\"aligncenter size-full wp-image-131437\" src=\"https:\/\/www.noticiasradioreflejos.com.ar\/2021\/wp-content\/uploads\/2026\/01\/Sierra-de-la-Ventanan-aniv-4.jpeg\" alt=\"\" width=\"1600\" height=\"1197\" srcset=\"https:\/\/www.noticiasradioreflejos.com.ar\/2021\/wp-content\/uploads\/2026\/01\/Sierra-de-la-Ventanan-aniv-4.jpeg 1600w, https:\/\/www.noticiasradioreflejos.com.ar\/2021\/wp-content\/uploads\/2026\/01\/Sierra-de-la-Ventanan-aniv-4-300x224.jpeg 300w, https:\/\/www.noticiasradioreflejos.com.ar\/2021\/wp-content\/uploads\/2026\/01\/Sierra-de-la-Ventanan-aniv-4-1024x766.jpeg 1024w, https:\/\/www.noticiasradioreflejos.com.ar\/2021\/wp-content\/uploads\/2026\/01\/Sierra-de-la-Ventanan-aniv-4-768x575.jpeg 768w, https:\/\/www.noticiasradioreflejos.com.ar\/2021\/wp-content\/uploads\/2026\/01\/Sierra-de-la-Ventanan-aniv-4-1536x1149.jpeg 1536w, https:\/\/www.noticiasradioreflejos.com.ar\/2021\/wp-content\/uploads\/2026\/01\/Sierra-de-la-Ventanan-aniv-4-750x561.jpeg 750w, https:\/\/www.noticiasradioreflejos.com.ar\/2021\/wp-content\/uploads\/2026\/01\/Sierra-de-la-Ventanan-aniv-4-1140x853.jpeg 1140w\" sizes=\"auto, (max-width: 1600px) 100vw, 1600px\" \/><\/a><\/p>\n<p>El acto comenz\u00f3 con el izamiento del Pabell\u00f3n Nacional y la entonaci\u00f3n del Himno Nacional Argentino, reafirmando los valores de identidad y pertenencia.<\/p>\n<p>Las palabras alusivas estuvieron a cargo de la delegada municipal de Sierra de la Ventana, Viviana Montibeller, y de la concejal Mar\u00eda Romero, quien se dirigi\u00f3 a los presentes en representaci\u00f3n de la intendente municipal. En su mensaje, Romero destac\u00f3 que se encuentran previstas nuevas obras para la localidad, entre ellas la construcci\u00f3n de cord\u00f3n cuneta y la ejecuci\u00f3n de una bater\u00eda de ba\u00f1os para el predio del Centro Cultural, obra que ser\u00e1 el inicio del proyecto de puesta en valor integral de todo el predio, que se llevar\u00e1 a cabo durante el transcurso del a\u00f1o, con el objetivo de seguir fortaleciendo la infraestructura local y acompa\u00f1ar el crecimiento de Sierra de la Ventana.<\/p>\n<p>Durante la ceremonia se realiz\u00f3 un homenaje a Diego Dietrich Meyer, pionero del desarrollo local, cuyo legado forma parte de la identidad de Sierra de la Ventana. En este marco, se invit\u00f3 a su bisnieto Diego Meyer y familia a participar del reconocimiento, con la entrega de un presente a sus familiares. En la oportunidad, Meyer afirm\u00f3: <em>\u201cEste lugar no puede no ser vivido y disfrutado\u201d<\/em>.<\/p>\n<p><a href=\"https:\/\/www.noticiasradioreflejos.com.ar\/2021\/sierra-de-la-ventana-celebro-el-118-aniversario-de-su-fundacion\/sierra-de-la-ventanan-aniv-3\/\" rel=\"attachment wp-att-131438\"><img loading=\"lazy\" decoding=\"async\" class=\"aligncenter size-full wp-image-131438\" src=\"https:\/\/www.noticiasradioreflejos.com.ar\/2021\/wp-content\/uploads\/2026\/01\/Sierra-de-la-Ventanan-aniv-3.jpeg\" alt=\"\" width=\"1600\" height=\"1197\" srcset=\"https:\/\/www.noticiasradioreflejos.com.ar\/2021\/wp-content\/uploads\/2026\/01\/Sierra-de-la-Ventanan-aniv-3.jpeg 1600w, https:\/\/www.noticiasradioreflejos.com.ar\/2021\/wp-content\/uploads\/2026\/01\/Sierra-de-la-Ventanan-aniv-3-300x224.jpeg 300w, https:\/\/www.noticiasradioreflejos.com.ar\/2021\/wp-content\/uploads\/2026\/01\/Sierra-de-la-Ventanan-aniv-3-1024x766.jpeg 1024w, https:\/\/www.noticiasradioreflejos.com.ar\/2021\/wp-content\/uploads\/2026\/01\/Sierra-de-la-Ventanan-aniv-3-768x575.jpeg 768w, https:\/\/www.noticiasradioreflejos.com.ar\/2021\/wp-content\/uploads\/2026\/01\/Sierra-de-la-Ventanan-aniv-3-1536x1149.jpeg 1536w, https:\/\/www.noticiasradioreflejos.com.ar\/2021\/wp-content\/uploads\/2026\/01\/Sierra-de-la-Ventanan-aniv-3-750x561.jpeg 750w, https:\/\/www.noticiasradioreflejos.com.ar\/2021\/wp-content\/uploads\/2026\/01\/Sierra-de-la-Ventanan-aniv-3-1140x853.jpeg 1140w\" sizes=\"auto, (max-width: 1600px) 100vw, 1600px\" \/><\/a><\/p>\n<p>Tambi\u00e9n se reconoci\u00f3 a la Agrupaci\u00f3n Amigos de la Trochita, representada por Gustavo Moralejo, por su labor en la recuperaci\u00f3n de la traza ferroviaria original y la puesta en valor del patrimonio ferroviario local.<\/p>\n<p>Cabe recordar que, ante la inexistencia de documentaci\u00f3n fundacional precisa, se establece como fecha de nacimiento de Sierra de la Ventana el 17 de enero de 1908, d\u00eda del otorgamiento de las primeras escrituras.<\/p>\n<p>Los festejos culminaron con el tradicional corte de torta, que estuvo a cargo de la Agrupaci\u00f3n Amigos de la Trochita, compartiendo un momento de celebraci\u00f3n junto a la comunidad.<\/p>\n<p><a href=\"https:\/\/www.noticiasradioreflejos.com.ar\/2021\/sierra-de-la-ventana-celebro-el-118-aniversario-de-su-fundacion\/sierra-de-la-ventanan-aniv-1\/\" rel=\"attachment wp-att-131439\"><img loading=\"lazy\" decoding=\"async\" class=\"aligncenter size-full wp-image-131439\" src=\"https:\/\/www.noticiasradioreflejos.com.ar\/2021\/wp-content\/uploads\/2026\/01\/Sierra-de-la-Ventanan-aniv-1.jpg\" alt=\"\" width=\"1477\" height=\"795\" srcset=\"https:\/\/www.noticiasradioreflejos.com.ar\/2021\/wp-content\/uploads\/2026\/01\/Sierra-de-la-Ventanan-aniv-1.jpg 1477w, https:\/\/www.noticiasradioreflejos.com.ar\/2021\/wp-content\/uploads\/2026\/01\/Sierra-de-la-Ventanan-aniv-1-300x161.jpg 300w, https:\/\/www.noticiasradioreflejos.com.ar\/2021\/wp-content\/uploads\/2026\/01\/Sierra-de-la-Ventanan-aniv-1-1024x551.jpg 1024w, https:\/\/www.noticiasradioreflejos.com.ar\/2021\/wp-content\/uploads\/2026\/01\/Sierra-de-la-Ventanan-aniv-1-768x413.jpg 768w, https:\/\/www.noticiasradioreflejos.com.ar\/2021\/wp-content\/uploads\/2026\/01\/Sierra-de-la-Ventanan-aniv-1-750x404.jpg 750w, https:\/\/www.noticiasradioreflejos.com.ar\/2021\/wp-content\/uploads\/2026\/01\/Sierra-de-la-Ventanan-aniv-1-1140x614.jpg 1140w\" sizes=\"auto, (max-width: 1477px) 100vw, 1477px\" \/><\/a><\/p>\n<p>&nbsp;<\/p>\n","protected":false},"excerpt":{"rendered":"<p>La localidad de Sierra de la Ventana celebr\u00f3 este s\u00e1bado el 118\u00b0 aniversario de su fundaci\u00f3n con un acto oficial, del que participaron autoridades, instituciones y vecinos de la comunidad.<\/p>\n","protected":false},"author":3,"featured_media":131440,"comment_status":"closed","ping_status":"closed","sticky":false,"template":"","format":"standard","meta":{"footnotes":""},"categories":[28],"tags":[48],"class_list":["post-131435","post","type-post","status-publish","format-standard","has-post-thumbnail","hentry","category-municipales","tag-destacada"],"yoast_head":"<!-- This site is optimized with the Yoast SEO plugin v25.9 - https:\/\/yoast.com\/wordpress\/plugins\/seo\/ -->\n<title>Sierra de la Ventana celebr\u00f3 el 118\u00b0 aniversario de su fundaci\u00f3n - Noticias Radio Reflejos<\/title>\n<meta name=\"robots\" content=\"index, follow, max-snippet:-1, max-image-preview:large, max-video-preview:-1\" \/>\n<link rel=\"canonical\" href=\"https:\/\/www.noticiasradioreflejos.com.ar\/2021\/sierra-de-la-ventana-celebro-el-118-aniversario-de-su-fundacion\/\" \/>\n<meta property=\"og:locale\" content=\"es_ES\" \/>\n<meta property=\"og:type\" content=\"article\" \/>\n<meta property=\"og:title\" content=\"Sierra de la Ventana celebr\u00f3 el 118\u00b0 aniversario de su fundaci\u00f3n - Noticias Radio Reflejos\" \/>\n<meta property=\"og:description\" content=\"La localidad de Sierra de la Ventana celebr\u00f3 este s\u00e1bado el 118\u00b0 aniversario de su fundaci\u00f3n con un acto oficial, del que participaron autoridades, instituciones y vecinos de la comunidad.\" \/>\n<meta property=\"og:url\" content=\"https:\/\/www.noticiasradioreflejos.com.ar\/2021\/sierra-de-la-ventana-celebro-el-118-aniversario-de-su-fundacion\/\" \/>\n<meta property=\"og:site_name\" content=\"Noticias Radio Reflejos\" \/>\n<meta property=\"article:published_time\" content=\"2026-01-17T18:10:21+00:00\" \/>\n<meta property=\"article:modified_time\" content=\"2026-01-18T12:37:32+00:00\" \/>\n<meta property=\"og:image\" content=\"https:\/\/www.noticiasradioreflejos.com.ar\/2021\/wp-content\/uploads\/2026\/01\/Sierra-de-la-Ventanan-aniv-1.jpeg\" \/>\n\t<meta property=\"og:image:width\" content=\"1600\" \/>\n\t<meta property=\"og:image:height\" content=\"900\" \/>\n\t<meta property=\"og:image:type\" content=\"image\/jpeg\" \/>\n<meta name=\"author\" content=\"Arnaldo Botto\" \/>\n<meta name=\"twitter:card\" content=\"summary_large_image\" \/>\n<script type=\"application\/ld+json\" class=\"yoast-schema-graph\">{\"@context\":\"https:\/\/schema.org\",\"@graph\":[{\"@type\":\"WebPage\",\"@id\":\"https:\/\/www.noticiasradioreflejos.com.ar\/2021\/sierra-de-la-ventana-celebro-el-118-aniversario-de-su-fundacion\/\",\"url\":\"https:\/\/www.noticiasradioreflejos.com.ar\/2021\/sierra-de-la-ventana-celebro-el-118-aniversario-de-su-fundacion\/\",\"name\":\"Sierra de la Ventana celebr\u00f3 el 118\u00b0 aniversario de su fundaci\u00f3n - Noticias Radio Reflejos\",\"isPartOf\":{\"@id\":\"https:\/\/www.noticiasradioreflejos.com.ar\/2021\/#website\"},\"primaryImageOfPage\":{\"@id\":\"https:\/\/www.noticiasradioreflejos.com.ar\/2021\/sierra-de-la-ventana-celebro-el-118-aniversario-de-su-fundacion\/#primaryimage\"},\"image\":{\"@id\":\"https:\/\/www.noticiasradioreflejos.com.ar\/2021\/sierra-de-la-ventana-celebro-el-118-aniversario-de-su-fundacion\/#primaryimage\"},\"thumbnailUrl\":\"https:\/\/www.noticiasradioreflejos.com.ar\/2021\/wp-content\/uploads\/2026\/01\/Sierra-de-la-Ventanan-aniv-1.jpeg\",\"datePublished\":\"2026-01-17T18:10:21+00:00\",\"dateModified\":\"2026-01-18T12:37:32+00:00\",\"author\":{\"@id\":\"https:\/\/www.noticiasradioreflejos.com.ar\/2021\/#\/schema\/person\/ad82545263dcc5ec0996818884fd5fb1\"},\"breadcrumb\":{\"@id\":\"https:\/\/www.noticiasradioreflejos.com.ar\/2021\/sierra-de-la-ventana-celebro-el-118-aniversario-de-su-fundacion\/#breadcrumb\"},\"inLanguage\":\"es\",\"potentialAction\":[{\"@type\":\"ReadAction\",\"target\":[\"https:\/\/www.noticiasradioreflejos.com.ar\/2021\/sierra-de-la-ventana-celebro-el-118-aniversario-de-su-fundacion\/\"]}]},{\"@type\":\"ImageObject\",\"inLanguage\":\"es\",\"@id\":\"https:\/\/www.noticiasradioreflejos.com.ar\/2021\/sierra-de-la-ventana-celebro-el-118-aniversario-de-su-fundacion\/#primaryimage\",\"url\":\"https:\/\/www.noticiasradioreflejos.com.ar\/2021\/wp-content\/uploads\/2026\/01\/Sierra-de-la-Ventanan-aniv-1.jpeg\",\"contentUrl\":\"https:\/\/www.noticiasradioreflejos.com.ar\/2021\/wp-content\/uploads\/2026\/01\/Sierra-de-la-Ventanan-aniv-1.jpeg\",\"width\":1600,\"height\":900},{\"@type\":\"BreadcrumbList\",\"@id\":\"https:\/\/www.noticiasradioreflejos.com.ar\/2021\/sierra-de-la-ventana-celebro-el-118-aniversario-de-su-fundacion\/#breadcrumb\",\"itemListElement\":[{\"@type\":\"ListItem\",\"position\":1,\"name\":\"Portada\",\"item\":\"https:\/\/www.noticiasradioreflejos.com.ar\/2021\/\"},{\"@type\":\"ListItem\",\"position\":2,\"name\":\"Sierra de la Ventana celebr\u00f3 el 118\u00b0 aniversario de su fundaci\u00f3n\"}]},{\"@type\":\"WebSite\",\"@id\":\"https:\/\/www.noticiasradioreflejos.com.ar\/2021\/#website\",\"url\":\"https:\/\/www.noticiasradioreflejos.com.ar\/2021\/\",\"name\":\"Noticias Radio Reflejos\",\"description\":\"Las noticias de mi comarca\",\"potentialAction\":[{\"@type\":\"SearchAction\",\"target\":{\"@type\":\"EntryPoint\",\"urlTemplate\":\"https:\/\/www.noticiasradioreflejos.com.ar\/2021\/?s={search_term_string}\"},\"query-input\":{\"@type\":\"PropertyValueSpecification\",\"valueRequired\":true,\"valueName\":\"search_term_string\"}}],\"inLanguage\":\"es\"},{\"@type\":\"Person\",\"@id\":\"https:\/\/www.noticiasradioreflejos.com.ar\/2021\/#\/schema\/person\/ad82545263dcc5ec0996818884fd5fb1\",\"name\":\"Arnaldo Botto\",\"image\":{\"@type\":\"ImageObject\",\"inLanguage\":\"es\",\"@id\":\"https:\/\/www.noticiasradioreflejos.com.ar\/2021\/#\/schema\/person\/image\/\",\"url\":\"https:\/\/secure.gravatar.com\/avatar\/55cb5e37c1efa326397366e6974cb338056df65cb50e7d64d1cf314e87504837?s=96&d=mm&r=g\",\"contentUrl\":\"https:\/\/secure.gravatar.com\/avatar\/55cb5e37c1efa326397366e6974cb338056df65cb50e7d64d1cf314e87504837?s=96&d=mm&r=g\",\"caption\":\"Arnaldo Botto\"},\"url\":\"https:\/\/www.noticiasradioreflejos.com.ar\/2021\/author\/arnaldo\/\"}]}<\/script>\n<!-- \/ Yoast SEO plugin. -->","yoast_head_json":{"title":"Sierra de la Ventana celebr\u00f3 el 118\u00b0 aniversario de su fundaci\u00f3n - Noticias Radio Reflejos","robots":{"index":"index","follow":"follow","max-snippet":"max-snippet:-1","max-image-preview":"max-image-preview:large","max-video-preview":"max-video-preview:-1"},"canonical":"https:\/\/www.noticiasradioreflejos.com.ar\/2021\/sierra-de-la-ventana-celebro-el-118-aniversario-de-su-fundacion\/","og_locale":"es_ES","og_type":"article","og_title":"Sierra de la Ventana celebr\u00f3 el 118\u00b0 aniversario de su fundaci\u00f3n - Noticias Radio Reflejos","og_description":"La localidad de Sierra de la Ventana celebr\u00f3 este s\u00e1bado el 118\u00b0 aniversario de su fundaci\u00f3n con un acto oficial, del que participaron autoridades, instituciones y vecinos de la comunidad.","og_url":"https:\/\/www.noticiasradioreflejos.com.ar\/2021\/sierra-de-la-ventana-celebro-el-118-aniversario-de-su-fundacion\/","og_site_name":"Noticias Radio Reflejos","article_published_time":"2026-01-17T18:10:21+00:00","article_modified_time":"2026-01-18T12:37:32+00:00","og_image":[{"width":1600,"height":900,"url":"https:\/\/www.noticiasradioreflejos.com.ar\/2021\/wp-content\/uploads\/2026\/01\/Sierra-de-la-Ventanan-aniv-1.jpeg","type":"image\/jpeg"}],"author":"Arnaldo Botto","twitter_card":"summary_large_image","schema":{"@context":"https:\/\/schema.org","@graph":[{"@type":"WebPage","@id":"https:\/\/www.noticiasradioreflejos.com.ar\/2021\/sierra-de-la-ventana-celebro-el-118-aniversario-de-su-fundacion\/","url":"https:\/\/www.noticiasradioreflejos.com.ar\/2021\/sierra-de-la-ventana-celebro-el-118-aniversario-de-su-fundacion\/","name":"Sierra de la Ventana celebr\u00f3 el 118\u00b0 aniversario de su fundaci\u00f3n - Noticias Radio Reflejos","isPartOf":{"@id":"https:\/\/www.noticiasradioreflejos.com.ar\/2021\/#website"},"primaryImageOfPage":{"@id":"https:\/\/www.noticiasradioreflejos.com.ar\/2021\/sierra-de-la-ventana-celebro-el-118-aniversario-de-su-fundacion\/#primaryimage"},"image":{"@id":"https:\/\/www.noticiasradioreflejos.com.ar\/2021\/sierra-de-la-ventana-celebro-el-118-aniversario-de-su-fundacion\/#primaryimage"},"thumbnailUrl":"https:\/\/www.noticiasradioreflejos.com.ar\/2021\/wp-content\/uploads\/2026\/01\/Sierra-de-la-Ventanan-aniv-1.jpeg","datePublished":"2026-01-17T18:10:21+00:00","dateModified":"2026-01-18T12:37:32+00:00","author":{"@id":"https:\/\/www.noticiasradioreflejos.com.ar\/2021\/#\/schema\/person\/ad82545263dcc5ec0996818884fd5fb1"},"breadcrumb":{"@id":"https:\/\/www.noticiasradioreflejos.com.ar\/2021\/sierra-de-la-ventana-celebro-el-118-aniversario-de-su-fundacion\/#breadcrumb"},"inLanguage":"es","potentialAction":[{"@type":"ReadAction","target":["https:\/\/www.noticiasradioreflejos.com.ar\/2021\/sierra-de-la-ventana-celebro-el-118-aniversario-de-su-fundacion\/"]}]},{"@type":"ImageObject","inLanguage":"es","@id":"https:\/\/www.noticiasradioreflejos.com.ar\/2021\/sierra-de-la-ventana-celebro-el-118-aniversario-de-su-fundacion\/#primaryimage","url":"https:\/\/www.noticiasradioreflejos.com.ar\/2021\/wp-content\/uploads\/2026\/01\/Sierra-de-la-Ventanan-aniv-1.jpeg","contentUrl":"https:\/\/www.noticiasradioreflejos.com.ar\/2021\/wp-content\/uploads\/2026\/01\/Sierra-de-la-Ventanan-aniv-1.jpeg","width":1600,"height":900},{"@type":"BreadcrumbList","@id":"https:\/\/www.noticiasradioreflejos.com.ar\/2021\/sierra-de-la-ventana-celebro-el-118-aniversario-de-su-fundacion\/#breadcrumb","itemListElement":[{"@type":"ListItem","position":1,"name":"Portada","item":"https:\/\/www.noticiasradioreflejos.com.ar\/2021\/"},{"@type":"ListItem","position":2,"name":"Sierra de la Ventana celebr\u00f3 el 118\u00b0 aniversario de su fundaci\u00f3n"}]},{"@type":"WebSite","@id":"https:\/\/www.noticiasradioreflejos.com.ar\/2021\/#website","url":"https:\/\/www.noticiasradioreflejos.com.ar\/2021\/","name":"Noticias Radio Reflejos","description":"Las noticias de mi comarca","potentialAction":[{"@type":"SearchAction","target":{"@type":"EntryPoint","urlTemplate":"https:\/\/www.noticiasradioreflejos.com.ar\/2021\/?s={search_term_string}"},"query-input":{"@type":"PropertyValueSpecification","valueRequired":true,"valueName":"search_term_string"}}],"inLanguage":"es"},{"@type":"Person","@id":"https:\/\/www.noticiasradioreflejos.com.ar\/2021\/#\/schema\/person\/ad82545263dcc5ec0996818884fd5fb1","name":"Arnaldo Botto","image":{"@type":"ImageObject","inLanguage":"es","@id":"https:\/\/www.noticiasradioreflejos.com.ar\/2021\/#\/schema\/person\/image\/","url":"https:\/\/secure.gravatar.com\/avatar\/55cb5e37c1efa326397366e6974cb338056df65cb50e7d64d1cf314e87504837?s=96&d=mm&r=g","contentUrl":"https:\/\/secure.gravatar.com\/avatar\/55cb5e37c1efa326397366e6974cb338056df65cb50e7d64d1cf314e87504837?s=96&d=mm&r=g","caption":"Arnaldo Botto"},"url":"https:\/\/www.noticiasradioreflejos.com.ar\/2021\/author\/arnaldo\/"}]}},"_links":{"self":[{"href":"https:\/\/www.noticiasradioreflejos.com.ar\/2021\/wp-json\/wp\/v2\/posts\/131435","targetHints":{"allow":["GET"]}}],"collection":[{"href":"https:\/\/www.noticiasradioreflejos.com.ar\/2021\/wp-json\/wp\/v2\/posts"}],"about":[{"href":"https:\/\/www.noticiasradioreflejos.com.ar\/2021\/wp-json\/wp\/v2\/types\/post"}],"author":[{"embeddable":true,"href":"https:\/\/www.noticiasradioreflejos.com.ar\/2021\/wp-json\/wp\/v2\/users\/3"}],"replies":[{"embeddable":true,"href":"https:\/\/www.noticiasradioreflejos.com.ar\/2021\/wp-json\/wp\/v2\/comments?post=131435"}],"version-history":[{"count":2,"href":"https:\/\/www.noticiasradioreflejos.com.ar\/2021\/wp-json\/wp\/v2\/posts\/131435\/revisions"}],"predecessor-version":[{"id":131442,"href":"https:\/\/www.noticiasradioreflejos.com.ar\/2021\/wp-json\/wp\/v2\/posts\/131435\/revisions\/131442"}],"wp:featuredmedia":[{"embeddable":true,"href":"https:\/\/www.noticiasradioreflejos.com.ar\/2021\/wp-json\/wp\/v2\/media\/131440"}],"wp:attachment":[{"href":"https:\/\/www.noticiasradioreflejos.com.ar\/2021\/wp-json\/wp\/v2\/media?parent=131435"}],"wp:term":[{"taxonomy":"category","embeddable":true,"href":"https:\/\/www.noticiasradioreflejos.com.ar\/2021\/wp-json\/wp\/v2\/categories?post=131435"},{"taxonomy":"post_tag","embeddable":true,"href":"https:\/\/www.noticiasradioreflejos.com.ar\/2021\/wp-json\/wp\/v2\/tags?post=131435"}],"curies":[{"name":"wp","href":"https:\/\/api.w.org\/{rel}","templated":true}]}}