{"id":131410,"date":"2026-01-17T17:12:55","date_gmt":"2026-01-17T20:12:55","guid":{"rendered":"https:\/\/www.noticiasradioreflejos.com.ar\/2021\/?p=131410"},"modified":"2026-01-17T17:15:50","modified_gmt":"2026-01-17T20:15:50","slug":"el-legado-de-un-pionero-diego-meyer-recuerda-a-su-bisabuelo-en-el-118-aniversario-de-sierra-de-la-ventana","status":"publish","type":"post","link":"https:\/\/www.noticiasradioreflejos.com.ar\/2021\/el-legado-de-un-pionero-diego-meyer-recuerda-a-su-bisabuelo-en-el-118-aniversario-de-sierra-de-la-ventana\/","title":{"rendered":"El legado de un pionero: Diego Meyer recuerda a su bisabuelo en el 118\u00b0 aniversario de Sierra de la Ventana"},"content":{"rendered":"<p data-path-to-node=\"3\">En el marco de las celebraciones por el <b data-path-to-node=\"3\" data-index-in-node=\"40\">118\u00b0 aniversario de Sierra de la Ventana<\/b>, la comunidad se reuni\u00f3 para homenajear su historia y sus ra\u00edces. Entre los presentes se destac\u00f3 la figura de <b data-path-to-node=\"3\" data-index-in-node=\"191\">Diego Meyer<\/b>, bisnieto de <b data-path-to-node=\"3\" data-index-in-node=\"216\">Diedrich Daniel Meyer<\/b>, fundador de la localidad, quien comparti\u00f3 an\u00e9cdotas familiares que entrelazan el amor, la visi\u00f3n de progreso y el compromiso con la tierra sino que tambi\u00e9n uni\u00f3 los destinos de su familia con el c\u00e9lebre Francisco Salamone.<!--more--><\/p>\n<p data-path-to-node=\"4\">El aniversario de Sierra de la Ventana permiti\u00f3 rescatar las ra\u00edces de su fundaci\u00f3n a trav\u00e9s del relato de <b data-path-to-node=\"4\" data-index-in-node=\"107\">Diego Meyer<\/b>, bisnieto de <b data-path-to-node=\"4\" data-index-in-node=\"132\">Diedrich Daniel Meyer<\/b>. El fundador fue un empresario de origen alem\u00e1n que adquiri\u00f3 las tierras de la zona a finales del siglo XIX y se convirti\u00f3 en el gran impulsor del desarrollo del pueblo. Su visi\u00f3n fue estrat\u00e9gica: Meyer visualiz\u00f3 el potencial tur\u00edstico de las sierras y fue el responsable de las primeras urbanizaciones y de las plantaciones de \u00e1rboles que hoy caracterizan al paisaje forestado de la regi\u00f3n.<\/p>\n<p data-path-to-node=\"5\">La historia del pueblo est\u00e1 intr\u00ednsecamente ligada a su generosidad. Se toma como fecha de fundaci\u00f3n el 17 de enero de 1908, coincidiendo con la inauguraci\u00f3n de la estaci\u00f3n de ferrocarril, terreno que el propio Meyer cedi\u00f3 para permitir el paso del tren. Incluso el nombre del destino fue parte de su legado: originalmente la estaci\u00f3n se llamaba \u00abSauce Grande\u00bb, pero \u00e9l promovi\u00f3 el cambio a Sierra de la Ventana para identificar a la localidad con el famoso hueco natural del cerro. Adem\u00e1s, entre sus m\u00faltiples aportes, Meyer fue el responsable de la donaci\u00f3n del predio para el Golf Club, un hito que hasta el d\u00eda de hoy define el perfil social de la Comarca.<\/p>\n<p data-path-to-node=\"5\"><a href=\"https:\/\/www.noticiasradioreflejos.com.ar\/2021\/el-legado-de-un-pionero-diego-meyer-recuerda-a-su-bisabuelo-en-el-118-aniversario-de-sierra-de-la-ventana\/diego-meyer-2\/\" rel=\"attachment wp-att-131452\"><img loading=\"lazy\" decoding=\"async\" class=\"aligncenter size-full wp-image-131452\" src=\"https:\/\/www.noticiasradioreflejos.com.ar\/2021\/wp-content\/uploads\/2026\/01\/diego-meyer.jpg\" alt=\"\" width=\"818\" height=\"788\" srcset=\"https:\/\/www.noticiasradioreflejos.com.ar\/2021\/wp-content\/uploads\/2026\/01\/diego-meyer.jpg 818w, https:\/\/www.noticiasradioreflejos.com.ar\/2021\/wp-content\/uploads\/2026\/01\/diego-meyer-300x289.jpg 300w, https:\/\/www.noticiasradioreflejos.com.ar\/2021\/wp-content\/uploads\/2026\/01\/diego-meyer-768x740.jpg 768w, https:\/\/www.noticiasradioreflejos.com.ar\/2021\/wp-content\/uploads\/2026\/01\/diego-meyer-750x722.jpg 750w\" sizes=\"auto, (max-width: 818px) 100vw, 818px\" \/><\/a><\/p>\n<h3 data-path-to-node=\"4\">Una historia de amor que cruz\u00f3 fronteras<\/h3>\n<p data-path-to-node=\"5\">M\u00e1s all\u00e1 de los hitos urban\u00edsticos, Diego Meyer revel\u00f3 una faceta \u00edntima de la fundaci\u00f3n: una <b data-path-to-node=\"5\" data-index-in-node=\"94\">historia de amor<\/b> que trajo a su bisabuelo de regreso desde Alemania. Diedrich Meyer (conocido familiarmente como Diego) conoci\u00f3 en Buenos Aires a <b data-path-to-node=\"5\" data-index-in-node=\"240\">Josefina Ferro Montaldo<\/b>, una joven de ascendencia italiana nacida en Venezuela.<\/p>\n<p data-path-to-node=\"6\">A pesar de que en aquel entonces Josefina estaba casada con un jefe de polic\u00eda \u2014quien falleci\u00f3 tr\u00e1gicamente en un combate en la Plaza Libertad\u2014, el destino los volvi\u00f3 a unir. Al recibir un telegrama en Alemania inform\u00e1ndole que Josefina hab\u00eda quedado viuda, Diedrich no dud\u00f3 en cruzar el oc\u00e9ano para casarse con ella y formar la familia que dar\u00eda origen al linaje de los Meyer en la regi\u00f3n.<\/p>\n<p data-path-to-node=\"6\"><a href=\"https:\/\/www.noticiasradioreflejos.com.ar\/2021\/el-legado-de-un-pionero-diego-meyer-recuerda-a-su-bisabuelo-en-el-118-aniversario-de-sierra-de-la-ventana\/estancia-el-retiro-en-sierra-de-la-ventana\/\" rel=\"attachment wp-att-131454\"><img loading=\"lazy\" decoding=\"async\" class=\"aligncenter size-full wp-image-131454\" src=\"https:\/\/www.noticiasradioreflejos.com.ar\/2021\/wp-content\/uploads\/2026\/01\/estancia-El-Retiro-en-Sierra-de-la-Ventana.jpg\" alt=\"\" width=\"840\" height=\"629\" srcset=\"https:\/\/www.noticiasradioreflejos.com.ar\/2021\/wp-content\/uploads\/2026\/01\/estancia-El-Retiro-en-Sierra-de-la-Ventana.jpg 840w, https:\/\/www.noticiasradioreflejos.com.ar\/2021\/wp-content\/uploads\/2026\/01\/estancia-El-Retiro-en-Sierra-de-la-Ventana-300x225.jpg 300w, https:\/\/www.noticiasradioreflejos.com.ar\/2021\/wp-content\/uploads\/2026\/01\/estancia-El-Retiro-en-Sierra-de-la-Ventana-768x575.jpg 768w, https:\/\/www.noticiasradioreflejos.com.ar\/2021\/wp-content\/uploads\/2026\/01\/estancia-El-Retiro-en-Sierra-de-la-Ventana-750x562.jpg 750w\" sizes=\"auto, (max-width: 840px) 100vw, 840px\" \/><\/a><\/p>\n<h3 data-path-to-node=\"2\">El Golf Club: Una \u00abCancha Natural\u00bb \u00fanica en Sudam\u00e9rica<\/h3>\n<p data-path-to-node=\"3\">Uno de los puntos m\u00e1s emotivos y detallados del testimonio de Diego Meyer fue la referencia al <b data-path-to-node=\"3\" data-index-in-node=\"95\">Golf Club Sierra de la Ventana<\/b>, instituci\u00f3n que naci\u00f3 gracias a la visi\u00f3n y generosidad de su bisabuelo, Diedrich Daniel Meyer, quien don\u00f3 las tierras para su creaci\u00f3n.<\/p>\n<h4 data-path-to-node=\"4\">La filosof\u00eda del dise\u00f1o: Respeto por la orograf\u00eda<\/h4>\n<p data-path-to-node=\"5\">Diego Meyer enfatiz\u00f3 que la cancha no es un producto de la ingenier\u00eda moderna que modifica el paisaje, sino una adaptaci\u00f3n al mismo. Seg\u00fan sus palabras, se trata de una <b data-path-to-node=\"5\" data-index-in-node=\"169\">\u00abcancha natural\u00bb<\/b>, un concepto que la distingue de la mayor\u00eda de los campos de golf contempor\u00e1neos.<\/p>\n<p data-path-to-node=\"6,0,0\">\u00a0Meyer destac\u00f3 que, a diferencia de las canchas actuales donde se utilizan grandes m\u00e1quinas para crear lomas y depresiones artificiales, en Sierra de la Ventana se respet\u00f3 la <b data-path-to-node=\"6,0,0\" data-index-in-node=\"200\">orograf\u00eda original<\/b>. \u00abSe aprovech\u00f3 lo que la naturaleza brindaba\u00bb, se\u00f1al\u00f3, resaltando que los desaf\u00edos del juego est\u00e1n impuestos por el terreno mismo.<\/p>\n<p data-path-to-node=\"6,1,0\">En lugar de lagunas artificiales, el dise\u00f1o integra los cursos de agua existentes. Meyer record\u00f3 c\u00f3mo los arroyos de la zona funcionan como \u00abhazards\u00bb naturales que ponen a prueba la destreza de los jugadores.<\/p>\n<h4 data-path-to-node=\"7\">Un im\u00e1n para figuras ilustres<\/h4>\n<p data-path-to-node=\"8\">El heredero del fundador subray\u00f3 la importancia social y pol\u00edtica que ha tenido el club a lo largo de los a\u00f1os. Al ser una de las mejores canchas de la regi\u00f3n y de Sudam\u00e9rica, ha sido el punto de encuentro de personalidades destacadas:<\/p>\n<blockquote data-path-to-node=\"9\">\n<p data-path-to-node=\"9,0\">\u00abPor aqu\u00ed han pasado much\u00edsimas figuras: desde ex presidentes de la Naci\u00f3n hasta gobernadores\u00bb, record\u00f3 Meyer, poniendo de relieve que el club no solo es un espacio deportivo, sino un centro de relaciones que ha dado prestigio a la localidad desde sus inicios.<\/p>\n<\/blockquote>\n<h4 data-path-to-node=\"10\">El legado de la donaci\u00f3n<\/h4>\n<p data-path-to-node=\"11\">Meyer hizo especial hincapi\u00e9 en que el club es un <b data-path-to-node=\"11\" data-index-in-node=\"50\">\u00abhito important\u00edsimo\u00bb<\/b> para el desarrollo de Sierra de la Ventana. La donaci\u00f3n de estas tierras por parte de su bisabuelo no fue un acto aislado, sino parte de un plan para dotar a la Villa de atractivos de primer nivel que fomentaran el turismo y el asentamiento de familias.<\/p>\n<p data-path-to-node=\"12\">Para Diego, el Golf Club representa la simbiosis perfecta entre el progreso humano y el entorno serrano. En sus declaraciones, inst\u00f3 a que los nuevos crecimientos urbanos de la zona, como los barrios que hoy rodean al club, mantengan esa misma <b data-path-to-node=\"12\" data-index-in-node=\"244\">armon\u00eda est\u00e9tica y ambiental<\/b> que su bisabuelo imagin\u00f3 hace m\u00e1s de un siglo.<\/p>\n<p data-path-to-node=\"12\"><a href=\"https:\/\/www.noticiasradioreflejos.com.ar\/2021\/se-espera-un-viernes-agradable\/sierra-de-la-ventana-otono-panoramica-2\/\" rel=\"attachment wp-att-116004\"><img loading=\"lazy\" decoding=\"async\" class=\"aligncenter size-full wp-image-116004\" src=\"https:\/\/www.noticiasradioreflejos.com.ar\/2021\/wp-content\/uploads\/2025\/05\/Sierra-de-la-Ventana-Otono-Panoramica-2.jpg\" alt=\"\" width=\"1600\" height=\"720\" srcset=\"https:\/\/www.noticiasradioreflejos.com.ar\/2021\/wp-content\/uploads\/2025\/05\/Sierra-de-la-Ventana-Otono-Panoramica-2.jpg 1600w, https:\/\/www.noticiasradioreflejos.com.ar\/2021\/wp-content\/uploads\/2025\/05\/Sierra-de-la-Ventana-Otono-Panoramica-2-300x135.jpg 300w, https:\/\/www.noticiasradioreflejos.com.ar\/2021\/wp-content\/uploads\/2025\/05\/Sierra-de-la-Ventana-Otono-Panoramica-2-1024x461.jpg 1024w, https:\/\/www.noticiasradioreflejos.com.ar\/2021\/wp-content\/uploads\/2025\/05\/Sierra-de-la-Ventana-Otono-Panoramica-2-768x346.jpg 768w, https:\/\/www.noticiasradioreflejos.com.ar\/2021\/wp-content\/uploads\/2025\/05\/Sierra-de-la-Ventana-Otono-Panoramica-2-1536x691.jpg 1536w, https:\/\/www.noticiasradioreflejos.com.ar\/2021\/wp-content\/uploads\/2025\/05\/Sierra-de-la-Ventana-Otono-Panoramica-2-750x338.jpg 750w, https:\/\/www.noticiasradioreflejos.com.ar\/2021\/wp-content\/uploads\/2025\/05\/Sierra-de-la-Ventana-Otono-Panoramica-2-1140x513.jpg 1140w\" sizes=\"auto, (max-width: 1600px) 100vw, 1600px\" \/><\/a><\/p>\n<h3 data-path-to-node=\"11\">El futuro de Sierra de la Ventana<\/h3>\n<p data-path-to-node=\"12\">Al reflexionar sobre el crecimiento actual de Sierra de la Ventana, Meyer expres\u00f3 una mezcla de asombro y cautela. Observando la expansi\u00f3n hacia zonas como <b data-path-to-node=\"12\" data-index-in-node=\"156\">Jardines del Golf y Verbenas<\/b>, enfatiz\u00f3 la importancia de un crecimiento planificado.<\/p>\n<ul data-path-to-node=\"13\">\n<li>\n<p data-path-to-node=\"13,0,0\"><b data-path-to-node=\"13,0,0\" data-index-in-node=\"0\">Respeto por la naturaleza<\/b>: Meyer inst\u00f3 a que los nuevos desarrollos inmobiliarios no \u00abchoquen\u00bb con el entorno natural.<\/p>\n<\/li>\n<li>\n<p data-path-to-node=\"13,1,0\"><b data-path-to-node=\"13,1,0\" data-index-in-node=\"0\">Armon\u00eda urban\u00edstica<\/b>: Reconoci\u00f3 que, al no haber nacido de un dise\u00f1o estrictamente planificado, el desaf\u00edo actual es mantener la armon\u00eda visual y ambiental del pueblo.<\/p>\n<\/li>\n<li>\n<p data-path-to-node=\"13,2,0\"><b data-path-to-node=\"13,2,0\" data-index-in-node=\"0\">Identidad<\/b>: Destac\u00f3 que el esp\u00edritu de la localidad reside en esa conexi\u00f3n especial con el paisaje que su bisabuelo tanto valor\u00f3.<\/p>\n<\/li>\n<\/ul>\n<h3 data-path-to-node=\"13\">La conexi\u00f3n con Salamone y el desaf\u00edo del crecimiento<\/h3>\n<p data-path-to-node=\"14\">Una de las grandes sorpresas del testimonio fue la revelaci\u00f3n de un v\u00ednculo comercial y familiar con el famoso arquitecto <b data-path-to-node=\"14\" data-index-in-node=\"122\">Francisco Salamone<\/b>. Seg\u00fan Diego, el suegro de Salamone, un se\u00f1or de apellido <b data-path-to-node=\"14\" data-index-in-node=\"199\">Croft<\/b>, era socio de su bisabuelo Diedrich. Esta conexi\u00f3n a\u00f1ade una nueva capa de importancia hist\u00f3rica al patrimonio de la zona.<\/p>\n<p data-path-to-node=\"15\"><b data-path-to-node=\"0\" data-index-in-node=\"38\"><span class=\"citation-7\">Joseph Oliver Croft <\/span><\/b><span class=\"citation-7\">fue una figura destacada de la sociedad de <\/span><b data-path-to-node=\"0\" data-index-in-node=\"102\"><span class=\"citation-7\">Bah\u00eda Blanca<\/span><\/b><span class=\"citation-7\">\u00a0a principios del siglo XX, conocido principalmente por ser el suegro del c\u00e9lebre arquitecto e ingeniero\u00a0<\/span><b data-path-to-node=\"0\" data-index-in-node=\"219\"><span class=\"citation-7\">Francisco Salamone<\/span><\/b><\/p>\n<p data-path-to-node=\"15\">Finalmente, al observar el presente de la Villa, Meyer expres\u00f3 su visi\u00f3n sobre los nuevos loteos como <b data-path-to-node=\"15\" data-index-in-node=\"102\">Jardines del Golf y Verbenas<\/b>. Aunque reconoce el crecimiento inevitable, hizo un llamado a la <b data-path-to-node=\"15\" data-index-in-node=\"196\">responsabilidad urban\u00edstica<\/b>:<\/p>\n<blockquote data-path-to-node=\"16\">\n<p data-path-to-node=\"16,0\">\u00abEl desaf\u00edo es armar algo que sea arm\u00f3nico. Es necesario que los nuevos desarrollos respeten la naturaleza y no choquen con el entorno que hace \u00fanica a Sierra de la Ventana\u00bb.<\/p>\n<\/blockquote>\n<p data-path-to-node=\"16\">Con un emotivo \u00abFeliz Cumplea\u00f1os\u00bb a la localidad, Diego Meyer reafirm\u00f3 el compromiso de su familia con el terru\u00f1o que su bisabuelo eligi\u00f3 hace m\u00e1s de un siglo para sembrar futuro.<\/p>\n<audio class=\"wp-audio-shortcode\" id=\"audio-131410-1\" preload=\"none\" style=\"width: 100%;\" controls=\"controls\"><source type=\"audio\/mpeg\" src=\"https:\/\/www.noticiasradioreflejos.com.ar\/2021\/wp-content\/uploads\/2026\/01\/Diego-Meyer.mp3?_=1\" \/><a href=\"https:\/\/www.noticiasradioreflejos.com.ar\/2021\/wp-content\/uploads\/2026\/01\/Diego-Meyer.mp3\">https:\/\/www.noticiasradioreflejos.com.ar\/2021\/wp-content\/uploads\/2026\/01\/Diego-Meyer.mp3<\/a><\/audio>\n","protected":false},"excerpt":{"rendered":"<p>En el marco de las celebraciones por el 118\u00b0 aniversario de Sierra de la Ventana, la comunidad se reuni\u00f3 para homenajear su historia y sus ra\u00edces. Entre los presentes se destac\u00f3 la figura de Diego Meyer, bisnieto de Diedrich Daniel Meyer, fundador de la localidad, quien comparti\u00f3 an\u00e9cdotas familiares que entrelazan el amor, la visi\u00f3n [&hellip;]<\/p>\n","protected":false},"author":3,"featured_media":131458,"comment_status":"closed","ping_status":"closed","sticky":false,"template":"","format":"standard","meta":{"footnotes":""},"categories":[26,33],"tags":[48],"class_list":["post-131410","post","type-post","status-publish","format-standard","has-post-thumbnail","hentry","category-sociedad","category-turismo","tag-destacada"],"yoast_head":"<!-- This site is optimized with the Yoast SEO plugin v25.9 - https:\/\/yoast.com\/wordpress\/plugins\/seo\/ -->\n<title>El legado de un pionero: Diego Meyer recuerda a su bisabuelo en el 118\u00b0 aniversario de Sierra de la Ventana - Noticias Radio Reflejos<\/title>\n<meta name=\"robots\" content=\"index, follow, max-snippet:-1, max-image-preview:large, max-video-preview:-1\" \/>\n<link rel=\"canonical\" href=\"https:\/\/www.noticiasradioreflejos.com.ar\/2021\/el-legado-de-un-pionero-diego-meyer-recuerda-a-su-bisabuelo-en-el-118-aniversario-de-sierra-de-la-ventana\/\" \/>\n<meta property=\"og:locale\" content=\"es_ES\" \/>\n<meta property=\"og:type\" content=\"article\" \/>\n<meta property=\"og:title\" content=\"El legado de un pionero: Diego Meyer recuerda a su bisabuelo en el 118\u00b0 aniversario de Sierra de la Ventana - Noticias Radio Reflejos\" \/>\n<meta property=\"og:description\" content=\"En el marco de las celebraciones por el 118\u00b0 aniversario de Sierra de la Ventana, la comunidad se reuni\u00f3 para homenajear su historia y sus ra\u00edces. Entre los presentes se destac\u00f3 la figura de Diego Meyer, bisnieto de Diedrich Daniel Meyer, fundador de la localidad, quien comparti\u00f3 an\u00e9cdotas familiares que entrelazan el amor, la visi\u00f3n [&hellip;]\" \/>\n<meta property=\"og:url\" content=\"https:\/\/www.noticiasradioreflejos.com.ar\/2021\/el-legado-de-un-pionero-diego-meyer-recuerda-a-su-bisabuelo-en-el-118-aniversario-de-sierra-de-la-ventana\/\" \/>\n<meta property=\"og:site_name\" content=\"Noticias Radio Reflejos\" \/>\n<meta property=\"article:published_time\" content=\"2026-01-17T20:12:55+00:00\" \/>\n<meta property=\"article:modified_time\" content=\"2026-01-17T20:15:50+00:00\" \/>\n<meta property=\"og:image\" content=\"https:\/\/www.noticiasradioreflejos.com.ar\/2021\/wp-content\/uploads\/2026\/01\/Sierra-de-la-Ventanan-aniv-1-1.jpg\" \/>\n\t<meta property=\"og:image:width\" content=\"1477\" \/>\n\t<meta property=\"og:image:height\" content=\"795\" \/>\n\t<meta property=\"og:image:type\" content=\"image\/jpeg\" \/>\n<meta name=\"author\" content=\"Arnaldo Botto\" \/>\n<meta name=\"twitter:card\" content=\"summary_large_image\" \/>\n<script type=\"application\/ld+json\" class=\"yoast-schema-graph\">{\"@context\":\"https:\/\/schema.org\",\"@graph\":[{\"@type\":\"WebPage\",\"@id\":\"https:\/\/www.noticiasradioreflejos.com.ar\/2021\/el-legado-de-un-pionero-diego-meyer-recuerda-a-su-bisabuelo-en-el-118-aniversario-de-sierra-de-la-ventana\/\",\"url\":\"https:\/\/www.noticiasradioreflejos.com.ar\/2021\/el-legado-de-un-pionero-diego-meyer-recuerda-a-su-bisabuelo-en-el-118-aniversario-de-sierra-de-la-ventana\/\",\"name\":\"El legado de un pionero: Diego Meyer recuerda a su bisabuelo en el 118\u00b0 aniversario de Sierra de la Ventana - Noticias Radio Reflejos\",\"isPartOf\":{\"@id\":\"https:\/\/www.noticiasradioreflejos.com.ar\/2021\/#website\"},\"primaryImageOfPage\":{\"@id\":\"https:\/\/www.noticiasradioreflejos.com.ar\/2021\/el-legado-de-un-pionero-diego-meyer-recuerda-a-su-bisabuelo-en-el-118-aniversario-de-sierra-de-la-ventana\/#primaryimage\"},\"image\":{\"@id\":\"https:\/\/www.noticiasradioreflejos.com.ar\/2021\/el-legado-de-un-pionero-diego-meyer-recuerda-a-su-bisabuelo-en-el-118-aniversario-de-sierra-de-la-ventana\/#primaryimage\"},\"thumbnailUrl\":\"https:\/\/www.noticiasradioreflejos.com.ar\/2021\/wp-content\/uploads\/2026\/01\/Sierra-de-la-Ventanan-aniv-1-1.jpg\",\"datePublished\":\"2026-01-17T20:12:55+00:00\",\"dateModified\":\"2026-01-17T20:15:50+00:00\",\"author\":{\"@id\":\"https:\/\/www.noticiasradioreflejos.com.ar\/2021\/#\/schema\/person\/ad82545263dcc5ec0996818884fd5fb1\"},\"breadcrumb\":{\"@id\":\"https:\/\/www.noticiasradioreflejos.com.ar\/2021\/el-legado-de-un-pionero-diego-meyer-recuerda-a-su-bisabuelo-en-el-118-aniversario-de-sierra-de-la-ventana\/#breadcrumb\"},\"inLanguage\":\"es\",\"potentialAction\":[{\"@type\":\"ReadAction\",\"target\":[\"https:\/\/www.noticiasradioreflejos.com.ar\/2021\/el-legado-de-un-pionero-diego-meyer-recuerda-a-su-bisabuelo-en-el-118-aniversario-de-sierra-de-la-ventana\/\"]}]},{\"@type\":\"ImageObject\",\"inLanguage\":\"es\",\"@id\":\"https:\/\/www.noticiasradioreflejos.com.ar\/2021\/el-legado-de-un-pionero-diego-meyer-recuerda-a-su-bisabuelo-en-el-118-aniversario-de-sierra-de-la-ventana\/#primaryimage\",\"url\":\"https:\/\/www.noticiasradioreflejos.com.ar\/2021\/wp-content\/uploads\/2026\/01\/Sierra-de-la-Ventanan-aniv-1-1.jpg\",\"contentUrl\":\"https:\/\/www.noticiasradioreflejos.com.ar\/2021\/wp-content\/uploads\/2026\/01\/Sierra-de-la-Ventanan-aniv-1-1.jpg\",\"width\":1477,\"height\":795},{\"@type\":\"BreadcrumbList\",\"@id\":\"https:\/\/www.noticiasradioreflejos.com.ar\/2021\/el-legado-de-un-pionero-diego-meyer-recuerda-a-su-bisabuelo-en-el-118-aniversario-de-sierra-de-la-ventana\/#breadcrumb\",\"itemListElement\":[{\"@type\":\"ListItem\",\"position\":1,\"name\":\"Portada\",\"item\":\"https:\/\/www.noticiasradioreflejos.com.ar\/2021\/\"},{\"@type\":\"ListItem\",\"position\":2,\"name\":\"El legado de un pionero: Diego Meyer recuerda a su bisabuelo en el 118\u00b0 aniversario de Sierra de la Ventana\"}]},{\"@type\":\"WebSite\",\"@id\":\"https:\/\/www.noticiasradioreflejos.com.ar\/2021\/#website\",\"url\":\"https:\/\/www.noticiasradioreflejos.com.ar\/2021\/\",\"name\":\"Noticias Radio Reflejos\",\"description\":\"Las noticias de mi comarca\",\"potentialAction\":[{\"@type\":\"SearchAction\",\"target\":{\"@type\":\"EntryPoint\",\"urlTemplate\":\"https:\/\/www.noticiasradioreflejos.com.ar\/2021\/?s={search_term_string}\"},\"query-input\":{\"@type\":\"PropertyValueSpecification\",\"valueRequired\":true,\"valueName\":\"search_term_string\"}}],\"inLanguage\":\"es\"},{\"@type\":\"Person\",\"@id\":\"https:\/\/www.noticiasradioreflejos.com.ar\/2021\/#\/schema\/person\/ad82545263dcc5ec0996818884fd5fb1\",\"name\":\"Arnaldo Botto\",\"image\":{\"@type\":\"ImageObject\",\"inLanguage\":\"es\",\"@id\":\"https:\/\/www.noticiasradioreflejos.com.ar\/2021\/#\/schema\/person\/image\/\",\"url\":\"https:\/\/secure.gravatar.com\/avatar\/55cb5e37c1efa326397366e6974cb338056df65cb50e7d64d1cf314e87504837?s=96&d=mm&r=g\",\"contentUrl\":\"https:\/\/secure.gravatar.com\/avatar\/55cb5e37c1efa326397366e6974cb338056df65cb50e7d64d1cf314e87504837?s=96&d=mm&r=g\",\"caption\":\"Arnaldo Botto\"},\"url\":\"https:\/\/www.noticiasradioreflejos.com.ar\/2021\/author\/arnaldo\/\"}]}<\/script>\n<!-- \/ Yoast SEO plugin. -->","yoast_head_json":{"title":"El legado de un pionero: Diego Meyer recuerda a su bisabuelo en el 118\u00b0 aniversario de Sierra de la Ventana - Noticias Radio Reflejos","robots":{"index":"index","follow":"follow","max-snippet":"max-snippet:-1","max-image-preview":"max-image-preview:large","max-video-preview":"max-video-preview:-1"},"canonical":"https:\/\/www.noticiasradioreflejos.com.ar\/2021\/el-legado-de-un-pionero-diego-meyer-recuerda-a-su-bisabuelo-en-el-118-aniversario-de-sierra-de-la-ventana\/","og_locale":"es_ES","og_type":"article","og_title":"El legado de un pionero: Diego Meyer recuerda a su bisabuelo en el 118\u00b0 aniversario de Sierra de la Ventana - Noticias Radio Reflejos","og_description":"En el marco de las celebraciones por el 118\u00b0 aniversario de Sierra de la Ventana, la comunidad se reuni\u00f3 para homenajear su historia y sus ra\u00edces. Entre los presentes se destac\u00f3 la figura de Diego Meyer, bisnieto de Diedrich Daniel Meyer, fundador de la localidad, quien comparti\u00f3 an\u00e9cdotas familiares que entrelazan el amor, la visi\u00f3n [&hellip;]","og_url":"https:\/\/www.noticiasradioreflejos.com.ar\/2021\/el-legado-de-un-pionero-diego-meyer-recuerda-a-su-bisabuelo-en-el-118-aniversario-de-sierra-de-la-ventana\/","og_site_name":"Noticias Radio Reflejos","article_published_time":"2026-01-17T20:12:55+00:00","article_modified_time":"2026-01-17T20:15:50+00:00","og_image":[{"width":1477,"height":795,"url":"https:\/\/www.noticiasradioreflejos.com.ar\/2021\/wp-content\/uploads\/2026\/01\/Sierra-de-la-Ventanan-aniv-1-1.jpg","type":"image\/jpeg"}],"author":"Arnaldo Botto","twitter_card":"summary_large_image","schema":{"@context":"https:\/\/schema.org","@graph":[{"@type":"WebPage","@id":"https:\/\/www.noticiasradioreflejos.com.ar\/2021\/el-legado-de-un-pionero-diego-meyer-recuerda-a-su-bisabuelo-en-el-118-aniversario-de-sierra-de-la-ventana\/","url":"https:\/\/www.noticiasradioreflejos.com.ar\/2021\/el-legado-de-un-pionero-diego-meyer-recuerda-a-su-bisabuelo-en-el-118-aniversario-de-sierra-de-la-ventana\/","name":"El legado de un pionero: Diego Meyer recuerda a su bisabuelo en el 118\u00b0 aniversario de Sierra de la Ventana - Noticias Radio Reflejos","isPartOf":{"@id":"https:\/\/www.noticiasradioreflejos.com.ar\/2021\/#website"},"primaryImageOfPage":{"@id":"https:\/\/www.noticiasradioreflejos.com.ar\/2021\/el-legado-de-un-pionero-diego-meyer-recuerda-a-su-bisabuelo-en-el-118-aniversario-de-sierra-de-la-ventana\/#primaryimage"},"image":{"@id":"https:\/\/www.noticiasradioreflejos.com.ar\/2021\/el-legado-de-un-pionero-diego-meyer-recuerda-a-su-bisabuelo-en-el-118-aniversario-de-sierra-de-la-ventana\/#primaryimage"},"thumbnailUrl":"https:\/\/www.noticiasradioreflejos.com.ar\/2021\/wp-content\/uploads\/2026\/01\/Sierra-de-la-Ventanan-aniv-1-1.jpg","datePublished":"2026-01-17T20:12:55+00:00","dateModified":"2026-01-17T20:15:50+00:00","author":{"@id":"https:\/\/www.noticiasradioreflejos.com.ar\/2021\/#\/schema\/person\/ad82545263dcc5ec0996818884fd5fb1"},"breadcrumb":{"@id":"https:\/\/www.noticiasradioreflejos.com.ar\/2021\/el-legado-de-un-pionero-diego-meyer-recuerda-a-su-bisabuelo-en-el-118-aniversario-de-sierra-de-la-ventana\/#breadcrumb"},"inLanguage":"es","potentialAction":[{"@type":"ReadAction","target":["https:\/\/www.noticiasradioreflejos.com.ar\/2021\/el-legado-de-un-pionero-diego-meyer-recuerda-a-su-bisabuelo-en-el-118-aniversario-de-sierra-de-la-ventana\/"]}]},{"@type":"ImageObject","inLanguage":"es","@id":"https:\/\/www.noticiasradioreflejos.com.ar\/2021\/el-legado-de-un-pionero-diego-meyer-recuerda-a-su-bisabuelo-en-el-118-aniversario-de-sierra-de-la-ventana\/#primaryimage","url":"https:\/\/www.noticiasradioreflejos.com.ar\/2021\/wp-content\/uploads\/2026\/01\/Sierra-de-la-Ventanan-aniv-1-1.jpg","contentUrl":"https:\/\/www.noticiasradioreflejos.com.ar\/2021\/wp-content\/uploads\/2026\/01\/Sierra-de-la-Ventanan-aniv-1-1.jpg","width":1477,"height":795},{"@type":"BreadcrumbList","@id":"https:\/\/www.noticiasradioreflejos.com.ar\/2021\/el-legado-de-un-pionero-diego-meyer-recuerda-a-su-bisabuelo-en-el-118-aniversario-de-sierra-de-la-ventana\/#breadcrumb","itemListElement":[{"@type":"ListItem","position":1,"name":"Portada","item":"https:\/\/www.noticiasradioreflejos.com.ar\/2021\/"},{"@type":"ListItem","position":2,"name":"El legado de un pionero: Diego Meyer recuerda a su bisabuelo en el 118\u00b0 aniversario de Sierra de la Ventana"}]},{"@type":"WebSite","@id":"https:\/\/www.noticiasradioreflejos.com.ar\/2021\/#website","url":"https:\/\/www.noticiasradioreflejos.com.ar\/2021\/","name":"Noticias Radio Reflejos","description":"Las noticias de mi comarca","potentialAction":[{"@type":"SearchAction","target":{"@type":"EntryPoint","urlTemplate":"https:\/\/www.noticiasradioreflejos.com.ar\/2021\/?s={search_term_string}"},"query-input":{"@type":"PropertyValueSpecification","valueRequired":true,"valueName":"search_term_string"}}],"inLanguage":"es"},{"@type":"Person","@id":"https:\/\/www.noticiasradioreflejos.com.ar\/2021\/#\/schema\/person\/ad82545263dcc5ec0996818884fd5fb1","name":"Arnaldo Botto","image":{"@type":"ImageObject","inLanguage":"es","@id":"https:\/\/www.noticiasradioreflejos.com.ar\/2021\/#\/schema\/person\/image\/","url":"https:\/\/secure.gravatar.com\/avatar\/55cb5e37c1efa326397366e6974cb338056df65cb50e7d64d1cf314e87504837?s=96&d=mm&r=g","contentUrl":"https:\/\/secure.gravatar.com\/avatar\/55cb5e37c1efa326397366e6974cb338056df65cb50e7d64d1cf314e87504837?s=96&d=mm&r=g","caption":"Arnaldo Botto"},"url":"https:\/\/www.noticiasradioreflejos.com.ar\/2021\/author\/arnaldo\/"}]}},"_links":{"self":[{"href":"https:\/\/www.noticiasradioreflejos.com.ar\/2021\/wp-json\/wp\/v2\/posts\/131410","targetHints":{"allow":["GET"]}}],"collection":[{"href":"https:\/\/www.noticiasradioreflejos.com.ar\/2021\/wp-json\/wp\/v2\/posts"}],"about":[{"href":"https:\/\/www.noticiasradioreflejos.com.ar\/2021\/wp-json\/wp\/v2\/types\/post"}],"author":[{"embeddable":true,"href":"https:\/\/www.noticiasradioreflejos.com.ar\/2021\/wp-json\/wp\/v2\/users\/3"}],"replies":[{"embeddable":true,"href":"https:\/\/www.noticiasradioreflejos.com.ar\/2021\/wp-json\/wp\/v2\/comments?post=131410"}],"version-history":[{"count":6,"href":"https:\/\/www.noticiasradioreflejos.com.ar\/2021\/wp-json\/wp\/v2\/posts\/131410\/revisions"}],"predecessor-version":[{"id":131459,"href":"https:\/\/www.noticiasradioreflejos.com.ar\/2021\/wp-json\/wp\/v2\/posts\/131410\/revisions\/131459"}],"wp:featuredmedia":[{"embeddable":true,"href":"https:\/\/www.noticiasradioreflejos.com.ar\/2021\/wp-json\/wp\/v2\/media\/131458"}],"wp:attachment":[{"href":"https:\/\/www.noticiasradioreflejos.com.ar\/2021\/wp-json\/wp\/v2\/media?parent=131410"}],"wp:term":[{"taxonomy":"category","embeddable":true,"href":"https:\/\/www.noticiasradioreflejos.com.ar\/2021\/wp-json\/wp\/v2\/categories?post=131410"},{"taxonomy":"post_tag","embeddable":true,"href":"https:\/\/www.noticiasradioreflejos.com.ar\/2021\/wp-json\/wp\/v2\/tags?post=131410"}],"curies":[{"name":"wp","href":"https:\/\/api.w.org\/{rel}","templated":true}]}}