{"id":131406,"date":"2026-01-17T08:28:27","date_gmt":"2026-01-17T11:28:27","guid":{"rendered":"https:\/\/www.noticiasradioreflejos.com.ar\/2021\/?p=131406"},"modified":"2026-01-17T08:28:27","modified_gmt":"2026-01-17T11:28:27","slug":"la-provincia-acordo-con-los-gremios-bonaerenses-un-nuevo-aumento-salarial-en-enero","status":"publish","type":"post","link":"https:\/\/www.noticiasradioreflejos.com.ar\/2021\/la-provincia-acordo-con-los-gremios-bonaerenses-un-nuevo-aumento-salarial-en-enero\/","title":{"rendered":"La Provincia acord\u00f3 con los gremios bonaerenses un nuevo aumento salarial en enero"},"content":{"rendered":"<p>La oferta incluye un retroactivo a diciembre con el proporcional del aguinaldo; y un 3% en enero, respecto de los haberes vigentes al mes de octubre.<!--more--><\/p>\n<p>El Gobierno de la provincia de Buenos Aires acord\u00f3 un nuevo aumento salarial con los gremios docentes bonaerenses.<\/p>\n<p>Indic\u00f3 que se dio \u201cen un marco de emergencia econ\u00f3mica provocada por las pol\u00edticas del Gobierno nacional, y haciendo una mejora sustancial respecto de su anterior oferta\u201d.<\/p>\n<p>La oferta est\u00e1 compuesta por un retroactivo a diciembre; el correspondiente proporcional al medio aguinaldo y un 3% en enero, respecto de los haberes vigentes al mes de octubre.<\/p>\n<p>De esta manera, las y los trabajadores provinciales percibir\u00e1n en el salario de enero un 4,5% m\u00e1s producto del retroactivo. Tambi\u00e9n se incluye el compromiso de reapertura de las negociaciones en febrero.<\/p>\n<p>\u201cUna vez m\u00e1s, es necesario advertir acerca del complejo contexto fiscal que atraviesa la Provincia producto del recorte de transferencias no autom\u00e1ticas por parte del Gobierno nacional y la brutal ca\u00edda de la recaudaci\u00f3n. A pesar de eso, el Gobierno provincial mantiene su compromiso con la calidad de las condiciones laborales de sus trabajadores y trabajadoras y seguir\u00e1 trabajando para cumplir con sus obligaciones; en el mismo sentido, desde la gesti\u00f3n del Gobernador Axel Kicillof se ha priorizado el di\u00e1logo con las y los representantes gremiales y as\u00ed lo seguir\u00e1 haciendo\u201d, sostuvieron desde PBA en un comunicado.<\/p>\n<p>En las reuniones virtuales participaron, por el Ministerio de Econom\u00eda, el subsecretario de Coordinaci\u00f3n Econ\u00f3mica y Estad\u00edstica, Nicol\u00e1s Todesca, y la Directora Provincial de Econom\u00eda Laboral del Sector P\u00fablico, Gisela Swaels; por el Ministerio de Trabajo, el Director Provincial de la Negociaci\u00f3n Colectiva, Juan Pablo Lorenzo; por la Direcci\u00f3n General de Cultura y Educaci\u00f3n, la subsecretaria de Educaci\u00f3n, Claudia Bracchi; por la Secretar\u00eda General, la subsecretaria de Gesti\u00f3n y Empleo P\u00fablico, Ver\u00f3nica Ferraris; y por el IPS, la directora General de Administraci\u00f3n, Carmen Sarra.<\/p>\n<p>&nbsp;<\/p>\n<p><em><strong>Fuente Frente a Cano<\/strong><\/em><\/p>\n","protected":false},"excerpt":{"rendered":"<p>La oferta incluye un retroactivo a diciembre con el proporcional del aguinaldo; y un 3% en enero, respecto de los haberes vigentes al mes de octubre.<\/p>\n","protected":false},"author":3,"featured_media":96204,"comment_status":"closed","ping_status":"closed","sticky":false,"template":"","format":"standard","meta":{"footnotes":""},"categories":[36,58,24],"tags":[],"class_list":["post-131406","post","type-post","status-publish","format-standard","has-post-thumbnail","hentry","category-economia","category-gobierno","category-politica"],"yoast_head":"<!-- This site is optimized with the Yoast SEO plugin v25.9 - https:\/\/yoast.com\/wordpress\/plugins\/seo\/ -->\n<title>La Provincia acord\u00f3 con los gremios bonaerenses un nuevo aumento salarial en enero - Noticias Radio Reflejos<\/title>\n<meta name=\"robots\" content=\"index, follow, max-snippet:-1, max-image-preview:large, max-video-preview:-1\" \/>\n<link rel=\"canonical\" href=\"https:\/\/www.noticiasradioreflejos.com.ar\/2021\/la-provincia-acordo-con-los-gremios-bonaerenses-un-nuevo-aumento-salarial-en-enero\/\" \/>\n<meta property=\"og:locale\" content=\"es_ES\" \/>\n<meta property=\"og:type\" content=\"article\" \/>\n<meta property=\"og:title\" content=\"La Provincia acord\u00f3 con los gremios bonaerenses un nuevo aumento salarial en enero - Noticias Radio Reflejos\" \/>\n<meta property=\"og:description\" content=\"La oferta incluye un retroactivo a diciembre con el proporcional del aguinaldo; y un 3% en enero, respecto de los haberes vigentes al mes de octubre.\" \/>\n<meta property=\"og:url\" content=\"https:\/\/www.noticiasradioreflejos.com.ar\/2021\/la-provincia-acordo-con-los-gremios-bonaerenses-un-nuevo-aumento-salarial-en-enero\/\" \/>\n<meta property=\"og:site_name\" content=\"Noticias Radio Reflejos\" \/>\n<meta property=\"article:published_time\" content=\"2026-01-17T11:28:27+00:00\" \/>\n<meta property=\"og:image\" content=\"https:\/\/www.noticiasradioreflejos.com.ar\/2021\/wp-content\/uploads\/2023\/12\/casa-de-gobierno-la-plata.png\" \/>\n\t<meta property=\"og:image:width\" content=\"700\" \/>\n\t<meta property=\"og:image:height\" content=\"438\" \/>\n\t<meta property=\"og:image:type\" content=\"image\/png\" \/>\n<meta name=\"author\" content=\"Arnaldo Botto\" \/>\n<meta name=\"twitter:card\" content=\"summary_large_image\" \/>\n<script type=\"application\/ld+json\" class=\"yoast-schema-graph\">{\"@context\":\"https:\/\/schema.org\",\"@graph\":[{\"@type\":\"WebPage\",\"@id\":\"https:\/\/www.noticiasradioreflejos.com.ar\/2021\/la-provincia-acordo-con-los-gremios-bonaerenses-un-nuevo-aumento-salarial-en-enero\/\",\"url\":\"https:\/\/www.noticiasradioreflejos.com.ar\/2021\/la-provincia-acordo-con-los-gremios-bonaerenses-un-nuevo-aumento-salarial-en-enero\/\",\"name\":\"La Provincia acord\u00f3 con los gremios bonaerenses un nuevo aumento salarial en enero - Noticias Radio Reflejos\",\"isPartOf\":{\"@id\":\"https:\/\/www.noticiasradioreflejos.com.ar\/2021\/#website\"},\"primaryImageOfPage\":{\"@id\":\"https:\/\/www.noticiasradioreflejos.com.ar\/2021\/la-provincia-acordo-con-los-gremios-bonaerenses-un-nuevo-aumento-salarial-en-enero\/#primaryimage\"},\"image\":{\"@id\":\"https:\/\/www.noticiasradioreflejos.com.ar\/2021\/la-provincia-acordo-con-los-gremios-bonaerenses-un-nuevo-aumento-salarial-en-enero\/#primaryimage\"},\"thumbnailUrl\":\"https:\/\/www.noticiasradioreflejos.com.ar\/2021\/wp-content\/uploads\/2023\/12\/casa-de-gobierno-la-plata.png\",\"datePublished\":\"2026-01-17T11:28:27+00:00\",\"author\":{\"@id\":\"https:\/\/www.noticiasradioreflejos.com.ar\/2021\/#\/schema\/person\/ad82545263dcc5ec0996818884fd5fb1\"},\"breadcrumb\":{\"@id\":\"https:\/\/www.noticiasradioreflejos.com.ar\/2021\/la-provincia-acordo-con-los-gremios-bonaerenses-un-nuevo-aumento-salarial-en-enero\/#breadcrumb\"},\"inLanguage\":\"es\",\"potentialAction\":[{\"@type\":\"ReadAction\",\"target\":[\"https:\/\/www.noticiasradioreflejos.com.ar\/2021\/la-provincia-acordo-con-los-gremios-bonaerenses-un-nuevo-aumento-salarial-en-enero\/\"]}]},{\"@type\":\"ImageObject\",\"inLanguage\":\"es\",\"@id\":\"https:\/\/www.noticiasradioreflejos.com.ar\/2021\/la-provincia-acordo-con-los-gremios-bonaerenses-un-nuevo-aumento-salarial-en-enero\/#primaryimage\",\"url\":\"https:\/\/www.noticiasradioreflejos.com.ar\/2021\/wp-content\/uploads\/2023\/12\/casa-de-gobierno-la-plata.png\",\"contentUrl\":\"https:\/\/www.noticiasradioreflejos.com.ar\/2021\/wp-content\/uploads\/2023\/12\/casa-de-gobierno-la-plata.png\",\"width\":700,\"height\":438},{\"@type\":\"BreadcrumbList\",\"@id\":\"https:\/\/www.noticiasradioreflejos.com.ar\/2021\/la-provincia-acordo-con-los-gremios-bonaerenses-un-nuevo-aumento-salarial-en-enero\/#breadcrumb\",\"itemListElement\":[{\"@type\":\"ListItem\",\"position\":1,\"name\":\"Portada\",\"item\":\"https:\/\/www.noticiasradioreflejos.com.ar\/2021\/\"},{\"@type\":\"ListItem\",\"position\":2,\"name\":\"La Provincia acord\u00f3 con los gremios bonaerenses un nuevo aumento salarial en enero\"}]},{\"@type\":\"WebSite\",\"@id\":\"https:\/\/www.noticiasradioreflejos.com.ar\/2021\/#website\",\"url\":\"https:\/\/www.noticiasradioreflejos.com.ar\/2021\/\",\"name\":\"Noticias Radio Reflejos\",\"description\":\"Las noticias de mi comarca\",\"potentialAction\":[{\"@type\":\"SearchAction\",\"target\":{\"@type\":\"EntryPoint\",\"urlTemplate\":\"https:\/\/www.noticiasradioreflejos.com.ar\/2021\/?s={search_term_string}\"},\"query-input\":{\"@type\":\"PropertyValueSpecification\",\"valueRequired\":true,\"valueName\":\"search_term_string\"}}],\"inLanguage\":\"es\"},{\"@type\":\"Person\",\"@id\":\"https:\/\/www.noticiasradioreflejos.com.ar\/2021\/#\/schema\/person\/ad82545263dcc5ec0996818884fd5fb1\",\"name\":\"Arnaldo Botto\",\"image\":{\"@type\":\"ImageObject\",\"inLanguage\":\"es\",\"@id\":\"https:\/\/www.noticiasradioreflejos.com.ar\/2021\/#\/schema\/person\/image\/\",\"url\":\"https:\/\/secure.gravatar.com\/avatar\/55cb5e37c1efa326397366e6974cb338056df65cb50e7d64d1cf314e87504837?s=96&d=mm&r=g\",\"contentUrl\":\"https:\/\/secure.gravatar.com\/avatar\/55cb5e37c1efa326397366e6974cb338056df65cb50e7d64d1cf314e87504837?s=96&d=mm&r=g\",\"caption\":\"Arnaldo Botto\"},\"url\":\"https:\/\/www.noticiasradioreflejos.com.ar\/2021\/author\/arnaldo\/\"}]}<\/script>\n<!-- \/ Yoast SEO plugin. -->","yoast_head_json":{"title":"La Provincia acord\u00f3 con los gremios bonaerenses un nuevo aumento salarial en enero - Noticias Radio Reflejos","robots":{"index":"index","follow":"follow","max-snippet":"max-snippet:-1","max-image-preview":"max-image-preview:large","max-video-preview":"max-video-preview:-1"},"canonical":"https:\/\/www.noticiasradioreflejos.com.ar\/2021\/la-provincia-acordo-con-los-gremios-bonaerenses-un-nuevo-aumento-salarial-en-enero\/","og_locale":"es_ES","og_type":"article","og_title":"La Provincia acord\u00f3 con los gremios bonaerenses un nuevo aumento salarial en enero - Noticias Radio Reflejos","og_description":"La oferta incluye un retroactivo a diciembre con el proporcional del aguinaldo; y un 3% en enero, respecto de los haberes vigentes al mes de octubre.","og_url":"https:\/\/www.noticiasradioreflejos.com.ar\/2021\/la-provincia-acordo-con-los-gremios-bonaerenses-un-nuevo-aumento-salarial-en-enero\/","og_site_name":"Noticias Radio Reflejos","article_published_time":"2026-01-17T11:28:27+00:00","og_image":[{"width":700,"height":438,"url":"https:\/\/www.noticiasradioreflejos.com.ar\/2021\/wp-content\/uploads\/2023\/12\/casa-de-gobierno-la-plata.png","type":"image\/png"}],"author":"Arnaldo Botto","twitter_card":"summary_large_image","schema":{"@context":"https:\/\/schema.org","@graph":[{"@type":"WebPage","@id":"https:\/\/www.noticiasradioreflejos.com.ar\/2021\/la-provincia-acordo-con-los-gremios-bonaerenses-un-nuevo-aumento-salarial-en-enero\/","url":"https:\/\/www.noticiasradioreflejos.com.ar\/2021\/la-provincia-acordo-con-los-gremios-bonaerenses-un-nuevo-aumento-salarial-en-enero\/","name":"La Provincia acord\u00f3 con los gremios bonaerenses un nuevo aumento salarial en enero - Noticias Radio Reflejos","isPartOf":{"@id":"https:\/\/www.noticiasradioreflejos.com.ar\/2021\/#website"},"primaryImageOfPage":{"@id":"https:\/\/www.noticiasradioreflejos.com.ar\/2021\/la-provincia-acordo-con-los-gremios-bonaerenses-un-nuevo-aumento-salarial-en-enero\/#primaryimage"},"image":{"@id":"https:\/\/www.noticiasradioreflejos.com.ar\/2021\/la-provincia-acordo-con-los-gremios-bonaerenses-un-nuevo-aumento-salarial-en-enero\/#primaryimage"},"thumbnailUrl":"https:\/\/www.noticiasradioreflejos.com.ar\/2021\/wp-content\/uploads\/2023\/12\/casa-de-gobierno-la-plata.png","datePublished":"2026-01-17T11:28:27+00:00","author":{"@id":"https:\/\/www.noticiasradioreflejos.com.ar\/2021\/#\/schema\/person\/ad82545263dcc5ec0996818884fd5fb1"},"breadcrumb":{"@id":"https:\/\/www.noticiasradioreflejos.com.ar\/2021\/la-provincia-acordo-con-los-gremios-bonaerenses-un-nuevo-aumento-salarial-en-enero\/#breadcrumb"},"inLanguage":"es","potentialAction":[{"@type":"ReadAction","target":["https:\/\/www.noticiasradioreflejos.com.ar\/2021\/la-provincia-acordo-con-los-gremios-bonaerenses-un-nuevo-aumento-salarial-en-enero\/"]}]},{"@type":"ImageObject","inLanguage":"es","@id":"https:\/\/www.noticiasradioreflejos.com.ar\/2021\/la-provincia-acordo-con-los-gremios-bonaerenses-un-nuevo-aumento-salarial-en-enero\/#primaryimage","url":"https:\/\/www.noticiasradioreflejos.com.ar\/2021\/wp-content\/uploads\/2023\/12\/casa-de-gobierno-la-plata.png","contentUrl":"https:\/\/www.noticiasradioreflejos.com.ar\/2021\/wp-content\/uploads\/2023\/12\/casa-de-gobierno-la-plata.png","width":700,"height":438},{"@type":"BreadcrumbList","@id":"https:\/\/www.noticiasradioreflejos.com.ar\/2021\/la-provincia-acordo-con-los-gremios-bonaerenses-un-nuevo-aumento-salarial-en-enero\/#breadcrumb","itemListElement":[{"@type":"ListItem","position":1,"name":"Portada","item":"https:\/\/www.noticiasradioreflejos.com.ar\/2021\/"},{"@type":"ListItem","position":2,"name":"La Provincia acord\u00f3 con los gremios bonaerenses un nuevo aumento salarial en enero"}]},{"@type":"WebSite","@id":"https:\/\/www.noticiasradioreflejos.com.ar\/2021\/#website","url":"https:\/\/www.noticiasradioreflejos.com.ar\/2021\/","name":"Noticias Radio Reflejos","description":"Las noticias de mi comarca","potentialAction":[{"@type":"SearchAction","target":{"@type":"EntryPoint","urlTemplate":"https:\/\/www.noticiasradioreflejos.com.ar\/2021\/?s={search_term_string}"},"query-input":{"@type":"PropertyValueSpecification","valueRequired":true,"valueName":"search_term_string"}}],"inLanguage":"es"},{"@type":"Person","@id":"https:\/\/www.noticiasradioreflejos.com.ar\/2021\/#\/schema\/person\/ad82545263dcc5ec0996818884fd5fb1","name":"Arnaldo Botto","image":{"@type":"ImageObject","inLanguage":"es","@id":"https:\/\/www.noticiasradioreflejos.com.ar\/2021\/#\/schema\/person\/image\/","url":"https:\/\/secure.gravatar.com\/avatar\/55cb5e37c1efa326397366e6974cb338056df65cb50e7d64d1cf314e87504837?s=96&d=mm&r=g","contentUrl":"https:\/\/secure.gravatar.com\/avatar\/55cb5e37c1efa326397366e6974cb338056df65cb50e7d64d1cf314e87504837?s=96&d=mm&r=g","caption":"Arnaldo Botto"},"url":"https:\/\/www.noticiasradioreflejos.com.ar\/2021\/author\/arnaldo\/"}]}},"_links":{"self":[{"href":"https:\/\/www.noticiasradioreflejos.com.ar\/2021\/wp-json\/wp\/v2\/posts\/131406","targetHints":{"allow":["GET"]}}],"collection":[{"href":"https:\/\/www.noticiasradioreflejos.com.ar\/2021\/wp-json\/wp\/v2\/posts"}],"about":[{"href":"https:\/\/www.noticiasradioreflejos.com.ar\/2021\/wp-json\/wp\/v2\/types\/post"}],"author":[{"embeddable":true,"href":"https:\/\/www.noticiasradioreflejos.com.ar\/2021\/wp-json\/wp\/v2\/users\/3"}],"replies":[{"embeddable":true,"href":"https:\/\/www.noticiasradioreflejos.com.ar\/2021\/wp-json\/wp\/v2\/comments?post=131406"}],"version-history":[{"count":1,"href":"https:\/\/www.noticiasradioreflejos.com.ar\/2021\/wp-json\/wp\/v2\/posts\/131406\/revisions"}],"predecessor-version":[{"id":131407,"href":"https:\/\/www.noticiasradioreflejos.com.ar\/2021\/wp-json\/wp\/v2\/posts\/131406\/revisions\/131407"}],"wp:featuredmedia":[{"embeddable":true,"href":"https:\/\/www.noticiasradioreflejos.com.ar\/2021\/wp-json\/wp\/v2\/media\/96204"}],"wp:attachment":[{"href":"https:\/\/www.noticiasradioreflejos.com.ar\/2021\/wp-json\/wp\/v2\/media?parent=131406"}],"wp:term":[{"taxonomy":"category","embeddable":true,"href":"https:\/\/www.noticiasradioreflejos.com.ar\/2021\/wp-json\/wp\/v2\/categories?post=131406"},{"taxonomy":"post_tag","embeddable":true,"href":"https:\/\/www.noticiasradioreflejos.com.ar\/2021\/wp-json\/wp\/v2\/tags?post=131406"}],"curies":[{"name":"wp","href":"https:\/\/api.w.org\/{rel}","templated":true}]}}