{"id":131401,"date":"2026-01-17T08:16:51","date_gmt":"2026-01-17T11:16:51","guid":{"rendered":"https:\/\/www.noticiasradioreflejos.com.ar\/2021\/?p=131401"},"modified":"2026-01-17T08:42:10","modified_gmt":"2026-01-17T11:42:10","slug":"118-anos-de-grandeza-sierra-de-la-ventana-del-esplendor-de-sus-hoteles-pioneros-a-la-vanguardia-del-turismo-natural","status":"publish","type":"post","link":"https:\/\/www.noticiasradioreflejos.com.ar\/2021\/118-anos-de-grandeza-sierra-de-la-ventana-del-esplendor-de-sus-hoteles-pioneros-a-la-vanguardia-del-turismo-natural\/","title":{"rendered":"118 A\u00f1os de Grandeza: Sierra de la Ventana, del Esplendor de sus Hoteles Pioneros a la Vanguardia del Turismo Natural"},"content":{"rendered":"<p>Desde la inauguraci\u00f3n de sus primeros hoteles a principios del siglo XX hasta la consolidaci\u00f3n de la Fiesta Provincial de los Reyes Magos, la localidad celebra su aniversario reafirmando su identidad de descanso, aventura y crecimiento sostenido.<!--more--><\/p>\n<p data-path-to-node=\"4\"><b data-path-to-node=\"4\" data-index-in-node=\"0\">SIERRA DE LA VENTANA<\/b>\u00a0no es solo un destino; es un legado que hoy cumple 118 a\u00f1os. Fundada oficialmente el 17 de enero de 1908 con la llegada del ferrocarril, la localidad ha sabido maridar una historia se\u00f1orial de hoteles de lujo con un presente vibrante, donde la naturaleza del Sistema de Ventania sigue siendo la protagonista absoluta.<\/p>\n<p data-path-to-node=\"4\"><a href=\"https:\/\/www.noticiasradioreflejos.com.ar\/2021\/museo-del-tren-los-bienes-recuperados-no-son-mios-sino-son-patrimonio-de-nacion\/sierra-estacion-2\/\" rel=\"attachment wp-att-88126\"><img loading=\"lazy\" decoding=\"async\" class=\"aligncenter size-full wp-image-88126\" src=\"https:\/\/www.noticiasradioreflejos.com.ar\/2021\/wp-content\/uploads\/2023\/05\/Sierra-Estacion-2.jpeg\" alt=\"\" width=\"1600\" height=\"1197\" srcset=\"https:\/\/www.noticiasradioreflejos.com.ar\/2021\/wp-content\/uploads\/2023\/05\/Sierra-Estacion-2.jpeg 1600w, https:\/\/www.noticiasradioreflejos.com.ar\/2021\/wp-content\/uploads\/2023\/05\/Sierra-Estacion-2-300x224.jpeg 300w, https:\/\/www.noticiasradioreflejos.com.ar\/2021\/wp-content\/uploads\/2023\/05\/Sierra-Estacion-2-1024x766.jpeg 1024w, https:\/\/www.noticiasradioreflejos.com.ar\/2021\/wp-content\/uploads\/2023\/05\/Sierra-Estacion-2-768x575.jpeg 768w, https:\/\/www.noticiasradioreflejos.com.ar\/2021\/wp-content\/uploads\/2023\/05\/Sierra-Estacion-2-1536x1149.jpeg 1536w, https:\/\/www.noticiasradioreflejos.com.ar\/2021\/wp-content\/uploads\/2023\/05\/Sierra-Estacion-2-750x561.jpeg 750w, https:\/\/www.noticiasradioreflejos.com.ar\/2021\/wp-content\/uploads\/2023\/05\/Sierra-Estacion-2-1140x853.jpeg 1140w\" sizes=\"auto, (max-width: 1600px) 100vw, 1600px\" \/><\/a><\/p>\n<h3 data-path-to-node=\"5\">Los Pilares de la Hospitalidad: Un Viaje al Pasado<\/h3>\n<p data-path-to-node=\"6\">El desarrollo de Sierra de la Ventana estuvo marcado por la visi\u00f3n de pioneros que entendieron el valor de su microclima. El despertar tur\u00edstico se ciment\u00f3 sobre hitos arquitect\u00f3nicos que a\u00fan hoy resuenan en la memoria colectiva:<\/p>\n<p data-path-to-node=\"7,0,0\"><b data-path-to-node=\"7,0,0\" data-index-in-node=\"0\">El Primer Hotel:<\/b> Los cimientos de la hospitalidad se pusieron con el primer hotel de la localidad, conocido hoy como el emblem\u00e1tico <b data-path-to-node=\"7,0,0\" data-index-in-node=\"132\">\u00abHotel de la Esquina\u00bb<\/b>, punto de referencia hist\u00f3rico.<\/p>\n<p data-path-to-node=\"7,1,0\"><b data-path-to-node=\"7,1,0\" data-index-in-node=\"0\">La Era de los Grandes Hoteles:<\/b> Poco despu\u00e9s, el <b data-path-to-node=\"7,1,0\" data-index-in-node=\"48\">Hotel Belvedere<\/b> y el <b data-path-to-node=\"7,1,0\" data-index-in-node=\"69\">Hotel Provincial<\/b> elevaron la categor\u00eda del destino, atrayendo a familias que buscaban largas estad\u00edas de verano.<\/p>\n<p data-path-to-node=\"7,2,0\"><b data-path-to-node=\"7,2,0\" data-index-in-node=\"0\">El Casino y el Glamour:<\/b> Un punto de inflexi\u00f3n fue la llegada del <b data-path-to-node=\"7,2,0\" data-index-in-node=\"65\">Casino<\/b>, que durante d\u00e9cadas aport\u00f3 una vida social sofisticada, convirtiendo a la villa en un centro de entretenimiento de referencia en el sur bonaerense.<\/p>\n<p data-path-to-node=\"7,3,0\"><b data-path-to-node=\"7,3,0\" data-index-in-node=\"0\">El Exponente M\u00e1ximo:<\/b> No se puede entender esta historia sin mencionar al <b data-path-to-node=\"7,3,0\" data-index-in-node=\"73\">Club Hotel de la Ventana<\/b> (inaugurado en 1911), el \u00abTitanic de la Pampa\u00bb, que aunque hoy permanece en ruinas, marc\u00f3 el inicio de la proyecci\u00f3n internacional de la regi\u00f3n.<\/p>\n<p><a href=\"https:\/\/www.noticiasradioreflejos.com.ar\/2021\/a-111-anos-de-su-fundacion-recordamos-a-gil-quinto-malaspina-y-su-obra-en-sierra-de-la-ventana\/hotel-sierra-2\/\" rel=\"attachment wp-att-119485\"><img loading=\"lazy\" decoding=\"async\" class=\"aligncenter size-full wp-image-119485\" src=\"https:\/\/www.noticiasradioreflejos.com.ar\/2021\/wp-content\/uploads\/2019\/01\/HOTEL-SIERRA.jpg\" alt=\"\" width=\"1266\" height=\"755\" srcset=\"https:\/\/www.noticiasradioreflejos.com.ar\/2021\/wp-content\/uploads\/2019\/01\/HOTEL-SIERRA.jpg 1266w, https:\/\/www.noticiasradioreflejos.com.ar\/2021\/wp-content\/uploads\/2019\/01\/HOTEL-SIERRA-300x179.jpg 300w, https:\/\/www.noticiasradioreflejos.com.ar\/2021\/wp-content\/uploads\/2019\/01\/HOTEL-SIERRA-1024x611.jpg 1024w, https:\/\/www.noticiasradioreflejos.com.ar\/2021\/wp-content\/uploads\/2019\/01\/HOTEL-SIERRA-768x458.jpg 768w, https:\/\/www.noticiasradioreflejos.com.ar\/2021\/wp-content\/uploads\/2019\/01\/HOTEL-SIERRA-750x447.jpg 750w, https:\/\/www.noticiasradioreflejos.com.ar\/2021\/wp-content\/uploads\/2019\/01\/HOTEL-SIERRA-1140x680.jpg 1140w\" sizes=\"auto, (max-width: 1266px) 100vw, 1266px\" \/><\/a><\/p>\n<p>&nbsp;<\/p>\n<p>&nbsp;<\/p>\n<p>M\u00e1s all\u00e1 de su arquitectura, Sierra de la Ventana es famosa por su calidez humana, cristalizada en la <b data-path-to-node=\"9\" data-index-in-node=\"102\">Fiesta Provincial de los Reyes Magos<\/b>. Esta celebraci\u00f3n, que congrega a miles de familias cada enero, se ha convertido en el evento identitario por excelencia, donde la bajada de los Reyes desde el cerro hacia el predio del centro cultural envuelve al pueblo en un aura de ilusi\u00f3n y comunidad que trasciende generaciones.<\/p>\n<h3 data-path-to-node=\"10\">El Santuario de la Naturaleza y la Aventura<\/h3>\n<p data-path-to-node=\"11\">El perfil de la localidad se define por un marco de naturaleza plena que ofrece un refugio para el descanso y un escenario para la adrenalina. El <b data-path-to-node=\"11\" data-index-in-node=\"146\">Monumento Natural Cerro Ventana<\/b>, con su ic\u00f3nico hueco natural a m\u00e1s de <b data-path-to-node=\"11\" data-index-in-node=\"217\">1.100 metros sobre el nivel del mar<\/b>, es el guardi\u00e1n de la regi\u00f3n.<\/p>\n<p data-path-to-node=\"12\">El <b data-path-to-node=\"12\" data-index-in-node=\"3\">Parque Provincial Ernesto Tornquist<\/b> protege un ecosistema \u00fanico, hogar de una flora y fauna aut\u00f3ctona que incluye desde pastizales pampeanos hasta especies end\u00e9micas. Los visitantes encuentran aqu\u00ed un abanico de posibilidades: <b data-path-to-node=\"13,0,0\" data-index-in-node=\"0\">Descanso:<\/b> El murmullo de los <b data-path-to-node=\"13,0,0\" data-index-in-node=\"29\">arroyos y r\u00edos<\/b> que serpentean la villa, ideales para tardes de mates y tranquilidad.<\/p>\n<p data-path-to-node=\"13,1,0\"><b data-path-to-node=\"13,1,0\" data-index-in-node=\"0\">Aventura:<\/b> Senderismo de distintas intensidades, ascensos al Cerro Bah\u00eda Blanca, avistaje de aves y recorridos fotogr\u00e1ficos que permiten experimentar un contacto \u00edntimo con la vida silvestre.<\/p>\n<p data-path-to-node=\"13,1,0\"><a href=\"https:\/\/www.noticiasradioreflejos.com.ar\/2021\/ordenaron-a-una-prepaga-retrotraer-aumentos-aplicados-por-efecto-del-dnu-70-2023\/turismo-sierra-1\/\" rel=\"attachment wp-att-97859\"><img loading=\"lazy\" decoding=\"async\" class=\"aligncenter size-full wp-image-97859\" src=\"https:\/\/www.noticiasradioreflejos.com.ar\/2021\/wp-content\/uploads\/2024\/01\/turismo-Sierra-1.jpg\" alt=\"\" width=\"1080\" height=\"1080\" srcset=\"https:\/\/www.noticiasradioreflejos.com.ar\/2021\/wp-content\/uploads\/2024\/01\/turismo-Sierra-1.jpg 1080w, https:\/\/www.noticiasradioreflejos.com.ar\/2021\/wp-content\/uploads\/2024\/01\/turismo-Sierra-1-300x300.jpg 300w, https:\/\/www.noticiasradioreflejos.com.ar\/2021\/wp-content\/uploads\/2024\/01\/turismo-Sierra-1-1024x1024.jpg 1024w, https:\/\/www.noticiasradioreflejos.com.ar\/2021\/wp-content\/uploads\/2024\/01\/turismo-Sierra-1-150x150.jpg 150w, https:\/\/www.noticiasradioreflejos.com.ar\/2021\/wp-content\/uploads\/2024\/01\/turismo-Sierra-1-768x768.jpg 768w, https:\/\/www.noticiasradioreflejos.com.ar\/2021\/wp-content\/uploads\/2024\/01\/turismo-Sierra-1-75x75.jpg 75w, https:\/\/www.noticiasradioreflejos.com.ar\/2021\/wp-content\/uploads\/2024\/01\/turismo-Sierra-1-750x750.jpg 750w\" sizes=\"auto, (max-width: 1080px) 100vw, 1080px\" \/><\/a><\/p>\n<h3 data-path-to-node=\"14\">Un Presente de Inversi\u00f3n y un Futuro sin Techo<\/h3>\n<p data-path-to-node=\"15\">Como se mencion\u00f3 anteriormente, el gran salto demogr\u00e1fico post-2001 transform\u00f3 la fisonom\u00eda urbana. Aquella huida de los bancos hacia la seguridad del ladrillo duplic\u00f3 la poblaci\u00f3n en tiempo r\u00e9cord. Hoy, ese impulso contin\u00faa con una planificaci\u00f3n estrat\u00e9gica:<\/p>\n<p data-path-to-node=\"16\">Los \u00faltimos loteos en <b data-path-to-node=\"16\" data-index-in-node=\"22\">Cerro Ceferino<\/b>, la exclusividad de <b data-path-to-node=\"16\" data-index-in-node=\"57\">Verbenas<\/b>, el desarrollo de <b data-path-to-node=\"16\" data-index-in-node=\"84\">Parque Ventania<\/b> y <b data-path-to-node=\"16\" data-index-in-node=\"102\">Jardines del Pillahuinc\u00f3<\/b> son la antesala del proyecto m\u00e1s ambicioso: la ampliaci\u00f3n de <b data-path-to-node=\"16\" data-index-in-node=\"188\">500 hect\u00e1reas en los campos de Silenka<\/b>. Esta potente inversi\u00f3n asegura que Sierra de la Ventana siga creciendo sin perder su esencia de \u00abportal al para\u00edso\u00bb, consolid\u00e1ndose como una ciudad que tiene todo para ofrecer, pero que nunca deja de ser ese refugio de paz entre las sierras.<\/p>\n<p data-path-to-node=\"16\"><a href=\"https:\/\/www.noticiasradioreflejos.com.ar\/2021\/114-aniversario-de-sierra-de-la-ventana-fiesta-de-cumpleanos-de-nuestro-pueblo\/sierra-de-la-ventana-aire-3\/\" rel=\"attachment wp-att-66924\"><img loading=\"lazy\" decoding=\"async\" class=\"aligncenter size-full wp-image-66924\" src=\"https:\/\/www.noticiasradioreflejos.com.ar\/2021\/wp-content\/uploads\/2022\/01\/Sierra-de-la-Ventana-aire.png\" alt=\"\" width=\"955\" height=\"478\" srcset=\"https:\/\/www.noticiasradioreflejos.com.ar\/2021\/wp-content\/uploads\/2022\/01\/Sierra-de-la-Ventana-aire.png 955w, https:\/\/www.noticiasradioreflejos.com.ar\/2021\/wp-content\/uploads\/2022\/01\/Sierra-de-la-Ventana-aire-300x150.png 300w, https:\/\/www.noticiasradioreflejos.com.ar\/2021\/wp-content\/uploads\/2022\/01\/Sierra-de-la-Ventana-aire-768x384.png 768w, https:\/\/www.noticiasradioreflejos.com.ar\/2021\/wp-content\/uploads\/2022\/01\/Sierra-de-la-Ventana-aire-360x180.png 360w, https:\/\/www.noticiasradioreflejos.com.ar\/2021\/wp-content\/uploads\/2022\/01\/Sierra-de-la-Ventana-aire-750x375.png 750w\" sizes=\"auto, (max-width: 955px) 100vw, 955px\" \/><\/a><\/p>\n<h3 data-path-to-node=\"15\">Cronograma de Actividades para Hoy \u2013 S\u00e1bado 17 de Enero<\/h3>\n<p data-path-to-node=\"16\">La comunidad y los turistas podr\u00e1n disfrutar de una jornada cargada de identidad y celebraci\u00f3n:<\/p>\n<ul data-path-to-node=\"17\">\n<li>\n<p data-path-to-node=\"17,0,0\"><b data-path-to-node=\"17,0,0\" data-index-in-node=\"0\">09:30 hs \u2013 Acto Oficial:<\/b> Ceremonia protocolar en el <b data-path-to-node=\"17,0,0\" data-index-in-node=\"52\">Centro Cultural de Sierra de la Ventana<\/b>, con la presencia de autoridades y referentes institucionales para conmemorar formalmente el 118\u00b0 aniversario.<\/p>\n<\/li>\n<li>\n<p data-path-to-node=\"17,1,0\"><b data-path-to-node=\"17,1,0\" data-index-in-node=\"0\">Durante el d\u00eda:<\/b> Actividades recreativas y culturales en distintos puntos de la localidad, aprovechando el marco natural de la Comarca.<\/p>\n<\/li>\n<li>\n<p data-path-to-node=\"17,2,0\"><b data-path-to-node=\"17,2,0\" data-index-in-node=\"0\">Ma\u00f1ana, Domingo 18 (Cierre):<\/b> Los festejos culminar\u00e1n a partir de las <b data-path-to-node=\"17,2,0\" data-index-in-node=\"69\">19:30 hs<\/b> en el predio de las <b data-path-to-node=\"17,2,0\" data-index-in-node=\"98\">Piscinas Municipales<\/b> con el evento \u00abCierre en la Pile\u00bb, que contar\u00e1 con m\u00fasica en vivo y DJ para despedir el fin de semana aniversario en familia.<\/p>\n<\/li>\n<\/ul>\n","protected":false},"excerpt":{"rendered":"<p>Desde la inauguraci\u00f3n de sus primeros hoteles a principios del siglo XX hasta la consolidaci\u00f3n de la Fiesta Provincial de los Reyes Magos, la localidad celebra su aniversario reafirmando su identidad de descanso, aventura y crecimiento sostenido.<\/p>\n","protected":false},"author":3,"featured_media":125021,"comment_status":"closed","ping_status":"closed","sticky":false,"template":"","format":"standard","meta":{"footnotes":""},"categories":[26,33],"tags":[48],"class_list":["post-131401","post","type-post","status-publish","format-standard","has-post-thumbnail","hentry","category-sociedad","category-turismo","tag-destacada"],"yoast_head":"<!-- This site is optimized with the Yoast SEO plugin v25.9 - https:\/\/yoast.com\/wordpress\/plugins\/seo\/ -->\n<title>118 A\u00f1os de Grandeza: Sierra de la Ventana, del Esplendor de sus Hoteles Pioneros a la Vanguardia del Turismo Natural - Noticias Radio Reflejos<\/title>\n<meta name=\"robots\" content=\"index, follow, max-snippet:-1, max-image-preview:large, max-video-preview:-1\" \/>\n<link rel=\"canonical\" href=\"https:\/\/www.noticiasradioreflejos.com.ar\/2021\/118-anos-de-grandeza-sierra-de-la-ventana-del-esplendor-de-sus-hoteles-pioneros-a-la-vanguardia-del-turismo-natural\/\" \/>\n<meta property=\"og:locale\" content=\"es_ES\" \/>\n<meta property=\"og:type\" content=\"article\" \/>\n<meta property=\"og:title\" content=\"118 A\u00f1os de Grandeza: Sierra de la Ventana, del Esplendor de sus Hoteles Pioneros a la Vanguardia del Turismo Natural - Noticias Radio Reflejos\" \/>\n<meta property=\"og:description\" content=\"Desde la inauguraci\u00f3n de sus primeros hoteles a principios del siglo XX hasta la consolidaci\u00f3n de la Fiesta Provincial de los Reyes Magos, la localidad celebra su aniversario reafirmando su identidad de descanso, aventura y crecimiento sostenido.\" \/>\n<meta property=\"og:url\" content=\"https:\/\/www.noticiasradioreflejos.com.ar\/2021\/118-anos-de-grandeza-sierra-de-la-ventana-del-esplendor-de-sus-hoteles-pioneros-a-la-vanguardia-del-turismo-natural\/\" \/>\n<meta property=\"og:site_name\" content=\"Noticias Radio Reflejos\" \/>\n<meta property=\"article:published_time\" content=\"2026-01-17T11:16:51+00:00\" \/>\n<meta property=\"article:modified_time\" content=\"2026-01-17T11:42:10+00:00\" \/>\n<meta property=\"og:image\" content=\"https:\/\/www.noticiasradioreflejos.com.ar\/2021\/wp-content\/uploads\/2025\/09\/Sierra-cerro-ceferino-1.jpg\" \/>\n\t<meta property=\"og:image:width\" content=\"1240\" \/>\n\t<meta property=\"og:image:height\" content=\"468\" \/>\n\t<meta property=\"og:image:type\" content=\"image\/jpeg\" \/>\n<meta name=\"author\" content=\"Arnaldo Botto\" \/>\n<meta name=\"twitter:card\" content=\"summary_large_image\" \/>\n<script type=\"application\/ld+json\" class=\"yoast-schema-graph\">{\"@context\":\"https:\/\/schema.org\",\"@graph\":[{\"@type\":\"WebPage\",\"@id\":\"https:\/\/www.noticiasradioreflejos.com.ar\/2021\/118-anos-de-grandeza-sierra-de-la-ventana-del-esplendor-de-sus-hoteles-pioneros-a-la-vanguardia-del-turismo-natural\/\",\"url\":\"https:\/\/www.noticiasradioreflejos.com.ar\/2021\/118-anos-de-grandeza-sierra-de-la-ventana-del-esplendor-de-sus-hoteles-pioneros-a-la-vanguardia-del-turismo-natural\/\",\"name\":\"118 A\u00f1os de Grandeza: Sierra de la Ventana, del Esplendor de sus Hoteles Pioneros a la Vanguardia del Turismo Natural - Noticias Radio Reflejos\",\"isPartOf\":{\"@id\":\"https:\/\/www.noticiasradioreflejos.com.ar\/2021\/#website\"},\"primaryImageOfPage\":{\"@id\":\"https:\/\/www.noticiasradioreflejos.com.ar\/2021\/118-anos-de-grandeza-sierra-de-la-ventana-del-esplendor-de-sus-hoteles-pioneros-a-la-vanguardia-del-turismo-natural\/#primaryimage\"},\"image\":{\"@id\":\"https:\/\/www.noticiasradioreflejos.com.ar\/2021\/118-anos-de-grandeza-sierra-de-la-ventana-del-esplendor-de-sus-hoteles-pioneros-a-la-vanguardia-del-turismo-natural\/#primaryimage\"},\"thumbnailUrl\":\"https:\/\/www.noticiasradioreflejos.com.ar\/2021\/wp-content\/uploads\/2025\/09\/Sierra-cerro-ceferino-1.jpg\",\"datePublished\":\"2026-01-17T11:16:51+00:00\",\"dateModified\":\"2026-01-17T11:42:10+00:00\",\"author\":{\"@id\":\"https:\/\/www.noticiasradioreflejos.com.ar\/2021\/#\/schema\/person\/ad82545263dcc5ec0996818884fd5fb1\"},\"breadcrumb\":{\"@id\":\"https:\/\/www.noticiasradioreflejos.com.ar\/2021\/118-anos-de-grandeza-sierra-de-la-ventana-del-esplendor-de-sus-hoteles-pioneros-a-la-vanguardia-del-turismo-natural\/#breadcrumb\"},\"inLanguage\":\"es\",\"potentialAction\":[{\"@type\":\"ReadAction\",\"target\":[\"https:\/\/www.noticiasradioreflejos.com.ar\/2021\/118-anos-de-grandeza-sierra-de-la-ventana-del-esplendor-de-sus-hoteles-pioneros-a-la-vanguardia-del-turismo-natural\/\"]}]},{\"@type\":\"ImageObject\",\"inLanguage\":\"es\",\"@id\":\"https:\/\/www.noticiasradioreflejos.com.ar\/2021\/118-anos-de-grandeza-sierra-de-la-ventana-del-esplendor-de-sus-hoteles-pioneros-a-la-vanguardia-del-turismo-natural\/#primaryimage\",\"url\":\"https:\/\/www.noticiasradioreflejos.com.ar\/2021\/wp-content\/uploads\/2025\/09\/Sierra-cerro-ceferino-1.jpg\",\"contentUrl\":\"https:\/\/www.noticiasradioreflejos.com.ar\/2021\/wp-content\/uploads\/2025\/09\/Sierra-cerro-ceferino-1.jpg\",\"width\":1240,\"height\":468},{\"@type\":\"BreadcrumbList\",\"@id\":\"https:\/\/www.noticiasradioreflejos.com.ar\/2021\/118-anos-de-grandeza-sierra-de-la-ventana-del-esplendor-de-sus-hoteles-pioneros-a-la-vanguardia-del-turismo-natural\/#breadcrumb\",\"itemListElement\":[{\"@type\":\"ListItem\",\"position\":1,\"name\":\"Portada\",\"item\":\"https:\/\/www.noticiasradioreflejos.com.ar\/2021\/\"},{\"@type\":\"ListItem\",\"position\":2,\"name\":\"118 A\u00f1os de Grandeza: Sierra de la Ventana, del Esplendor de sus Hoteles Pioneros a la Vanguardia del Turismo Natural\"}]},{\"@type\":\"WebSite\",\"@id\":\"https:\/\/www.noticiasradioreflejos.com.ar\/2021\/#website\",\"url\":\"https:\/\/www.noticiasradioreflejos.com.ar\/2021\/\",\"name\":\"Noticias Radio Reflejos\",\"description\":\"Las noticias de mi comarca\",\"potentialAction\":[{\"@type\":\"SearchAction\",\"target\":{\"@type\":\"EntryPoint\",\"urlTemplate\":\"https:\/\/www.noticiasradioreflejos.com.ar\/2021\/?s={search_term_string}\"},\"query-input\":{\"@type\":\"PropertyValueSpecification\",\"valueRequired\":true,\"valueName\":\"search_term_string\"}}],\"inLanguage\":\"es\"},{\"@type\":\"Person\",\"@id\":\"https:\/\/www.noticiasradioreflejos.com.ar\/2021\/#\/schema\/person\/ad82545263dcc5ec0996818884fd5fb1\",\"name\":\"Arnaldo Botto\",\"image\":{\"@type\":\"ImageObject\",\"inLanguage\":\"es\",\"@id\":\"https:\/\/www.noticiasradioreflejos.com.ar\/2021\/#\/schema\/person\/image\/\",\"url\":\"https:\/\/secure.gravatar.com\/avatar\/55cb5e37c1efa326397366e6974cb338056df65cb50e7d64d1cf314e87504837?s=96&d=mm&r=g\",\"contentUrl\":\"https:\/\/secure.gravatar.com\/avatar\/55cb5e37c1efa326397366e6974cb338056df65cb50e7d64d1cf314e87504837?s=96&d=mm&r=g\",\"caption\":\"Arnaldo Botto\"},\"url\":\"https:\/\/www.noticiasradioreflejos.com.ar\/2021\/author\/arnaldo\/\"}]}<\/script>\n<!-- \/ Yoast SEO plugin. -->","yoast_head_json":{"title":"118 A\u00f1os de Grandeza: Sierra de la Ventana, del Esplendor de sus Hoteles Pioneros a la Vanguardia del Turismo Natural - Noticias Radio Reflejos","robots":{"index":"index","follow":"follow","max-snippet":"max-snippet:-1","max-image-preview":"max-image-preview:large","max-video-preview":"max-video-preview:-1"},"canonical":"https:\/\/www.noticiasradioreflejos.com.ar\/2021\/118-anos-de-grandeza-sierra-de-la-ventana-del-esplendor-de-sus-hoteles-pioneros-a-la-vanguardia-del-turismo-natural\/","og_locale":"es_ES","og_type":"article","og_title":"118 A\u00f1os de Grandeza: Sierra de la Ventana, del Esplendor de sus Hoteles Pioneros a la Vanguardia del Turismo Natural - Noticias Radio Reflejos","og_description":"Desde la inauguraci\u00f3n de sus primeros hoteles a principios del siglo XX hasta la consolidaci\u00f3n de la Fiesta Provincial de los Reyes Magos, la localidad celebra su aniversario reafirmando su identidad de descanso, aventura y crecimiento sostenido.","og_url":"https:\/\/www.noticiasradioreflejos.com.ar\/2021\/118-anos-de-grandeza-sierra-de-la-ventana-del-esplendor-de-sus-hoteles-pioneros-a-la-vanguardia-del-turismo-natural\/","og_site_name":"Noticias Radio Reflejos","article_published_time":"2026-01-17T11:16:51+00:00","article_modified_time":"2026-01-17T11:42:10+00:00","og_image":[{"width":1240,"height":468,"url":"https:\/\/www.noticiasradioreflejos.com.ar\/2021\/wp-content\/uploads\/2025\/09\/Sierra-cerro-ceferino-1.jpg","type":"image\/jpeg"}],"author":"Arnaldo Botto","twitter_card":"summary_large_image","schema":{"@context":"https:\/\/schema.org","@graph":[{"@type":"WebPage","@id":"https:\/\/www.noticiasradioreflejos.com.ar\/2021\/118-anos-de-grandeza-sierra-de-la-ventana-del-esplendor-de-sus-hoteles-pioneros-a-la-vanguardia-del-turismo-natural\/","url":"https:\/\/www.noticiasradioreflejos.com.ar\/2021\/118-anos-de-grandeza-sierra-de-la-ventana-del-esplendor-de-sus-hoteles-pioneros-a-la-vanguardia-del-turismo-natural\/","name":"118 A\u00f1os de Grandeza: Sierra de la Ventana, del Esplendor de sus Hoteles Pioneros a la Vanguardia del Turismo Natural - Noticias Radio Reflejos","isPartOf":{"@id":"https:\/\/www.noticiasradioreflejos.com.ar\/2021\/#website"},"primaryImageOfPage":{"@id":"https:\/\/www.noticiasradioreflejos.com.ar\/2021\/118-anos-de-grandeza-sierra-de-la-ventana-del-esplendor-de-sus-hoteles-pioneros-a-la-vanguardia-del-turismo-natural\/#primaryimage"},"image":{"@id":"https:\/\/www.noticiasradioreflejos.com.ar\/2021\/118-anos-de-grandeza-sierra-de-la-ventana-del-esplendor-de-sus-hoteles-pioneros-a-la-vanguardia-del-turismo-natural\/#primaryimage"},"thumbnailUrl":"https:\/\/www.noticiasradioreflejos.com.ar\/2021\/wp-content\/uploads\/2025\/09\/Sierra-cerro-ceferino-1.jpg","datePublished":"2026-01-17T11:16:51+00:00","dateModified":"2026-01-17T11:42:10+00:00","author":{"@id":"https:\/\/www.noticiasradioreflejos.com.ar\/2021\/#\/schema\/person\/ad82545263dcc5ec0996818884fd5fb1"},"breadcrumb":{"@id":"https:\/\/www.noticiasradioreflejos.com.ar\/2021\/118-anos-de-grandeza-sierra-de-la-ventana-del-esplendor-de-sus-hoteles-pioneros-a-la-vanguardia-del-turismo-natural\/#breadcrumb"},"inLanguage":"es","potentialAction":[{"@type":"ReadAction","target":["https:\/\/www.noticiasradioreflejos.com.ar\/2021\/118-anos-de-grandeza-sierra-de-la-ventana-del-esplendor-de-sus-hoteles-pioneros-a-la-vanguardia-del-turismo-natural\/"]}]},{"@type":"ImageObject","inLanguage":"es","@id":"https:\/\/www.noticiasradioreflejos.com.ar\/2021\/118-anos-de-grandeza-sierra-de-la-ventana-del-esplendor-de-sus-hoteles-pioneros-a-la-vanguardia-del-turismo-natural\/#primaryimage","url":"https:\/\/www.noticiasradioreflejos.com.ar\/2021\/wp-content\/uploads\/2025\/09\/Sierra-cerro-ceferino-1.jpg","contentUrl":"https:\/\/www.noticiasradioreflejos.com.ar\/2021\/wp-content\/uploads\/2025\/09\/Sierra-cerro-ceferino-1.jpg","width":1240,"height":468},{"@type":"BreadcrumbList","@id":"https:\/\/www.noticiasradioreflejos.com.ar\/2021\/118-anos-de-grandeza-sierra-de-la-ventana-del-esplendor-de-sus-hoteles-pioneros-a-la-vanguardia-del-turismo-natural\/#breadcrumb","itemListElement":[{"@type":"ListItem","position":1,"name":"Portada","item":"https:\/\/www.noticiasradioreflejos.com.ar\/2021\/"},{"@type":"ListItem","position":2,"name":"118 A\u00f1os de Grandeza: Sierra de la Ventana, del Esplendor de sus Hoteles Pioneros a la Vanguardia del Turismo Natural"}]},{"@type":"WebSite","@id":"https:\/\/www.noticiasradioreflejos.com.ar\/2021\/#website","url":"https:\/\/www.noticiasradioreflejos.com.ar\/2021\/","name":"Noticias Radio Reflejos","description":"Las noticias de mi comarca","potentialAction":[{"@type":"SearchAction","target":{"@type":"EntryPoint","urlTemplate":"https:\/\/www.noticiasradioreflejos.com.ar\/2021\/?s={search_term_string}"},"query-input":{"@type":"PropertyValueSpecification","valueRequired":true,"valueName":"search_term_string"}}],"inLanguage":"es"},{"@type":"Person","@id":"https:\/\/www.noticiasradioreflejos.com.ar\/2021\/#\/schema\/person\/ad82545263dcc5ec0996818884fd5fb1","name":"Arnaldo Botto","image":{"@type":"ImageObject","inLanguage":"es","@id":"https:\/\/www.noticiasradioreflejos.com.ar\/2021\/#\/schema\/person\/image\/","url":"https:\/\/secure.gravatar.com\/avatar\/55cb5e37c1efa326397366e6974cb338056df65cb50e7d64d1cf314e87504837?s=96&d=mm&r=g","contentUrl":"https:\/\/secure.gravatar.com\/avatar\/55cb5e37c1efa326397366e6974cb338056df65cb50e7d64d1cf314e87504837?s=96&d=mm&r=g","caption":"Arnaldo Botto"},"url":"https:\/\/www.noticiasradioreflejos.com.ar\/2021\/author\/arnaldo\/"}]}},"_links":{"self":[{"href":"https:\/\/www.noticiasradioreflejos.com.ar\/2021\/wp-json\/wp\/v2\/posts\/131401","targetHints":{"allow":["GET"]}}],"collection":[{"href":"https:\/\/www.noticiasradioreflejos.com.ar\/2021\/wp-json\/wp\/v2\/posts"}],"about":[{"href":"https:\/\/www.noticiasradioreflejos.com.ar\/2021\/wp-json\/wp\/v2\/types\/post"}],"author":[{"embeddable":true,"href":"https:\/\/www.noticiasradioreflejos.com.ar\/2021\/wp-json\/wp\/v2\/users\/3"}],"replies":[{"embeddable":true,"href":"https:\/\/www.noticiasradioreflejos.com.ar\/2021\/wp-json\/wp\/v2\/comments?post=131401"}],"version-history":[{"count":3,"href":"https:\/\/www.noticiasradioreflejos.com.ar\/2021\/wp-json\/wp\/v2\/posts\/131401\/revisions"}],"predecessor-version":[{"id":131409,"href":"https:\/\/www.noticiasradioreflejos.com.ar\/2021\/wp-json\/wp\/v2\/posts\/131401\/revisions\/131409"}],"wp:featuredmedia":[{"embeddable":true,"href":"https:\/\/www.noticiasradioreflejos.com.ar\/2021\/wp-json\/wp\/v2\/media\/125021"}],"wp:attachment":[{"href":"https:\/\/www.noticiasradioreflejos.com.ar\/2021\/wp-json\/wp\/v2\/media?parent=131401"}],"wp:term":[{"taxonomy":"category","embeddable":true,"href":"https:\/\/www.noticiasradioreflejos.com.ar\/2021\/wp-json\/wp\/v2\/categories?post=131401"},{"taxonomy":"post_tag","embeddable":true,"href":"https:\/\/www.noticiasradioreflejos.com.ar\/2021\/wp-json\/wp\/v2\/tags?post=131401"}],"curies":[{"name":"wp","href":"https:\/\/api.w.org\/{rel}","templated":true}]}}