{"id":13140,"date":"2017-08-04T11:28:45","date_gmt":"2017-08-04T14:28:45","guid":{"rendered":"http:\/\/www.noticiasradioreflejos.com.ar\/noticias\/?p=13140"},"modified":"2017-08-04T11:28:45","modified_gmt":"2017-08-04T14:28:45","slug":"comunicado-de-las-secretarias-de-seguridad-y-turismo-municipal","status":"publish","type":"post","link":"https:\/\/www.noticiasradioreflejos.com.ar\/2021\/comunicado-de-las-secretarias-de-seguridad-y-turismo-municipal\/","title":{"rendered":"Comunicado de las Secretarias de Seguridad y Turismo municipal"},"content":{"rendered":"<p>Las Secretar\u00edas de Turismo y Seguridad municipal informan a los vecinos de Villa Ventana que, a partir del lunes 21 de agosto del corriente mes, se llevar\u00e1 a cabo el recambio de postes en mal estado, se retirar\u00e1n los nomencladores de las calles para repararlos y se sacar\u00e1 la carteler\u00eda publicitaria.<!--more--><br \/>\nLos propietarios de las mismas deber\u00e1n retirarla en la delegaci\u00f3n municipal en el horario habitual de atenci\u00f3n al p\u00fablico para posteriormente acondicionarlas de acuerdo a lo que regula la Ordenanza vigente.<br \/>\nA partir del 18 de septiembre los prestadores podr\u00e1n acercarlos a la delegaci\u00f3n, para que personal municipal los instale nuevamente en los postes correspondientes, cumpliendo, de esta manera, con los requerimientos establecidos seg\u00fan la Ordenanza N\u00ba 2774\/15 que se detallan a continuaci\u00f3n:<br \/>\nART\u00cdCULO 8\u00ba: Toda carteler\u00eda contemplada en la presente ordenanza debe contar con la autorizaci\u00f3n de la oficina de Inspecci\u00f3n previa a su emplazamiento, la que ser\u00e1 la encargada de otorgar el permiso de colocaci\u00f3n de carteler\u00eda y fiscalizar la misma, entregando la numeraci\u00f3n correspondiente, la cual coincidir\u00e1 con el n\u00famero de habilitaci\u00f3n del comercio.<\/p>\n","protected":false},"excerpt":{"rendered":"<p>Las Secretar\u00edas de Turismo y Seguridad municipal informan a los vecinos de Villa Ventana que, a partir del lunes 21 de agosto del corriente mes, se llevar\u00e1 a cabo el recambio de postes en mal estado, se retirar\u00e1n los nomencladores de las calles para repararlos y se sacar\u00e1 la carteler\u00eda publicitaria.<\/p>\n","protected":false},"author":3,"featured_media":0,"comment_status":"closed","ping_status":"open","sticky":false,"template":"","format":"standard","meta":{"footnotes":""},"categories":[28],"tags":[],"class_list":["post-13140","post","type-post","status-publish","format-standard","hentry","category-municipales"],"yoast_head":"<!-- This site is optimized with the Yoast SEO plugin v25.9 - https:\/\/yoast.com\/wordpress\/plugins\/seo\/ -->\n<title>Comunicado de las Secretarias de Seguridad y Turismo municipal - Noticias Radio Reflejos<\/title>\n<meta name=\"robots\" content=\"index, follow, max-snippet:-1, max-image-preview:large, max-video-preview:-1\" \/>\n<link rel=\"canonical\" href=\"https:\/\/www.noticiasradioreflejos.com.ar\/2021\/comunicado-de-las-secretarias-de-seguridad-y-turismo-municipal\/\" \/>\n<meta property=\"og:locale\" content=\"es_ES\" \/>\n<meta property=\"og:type\" content=\"article\" \/>\n<meta property=\"og:title\" content=\"Comunicado de las Secretarias de Seguridad y Turismo municipal - Noticias Radio Reflejos\" \/>\n<meta property=\"og:description\" content=\"Las Secretar\u00edas de Turismo y Seguridad municipal informan a los vecinos de Villa Ventana que, a partir del lunes 21 de agosto del corriente mes, se llevar\u00e1 a cabo el recambio de postes en mal estado, se retirar\u00e1n los nomencladores de las calles para repararlos y se sacar\u00e1 la carteler\u00eda publicitaria.\" \/>\n<meta property=\"og:url\" content=\"https:\/\/www.noticiasradioreflejos.com.ar\/2021\/comunicado-de-las-secretarias-de-seguridad-y-turismo-municipal\/\" \/>\n<meta property=\"og:site_name\" content=\"Noticias Radio Reflejos\" \/>\n<meta property=\"article:published_time\" content=\"2017-08-04T14:28:45+00:00\" \/>\n<meta property=\"og:image\" content=\"https:\/\/www.noticiasradioreflejos.com.ar\/2021\/wp-content\/uploads\/2021\/07\/logosol300x200.png\" \/>\n\t<meta property=\"og:image:width\" content=\"300\" \/>\n\t<meta property=\"og:image:height\" content=\"200\" \/>\n\t<meta property=\"og:image:type\" content=\"image\/png\" \/>\n<meta name=\"author\" content=\"Arnaldo Botto\" \/>\n<meta name=\"twitter:card\" content=\"summary_large_image\" \/>\n<script type=\"application\/ld+json\" class=\"yoast-schema-graph\">{\"@context\":\"https:\/\/schema.org\",\"@graph\":[{\"@type\":\"WebPage\",\"@id\":\"https:\/\/www.noticiasradioreflejos.com.ar\/2021\/comunicado-de-las-secretarias-de-seguridad-y-turismo-municipal\/\",\"url\":\"https:\/\/www.noticiasradioreflejos.com.ar\/2021\/comunicado-de-las-secretarias-de-seguridad-y-turismo-municipal\/\",\"name\":\"Comunicado de las Secretarias de Seguridad y Turismo municipal - Noticias Radio Reflejos\",\"isPartOf\":{\"@id\":\"https:\/\/www.noticiasradioreflejos.com.ar\/2021\/#website\"},\"datePublished\":\"2017-08-04T14:28:45+00:00\",\"author\":{\"@id\":\"https:\/\/www.noticiasradioreflejos.com.ar\/2021\/#\/schema\/person\/ad82545263dcc5ec0996818884fd5fb1\"},\"breadcrumb\":{\"@id\":\"https:\/\/www.noticiasradioreflejos.com.ar\/2021\/comunicado-de-las-secretarias-de-seguridad-y-turismo-municipal\/#breadcrumb\"},\"inLanguage\":\"es\",\"potentialAction\":[{\"@type\":\"ReadAction\",\"target\":[\"https:\/\/www.noticiasradioreflejos.com.ar\/2021\/comunicado-de-las-secretarias-de-seguridad-y-turismo-municipal\/\"]}]},{\"@type\":\"BreadcrumbList\",\"@id\":\"https:\/\/www.noticiasradioreflejos.com.ar\/2021\/comunicado-de-las-secretarias-de-seguridad-y-turismo-municipal\/#breadcrumb\",\"itemListElement\":[{\"@type\":\"ListItem\",\"position\":1,\"name\":\"Portada\",\"item\":\"https:\/\/www.noticiasradioreflejos.com.ar\/2021\/\"},{\"@type\":\"ListItem\",\"position\":2,\"name\":\"Comunicado de las Secretarias de Seguridad y Turismo municipal\"}]},{\"@type\":\"WebSite\",\"@id\":\"https:\/\/www.noticiasradioreflejos.com.ar\/2021\/#website\",\"url\":\"https:\/\/www.noticiasradioreflejos.com.ar\/2021\/\",\"name\":\"Noticias Radio Reflejos\",\"description\":\"Las noticias de mi comarca\",\"potentialAction\":[{\"@type\":\"SearchAction\",\"target\":{\"@type\":\"EntryPoint\",\"urlTemplate\":\"https:\/\/www.noticiasradioreflejos.com.ar\/2021\/?s={search_term_string}\"},\"query-input\":{\"@type\":\"PropertyValueSpecification\",\"valueRequired\":true,\"valueName\":\"search_term_string\"}}],\"inLanguage\":\"es\"},{\"@type\":\"Person\",\"@id\":\"https:\/\/www.noticiasradioreflejos.com.ar\/2021\/#\/schema\/person\/ad82545263dcc5ec0996818884fd5fb1\",\"name\":\"Arnaldo Botto\",\"image\":{\"@type\":\"ImageObject\",\"inLanguage\":\"es\",\"@id\":\"https:\/\/www.noticiasradioreflejos.com.ar\/2021\/#\/schema\/person\/image\/\",\"url\":\"https:\/\/secure.gravatar.com\/avatar\/55cb5e37c1efa326397366e6974cb338056df65cb50e7d64d1cf314e87504837?s=96&d=mm&r=g\",\"contentUrl\":\"https:\/\/secure.gravatar.com\/avatar\/55cb5e37c1efa326397366e6974cb338056df65cb50e7d64d1cf314e87504837?s=96&d=mm&r=g\",\"caption\":\"Arnaldo Botto\"},\"url\":\"https:\/\/www.noticiasradioreflejos.com.ar\/2021\/author\/arnaldo\/\"}]}<\/script>\n<!-- \/ Yoast SEO plugin. -->","yoast_head_json":{"title":"Comunicado de las Secretarias de Seguridad y Turismo municipal - Noticias Radio Reflejos","robots":{"index":"index","follow":"follow","max-snippet":"max-snippet:-1","max-image-preview":"max-image-preview:large","max-video-preview":"max-video-preview:-1"},"canonical":"https:\/\/www.noticiasradioreflejos.com.ar\/2021\/comunicado-de-las-secretarias-de-seguridad-y-turismo-municipal\/","og_locale":"es_ES","og_type":"article","og_title":"Comunicado de las Secretarias de Seguridad y Turismo municipal - Noticias Radio Reflejos","og_description":"Las Secretar\u00edas de Turismo y Seguridad municipal informan a los vecinos de Villa Ventana que, a partir del lunes 21 de agosto del corriente mes, se llevar\u00e1 a cabo el recambio de postes en mal estado, se retirar\u00e1n los nomencladores de las calles para repararlos y se sacar\u00e1 la carteler\u00eda publicitaria.","og_url":"https:\/\/www.noticiasradioreflejos.com.ar\/2021\/comunicado-de-las-secretarias-de-seguridad-y-turismo-municipal\/","og_site_name":"Noticias Radio Reflejos","article_published_time":"2017-08-04T14:28:45+00:00","og_image":[{"width":300,"height":200,"url":"https:\/\/www.noticiasradioreflejos.com.ar\/2021\/wp-content\/uploads\/2021\/07\/logosol300x200.png","type":"image\/png"}],"author":"Arnaldo Botto","twitter_card":"summary_large_image","schema":{"@context":"https:\/\/schema.org","@graph":[{"@type":"WebPage","@id":"https:\/\/www.noticiasradioreflejos.com.ar\/2021\/comunicado-de-las-secretarias-de-seguridad-y-turismo-municipal\/","url":"https:\/\/www.noticiasradioreflejos.com.ar\/2021\/comunicado-de-las-secretarias-de-seguridad-y-turismo-municipal\/","name":"Comunicado de las Secretarias de Seguridad y Turismo municipal - Noticias Radio Reflejos","isPartOf":{"@id":"https:\/\/www.noticiasradioreflejos.com.ar\/2021\/#website"},"datePublished":"2017-08-04T14:28:45+00:00","author":{"@id":"https:\/\/www.noticiasradioreflejos.com.ar\/2021\/#\/schema\/person\/ad82545263dcc5ec0996818884fd5fb1"},"breadcrumb":{"@id":"https:\/\/www.noticiasradioreflejos.com.ar\/2021\/comunicado-de-las-secretarias-de-seguridad-y-turismo-municipal\/#breadcrumb"},"inLanguage":"es","potentialAction":[{"@type":"ReadAction","target":["https:\/\/www.noticiasradioreflejos.com.ar\/2021\/comunicado-de-las-secretarias-de-seguridad-y-turismo-municipal\/"]}]},{"@type":"BreadcrumbList","@id":"https:\/\/www.noticiasradioreflejos.com.ar\/2021\/comunicado-de-las-secretarias-de-seguridad-y-turismo-municipal\/#breadcrumb","itemListElement":[{"@type":"ListItem","position":1,"name":"Portada","item":"https:\/\/www.noticiasradioreflejos.com.ar\/2021\/"},{"@type":"ListItem","position":2,"name":"Comunicado de las Secretarias de Seguridad y Turismo municipal"}]},{"@type":"WebSite","@id":"https:\/\/www.noticiasradioreflejos.com.ar\/2021\/#website","url":"https:\/\/www.noticiasradioreflejos.com.ar\/2021\/","name":"Noticias Radio Reflejos","description":"Las noticias de mi comarca","potentialAction":[{"@type":"SearchAction","target":{"@type":"EntryPoint","urlTemplate":"https:\/\/www.noticiasradioreflejos.com.ar\/2021\/?s={search_term_string}"},"query-input":{"@type":"PropertyValueSpecification","valueRequired":true,"valueName":"search_term_string"}}],"inLanguage":"es"},{"@type":"Person","@id":"https:\/\/www.noticiasradioreflejos.com.ar\/2021\/#\/schema\/person\/ad82545263dcc5ec0996818884fd5fb1","name":"Arnaldo Botto","image":{"@type":"ImageObject","inLanguage":"es","@id":"https:\/\/www.noticiasradioreflejos.com.ar\/2021\/#\/schema\/person\/image\/","url":"https:\/\/secure.gravatar.com\/avatar\/55cb5e37c1efa326397366e6974cb338056df65cb50e7d64d1cf314e87504837?s=96&d=mm&r=g","contentUrl":"https:\/\/secure.gravatar.com\/avatar\/55cb5e37c1efa326397366e6974cb338056df65cb50e7d64d1cf314e87504837?s=96&d=mm&r=g","caption":"Arnaldo Botto"},"url":"https:\/\/www.noticiasradioreflejos.com.ar\/2021\/author\/arnaldo\/"}]}},"_links":{"self":[{"href":"https:\/\/www.noticiasradioreflejos.com.ar\/2021\/wp-json\/wp\/v2\/posts\/13140","targetHints":{"allow":["GET"]}}],"collection":[{"href":"https:\/\/www.noticiasradioreflejos.com.ar\/2021\/wp-json\/wp\/v2\/posts"}],"about":[{"href":"https:\/\/www.noticiasradioreflejos.com.ar\/2021\/wp-json\/wp\/v2\/types\/post"}],"author":[{"embeddable":true,"href":"https:\/\/www.noticiasradioreflejos.com.ar\/2021\/wp-json\/wp\/v2\/users\/3"}],"replies":[{"embeddable":true,"href":"https:\/\/www.noticiasradioreflejos.com.ar\/2021\/wp-json\/wp\/v2\/comments?post=13140"}],"version-history":[{"count":0,"href":"https:\/\/www.noticiasradioreflejos.com.ar\/2021\/wp-json\/wp\/v2\/posts\/13140\/revisions"}],"wp:attachment":[{"href":"https:\/\/www.noticiasradioreflejos.com.ar\/2021\/wp-json\/wp\/v2\/media?parent=13140"}],"wp:term":[{"taxonomy":"category","embeddable":true,"href":"https:\/\/www.noticiasradioreflejos.com.ar\/2021\/wp-json\/wp\/v2\/categories?post=13140"},{"taxonomy":"post_tag","embeddable":true,"href":"https:\/\/www.noticiasradioreflejos.com.ar\/2021\/wp-json\/wp\/v2\/tags?post=13140"}],"curies":[{"name":"wp","href":"https:\/\/api.w.org\/{rel}","templated":true}]}}