{"id":131387,"date":"2026-01-17T13:23:46","date_gmt":"2026-01-17T16:23:46","guid":{"rendered":"https:\/\/www.noticiasradioreflejos.com.ar\/2021\/?p=131387"},"modified":"2026-01-17T13:30:24","modified_gmt":"2026-01-17T16:30:24","slug":"aroma-a-campo-el-legado-sensorial-de-carina-di-caro-en-el-corazon-de-saldungaray","status":"publish","type":"post","link":"https:\/\/www.noticiasradioreflejos.com.ar\/2021\/aroma-a-campo-el-legado-sensorial-de-carina-di-caro-en-el-corazon-de-saldungaray\/","title":{"rendered":"Aroma a Campo: el legado sensorial de Carina Di Caro en el coraz\u00f3n de Saldungaray"},"content":{"rendered":"<p data-path-to-node=\"2\">La emprendedora present\u00f3 su l\u00ednea de productos agroecol\u00f3gicos basados en la lavanda y aromas regionales. Con una propuesta que combina lo artesanal con la innovaci\u00f3n \u2014incluyendo un exclusivo chocolate con lavanda\u2014, busca transformar su conexi\u00f3n emocional con la Comarca Serrana en un sello distintivo y personal.<!--more--><\/p>\n<p data-path-to-node=\"4\">Carina Di Caro, emprendedora que vacaciona en Saldungaray desde su nacimiento, presenta su l\u00ednea de productos basados en la lavanda y aromas regionales. Con una producci\u00f3n agroecol\u00f3gica y org\u00e1nica, busca dejar una huella personal a trav\u00e9s de creaciones que van desde aceites esenciales hasta un innovador chocolate con lavanda.<\/p>\n<p data-path-to-node=\"4\"><a href=\"https:\/\/www.noticiasradioreflejos.com.ar\/2021\/aroma-a-campo-el-legado-sensorial-de-carina-di-caro-en-el-corazon-de-saldungaray\/carina-di-caro-3\/\" rel=\"attachment wp-att-131429\"><img loading=\"lazy\" decoding=\"async\" class=\"aligncenter size-full wp-image-131429\" src=\"https:\/\/www.noticiasradioreflejos.com.ar\/2021\/wp-content\/uploads\/2026\/01\/Carina-Di-Caro-3.jpeg\" alt=\"\" width=\"1160\" height=\"868\" srcset=\"https:\/\/www.noticiasradioreflejos.com.ar\/2021\/wp-content\/uploads\/2026\/01\/Carina-Di-Caro-3.jpeg 1160w, https:\/\/www.noticiasradioreflejos.com.ar\/2021\/wp-content\/uploads\/2026\/01\/Carina-Di-Caro-3-300x224.jpeg 300w, https:\/\/www.noticiasradioreflejos.com.ar\/2021\/wp-content\/uploads\/2026\/01\/Carina-Di-Caro-3-1024x766.jpeg 1024w, https:\/\/www.noticiasradioreflejos.com.ar\/2021\/wp-content\/uploads\/2026\/01\/Carina-Di-Caro-3-768x575.jpeg 768w, https:\/\/www.noticiasradioreflejos.com.ar\/2021\/wp-content\/uploads\/2026\/01\/Carina-Di-Caro-3-750x561.jpeg 750w, https:\/\/www.noticiasradioreflejos.com.ar\/2021\/wp-content\/uploads\/2026\/01\/Carina-Di-Caro-3-1140x853.jpeg 1140w\" sizes=\"auto, (max-width: 1160px) 100vw, 1160px\" \/><\/a><\/p>\n<p data-path-to-node=\"5\">Para Carina Di Caro, la Comarca Serrana no es su lugar de origen, pero s\u00ed el escenario de todos sus veranos desde que naci\u00f3. \u00abLa primera casa de hormig\u00f3n en el pueblo de Saldungaray fue mi casa, nuestra casa de vacaciones\u00bb, recuerda con nostalgia, se\u00f1alando que el v\u00ednculo con el pueblo es parte fundamental de su identidad. Esa conexi\u00f3n emocional fue el motor que la llev\u00f3, durante un festejo de cumplea\u00f1os en Buenos Aires, a proyectar un emprendimiento que la mantuviera vinculada a su lugar en el mundo: \u00abDije que hay que traerse los aromas de all\u00e1 para ac\u00e1\u00bb, relata sobre el nacimiento de <b data-path-to-node=\"5\" data-index-in-node=\"593\">Aroma a Campo by Carina Di Caro<\/b>.<\/p>\n<p data-path-to-node=\"6\">M\u00e1s all\u00e1 de lo comercial, la marca guarda un significado profundamente personal y espiritual. Ante la noticia de que no podr\u00eda tener hijos, Carina decidi\u00f3 canalizar su legado a trav\u00e9s de este proyecto: \u00abTom\u00e9 la decisi\u00f3n de dejar una huella en esta vida; mi descendencia va a ser mi marca\u00bb. As\u00ed, las fragancias de eucalipto, romero y, especialmente, las lavandas, se convirtieron en el sello distintivo de una propuesta que hoy se expande con firmeza.<\/p>\n<p data-path-to-node=\"6\"><a href=\"https:\/\/www.noticiasradioreflejos.com.ar\/2021\/aroma-a-campo-el-legado-sensorial-de-carina-di-caro-en-el-corazon-de-saldungaray\/carina-di-caro-2\/\" rel=\"attachment wp-att-131428\"><img loading=\"lazy\" decoding=\"async\" class=\"aligncenter size-full wp-image-131428\" src=\"https:\/\/www.noticiasradioreflejos.com.ar\/2021\/wp-content\/uploads\/2026\/01\/Carina-Di-Caro-2.jpeg\" alt=\"\" width=\"1440\" height=\"1440\" srcset=\"https:\/\/www.noticiasradioreflejos.com.ar\/2021\/wp-content\/uploads\/2026\/01\/Carina-Di-Caro-2.jpeg 1440w, https:\/\/www.noticiasradioreflejos.com.ar\/2021\/wp-content\/uploads\/2026\/01\/Carina-Di-Caro-2-300x300.jpeg 300w, https:\/\/www.noticiasradioreflejos.com.ar\/2021\/wp-content\/uploads\/2026\/01\/Carina-Di-Caro-2-1024x1024.jpeg 1024w, https:\/\/www.noticiasradioreflejos.com.ar\/2021\/wp-content\/uploads\/2026\/01\/Carina-Di-Caro-2-150x150.jpeg 150w, https:\/\/www.noticiasradioreflejos.com.ar\/2021\/wp-content\/uploads\/2026\/01\/Carina-Di-Caro-2-768x768.jpeg 768w, https:\/\/www.noticiasradioreflejos.com.ar\/2021\/wp-content\/uploads\/2026\/01\/Carina-Di-Caro-2-75x75.jpeg 75w, https:\/\/www.noticiasradioreflejos.com.ar\/2021\/wp-content\/uploads\/2026\/01\/Carina-Di-Caro-2-750x750.jpeg 750w, https:\/\/www.noticiasradioreflejos.com.ar\/2021\/wp-content\/uploads\/2026\/01\/Carina-Di-Caro-2-1140x1140.jpeg 1140w\" sizes=\"auto, (max-width: 1440px) 100vw, 1440px\" \/><\/a><\/p>\n<p data-path-to-node=\"7\">Actualmente, el proceso productivo se apoya en el trabajo conjunto con cinco campos de la comarca, bajo est\u00e1ndares de producci\u00f3n org\u00e1nica certificada, agroecol\u00f3gica y biol\u00f3gica. \u00abSon diferentes tipos de producciones que dan resultados distintos en el producto final\u00bb, explica Carina, quien se instala los tres meses de verano en la zona para gestionar personalmente la cosecha de sus cinco variedades de lavanda, realizar producciones fotogr\u00e1ficas y supervisar la calidad de los insumos.<\/p>\n<p data-path-to-node=\"8\">La l\u00ednea de productos es extensa y variada: incluye velas, antifaces de yoga y de dormir, almohadillas, sales de ba\u00f1o, aceites e hidrolatos, adem\u00e1s de regalos empresariales. Sin embargo, el producto que m\u00e1s curiosidad despierta es su chocolate con lavanda. \u00abEs chocolate blanco; en boca sent\u00eds el choque del dulce con el frescor de la lavanda\u00bb, describe, aclarando que utiliza variedades comestibles espec\u00edficas y que, al ser un producto sin conservantes, lo elabora exclusivamente bajo pedido para garantizar su frescura.<\/p>\n<p data-path-to-node=\"9\">Con una s\u00f3lida formaci\u00f3n y la experiencia de haber liderado negocios familiares desde los 21 a\u00f1os tras el fallecimiento de su padre, Carina aplica todo su conocimiento en este proyecto. A pesar del crecimiento, mantiene clara su filosof\u00eda: \u00abMi plan de negocio est\u00e1 en plena expansi\u00f3n, pero no tiene que perder la vieja usanza de lo artesanal. Hoy me considero una emprendedora, no una empresaria. Esta es una microempresa artesanal de productos con flores de lavanda\u00bb.<\/p>\n<audio class=\"wp-audio-shortcode\" id=\"audio-131387-1\" preload=\"none\" style=\"width: 100%;\" controls=\"controls\"><source type=\"audio\/mpeg\" src=\"https:\/\/www.noticiasradioreflejos.com.ar\/2021\/wp-content\/uploads\/2026\/01\/Carina-Di-Caro-Asempio-16-01.mp3?_=1\" \/><a href=\"https:\/\/www.noticiasradioreflejos.com.ar\/2021\/wp-content\/uploads\/2026\/01\/Carina-Di-Caro-Asempio-16-01.mp3\">https:\/\/www.noticiasradioreflejos.com.ar\/2021\/wp-content\/uploads\/2026\/01\/Carina-Di-Caro-Asempio-16-01.mp3<\/a><\/audio>\n<p>&nbsp;<\/p>\n<p><a href=\"https:\/\/www.noticiasradioreflejos.com.ar\/2021\/aroma-a-campo-el-legado-sensorial-de-carina-di-caro-en-el-corazon-de-saldungaray\/carina-di-caro-4\/\" rel=\"attachment wp-att-131426\"><img loading=\"lazy\" decoding=\"async\" class=\"aligncenter size-full wp-image-131426\" src=\"https:\/\/www.noticiasradioreflejos.com.ar\/2021\/wp-content\/uploads\/2026\/01\/Carina-Di-Caro-4.jpeg\" alt=\"\" width=\"1251\" height=\"1280\" srcset=\"https:\/\/www.noticiasradioreflejos.com.ar\/2021\/wp-content\/uploads\/2026\/01\/Carina-Di-Caro-4.jpeg 1251w, https:\/\/www.noticiasradioreflejos.com.ar\/2021\/wp-content\/uploads\/2026\/01\/Carina-Di-Caro-4-293x300.jpeg 293w, https:\/\/www.noticiasradioreflejos.com.ar\/2021\/wp-content\/uploads\/2026\/01\/Carina-Di-Caro-4-1001x1024.jpeg 1001w, https:\/\/www.noticiasradioreflejos.com.ar\/2021\/wp-content\/uploads\/2026\/01\/Carina-Di-Caro-4-768x786.jpeg 768w, https:\/\/www.noticiasradioreflejos.com.ar\/2021\/wp-content\/uploads\/2026\/01\/Carina-Di-Caro-4-750x767.jpeg 750w, https:\/\/www.noticiasradioreflejos.com.ar\/2021\/wp-content\/uploads\/2026\/01\/Carina-Di-Caro-4-1140x1166.jpeg 1140w\" sizes=\"auto, (max-width: 1251px) 100vw, 1251px\" \/><\/a><\/p>\n<p>&nbsp;<\/p>\n","protected":false},"excerpt":{"rendered":"<p>La emprendedora present\u00f3 su l\u00ednea de productos agroecol\u00f3gicos basados en la lavanda y aromas regionales. Con una propuesta que combina lo artesanal con la innovaci\u00f3n \u2014incluyendo un exclusivo chocolate con lavanda\u2014, busca transformar su conexi\u00f3n emocional con la Comarca Serrana en un sello distintivo y personal.<\/p>\n","protected":false},"author":3,"featured_media":131427,"comment_status":"closed","ping_status":"closed","sticky":false,"template":"","format":"standard","meta":{"footnotes":""},"categories":[36,26,33],"tags":[48],"class_list":["post-131387","post","type-post","status-publish","format-standard","has-post-thumbnail","hentry","category-economia","category-sociedad","category-turismo","tag-destacada"],"yoast_head":"<!-- This site is optimized with the Yoast SEO plugin v25.9 - https:\/\/yoast.com\/wordpress\/plugins\/seo\/ -->\n<title>Aroma a Campo: el legado sensorial de Carina Di Caro en el coraz\u00f3n de Saldungaray - Noticias Radio Reflejos<\/title>\n<meta name=\"robots\" content=\"index, follow, max-snippet:-1, max-image-preview:large, max-video-preview:-1\" \/>\n<link rel=\"canonical\" href=\"https:\/\/www.noticiasradioreflejos.com.ar\/2021\/aroma-a-campo-el-legado-sensorial-de-carina-di-caro-en-el-corazon-de-saldungaray\/\" \/>\n<meta property=\"og:locale\" content=\"es_ES\" \/>\n<meta property=\"og:type\" content=\"article\" \/>\n<meta property=\"og:title\" content=\"Aroma a Campo: el legado sensorial de Carina Di Caro en el coraz\u00f3n de Saldungaray - Noticias Radio Reflejos\" \/>\n<meta property=\"og:description\" content=\"La emprendedora present\u00f3 su l\u00ednea de productos agroecol\u00f3gicos basados en la lavanda y aromas regionales. Con una propuesta que combina lo artesanal con la innovaci\u00f3n \u2014incluyendo un exclusivo chocolate con lavanda\u2014, busca transformar su conexi\u00f3n emocional con la Comarca Serrana en un sello distintivo y personal.\" \/>\n<meta property=\"og:url\" content=\"https:\/\/www.noticiasradioreflejos.com.ar\/2021\/aroma-a-campo-el-legado-sensorial-de-carina-di-caro-en-el-corazon-de-saldungaray\/\" \/>\n<meta property=\"og:site_name\" content=\"Noticias Radio Reflejos\" \/>\n<meta property=\"article:published_time\" content=\"2026-01-17T16:23:46+00:00\" \/>\n<meta property=\"article:modified_time\" content=\"2026-01-17T16:30:24+00:00\" \/>\n<meta property=\"og:image\" content=\"https:\/\/www.noticiasradioreflejos.com.ar\/2021\/wp-content\/uploads\/2026\/01\/Carina-Di-Caro-1.jpeg\" \/>\n\t<meta property=\"og:image:width\" content=\"431\" \/>\n\t<meta property=\"og:image:height\" content=\"431\" \/>\n\t<meta property=\"og:image:type\" content=\"image\/jpeg\" \/>\n<meta name=\"author\" content=\"Arnaldo Botto\" \/>\n<meta name=\"twitter:card\" content=\"summary_large_image\" \/>\n<script type=\"application\/ld+json\" class=\"yoast-schema-graph\">{\"@context\":\"https:\/\/schema.org\",\"@graph\":[{\"@type\":\"WebPage\",\"@id\":\"https:\/\/www.noticiasradioreflejos.com.ar\/2021\/aroma-a-campo-el-legado-sensorial-de-carina-di-caro-en-el-corazon-de-saldungaray\/\",\"url\":\"https:\/\/www.noticiasradioreflejos.com.ar\/2021\/aroma-a-campo-el-legado-sensorial-de-carina-di-caro-en-el-corazon-de-saldungaray\/\",\"name\":\"Aroma a Campo: el legado sensorial de Carina Di Caro en el coraz\u00f3n de Saldungaray - Noticias Radio Reflejos\",\"isPartOf\":{\"@id\":\"https:\/\/www.noticiasradioreflejos.com.ar\/2021\/#website\"},\"primaryImageOfPage\":{\"@id\":\"https:\/\/www.noticiasradioreflejos.com.ar\/2021\/aroma-a-campo-el-legado-sensorial-de-carina-di-caro-en-el-corazon-de-saldungaray\/#primaryimage\"},\"image\":{\"@id\":\"https:\/\/www.noticiasradioreflejos.com.ar\/2021\/aroma-a-campo-el-legado-sensorial-de-carina-di-caro-en-el-corazon-de-saldungaray\/#primaryimage\"},\"thumbnailUrl\":\"https:\/\/www.noticiasradioreflejos.com.ar\/2021\/wp-content\/uploads\/2026\/01\/Carina-Di-Caro-1.jpeg\",\"datePublished\":\"2026-01-17T16:23:46+00:00\",\"dateModified\":\"2026-01-17T16:30:24+00:00\",\"author\":{\"@id\":\"https:\/\/www.noticiasradioreflejos.com.ar\/2021\/#\/schema\/person\/ad82545263dcc5ec0996818884fd5fb1\"},\"breadcrumb\":{\"@id\":\"https:\/\/www.noticiasradioreflejos.com.ar\/2021\/aroma-a-campo-el-legado-sensorial-de-carina-di-caro-en-el-corazon-de-saldungaray\/#breadcrumb\"},\"inLanguage\":\"es\",\"potentialAction\":[{\"@type\":\"ReadAction\",\"target\":[\"https:\/\/www.noticiasradioreflejos.com.ar\/2021\/aroma-a-campo-el-legado-sensorial-de-carina-di-caro-en-el-corazon-de-saldungaray\/\"]}]},{\"@type\":\"ImageObject\",\"inLanguage\":\"es\",\"@id\":\"https:\/\/www.noticiasradioreflejos.com.ar\/2021\/aroma-a-campo-el-legado-sensorial-de-carina-di-caro-en-el-corazon-de-saldungaray\/#primaryimage\",\"url\":\"https:\/\/www.noticiasradioreflejos.com.ar\/2021\/wp-content\/uploads\/2026\/01\/Carina-Di-Caro-1.jpeg\",\"contentUrl\":\"https:\/\/www.noticiasradioreflejos.com.ar\/2021\/wp-content\/uploads\/2026\/01\/Carina-Di-Caro-1.jpeg\",\"width\":431,\"height\":431},{\"@type\":\"BreadcrumbList\",\"@id\":\"https:\/\/www.noticiasradioreflejos.com.ar\/2021\/aroma-a-campo-el-legado-sensorial-de-carina-di-caro-en-el-corazon-de-saldungaray\/#breadcrumb\",\"itemListElement\":[{\"@type\":\"ListItem\",\"position\":1,\"name\":\"Portada\",\"item\":\"https:\/\/www.noticiasradioreflejos.com.ar\/2021\/\"},{\"@type\":\"ListItem\",\"position\":2,\"name\":\"Aroma a Campo: el legado sensorial de Carina Di Caro en el coraz\u00f3n de Saldungaray\"}]},{\"@type\":\"WebSite\",\"@id\":\"https:\/\/www.noticiasradioreflejos.com.ar\/2021\/#website\",\"url\":\"https:\/\/www.noticiasradioreflejos.com.ar\/2021\/\",\"name\":\"Noticias Radio Reflejos\",\"description\":\"Las noticias de mi comarca\",\"potentialAction\":[{\"@type\":\"SearchAction\",\"target\":{\"@type\":\"EntryPoint\",\"urlTemplate\":\"https:\/\/www.noticiasradioreflejos.com.ar\/2021\/?s={search_term_string}\"},\"query-input\":{\"@type\":\"PropertyValueSpecification\",\"valueRequired\":true,\"valueName\":\"search_term_string\"}}],\"inLanguage\":\"es\"},{\"@type\":\"Person\",\"@id\":\"https:\/\/www.noticiasradioreflejos.com.ar\/2021\/#\/schema\/person\/ad82545263dcc5ec0996818884fd5fb1\",\"name\":\"Arnaldo Botto\",\"image\":{\"@type\":\"ImageObject\",\"inLanguage\":\"es\",\"@id\":\"https:\/\/www.noticiasradioreflejos.com.ar\/2021\/#\/schema\/person\/image\/\",\"url\":\"https:\/\/secure.gravatar.com\/avatar\/55cb5e37c1efa326397366e6974cb338056df65cb50e7d64d1cf314e87504837?s=96&d=mm&r=g\",\"contentUrl\":\"https:\/\/secure.gravatar.com\/avatar\/55cb5e37c1efa326397366e6974cb338056df65cb50e7d64d1cf314e87504837?s=96&d=mm&r=g\",\"caption\":\"Arnaldo Botto\"},\"url\":\"https:\/\/www.noticiasradioreflejos.com.ar\/2021\/author\/arnaldo\/\"}]}<\/script>\n<!-- \/ Yoast SEO plugin. -->","yoast_head_json":{"title":"Aroma a Campo: el legado sensorial de Carina Di Caro en el coraz\u00f3n de Saldungaray - Noticias Radio Reflejos","robots":{"index":"index","follow":"follow","max-snippet":"max-snippet:-1","max-image-preview":"max-image-preview:large","max-video-preview":"max-video-preview:-1"},"canonical":"https:\/\/www.noticiasradioreflejos.com.ar\/2021\/aroma-a-campo-el-legado-sensorial-de-carina-di-caro-en-el-corazon-de-saldungaray\/","og_locale":"es_ES","og_type":"article","og_title":"Aroma a Campo: el legado sensorial de Carina Di Caro en el coraz\u00f3n de Saldungaray - Noticias Radio Reflejos","og_description":"La emprendedora present\u00f3 su l\u00ednea de productos agroecol\u00f3gicos basados en la lavanda y aromas regionales. Con una propuesta que combina lo artesanal con la innovaci\u00f3n \u2014incluyendo un exclusivo chocolate con lavanda\u2014, busca transformar su conexi\u00f3n emocional con la Comarca Serrana en un sello distintivo y personal.","og_url":"https:\/\/www.noticiasradioreflejos.com.ar\/2021\/aroma-a-campo-el-legado-sensorial-de-carina-di-caro-en-el-corazon-de-saldungaray\/","og_site_name":"Noticias Radio Reflejos","article_published_time":"2026-01-17T16:23:46+00:00","article_modified_time":"2026-01-17T16:30:24+00:00","og_image":[{"width":431,"height":431,"url":"https:\/\/www.noticiasradioreflejos.com.ar\/2021\/wp-content\/uploads\/2026\/01\/Carina-Di-Caro-1.jpeg","type":"image\/jpeg"}],"author":"Arnaldo Botto","twitter_card":"summary_large_image","schema":{"@context":"https:\/\/schema.org","@graph":[{"@type":"WebPage","@id":"https:\/\/www.noticiasradioreflejos.com.ar\/2021\/aroma-a-campo-el-legado-sensorial-de-carina-di-caro-en-el-corazon-de-saldungaray\/","url":"https:\/\/www.noticiasradioreflejos.com.ar\/2021\/aroma-a-campo-el-legado-sensorial-de-carina-di-caro-en-el-corazon-de-saldungaray\/","name":"Aroma a Campo: el legado sensorial de Carina Di Caro en el coraz\u00f3n de Saldungaray - Noticias Radio Reflejos","isPartOf":{"@id":"https:\/\/www.noticiasradioreflejos.com.ar\/2021\/#website"},"primaryImageOfPage":{"@id":"https:\/\/www.noticiasradioreflejos.com.ar\/2021\/aroma-a-campo-el-legado-sensorial-de-carina-di-caro-en-el-corazon-de-saldungaray\/#primaryimage"},"image":{"@id":"https:\/\/www.noticiasradioreflejos.com.ar\/2021\/aroma-a-campo-el-legado-sensorial-de-carina-di-caro-en-el-corazon-de-saldungaray\/#primaryimage"},"thumbnailUrl":"https:\/\/www.noticiasradioreflejos.com.ar\/2021\/wp-content\/uploads\/2026\/01\/Carina-Di-Caro-1.jpeg","datePublished":"2026-01-17T16:23:46+00:00","dateModified":"2026-01-17T16:30:24+00:00","author":{"@id":"https:\/\/www.noticiasradioreflejos.com.ar\/2021\/#\/schema\/person\/ad82545263dcc5ec0996818884fd5fb1"},"breadcrumb":{"@id":"https:\/\/www.noticiasradioreflejos.com.ar\/2021\/aroma-a-campo-el-legado-sensorial-de-carina-di-caro-en-el-corazon-de-saldungaray\/#breadcrumb"},"inLanguage":"es","potentialAction":[{"@type":"ReadAction","target":["https:\/\/www.noticiasradioreflejos.com.ar\/2021\/aroma-a-campo-el-legado-sensorial-de-carina-di-caro-en-el-corazon-de-saldungaray\/"]}]},{"@type":"ImageObject","inLanguage":"es","@id":"https:\/\/www.noticiasradioreflejos.com.ar\/2021\/aroma-a-campo-el-legado-sensorial-de-carina-di-caro-en-el-corazon-de-saldungaray\/#primaryimage","url":"https:\/\/www.noticiasradioreflejos.com.ar\/2021\/wp-content\/uploads\/2026\/01\/Carina-Di-Caro-1.jpeg","contentUrl":"https:\/\/www.noticiasradioreflejos.com.ar\/2021\/wp-content\/uploads\/2026\/01\/Carina-Di-Caro-1.jpeg","width":431,"height":431},{"@type":"BreadcrumbList","@id":"https:\/\/www.noticiasradioreflejos.com.ar\/2021\/aroma-a-campo-el-legado-sensorial-de-carina-di-caro-en-el-corazon-de-saldungaray\/#breadcrumb","itemListElement":[{"@type":"ListItem","position":1,"name":"Portada","item":"https:\/\/www.noticiasradioreflejos.com.ar\/2021\/"},{"@type":"ListItem","position":2,"name":"Aroma a Campo: el legado sensorial de Carina Di Caro en el coraz\u00f3n de Saldungaray"}]},{"@type":"WebSite","@id":"https:\/\/www.noticiasradioreflejos.com.ar\/2021\/#website","url":"https:\/\/www.noticiasradioreflejos.com.ar\/2021\/","name":"Noticias Radio Reflejos","description":"Las noticias de mi comarca","potentialAction":[{"@type":"SearchAction","target":{"@type":"EntryPoint","urlTemplate":"https:\/\/www.noticiasradioreflejos.com.ar\/2021\/?s={search_term_string}"},"query-input":{"@type":"PropertyValueSpecification","valueRequired":true,"valueName":"search_term_string"}}],"inLanguage":"es"},{"@type":"Person","@id":"https:\/\/www.noticiasradioreflejos.com.ar\/2021\/#\/schema\/person\/ad82545263dcc5ec0996818884fd5fb1","name":"Arnaldo Botto","image":{"@type":"ImageObject","inLanguage":"es","@id":"https:\/\/www.noticiasradioreflejos.com.ar\/2021\/#\/schema\/person\/image\/","url":"https:\/\/secure.gravatar.com\/avatar\/55cb5e37c1efa326397366e6974cb338056df65cb50e7d64d1cf314e87504837?s=96&d=mm&r=g","contentUrl":"https:\/\/secure.gravatar.com\/avatar\/55cb5e37c1efa326397366e6974cb338056df65cb50e7d64d1cf314e87504837?s=96&d=mm&r=g","caption":"Arnaldo Botto"},"url":"https:\/\/www.noticiasradioreflejos.com.ar\/2021\/author\/arnaldo\/"}]}},"_links":{"self":[{"href":"https:\/\/www.noticiasradioreflejos.com.ar\/2021\/wp-json\/wp\/v2\/posts\/131387","targetHints":{"allow":["GET"]}}],"collection":[{"href":"https:\/\/www.noticiasradioreflejos.com.ar\/2021\/wp-json\/wp\/v2\/posts"}],"about":[{"href":"https:\/\/www.noticiasradioreflejos.com.ar\/2021\/wp-json\/wp\/v2\/types\/post"}],"author":[{"embeddable":true,"href":"https:\/\/www.noticiasradioreflejos.com.ar\/2021\/wp-json\/wp\/v2\/users\/3"}],"replies":[{"embeddable":true,"href":"https:\/\/www.noticiasradioreflejos.com.ar\/2021\/wp-json\/wp\/v2\/comments?post=131387"}],"version-history":[{"count":8,"href":"https:\/\/www.noticiasradioreflejos.com.ar\/2021\/wp-json\/wp\/v2\/posts\/131387\/revisions"}],"predecessor-version":[{"id":131434,"href":"https:\/\/www.noticiasradioreflejos.com.ar\/2021\/wp-json\/wp\/v2\/posts\/131387\/revisions\/131434"}],"wp:featuredmedia":[{"embeddable":true,"href":"https:\/\/www.noticiasradioreflejos.com.ar\/2021\/wp-json\/wp\/v2\/media\/131427"}],"wp:attachment":[{"href":"https:\/\/www.noticiasradioreflejos.com.ar\/2021\/wp-json\/wp\/v2\/media?parent=131387"}],"wp:term":[{"taxonomy":"category","embeddable":true,"href":"https:\/\/www.noticiasradioreflejos.com.ar\/2021\/wp-json\/wp\/v2\/categories?post=131387"},{"taxonomy":"post_tag","embeddable":true,"href":"https:\/\/www.noticiasradioreflejos.com.ar\/2021\/wp-json\/wp\/v2\/tags?post=131387"}],"curies":[{"name":"wp","href":"https:\/\/api.w.org\/{rel}","templated":true}]}}