{"id":131227,"date":"2026-01-13T10:05:10","date_gmt":"2026-01-13T13:05:10","guid":{"rendered":"https:\/\/www.noticiasradioreflejos.com.ar\/2021\/?p=131227"},"modified":"2026-01-13T10:44:11","modified_gmt":"2026-01-13T13:44:11","slug":"la-celt-normalizo-el-servicio-electrico-en-villa-ventana-tras-el-temporal","status":"publish","type":"post","link":"https:\/\/www.noticiasradioreflejos.com.ar\/2021\/la-celt-normalizo-el-servicio-electrico-en-villa-ventana-tras-el-temporal\/","title":{"rendered":"La CELT normaliz\u00f3 el servicio el\u00e9ctrico en Villa Ventana tras el temporal"},"content":{"rendered":"<p data-path-to-node=\"5\">La Cooperativa El\u00e9ctrica Limitada de Tornquist (CELT) informa a la comunidad y a los medios de comunicaci\u00f3n que el servicio de energ\u00eda el\u00e9ctrica en la localidad de <b data-path-to-node=\"5\" data-index-in-node=\"192\">Villa Ventana<\/b> ha sido restablecido en su totalidad, luego de las interrupciones sufridas durante las \u00faltimas horas a causa de las condiciones clim\u00e1ticas.<!--more--><\/p>\n<p data-path-to-node=\"7,0,0\"><b data-path-to-node=\"7,0,0\" data-index-in-node=\"0\"><\/b> El inconveniente se registr\u00f3 anoche, a las <b data-path-to-node=\"7,0,0\" data-index-in-node=\"61\">23:00 hs.<\/b>, debido a la salida de servicio de la l\u00ednea de <b data-path-to-node=\"7,0,0\" data-index-in-node=\"118\">33kv<\/b> perteneciente a la empresa distribuidora EDES. \u00a0El fallo fue provocado por condiciones clim\u00e1ticas adversas que incluyeron fuertes tormentas el\u00e9ctricas, r\u00e1fagas de viento de gran intensidad y abundantes precipitaciones.<\/p>\n<p data-path-to-node=\"7,0,0\">\u00a0Debido a la magnitud del temporal, las cuadrillas se vieron imposibilitadas de operar de inmediato en el lugar, ya que no estaban garantizadas las condiciones de seguridad necesarias para el personal t\u00e9cnico.<\/p>\n<p data-path-to-node=\"7,3,0\">Una vez que el clima permiti\u00f3 el trabajo seguro, el personal de la CELT llev\u00f3 a cabo las maniobras correspondientes, logrando reponer el servicio hoy a las <b data-path-to-node=\"7,3,0\" data-index-in-node=\"174\">04:30 hs.<\/b> de la madrugada.<\/p>\n<p data-path-to-node=\"8\">La Cooperativa agradece la comprensi\u00f3n de los usuarios ante este evento de fuerza mayor y reafirma su compromiso con el mantenimiento y la pronta respuesta ante emergencias en toda su zona de concesi\u00f3n.<\/p>\n<p data-path-to-node=\"8\"><a href=\"https:\/\/www.noticiasradioreflejos.com.ar\/2021\/la-celt-normalizo-el-servicio-electrico-en-villa-ventana-tras-el-temporal\/celt-corte-en-villa-anoche-bien\/\" rel=\"attachment wp-att-131228\"><img loading=\"lazy\" decoding=\"async\" class=\"aligncenter size-full wp-image-131228\" src=\"https:\/\/www.noticiasradioreflejos.com.ar\/2021\/wp-content\/uploads\/2026\/01\/CELT-CORTE-EN-VILLA-ANOCHE-bien.jpg\" alt=\"\" width=\"844\" height=\"839\" \/><\/a><\/p>\n","protected":false},"excerpt":{"rendered":"<p>La Cooperativa El\u00e9ctrica Limitada de Tornquist (CELT) informa a la comunidad y a los medios de comunicaci\u00f3n que el servicio de energ\u00eda el\u00e9ctrica en la localidad de Villa Ventana ha sido restablecido en su totalidad, luego de las interrupciones sufridas durante las \u00faltimas horas a causa de las condiciones clim\u00e1ticas.<\/p>\n","protected":false},"author":3,"featured_media":130448,"comment_status":"closed","ping_status":"closed","sticky":false,"template":"","format":"standard","meta":{"footnotes":""},"categories":[26],"tags":[],"class_list":["post-131227","post","type-post","status-publish","format-standard","has-post-thumbnail","hentry","category-sociedad"],"yoast_head":"<!-- This site is optimized with the Yoast SEO plugin v25.9 - https:\/\/yoast.com\/wordpress\/plugins\/seo\/ -->\n<title>La CELT normaliz\u00f3 el servicio el\u00e9ctrico en Villa Ventana tras el temporal - Noticias Radio Reflejos<\/title>\n<meta name=\"robots\" content=\"index, follow, max-snippet:-1, max-image-preview:large, max-video-preview:-1\" \/>\n<link rel=\"canonical\" href=\"https:\/\/www.noticiasradioreflejos.com.ar\/2021\/la-celt-normalizo-el-servicio-electrico-en-villa-ventana-tras-el-temporal\/\" \/>\n<meta property=\"og:locale\" content=\"es_ES\" \/>\n<meta property=\"og:type\" content=\"article\" \/>\n<meta property=\"og:title\" content=\"La CELT normaliz\u00f3 el servicio el\u00e9ctrico en Villa Ventana tras el temporal - Noticias Radio Reflejos\" \/>\n<meta property=\"og:description\" content=\"La Cooperativa El\u00e9ctrica Limitada de Tornquist (CELT) informa a la comunidad y a los medios de comunicaci\u00f3n que el servicio de energ\u00eda el\u00e9ctrica en la localidad de Villa Ventana ha sido restablecido en su totalidad, luego de las interrupciones sufridas durante las \u00faltimas horas a causa de las condiciones clim\u00e1ticas.\" \/>\n<meta property=\"og:url\" content=\"https:\/\/www.noticiasradioreflejos.com.ar\/2021\/la-celt-normalizo-el-servicio-electrico-en-villa-ventana-tras-el-temporal\/\" \/>\n<meta property=\"og:site_name\" content=\"Noticias Radio Reflejos\" \/>\n<meta property=\"article:published_time\" content=\"2026-01-13T13:05:10+00:00\" \/>\n<meta property=\"article:modified_time\" content=\"2026-01-13T13:44:11+00:00\" \/>\n<meta property=\"og:image\" content=\"https:\/\/www.noticiasradioreflejos.com.ar\/2021\/wp-content\/uploads\/2025\/12\/corte-de-energia-750x375-1.jpg\" \/>\n\t<meta property=\"og:image:width\" content=\"750\" \/>\n\t<meta property=\"og:image:height\" content=\"375\" \/>\n\t<meta property=\"og:image:type\" content=\"image\/jpeg\" \/>\n<meta name=\"author\" content=\"Arnaldo Botto\" \/>\n<meta name=\"twitter:card\" content=\"summary_large_image\" \/>\n<script type=\"application\/ld+json\" class=\"yoast-schema-graph\">{\"@context\":\"https:\/\/schema.org\",\"@graph\":[{\"@type\":\"WebPage\",\"@id\":\"https:\/\/www.noticiasradioreflejos.com.ar\/2021\/la-celt-normalizo-el-servicio-electrico-en-villa-ventana-tras-el-temporal\/\",\"url\":\"https:\/\/www.noticiasradioreflejos.com.ar\/2021\/la-celt-normalizo-el-servicio-electrico-en-villa-ventana-tras-el-temporal\/\",\"name\":\"La CELT normaliz\u00f3 el servicio el\u00e9ctrico en Villa Ventana tras el temporal - Noticias Radio Reflejos\",\"isPartOf\":{\"@id\":\"https:\/\/www.noticiasradioreflejos.com.ar\/2021\/#website\"},\"primaryImageOfPage\":{\"@id\":\"https:\/\/www.noticiasradioreflejos.com.ar\/2021\/la-celt-normalizo-el-servicio-electrico-en-villa-ventana-tras-el-temporal\/#primaryimage\"},\"image\":{\"@id\":\"https:\/\/www.noticiasradioreflejos.com.ar\/2021\/la-celt-normalizo-el-servicio-electrico-en-villa-ventana-tras-el-temporal\/#primaryimage\"},\"thumbnailUrl\":\"https:\/\/www.noticiasradioreflejos.com.ar\/2021\/wp-content\/uploads\/2025\/12\/corte-de-energia-750x375-1.jpg\",\"datePublished\":\"2026-01-13T13:05:10+00:00\",\"dateModified\":\"2026-01-13T13:44:11+00:00\",\"author\":{\"@id\":\"https:\/\/www.noticiasradioreflejos.com.ar\/2021\/#\/schema\/person\/ad82545263dcc5ec0996818884fd5fb1\"},\"breadcrumb\":{\"@id\":\"https:\/\/www.noticiasradioreflejos.com.ar\/2021\/la-celt-normalizo-el-servicio-electrico-en-villa-ventana-tras-el-temporal\/#breadcrumb\"},\"inLanguage\":\"es\",\"potentialAction\":[{\"@type\":\"ReadAction\",\"target\":[\"https:\/\/www.noticiasradioreflejos.com.ar\/2021\/la-celt-normalizo-el-servicio-electrico-en-villa-ventana-tras-el-temporal\/\"]}]},{\"@type\":\"ImageObject\",\"inLanguage\":\"es\",\"@id\":\"https:\/\/www.noticiasradioreflejos.com.ar\/2021\/la-celt-normalizo-el-servicio-electrico-en-villa-ventana-tras-el-temporal\/#primaryimage\",\"url\":\"https:\/\/www.noticiasradioreflejos.com.ar\/2021\/wp-content\/uploads\/2025\/12\/corte-de-energia-750x375-1.jpg\",\"contentUrl\":\"https:\/\/www.noticiasradioreflejos.com.ar\/2021\/wp-content\/uploads\/2025\/12\/corte-de-energia-750x375-1.jpg\",\"width\":750,\"height\":375},{\"@type\":\"BreadcrumbList\",\"@id\":\"https:\/\/www.noticiasradioreflejos.com.ar\/2021\/la-celt-normalizo-el-servicio-electrico-en-villa-ventana-tras-el-temporal\/#breadcrumb\",\"itemListElement\":[{\"@type\":\"ListItem\",\"position\":1,\"name\":\"Portada\",\"item\":\"https:\/\/www.noticiasradioreflejos.com.ar\/2021\/\"},{\"@type\":\"ListItem\",\"position\":2,\"name\":\"La CELT normaliz\u00f3 el servicio el\u00e9ctrico en Villa Ventana tras el temporal\"}]},{\"@type\":\"WebSite\",\"@id\":\"https:\/\/www.noticiasradioreflejos.com.ar\/2021\/#website\",\"url\":\"https:\/\/www.noticiasradioreflejos.com.ar\/2021\/\",\"name\":\"Noticias Radio Reflejos\",\"description\":\"Las noticias de mi comarca\",\"potentialAction\":[{\"@type\":\"SearchAction\",\"target\":{\"@type\":\"EntryPoint\",\"urlTemplate\":\"https:\/\/www.noticiasradioreflejos.com.ar\/2021\/?s={search_term_string}\"},\"query-input\":{\"@type\":\"PropertyValueSpecification\",\"valueRequired\":true,\"valueName\":\"search_term_string\"}}],\"inLanguage\":\"es\"},{\"@type\":\"Person\",\"@id\":\"https:\/\/www.noticiasradioreflejos.com.ar\/2021\/#\/schema\/person\/ad82545263dcc5ec0996818884fd5fb1\",\"name\":\"Arnaldo Botto\",\"image\":{\"@type\":\"ImageObject\",\"inLanguage\":\"es\",\"@id\":\"https:\/\/www.noticiasradioreflejos.com.ar\/2021\/#\/schema\/person\/image\/\",\"url\":\"https:\/\/secure.gravatar.com\/avatar\/55cb5e37c1efa326397366e6974cb338056df65cb50e7d64d1cf314e87504837?s=96&d=mm&r=g\",\"contentUrl\":\"https:\/\/secure.gravatar.com\/avatar\/55cb5e37c1efa326397366e6974cb338056df65cb50e7d64d1cf314e87504837?s=96&d=mm&r=g\",\"caption\":\"Arnaldo Botto\"},\"url\":\"https:\/\/www.noticiasradioreflejos.com.ar\/2021\/author\/arnaldo\/\"}]}<\/script>\n<!-- \/ Yoast SEO plugin. -->","yoast_head_json":{"title":"La CELT normaliz\u00f3 el servicio el\u00e9ctrico en Villa Ventana tras el temporal - Noticias Radio Reflejos","robots":{"index":"index","follow":"follow","max-snippet":"max-snippet:-1","max-image-preview":"max-image-preview:large","max-video-preview":"max-video-preview:-1"},"canonical":"https:\/\/www.noticiasradioreflejos.com.ar\/2021\/la-celt-normalizo-el-servicio-electrico-en-villa-ventana-tras-el-temporal\/","og_locale":"es_ES","og_type":"article","og_title":"La CELT normaliz\u00f3 el servicio el\u00e9ctrico en Villa Ventana tras el temporal - Noticias Radio Reflejos","og_description":"La Cooperativa El\u00e9ctrica Limitada de Tornquist (CELT) informa a la comunidad y a los medios de comunicaci\u00f3n que el servicio de energ\u00eda el\u00e9ctrica en la localidad de Villa Ventana ha sido restablecido en su totalidad, luego de las interrupciones sufridas durante las \u00faltimas horas a causa de las condiciones clim\u00e1ticas.","og_url":"https:\/\/www.noticiasradioreflejos.com.ar\/2021\/la-celt-normalizo-el-servicio-electrico-en-villa-ventana-tras-el-temporal\/","og_site_name":"Noticias Radio Reflejos","article_published_time":"2026-01-13T13:05:10+00:00","article_modified_time":"2026-01-13T13:44:11+00:00","og_image":[{"width":750,"height":375,"url":"https:\/\/www.noticiasradioreflejos.com.ar\/2021\/wp-content\/uploads\/2025\/12\/corte-de-energia-750x375-1.jpg","type":"image\/jpeg"}],"author":"Arnaldo Botto","twitter_card":"summary_large_image","schema":{"@context":"https:\/\/schema.org","@graph":[{"@type":"WebPage","@id":"https:\/\/www.noticiasradioreflejos.com.ar\/2021\/la-celt-normalizo-el-servicio-electrico-en-villa-ventana-tras-el-temporal\/","url":"https:\/\/www.noticiasradioreflejos.com.ar\/2021\/la-celt-normalizo-el-servicio-electrico-en-villa-ventana-tras-el-temporal\/","name":"La CELT normaliz\u00f3 el servicio el\u00e9ctrico en Villa Ventana tras el temporal - Noticias Radio Reflejos","isPartOf":{"@id":"https:\/\/www.noticiasradioreflejos.com.ar\/2021\/#website"},"primaryImageOfPage":{"@id":"https:\/\/www.noticiasradioreflejos.com.ar\/2021\/la-celt-normalizo-el-servicio-electrico-en-villa-ventana-tras-el-temporal\/#primaryimage"},"image":{"@id":"https:\/\/www.noticiasradioreflejos.com.ar\/2021\/la-celt-normalizo-el-servicio-electrico-en-villa-ventana-tras-el-temporal\/#primaryimage"},"thumbnailUrl":"https:\/\/www.noticiasradioreflejos.com.ar\/2021\/wp-content\/uploads\/2025\/12\/corte-de-energia-750x375-1.jpg","datePublished":"2026-01-13T13:05:10+00:00","dateModified":"2026-01-13T13:44:11+00:00","author":{"@id":"https:\/\/www.noticiasradioreflejos.com.ar\/2021\/#\/schema\/person\/ad82545263dcc5ec0996818884fd5fb1"},"breadcrumb":{"@id":"https:\/\/www.noticiasradioreflejos.com.ar\/2021\/la-celt-normalizo-el-servicio-electrico-en-villa-ventana-tras-el-temporal\/#breadcrumb"},"inLanguage":"es","potentialAction":[{"@type":"ReadAction","target":["https:\/\/www.noticiasradioreflejos.com.ar\/2021\/la-celt-normalizo-el-servicio-electrico-en-villa-ventana-tras-el-temporal\/"]}]},{"@type":"ImageObject","inLanguage":"es","@id":"https:\/\/www.noticiasradioreflejos.com.ar\/2021\/la-celt-normalizo-el-servicio-electrico-en-villa-ventana-tras-el-temporal\/#primaryimage","url":"https:\/\/www.noticiasradioreflejos.com.ar\/2021\/wp-content\/uploads\/2025\/12\/corte-de-energia-750x375-1.jpg","contentUrl":"https:\/\/www.noticiasradioreflejos.com.ar\/2021\/wp-content\/uploads\/2025\/12\/corte-de-energia-750x375-1.jpg","width":750,"height":375},{"@type":"BreadcrumbList","@id":"https:\/\/www.noticiasradioreflejos.com.ar\/2021\/la-celt-normalizo-el-servicio-electrico-en-villa-ventana-tras-el-temporal\/#breadcrumb","itemListElement":[{"@type":"ListItem","position":1,"name":"Portada","item":"https:\/\/www.noticiasradioreflejos.com.ar\/2021\/"},{"@type":"ListItem","position":2,"name":"La CELT normaliz\u00f3 el servicio el\u00e9ctrico en Villa Ventana tras el temporal"}]},{"@type":"WebSite","@id":"https:\/\/www.noticiasradioreflejos.com.ar\/2021\/#website","url":"https:\/\/www.noticiasradioreflejos.com.ar\/2021\/","name":"Noticias Radio Reflejos","description":"Las noticias de mi comarca","potentialAction":[{"@type":"SearchAction","target":{"@type":"EntryPoint","urlTemplate":"https:\/\/www.noticiasradioreflejos.com.ar\/2021\/?s={search_term_string}"},"query-input":{"@type":"PropertyValueSpecification","valueRequired":true,"valueName":"search_term_string"}}],"inLanguage":"es"},{"@type":"Person","@id":"https:\/\/www.noticiasradioreflejos.com.ar\/2021\/#\/schema\/person\/ad82545263dcc5ec0996818884fd5fb1","name":"Arnaldo Botto","image":{"@type":"ImageObject","inLanguage":"es","@id":"https:\/\/www.noticiasradioreflejos.com.ar\/2021\/#\/schema\/person\/image\/","url":"https:\/\/secure.gravatar.com\/avatar\/55cb5e37c1efa326397366e6974cb338056df65cb50e7d64d1cf314e87504837?s=96&d=mm&r=g","contentUrl":"https:\/\/secure.gravatar.com\/avatar\/55cb5e37c1efa326397366e6974cb338056df65cb50e7d64d1cf314e87504837?s=96&d=mm&r=g","caption":"Arnaldo Botto"},"url":"https:\/\/www.noticiasradioreflejos.com.ar\/2021\/author\/arnaldo\/"}]}},"_links":{"self":[{"href":"https:\/\/www.noticiasradioreflejos.com.ar\/2021\/wp-json\/wp\/v2\/posts\/131227","targetHints":{"allow":["GET"]}}],"collection":[{"href":"https:\/\/www.noticiasradioreflejos.com.ar\/2021\/wp-json\/wp\/v2\/posts"}],"about":[{"href":"https:\/\/www.noticiasradioreflejos.com.ar\/2021\/wp-json\/wp\/v2\/types\/post"}],"author":[{"embeddable":true,"href":"https:\/\/www.noticiasradioreflejos.com.ar\/2021\/wp-json\/wp\/v2\/users\/3"}],"replies":[{"embeddable":true,"href":"https:\/\/www.noticiasradioreflejos.com.ar\/2021\/wp-json\/wp\/v2\/comments?post=131227"}],"version-history":[{"count":3,"href":"https:\/\/www.noticiasradioreflejos.com.ar\/2021\/wp-json\/wp\/v2\/posts\/131227\/revisions"}],"predecessor-version":[{"id":131235,"href":"https:\/\/www.noticiasradioreflejos.com.ar\/2021\/wp-json\/wp\/v2\/posts\/131227\/revisions\/131235"}],"wp:featuredmedia":[{"embeddable":true,"href":"https:\/\/www.noticiasradioreflejos.com.ar\/2021\/wp-json\/wp\/v2\/media\/130448"}],"wp:attachment":[{"href":"https:\/\/www.noticiasradioreflejos.com.ar\/2021\/wp-json\/wp\/v2\/media?parent=131227"}],"wp:term":[{"taxonomy":"category","embeddable":true,"href":"https:\/\/www.noticiasradioreflejos.com.ar\/2021\/wp-json\/wp\/v2\/categories?post=131227"},{"taxonomy":"post_tag","embeddable":true,"href":"https:\/\/www.noticiasradioreflejos.com.ar\/2021\/wp-json\/wp\/v2\/tags?post=131227"}],"curies":[{"name":"wp","href":"https:\/\/api.w.org\/{rel}","templated":true}]}}