{"id":131224,"date":"2026-01-13T09:08:52","date_gmt":"2026-01-13T12:08:52","guid":{"rendered":"https:\/\/www.noticiasradioreflejos.com.ar\/2021\/?p=131224"},"modified":"2026-01-13T09:25:23","modified_gmt":"2026-01-13T12:25:23","slug":"desregulacion-en-micros-de-larga-distancia-empresas-podran-elegir-como-identificar-valijas","status":"publish","type":"post","link":"https:\/\/www.noticiasradioreflejos.com.ar\/2021\/desregulacion-en-micros-de-larga-distancia-empresas-podran-elegir-como-identificar-valijas\/","title":{"rendered":"Desregulaci\u00f3n en micros de larga distancia: empresas podr\u00e1n elegir c\u00f3mo identificar valijas"},"content":{"rendered":"<p>El Gobierno liber\u00f3 el sistema de control de equipajes y encomiendas en el transporte de pasajeros.<!--more--><\/p>\n<p>El Gobierno nacional <mark>aprob\u00f3 la creaci\u00f3n del R\u00e9gimen de Identificaci\u00f3n y Trazabilidad de Equipajes y Encomiendas<\/mark>\u00a0en los micros de larga distancia,\u00a0<strong>dejando en manos de las empresas el modo de individualizar las valijas o paquetes\u00a0<\/strong>con el pasajero propietario.<\/p>\n<div class=\"columns\" data-tadevel-template=\"web\/article-columns\">\n<div class=\"column-main\">\n<div class=\"article-body\" data-tadevel-template=\"web\/article-body\">\n<div class=\"article-body-content\">\n<p>La medida dispuesta por Resoluci\u00f3n 4\/2026, publicada este martes en el Bolet\u00edn Oficial, elimina la obligaci\u00f3n de las empresas de transporte de larga distancia de utilizar etiquetas y fajas f\u00edsicas con dise\u00f1os predeterminados por el Estado, permiti\u00e9ndoles\u00a0<strong>elegir libremente los dispositivos documentales y\/o tecnol\u00f3gicos<\/strong>\u00a0para identificar valijas y bultos.<\/p>\n<p><mark>Entre las opciones permitidas se encuentran:<\/mark><\/p>\n<ul>\n<li>C\u00f3digo impreso directamente en el pasaje.<\/li>\n<li>C\u00f3digo QR o electr\u00f3nico asociado.<\/li>\n<li>Registro digital integrado en el sistema de ticketing de la empresa.<\/li>\n<li>Etiqueta impresa por la propia transportista.<\/li>\n<li>Cualquier otro mecanismo y\/o dispositivo que asegure la trazabilidad entre el pasajero y su bulto.<\/li>\n<\/ul>\n<p>Desde la\u00a0Secretar\u00eda de Transporte\u00a0aclararon que estos sistemas\u00a0<strong>deben garantizar la seguridad, la inviolabilidad y la vinculaci\u00f3n inequ\u00edvoca entre el equipaje y el pasajero<\/strong>. Adem\u00e1s, los sistemas elegidos deben ser compatibles y armonizados con los dispositivos utilizados en la regi\u00f3n y en servicios internacionales de pa\u00edses lim\u00edtrofes, seg\u00fan pudo saber la\u00a0<a href=\"https:\/\/es.wikipedia.org\/wiki\/Noticias_Argentinas\" target=\"_blank\" rel=\"noopener nofollow\"><i>Agencia Noticias Argentinas<\/i><\/a>.<\/p>\n<p>Los transportistas est\u00e1n obligados a mantener un sistema de conservaci\u00f3n y rendici\u00f3n de datos para facilitar los reclamos de los usuarios y la entrega de comprobantes de despacho. En caso de p\u00e9rdida o deterioro, se mantienen vigentes las indemnizaciones fijadas por la Resoluci\u00f3n 47\/1995.<\/p>\n<p>Por otro lado, el nuevo r\u00e9gimen establece que aquel equipaje que no cuente con un dispositivo de seguridad identificado\u00a0<strong>no podr\u00e1 ser ingresado a la unidad de transporte<\/strong>. En estos casos,\u00a0<mark>el pasajero perder\u00e1 el derecho a cualquier tipo de compensaci\u00f3n.<\/mark><\/p>\n<p>En este marco, el texto oficial derog\u00f3 el sistema anterior que reg\u00eda desde 2026 al sostener que \u00abse entiende conveniente dejar sin efecto el r\u00e9gimen anterior y permitir a los transportistas la libre elecci\u00f3n de mecanismos que garanticen la trazabilidad\u00bb.<\/p>\n<p>La normativa se encuadra en los lineamientos del Decreto 70\/2023, que busca eliminar restricciones normativas que \u00abdistorsionen los precios de mercado\u00bb e impidan la \u00ablibre iniciativa privada\u00bb.<\/p>\n<p>A pesar de la desregulaci\u00f3n en la manera de identificar el equipaje, el Estado mantendr\u00e1 la vigilancia sobre el procedimiento. La Comisi\u00f3n Nacional de Regulaci\u00f3n del Transporte (CNRT) seguir\u00e1 siendo el \u00f3rgano encargado de fiscalizar.<\/p>\n<p>De esta manera, la CNRT priorizar\u00e1 el control sobre la efectividad de la trazabilidad y la seguridad del dispositivo elegido, dejando de lado la verificaci\u00f3n de si el instrumento f\u00edsico cumple con especificaciones de dise\u00f1o estatales antiguas.<\/p>\n<p>La medida aplica a servicios p\u00fablicos de transporte interjurisdiccional, tr\u00e1fico libre, servicios ejecutivos, turismo nacional e internacional y\u00a0<strong>entrar\u00e1 en vigor dentro de 60 d\u00edas<\/strong>, otorgando a las empresas un plazo de transici\u00f3n para adaptar sus sistemas.<\/p>\n<p>Las empresas de transporte deber\u00e1n informar oficialmente a la CNRT y a la Subsecretar\u00eda de Transporte Automotor los mecanismos de identificaci\u00f3n adoptados, con una antelaci\u00f3n de 30 d\u00edas previos a la entrada en vigencia de la medida. De lo contrario podr\u00e1n ser sancionadas.<\/p>\n<p>El cambio normativo se suma a la reciente creaci\u00f3n del Registro Nacional de Transporte Automotor de Pasajeros, que unific\u00f3 los registros de servicios urbanos, suburbanos e interjurisdiccionales bajo una misma \u00f3rbita, simplificando la gesti\u00f3n administrativa del sector.<\/p>\n<p><a href=\"https:\/\/noticiasargentinas.com\/-agenciana_t6916e70a4551e78eb9423f59\">#AgenciaNA<\/a><\/p>\n<\/div>\n<\/div>\n<\/div>\n<\/div>\n","protected":false},"excerpt":{"rendered":"<p>El Gobierno liber\u00f3 el sistema de control de equipajes y encomiendas en el transporte de pasajeros.<\/p>\n","protected":false},"author":3,"featured_media":106592,"comment_status":"closed","ping_status":"closed","sticky":false,"template":"","format":"standard","meta":{"footnotes":""},"categories":[24],"tags":[],"class_list":["post-131224","post","type-post","status-publish","format-standard","has-post-thumbnail","hentry","category-politica"],"yoast_head":"<!-- This site is optimized with the Yoast SEO plugin v25.9 - https:\/\/yoast.com\/wordpress\/plugins\/seo\/ -->\n<title>Desregulaci\u00f3n en micros de larga distancia: empresas podr\u00e1n elegir c\u00f3mo identificar valijas - Noticias Radio Reflejos<\/title>\n<meta name=\"robots\" content=\"index, follow, max-snippet:-1, max-image-preview:large, max-video-preview:-1\" \/>\n<link rel=\"canonical\" href=\"https:\/\/www.noticiasradioreflejos.com.ar\/2021\/desregulacion-en-micros-de-larga-distancia-empresas-podran-elegir-como-identificar-valijas\/\" \/>\n<meta property=\"og:locale\" content=\"es_ES\" \/>\n<meta property=\"og:type\" content=\"article\" \/>\n<meta property=\"og:title\" content=\"Desregulaci\u00f3n en micros de larga distancia: empresas podr\u00e1n elegir c\u00f3mo identificar valijas - Noticias Radio Reflejos\" \/>\n<meta property=\"og:description\" content=\"El Gobierno liber\u00f3 el sistema de control de equipajes y encomiendas en el transporte de pasajeros.\" \/>\n<meta property=\"og:url\" content=\"https:\/\/www.noticiasradioreflejos.com.ar\/2021\/desregulacion-en-micros-de-larga-distancia-empresas-podran-elegir-como-identificar-valijas\/\" \/>\n<meta property=\"og:site_name\" content=\"Noticias Radio Reflejos\" \/>\n<meta property=\"article:published_time\" content=\"2026-01-13T12:08:52+00:00\" \/>\n<meta property=\"article:modified_time\" content=\"2026-01-13T12:25:23+00:00\" \/>\n<meta property=\"og:image\" content=\"https:\/\/www.noticiasradioreflejos.com.ar\/2021\/wp-content\/uploads\/2024\/08\/micros-larga-distancia.jpg\" \/>\n\t<meta property=\"og:image:width\" content=\"1094\" \/>\n\t<meta property=\"og:image:height\" content=\"720\" \/>\n\t<meta property=\"og:image:type\" content=\"image\/jpeg\" \/>\n<meta name=\"author\" content=\"Arnaldo Botto\" \/>\n<meta name=\"twitter:card\" content=\"summary_large_image\" \/>\n<script type=\"application\/ld+json\" class=\"yoast-schema-graph\">{\"@context\":\"https:\/\/schema.org\",\"@graph\":[{\"@type\":\"WebPage\",\"@id\":\"https:\/\/www.noticiasradioreflejos.com.ar\/2021\/desregulacion-en-micros-de-larga-distancia-empresas-podran-elegir-como-identificar-valijas\/\",\"url\":\"https:\/\/www.noticiasradioreflejos.com.ar\/2021\/desregulacion-en-micros-de-larga-distancia-empresas-podran-elegir-como-identificar-valijas\/\",\"name\":\"Desregulaci\u00f3n en micros de larga distancia: empresas podr\u00e1n elegir c\u00f3mo identificar valijas - Noticias Radio Reflejos\",\"isPartOf\":{\"@id\":\"https:\/\/www.noticiasradioreflejos.com.ar\/2021\/#website\"},\"primaryImageOfPage\":{\"@id\":\"https:\/\/www.noticiasradioreflejos.com.ar\/2021\/desregulacion-en-micros-de-larga-distancia-empresas-podran-elegir-como-identificar-valijas\/#primaryimage\"},\"image\":{\"@id\":\"https:\/\/www.noticiasradioreflejos.com.ar\/2021\/desregulacion-en-micros-de-larga-distancia-empresas-podran-elegir-como-identificar-valijas\/#primaryimage\"},\"thumbnailUrl\":\"https:\/\/www.noticiasradioreflejos.com.ar\/2021\/wp-content\/uploads\/2024\/08\/micros-larga-distancia.jpg\",\"datePublished\":\"2026-01-13T12:08:52+00:00\",\"dateModified\":\"2026-01-13T12:25:23+00:00\",\"author\":{\"@id\":\"https:\/\/www.noticiasradioreflejos.com.ar\/2021\/#\/schema\/person\/ad82545263dcc5ec0996818884fd5fb1\"},\"breadcrumb\":{\"@id\":\"https:\/\/www.noticiasradioreflejos.com.ar\/2021\/desregulacion-en-micros-de-larga-distancia-empresas-podran-elegir-como-identificar-valijas\/#breadcrumb\"},\"inLanguage\":\"es\",\"potentialAction\":[{\"@type\":\"ReadAction\",\"target\":[\"https:\/\/www.noticiasradioreflejos.com.ar\/2021\/desregulacion-en-micros-de-larga-distancia-empresas-podran-elegir-como-identificar-valijas\/\"]}]},{\"@type\":\"ImageObject\",\"inLanguage\":\"es\",\"@id\":\"https:\/\/www.noticiasradioreflejos.com.ar\/2021\/desregulacion-en-micros-de-larga-distancia-empresas-podran-elegir-como-identificar-valijas\/#primaryimage\",\"url\":\"https:\/\/www.noticiasradioreflejos.com.ar\/2021\/wp-content\/uploads\/2024\/08\/micros-larga-distancia.jpg\",\"contentUrl\":\"https:\/\/www.noticiasradioreflejos.com.ar\/2021\/wp-content\/uploads\/2024\/08\/micros-larga-distancia.jpg\",\"width\":1094,\"height\":720},{\"@type\":\"BreadcrumbList\",\"@id\":\"https:\/\/www.noticiasradioreflejos.com.ar\/2021\/desregulacion-en-micros-de-larga-distancia-empresas-podran-elegir-como-identificar-valijas\/#breadcrumb\",\"itemListElement\":[{\"@type\":\"ListItem\",\"position\":1,\"name\":\"Portada\",\"item\":\"https:\/\/www.noticiasradioreflejos.com.ar\/2021\/\"},{\"@type\":\"ListItem\",\"position\":2,\"name\":\"Desregulaci\u00f3n en micros de larga distancia: empresas podr\u00e1n elegir c\u00f3mo identificar valijas\"}]},{\"@type\":\"WebSite\",\"@id\":\"https:\/\/www.noticiasradioreflejos.com.ar\/2021\/#website\",\"url\":\"https:\/\/www.noticiasradioreflejos.com.ar\/2021\/\",\"name\":\"Noticias Radio Reflejos\",\"description\":\"Las noticias de mi comarca\",\"potentialAction\":[{\"@type\":\"SearchAction\",\"target\":{\"@type\":\"EntryPoint\",\"urlTemplate\":\"https:\/\/www.noticiasradioreflejos.com.ar\/2021\/?s={search_term_string}\"},\"query-input\":{\"@type\":\"PropertyValueSpecification\",\"valueRequired\":true,\"valueName\":\"search_term_string\"}}],\"inLanguage\":\"es\"},{\"@type\":\"Person\",\"@id\":\"https:\/\/www.noticiasradioreflejos.com.ar\/2021\/#\/schema\/person\/ad82545263dcc5ec0996818884fd5fb1\",\"name\":\"Arnaldo Botto\",\"image\":{\"@type\":\"ImageObject\",\"inLanguage\":\"es\",\"@id\":\"https:\/\/www.noticiasradioreflejos.com.ar\/2021\/#\/schema\/person\/image\/\",\"url\":\"https:\/\/secure.gravatar.com\/avatar\/55cb5e37c1efa326397366e6974cb338056df65cb50e7d64d1cf314e87504837?s=96&d=mm&r=g\",\"contentUrl\":\"https:\/\/secure.gravatar.com\/avatar\/55cb5e37c1efa326397366e6974cb338056df65cb50e7d64d1cf314e87504837?s=96&d=mm&r=g\",\"caption\":\"Arnaldo Botto\"},\"url\":\"https:\/\/www.noticiasradioreflejos.com.ar\/2021\/author\/arnaldo\/\"}]}<\/script>\n<!-- \/ Yoast SEO plugin. -->","yoast_head_json":{"title":"Desregulaci\u00f3n en micros de larga distancia: empresas podr\u00e1n elegir c\u00f3mo identificar valijas - Noticias Radio Reflejos","robots":{"index":"index","follow":"follow","max-snippet":"max-snippet:-1","max-image-preview":"max-image-preview:large","max-video-preview":"max-video-preview:-1"},"canonical":"https:\/\/www.noticiasradioreflejos.com.ar\/2021\/desregulacion-en-micros-de-larga-distancia-empresas-podran-elegir-como-identificar-valijas\/","og_locale":"es_ES","og_type":"article","og_title":"Desregulaci\u00f3n en micros de larga distancia: empresas podr\u00e1n elegir c\u00f3mo identificar valijas - Noticias Radio Reflejos","og_description":"El Gobierno liber\u00f3 el sistema de control de equipajes y encomiendas en el transporte de pasajeros.","og_url":"https:\/\/www.noticiasradioreflejos.com.ar\/2021\/desregulacion-en-micros-de-larga-distancia-empresas-podran-elegir-como-identificar-valijas\/","og_site_name":"Noticias Radio Reflejos","article_published_time":"2026-01-13T12:08:52+00:00","article_modified_time":"2026-01-13T12:25:23+00:00","og_image":[{"width":1094,"height":720,"url":"https:\/\/www.noticiasradioreflejos.com.ar\/2021\/wp-content\/uploads\/2024\/08\/micros-larga-distancia.jpg","type":"image\/jpeg"}],"author":"Arnaldo Botto","twitter_card":"summary_large_image","schema":{"@context":"https:\/\/schema.org","@graph":[{"@type":"WebPage","@id":"https:\/\/www.noticiasradioreflejos.com.ar\/2021\/desregulacion-en-micros-de-larga-distancia-empresas-podran-elegir-como-identificar-valijas\/","url":"https:\/\/www.noticiasradioreflejos.com.ar\/2021\/desregulacion-en-micros-de-larga-distancia-empresas-podran-elegir-como-identificar-valijas\/","name":"Desregulaci\u00f3n en micros de larga distancia: empresas podr\u00e1n elegir c\u00f3mo identificar valijas - Noticias Radio Reflejos","isPartOf":{"@id":"https:\/\/www.noticiasradioreflejos.com.ar\/2021\/#website"},"primaryImageOfPage":{"@id":"https:\/\/www.noticiasradioreflejos.com.ar\/2021\/desregulacion-en-micros-de-larga-distancia-empresas-podran-elegir-como-identificar-valijas\/#primaryimage"},"image":{"@id":"https:\/\/www.noticiasradioreflejos.com.ar\/2021\/desregulacion-en-micros-de-larga-distancia-empresas-podran-elegir-como-identificar-valijas\/#primaryimage"},"thumbnailUrl":"https:\/\/www.noticiasradioreflejos.com.ar\/2021\/wp-content\/uploads\/2024\/08\/micros-larga-distancia.jpg","datePublished":"2026-01-13T12:08:52+00:00","dateModified":"2026-01-13T12:25:23+00:00","author":{"@id":"https:\/\/www.noticiasradioreflejos.com.ar\/2021\/#\/schema\/person\/ad82545263dcc5ec0996818884fd5fb1"},"breadcrumb":{"@id":"https:\/\/www.noticiasradioreflejos.com.ar\/2021\/desregulacion-en-micros-de-larga-distancia-empresas-podran-elegir-como-identificar-valijas\/#breadcrumb"},"inLanguage":"es","potentialAction":[{"@type":"ReadAction","target":["https:\/\/www.noticiasradioreflejos.com.ar\/2021\/desregulacion-en-micros-de-larga-distancia-empresas-podran-elegir-como-identificar-valijas\/"]}]},{"@type":"ImageObject","inLanguage":"es","@id":"https:\/\/www.noticiasradioreflejos.com.ar\/2021\/desregulacion-en-micros-de-larga-distancia-empresas-podran-elegir-como-identificar-valijas\/#primaryimage","url":"https:\/\/www.noticiasradioreflejos.com.ar\/2021\/wp-content\/uploads\/2024\/08\/micros-larga-distancia.jpg","contentUrl":"https:\/\/www.noticiasradioreflejos.com.ar\/2021\/wp-content\/uploads\/2024\/08\/micros-larga-distancia.jpg","width":1094,"height":720},{"@type":"BreadcrumbList","@id":"https:\/\/www.noticiasradioreflejos.com.ar\/2021\/desregulacion-en-micros-de-larga-distancia-empresas-podran-elegir-como-identificar-valijas\/#breadcrumb","itemListElement":[{"@type":"ListItem","position":1,"name":"Portada","item":"https:\/\/www.noticiasradioreflejos.com.ar\/2021\/"},{"@type":"ListItem","position":2,"name":"Desregulaci\u00f3n en micros de larga distancia: empresas podr\u00e1n elegir c\u00f3mo identificar valijas"}]},{"@type":"WebSite","@id":"https:\/\/www.noticiasradioreflejos.com.ar\/2021\/#website","url":"https:\/\/www.noticiasradioreflejos.com.ar\/2021\/","name":"Noticias Radio Reflejos","description":"Las noticias de mi comarca","potentialAction":[{"@type":"SearchAction","target":{"@type":"EntryPoint","urlTemplate":"https:\/\/www.noticiasradioreflejos.com.ar\/2021\/?s={search_term_string}"},"query-input":{"@type":"PropertyValueSpecification","valueRequired":true,"valueName":"search_term_string"}}],"inLanguage":"es"},{"@type":"Person","@id":"https:\/\/www.noticiasradioreflejos.com.ar\/2021\/#\/schema\/person\/ad82545263dcc5ec0996818884fd5fb1","name":"Arnaldo Botto","image":{"@type":"ImageObject","inLanguage":"es","@id":"https:\/\/www.noticiasradioreflejos.com.ar\/2021\/#\/schema\/person\/image\/","url":"https:\/\/secure.gravatar.com\/avatar\/55cb5e37c1efa326397366e6974cb338056df65cb50e7d64d1cf314e87504837?s=96&d=mm&r=g","contentUrl":"https:\/\/secure.gravatar.com\/avatar\/55cb5e37c1efa326397366e6974cb338056df65cb50e7d64d1cf314e87504837?s=96&d=mm&r=g","caption":"Arnaldo Botto"},"url":"https:\/\/www.noticiasradioreflejos.com.ar\/2021\/author\/arnaldo\/"}]}},"_links":{"self":[{"href":"https:\/\/www.noticiasradioreflejos.com.ar\/2021\/wp-json\/wp\/v2\/posts\/131224","targetHints":{"allow":["GET"]}}],"collection":[{"href":"https:\/\/www.noticiasradioreflejos.com.ar\/2021\/wp-json\/wp\/v2\/posts"}],"about":[{"href":"https:\/\/www.noticiasradioreflejos.com.ar\/2021\/wp-json\/wp\/v2\/types\/post"}],"author":[{"embeddable":true,"href":"https:\/\/www.noticiasradioreflejos.com.ar\/2021\/wp-json\/wp\/v2\/users\/3"}],"replies":[{"embeddable":true,"href":"https:\/\/www.noticiasradioreflejos.com.ar\/2021\/wp-json\/wp\/v2\/comments?post=131224"}],"version-history":[{"count":2,"href":"https:\/\/www.noticiasradioreflejos.com.ar\/2021\/wp-json\/wp\/v2\/posts\/131224\/revisions"}],"predecessor-version":[{"id":131226,"href":"https:\/\/www.noticiasradioreflejos.com.ar\/2021\/wp-json\/wp\/v2\/posts\/131224\/revisions\/131226"}],"wp:featuredmedia":[{"embeddable":true,"href":"https:\/\/www.noticiasradioreflejos.com.ar\/2021\/wp-json\/wp\/v2\/media\/106592"}],"wp:attachment":[{"href":"https:\/\/www.noticiasradioreflejos.com.ar\/2021\/wp-json\/wp\/v2\/media?parent=131224"}],"wp:term":[{"taxonomy":"category","embeddable":true,"href":"https:\/\/www.noticiasradioreflejos.com.ar\/2021\/wp-json\/wp\/v2\/categories?post=131224"},{"taxonomy":"post_tag","embeddable":true,"href":"https:\/\/www.noticiasradioreflejos.com.ar\/2021\/wp-json\/wp\/v2\/tags?post=131224"}],"curies":[{"name":"wp","href":"https:\/\/api.w.org\/{rel}","templated":true}]}}