{"id":131218,"date":"2026-01-13T07:47:05","date_gmt":"2026-01-13T10:47:05","guid":{"rendered":"https:\/\/www.noticiasradioreflejos.com.ar\/2021\/?p=131218"},"modified":"2026-01-13T07:47:05","modified_gmt":"2026-01-13T10:47:05","slug":"martes-13-por-que-le-tememos-a-esta-fecha-mitos-leyendas-y-la-ciencia-detras-de-la-mala-suerte","status":"publish","type":"post","link":"https:\/\/www.noticiasradioreflejos.com.ar\/2021\/martes-13-por-que-le-tememos-a-esta-fecha-mitos-leyendas-y-la-ciencia-detras-de-la-mala-suerte\/","title":{"rendered":"Martes 13: \u00bfPor qu\u00e9 le tememos a esta fecha? Mitos, leyendas y la ciencia detr\u00e1s de la \u00abmala suerte\u00bb"},"content":{"rendered":"<p data-path-to-node=\"4\">Ni te cases, ni te embarques, ni de tu casa te apartes. El refr\u00e1n resuena hoy con m\u00e1s fuerza que nunca. Mientras gran parte del mundo anglosaj\u00f3n teme al viernes 13, en las culturas hispanas, el <b data-path-to-node=\"4\" data-index-in-node=\"224\">martes 13<\/b> es el protagonista indiscutido de las supersticiones y el recelo.<!--more--><\/p>\n<h3 data-path-to-node=\"5\">El origen del mito: \u00bfPor qu\u00e9 Martes? \u00bfPor qu\u00e9 13?<\/h3>\n<p data-path-to-node=\"6\">La fobia a este d\u00eda no es producto de un solo evento, sino de una acumulaci\u00f3n de referencias hist\u00f3ricas y religiosas que han moldeado nuestra cultura:<\/p>\n<ul data-path-to-node=\"7\">\n<li>\n<p data-path-to-node=\"7,0,0\"><b data-path-to-node=\"7,0,0\" data-index-in-node=\"0\">El factor religioso:<\/b> En la \u00daltima Cena, los asistentes fueron 13 (los doce ap\u00f3stoles y Jes\u00fas). El n\u00famero 13 se asocia con Judas, el traidor. Adem\u00e1s, en el libro del Apocalipsis, el cap\u00edtulo 13 corresponde al Anticristo.<\/p>\n<\/li>\n<li>\n<p data-path-to-node=\"7,1,0\"><b data-path-to-node=\"7,1,0\" data-index-in-node=\"0\">La influencia de Marte:<\/b> El nombre del d\u00eda proviene del planeta Marte, que en la mitolog\u00eda romana era el <b data-path-to-node=\"7,1,0\" data-index-in-node=\"104\">Dios de la Guerra<\/b>. Se asocia con la destrucci\u00f3n, la sangre y la violencia.<\/p>\n<\/li>\n<li>\n<p data-path-to-node=\"7,2,0\"><b data-path-to-node=\"7,2,0\" data-index-in-node=\"0\">La ca\u00edda de Constantinopla:<\/b> La tradici\u00f3n popular tambi\u00e9n recuerda que un martes 13 de 1204, Constantinopla cay\u00f3 en la Cuarta Cruzada, un evento catastr\u00f3fico para la cristiandad que reforz\u00f3 la idea de que los martes son d\u00edas de desgracia.<\/p>\n<\/li>\n<\/ul>\n<h3 data-path-to-node=\"8\">Treceidifobia: Cuando la superstici\u00f3n se vuelve real<\/h3>\n<p data-path-to-node=\"9\">El miedo al n\u00famero 13 tiene nombre propio: <b data-path-to-node=\"9\" data-index-in-node=\"43\">treceidifobia<\/b>. Por otro lado, el miedo espec\u00edfico al martes 13 se denomina <b data-path-to-node=\"9\" data-index-in-node=\"118\">trezidavomartiofobia<\/b>.<\/p>\n<p data-path-to-node=\"10\">Aunque no existe evidencia cient\u00edfica que respalde un aumento de accidentes o infortunios en esta fecha, el impacto psicol\u00f3gico es real. Muchas personas evitan firmar contratos, realizar viajes largos o incluso someterse a cirug\u00edas programadas durante esta jornada.<\/p>\n<h3 data-path-to-node=\"11\">\u00bfMala suerte o simple sugesti\u00f3n?<\/h3>\n<p data-path-to-node=\"12\">Expertos en psicolog\u00eda sugieren que el martes 13 funciona bajo la <b data-path-to-node=\"12\" data-index-in-node=\"66\">profec\u00eda autocumplida<\/b>: al estar m\u00e1s nerviosos o predispuestos al error, es m\u00e1s probable que cometamos equivocaciones que luego atribuimos a la \u00abmala suerte\u00bb del calendario.<\/p>\n<blockquote data-path-to-node=\"13\">\n<p data-path-to-node=\"13,0\">\u00abLa suerte es lo que sucede cuando la preparaci\u00f3n encuentra la oportunidad. El martes 13 es solo un d\u00eda m\u00e1s para quienes deciden ignorar el mito\u00bb, afirman los esc\u00e9pticos.<\/p>\n<\/blockquote>\n","protected":false},"excerpt":{"rendered":"<p>Ni te cases, ni te embarques, ni de tu casa te apartes. El refr\u00e1n resuena hoy con m\u00e1s fuerza que nunca. Mientras gran parte del mundo anglosaj\u00f3n teme al viernes 13, en las culturas hispanas, el martes 13 es el protagonista indiscutido de las supersticiones y el recelo.<\/p>\n","protected":false},"author":3,"featured_media":106183,"comment_status":"closed","ping_status":"closed","sticky":false,"template":"","format":"standard","meta":{"footnotes":""},"categories":[35],"tags":[],"class_list":["post-131218","post","type-post","status-publish","format-standard","has-post-thumbnail","hentry","category-cultura"],"yoast_head":"<!-- This site is optimized with the Yoast SEO plugin v25.9 - https:\/\/yoast.com\/wordpress\/plugins\/seo\/ -->\n<title>Martes 13: \u00bfPor qu\u00e9 le tememos a esta fecha? Mitos, leyendas y la ciencia detr\u00e1s de la &quot;mala suerte&quot; - Noticias Radio Reflejos<\/title>\n<meta name=\"robots\" content=\"index, follow, max-snippet:-1, max-image-preview:large, max-video-preview:-1\" \/>\n<link rel=\"canonical\" href=\"https:\/\/www.noticiasradioreflejos.com.ar\/2021\/martes-13-por-que-le-tememos-a-esta-fecha-mitos-leyendas-y-la-ciencia-detras-de-la-mala-suerte\/\" \/>\n<meta property=\"og:locale\" content=\"es_ES\" \/>\n<meta property=\"og:type\" content=\"article\" \/>\n<meta property=\"og:title\" content=\"Martes 13: \u00bfPor qu\u00e9 le tememos a esta fecha? Mitos, leyendas y la ciencia detr\u00e1s de la &quot;mala suerte&quot; - Noticias Radio Reflejos\" \/>\n<meta property=\"og:description\" content=\"Ni te cases, ni te embarques, ni de tu casa te apartes. El refr\u00e1n resuena hoy con m\u00e1s fuerza que nunca. Mientras gran parte del mundo anglosaj\u00f3n teme al viernes 13, en las culturas hispanas, el martes 13 es el protagonista indiscutido de las supersticiones y el recelo.\" \/>\n<meta property=\"og:url\" content=\"https:\/\/www.noticiasradioreflejos.com.ar\/2021\/martes-13-por-que-le-tememos-a-esta-fecha-mitos-leyendas-y-la-ciencia-detras-de-la-mala-suerte\/\" \/>\n<meta property=\"og:site_name\" content=\"Noticias Radio Reflejos\" \/>\n<meta property=\"article:published_time\" content=\"2026-01-13T10:47:05+00:00\" \/>\n<meta property=\"og:image\" content=\"https:\/\/www.noticiasradioreflejos.com.ar\/2021\/wp-content\/uploads\/2024\/08\/malasuerte-martes-13.jpg\" \/>\n\t<meta property=\"og:image:width\" content=\"960\" \/>\n\t<meta property=\"og:image:height\" content=\"640\" \/>\n\t<meta property=\"og:image:type\" content=\"image\/jpeg\" \/>\n<meta name=\"author\" content=\"Arnaldo Botto\" \/>\n<meta name=\"twitter:card\" content=\"summary_large_image\" \/>\n<script type=\"application\/ld+json\" class=\"yoast-schema-graph\">{\"@context\":\"https:\/\/schema.org\",\"@graph\":[{\"@type\":\"WebPage\",\"@id\":\"https:\/\/www.noticiasradioreflejos.com.ar\/2021\/martes-13-por-que-le-tememos-a-esta-fecha-mitos-leyendas-y-la-ciencia-detras-de-la-mala-suerte\/\",\"url\":\"https:\/\/www.noticiasradioreflejos.com.ar\/2021\/martes-13-por-que-le-tememos-a-esta-fecha-mitos-leyendas-y-la-ciencia-detras-de-la-mala-suerte\/\",\"name\":\"Martes 13: \u00bfPor qu\u00e9 le tememos a esta fecha? Mitos, leyendas y la ciencia detr\u00e1s de la \\\"mala suerte\\\" - Noticias Radio Reflejos\",\"isPartOf\":{\"@id\":\"https:\/\/www.noticiasradioreflejos.com.ar\/2021\/#website\"},\"primaryImageOfPage\":{\"@id\":\"https:\/\/www.noticiasradioreflejos.com.ar\/2021\/martes-13-por-que-le-tememos-a-esta-fecha-mitos-leyendas-y-la-ciencia-detras-de-la-mala-suerte\/#primaryimage\"},\"image\":{\"@id\":\"https:\/\/www.noticiasradioreflejos.com.ar\/2021\/martes-13-por-que-le-tememos-a-esta-fecha-mitos-leyendas-y-la-ciencia-detras-de-la-mala-suerte\/#primaryimage\"},\"thumbnailUrl\":\"https:\/\/www.noticiasradioreflejos.com.ar\/2021\/wp-content\/uploads\/2024\/08\/malasuerte-martes-13.jpg\",\"datePublished\":\"2026-01-13T10:47:05+00:00\",\"author\":{\"@id\":\"https:\/\/www.noticiasradioreflejos.com.ar\/2021\/#\/schema\/person\/ad82545263dcc5ec0996818884fd5fb1\"},\"breadcrumb\":{\"@id\":\"https:\/\/www.noticiasradioreflejos.com.ar\/2021\/martes-13-por-que-le-tememos-a-esta-fecha-mitos-leyendas-y-la-ciencia-detras-de-la-mala-suerte\/#breadcrumb\"},\"inLanguage\":\"es\",\"potentialAction\":[{\"@type\":\"ReadAction\",\"target\":[\"https:\/\/www.noticiasradioreflejos.com.ar\/2021\/martes-13-por-que-le-tememos-a-esta-fecha-mitos-leyendas-y-la-ciencia-detras-de-la-mala-suerte\/\"]}]},{\"@type\":\"ImageObject\",\"inLanguage\":\"es\",\"@id\":\"https:\/\/www.noticiasradioreflejos.com.ar\/2021\/martes-13-por-que-le-tememos-a-esta-fecha-mitos-leyendas-y-la-ciencia-detras-de-la-mala-suerte\/#primaryimage\",\"url\":\"https:\/\/www.noticiasradioreflejos.com.ar\/2021\/wp-content\/uploads\/2024\/08\/malasuerte-martes-13.jpg\",\"contentUrl\":\"https:\/\/www.noticiasradioreflejos.com.ar\/2021\/wp-content\/uploads\/2024\/08\/malasuerte-martes-13.jpg\",\"width\":960,\"height\":640},{\"@type\":\"BreadcrumbList\",\"@id\":\"https:\/\/www.noticiasradioreflejos.com.ar\/2021\/martes-13-por-que-le-tememos-a-esta-fecha-mitos-leyendas-y-la-ciencia-detras-de-la-mala-suerte\/#breadcrumb\",\"itemListElement\":[{\"@type\":\"ListItem\",\"position\":1,\"name\":\"Portada\",\"item\":\"https:\/\/www.noticiasradioreflejos.com.ar\/2021\/\"},{\"@type\":\"ListItem\",\"position\":2,\"name\":\"Martes 13: \u00bfPor qu\u00e9 le tememos a esta fecha? Mitos, leyendas y la ciencia detr\u00e1s de la \u00abmala suerte\u00bb\"}]},{\"@type\":\"WebSite\",\"@id\":\"https:\/\/www.noticiasradioreflejos.com.ar\/2021\/#website\",\"url\":\"https:\/\/www.noticiasradioreflejos.com.ar\/2021\/\",\"name\":\"Noticias Radio Reflejos\",\"description\":\"Las noticias de mi comarca\",\"potentialAction\":[{\"@type\":\"SearchAction\",\"target\":{\"@type\":\"EntryPoint\",\"urlTemplate\":\"https:\/\/www.noticiasradioreflejos.com.ar\/2021\/?s={search_term_string}\"},\"query-input\":{\"@type\":\"PropertyValueSpecification\",\"valueRequired\":true,\"valueName\":\"search_term_string\"}}],\"inLanguage\":\"es\"},{\"@type\":\"Person\",\"@id\":\"https:\/\/www.noticiasradioreflejos.com.ar\/2021\/#\/schema\/person\/ad82545263dcc5ec0996818884fd5fb1\",\"name\":\"Arnaldo Botto\",\"image\":{\"@type\":\"ImageObject\",\"inLanguage\":\"es\",\"@id\":\"https:\/\/www.noticiasradioreflejos.com.ar\/2021\/#\/schema\/person\/image\/\",\"url\":\"https:\/\/secure.gravatar.com\/avatar\/55cb5e37c1efa326397366e6974cb338056df65cb50e7d64d1cf314e87504837?s=96&d=mm&r=g\",\"contentUrl\":\"https:\/\/secure.gravatar.com\/avatar\/55cb5e37c1efa326397366e6974cb338056df65cb50e7d64d1cf314e87504837?s=96&d=mm&r=g\",\"caption\":\"Arnaldo Botto\"},\"url\":\"https:\/\/www.noticiasradioreflejos.com.ar\/2021\/author\/arnaldo\/\"}]}<\/script>\n<!-- \/ Yoast SEO plugin. -->","yoast_head_json":{"title":"Martes 13: \u00bfPor qu\u00e9 le tememos a esta fecha? Mitos, leyendas y la ciencia detr\u00e1s de la \"mala suerte\" - Noticias Radio Reflejos","robots":{"index":"index","follow":"follow","max-snippet":"max-snippet:-1","max-image-preview":"max-image-preview:large","max-video-preview":"max-video-preview:-1"},"canonical":"https:\/\/www.noticiasradioreflejos.com.ar\/2021\/martes-13-por-que-le-tememos-a-esta-fecha-mitos-leyendas-y-la-ciencia-detras-de-la-mala-suerte\/","og_locale":"es_ES","og_type":"article","og_title":"Martes 13: \u00bfPor qu\u00e9 le tememos a esta fecha? Mitos, leyendas y la ciencia detr\u00e1s de la \"mala suerte\" - Noticias Radio Reflejos","og_description":"Ni te cases, ni te embarques, ni de tu casa te apartes. El refr\u00e1n resuena hoy con m\u00e1s fuerza que nunca. Mientras gran parte del mundo anglosaj\u00f3n teme al viernes 13, en las culturas hispanas, el martes 13 es el protagonista indiscutido de las supersticiones y el recelo.","og_url":"https:\/\/www.noticiasradioreflejos.com.ar\/2021\/martes-13-por-que-le-tememos-a-esta-fecha-mitos-leyendas-y-la-ciencia-detras-de-la-mala-suerte\/","og_site_name":"Noticias Radio Reflejos","article_published_time":"2026-01-13T10:47:05+00:00","og_image":[{"width":960,"height":640,"url":"https:\/\/www.noticiasradioreflejos.com.ar\/2021\/wp-content\/uploads\/2024\/08\/malasuerte-martes-13.jpg","type":"image\/jpeg"}],"author":"Arnaldo Botto","twitter_card":"summary_large_image","schema":{"@context":"https:\/\/schema.org","@graph":[{"@type":"WebPage","@id":"https:\/\/www.noticiasradioreflejos.com.ar\/2021\/martes-13-por-que-le-tememos-a-esta-fecha-mitos-leyendas-y-la-ciencia-detras-de-la-mala-suerte\/","url":"https:\/\/www.noticiasradioreflejos.com.ar\/2021\/martes-13-por-que-le-tememos-a-esta-fecha-mitos-leyendas-y-la-ciencia-detras-de-la-mala-suerte\/","name":"Martes 13: \u00bfPor qu\u00e9 le tememos a esta fecha? Mitos, leyendas y la ciencia detr\u00e1s de la \"mala suerte\" - Noticias Radio Reflejos","isPartOf":{"@id":"https:\/\/www.noticiasradioreflejos.com.ar\/2021\/#website"},"primaryImageOfPage":{"@id":"https:\/\/www.noticiasradioreflejos.com.ar\/2021\/martes-13-por-que-le-tememos-a-esta-fecha-mitos-leyendas-y-la-ciencia-detras-de-la-mala-suerte\/#primaryimage"},"image":{"@id":"https:\/\/www.noticiasradioreflejos.com.ar\/2021\/martes-13-por-que-le-tememos-a-esta-fecha-mitos-leyendas-y-la-ciencia-detras-de-la-mala-suerte\/#primaryimage"},"thumbnailUrl":"https:\/\/www.noticiasradioreflejos.com.ar\/2021\/wp-content\/uploads\/2024\/08\/malasuerte-martes-13.jpg","datePublished":"2026-01-13T10:47:05+00:00","author":{"@id":"https:\/\/www.noticiasradioreflejos.com.ar\/2021\/#\/schema\/person\/ad82545263dcc5ec0996818884fd5fb1"},"breadcrumb":{"@id":"https:\/\/www.noticiasradioreflejos.com.ar\/2021\/martes-13-por-que-le-tememos-a-esta-fecha-mitos-leyendas-y-la-ciencia-detras-de-la-mala-suerte\/#breadcrumb"},"inLanguage":"es","potentialAction":[{"@type":"ReadAction","target":["https:\/\/www.noticiasradioreflejos.com.ar\/2021\/martes-13-por-que-le-tememos-a-esta-fecha-mitos-leyendas-y-la-ciencia-detras-de-la-mala-suerte\/"]}]},{"@type":"ImageObject","inLanguage":"es","@id":"https:\/\/www.noticiasradioreflejos.com.ar\/2021\/martes-13-por-que-le-tememos-a-esta-fecha-mitos-leyendas-y-la-ciencia-detras-de-la-mala-suerte\/#primaryimage","url":"https:\/\/www.noticiasradioreflejos.com.ar\/2021\/wp-content\/uploads\/2024\/08\/malasuerte-martes-13.jpg","contentUrl":"https:\/\/www.noticiasradioreflejos.com.ar\/2021\/wp-content\/uploads\/2024\/08\/malasuerte-martes-13.jpg","width":960,"height":640},{"@type":"BreadcrumbList","@id":"https:\/\/www.noticiasradioreflejos.com.ar\/2021\/martes-13-por-que-le-tememos-a-esta-fecha-mitos-leyendas-y-la-ciencia-detras-de-la-mala-suerte\/#breadcrumb","itemListElement":[{"@type":"ListItem","position":1,"name":"Portada","item":"https:\/\/www.noticiasradioreflejos.com.ar\/2021\/"},{"@type":"ListItem","position":2,"name":"Martes 13: \u00bfPor qu\u00e9 le tememos a esta fecha? Mitos, leyendas y la ciencia detr\u00e1s de la \u00abmala suerte\u00bb"}]},{"@type":"WebSite","@id":"https:\/\/www.noticiasradioreflejos.com.ar\/2021\/#website","url":"https:\/\/www.noticiasradioreflejos.com.ar\/2021\/","name":"Noticias Radio Reflejos","description":"Las noticias de mi comarca","potentialAction":[{"@type":"SearchAction","target":{"@type":"EntryPoint","urlTemplate":"https:\/\/www.noticiasradioreflejos.com.ar\/2021\/?s={search_term_string}"},"query-input":{"@type":"PropertyValueSpecification","valueRequired":true,"valueName":"search_term_string"}}],"inLanguage":"es"},{"@type":"Person","@id":"https:\/\/www.noticiasradioreflejos.com.ar\/2021\/#\/schema\/person\/ad82545263dcc5ec0996818884fd5fb1","name":"Arnaldo Botto","image":{"@type":"ImageObject","inLanguage":"es","@id":"https:\/\/www.noticiasradioreflejos.com.ar\/2021\/#\/schema\/person\/image\/","url":"https:\/\/secure.gravatar.com\/avatar\/55cb5e37c1efa326397366e6974cb338056df65cb50e7d64d1cf314e87504837?s=96&d=mm&r=g","contentUrl":"https:\/\/secure.gravatar.com\/avatar\/55cb5e37c1efa326397366e6974cb338056df65cb50e7d64d1cf314e87504837?s=96&d=mm&r=g","caption":"Arnaldo Botto"},"url":"https:\/\/www.noticiasradioreflejos.com.ar\/2021\/author\/arnaldo\/"}]}},"_links":{"self":[{"href":"https:\/\/www.noticiasradioreflejos.com.ar\/2021\/wp-json\/wp\/v2\/posts\/131218","targetHints":{"allow":["GET"]}}],"collection":[{"href":"https:\/\/www.noticiasradioreflejos.com.ar\/2021\/wp-json\/wp\/v2\/posts"}],"about":[{"href":"https:\/\/www.noticiasradioreflejos.com.ar\/2021\/wp-json\/wp\/v2\/types\/post"}],"author":[{"embeddable":true,"href":"https:\/\/www.noticiasradioreflejos.com.ar\/2021\/wp-json\/wp\/v2\/users\/3"}],"replies":[{"embeddable":true,"href":"https:\/\/www.noticiasradioreflejos.com.ar\/2021\/wp-json\/wp\/v2\/comments?post=131218"}],"version-history":[{"count":1,"href":"https:\/\/www.noticiasradioreflejos.com.ar\/2021\/wp-json\/wp\/v2\/posts\/131218\/revisions"}],"predecessor-version":[{"id":131221,"href":"https:\/\/www.noticiasradioreflejos.com.ar\/2021\/wp-json\/wp\/v2\/posts\/131218\/revisions\/131221"}],"wp:featuredmedia":[{"embeddable":true,"href":"https:\/\/www.noticiasradioreflejos.com.ar\/2021\/wp-json\/wp\/v2\/media\/106183"}],"wp:attachment":[{"href":"https:\/\/www.noticiasradioreflejos.com.ar\/2021\/wp-json\/wp\/v2\/media?parent=131218"}],"wp:term":[{"taxonomy":"category","embeddable":true,"href":"https:\/\/www.noticiasradioreflejos.com.ar\/2021\/wp-json\/wp\/v2\/categories?post=131218"},{"taxonomy":"post_tag","embeddable":true,"href":"https:\/\/www.noticiasradioreflejos.com.ar\/2021\/wp-json\/wp\/v2\/tags?post=131218"}],"curies":[{"name":"wp","href":"https:\/\/api.w.org\/{rel}","templated":true}]}}