{"id":131216,"date":"2026-01-13T07:29:26","date_gmt":"2026-01-13T10:29:26","guid":{"rendered":"https:\/\/www.noticiasradioreflejos.com.ar\/2021\/?p=131216"},"modified":"2026-01-14T08:42:35","modified_gmt":"2026-01-14T11:42:35","slug":"el-temporal-en-la-comarca-dejo-mas-de-50-mm-de-lluvia-e-incendios-por-descargas-electricas","status":"publish","type":"post","link":"https:\/\/www.noticiasradioreflejos.com.ar\/2021\/el-temporal-en-la-comarca-dejo-mas-de-50-mm-de-lluvia-e-incendios-por-descargas-electricas\/","title":{"rendered":"El temporal en la Comarca dej\u00f3 m\u00e1s de 50 mm de lluvia e incendios por descargas el\u00e9ctricas"},"content":{"rendered":"<p data-path-to-node=\"4\"><b data-path-to-node=\"4\" data-index-in-node=\"0\">La tormenta el\u00e9ctrica provoc\u00f3 reiterados cortes de energ\u00eda y focos \u00edgneos en zonas rurales. Tras una madrugada de intensa actividad, el acumulado de agua en Sierra de la Ventana alcanz\u00f3 los 53 mm.<\/b><!--more--><\/p>\n<p data-path-to-node=\"5\">La Comarca de Sierra de la Ventana y gran parte del distrito de Tornquist se encuentran bajo evaluaci\u00f3n de da\u00f1os tras el fuerte temporal que se extendi\u00f3 desde el mediod\u00eda del lunes hasta las primeras horas de este martes 13 de enero. El fen\u00f3meno, caracterizado por una severa actividad el\u00e9ctrica, no solo caus\u00f3 incendios forestales, sino que tambi\u00e9n afect\u00f3 el suministro el\u00e9ctrico y dej\u00f3 abundantes registros de lluvia.<\/p>\n<h3 data-path-to-node=\"6\">Impacto en los servicios y milimetraje<\/h3>\n<p data-path-to-node=\"7\">Durante la noche del lunes y la madrugada de hoy, la tormenta el\u00e9ctrica ocasion\u00f3 <b data-path-to-node=\"7\" data-index-in-node=\"81\">reiterados cortes en el suministro de energ\u00eda<\/b>. Seg\u00fan reportes de los vecinos, se registraron interrupciones breves de pocos minutos y otros cortes de mayor duraci\u00f3n cerca de medianoche. en tanto Villa Ventana permaneci\u00f3 a oscuras desde las primeras horas de la noche hasta la madrugada.<\/p>\n<p data-path-to-node=\"8\">Con el correr de las horas, la actividad el\u00e9ctrica disminuy\u00f3, dando paso a una lluvia continua que result\u00f3 fundamental para el alivio de la zona. En la planta urbana de <b data-path-to-node=\"8\" data-index-in-node=\"169\">Sierra de la Ventana el registro alcanz\u00f3 los 53 mm<\/b>, mientras que en las zonas rurales y localidades vecinas los milimetrajes tambi\u00e9n fueron abundantes, llevando tranquilidad ante el riesgo de incendios.<\/p>\n<h3 data-path-to-node=\"9\">Cronolog\u00eda de la emergencia<\/h3>\n<p data-path-to-node=\"10\">La inestabilidad comenz\u00f3 el lunes a las 11:00 hs con chaparrones aislados, pero recrudeci\u00f3 despu\u00e9s del mediod\u00eda. Durante la tarde, los rayos provocaron dos focos \u00edgneos simult\u00e1neos:<\/p>\n<ol start=\"1\" data-path-to-node=\"11\">\n<li>\n<p data-path-to-node=\"11,0,0\"><b data-path-to-node=\"11,0,0\" data-index-in-node=\"0\">Sectores de El Chaco y Los Cuises:<\/b> Afect\u00f3 un ca\u00f1ad\u00f3n y cerros, donde trabajaron dotaciones de <b data-path-to-node=\"11,0,0\" data-index-in-node=\"94\">Tornquist y Saavedra<\/b>.<\/p>\n<\/li>\n<li>\n<p data-path-to-node=\"11,1,0\"><b data-path-to-node=\"11,1,0\" data-index-in-node=\"0\">Camino de La Trochita (Estancia Las Acacias y Cerro Colorado):<\/b> Emergencia atendida por <b data-path-to-node=\"11,1,0\" data-index-in-node=\"87\">Bomberos Voluntarios de Sierra de la Ventana y Villa Ventana<\/b>.<\/p>\n<\/li>\n<\/ol>\n<h3 data-path-to-node=\"12\">Alerta y prevenci\u00f3n<\/h3>\n<p data-path-to-node=\"13\">Cerca de las 20:40 hs del lunes, la situaci\u00f3n alcanz\u00f3 su punto cr\u00edtico tras el alerta amarillo emitido por el Servicio Meteorol\u00f3gico Nacional. El cielo serrano se vio iluminado de forma constante por rel\u00e1mpagos, acompa\u00f1ados de chaparrones intensos y granizo peque\u00f1o.<\/p>\n<p data-path-to-node=\"14\">Defensa Civil y los cuerpos de Bomberos contin\u00faan en guardia, monitoreando el comportamiento de los arroyos tras el importante escurrimiento de agua desde las altas cumbres y trabajando en el restablecimiento total de los servicios afectados.<\/p>\n<h3 data-path-to-node=\"16\"><strong>Registros de Lluvia en la Zona<\/strong><\/h3>\n<p>53 mm en Sierra de la Ventana<br \/>\n38,5 mm en La Casita de Ventana (8 kms de Sierra)<br \/>\n40 mm en Las Acacias<br \/>\n35 mm en Villa Ventana<br \/>\n40 mm en Cerros colorados<br \/>\n27 mm en Sierras Grandes<br \/>\n30 mm en Saldungaray<br \/>\n10 mm en Desembocadura del dique<br \/>\n20 mm en Tornquist<br \/>\n15 mm en Tres Picos<br \/>\n2mm 2n Chas\u00edc\u00f3<br \/>\n12 mm en Saavedra<br \/>\n21 mm en San Eloy<br \/>\n10 mm en Cnel Falc\u00f3n<br \/>\n13 mm en L\u00edbano<br \/>\n15 mm en Gonzalez Ch\u00e1vez<br \/>\n8 mm en San Cayetano<br \/>\n4,6 mm en La Vit\u00edcola<br \/>\n5,2 mm en EL Faro Cnel Dorrego<br \/>\n0.5 mm en Bah\u00eda Blanca<br \/>\n14 mm en Centro Urquiza<br \/>\n33 mm en Estancias Lol\u00e9n<br \/>\n21 mm en Irene &#8211; Aparicio<br \/>\n25 mm en Lin Calel<br \/>\n32 mm en Goyena<br \/>\n22 mm en Oriente<br \/>\n12 mm en Orense<br \/>\n32 mm en La legua<br \/>\n12 mm en Aparicio\/El Perdido<br \/>\n30 mm en Colonia San Mart\u00edn<br \/>\n30 mm en Alpachini<br \/>\n8 mm en Cabildo<br \/>\n36 mm en Dufaur<br \/>\n9 mm en Felipe Sola<br \/>\n20 mm en Gasc\u00f3n<br \/>\n25 mm en Pigue<br \/>\n38 mm en Coronel Pringles 38 (ciudad 50)<br \/>\n19 mm en Darregueira<br \/>\n28 mm en Copetonas<br \/>\n3 mm en Lamadrid<br \/>\n27 mm en Curamalal<\/p>\n","protected":false},"excerpt":{"rendered":"<p>La tormenta el\u00e9ctrica provoc\u00f3 reiterados cortes de energ\u00eda y focos \u00edgneos en zonas rurales. Tras una madrugada de intensa actividad, el acumulado de agua en Sierra de la Ventana alcanz\u00f3 los 53 mm.<\/p>\n","protected":false},"author":3,"featured_media":67415,"comment_status":"closed","ping_status":"closed","sticky":false,"template":"","format":"standard","meta":{"footnotes":""},"categories":[46],"tags":[],"class_list":["post-131216","post","type-post","status-publish","format-standard","has-post-thumbnail","hentry","category-ciencia-y-tecnologia"],"yoast_head":"<!-- This site is optimized with the Yoast SEO plugin v25.9 - https:\/\/yoast.com\/wordpress\/plugins\/seo\/ -->\n<title>El temporal en la Comarca dej\u00f3 m\u00e1s de 50 mm de lluvia e incendios por descargas el\u00e9ctricas - Noticias Radio Reflejos<\/title>\n<meta name=\"robots\" content=\"index, follow, max-snippet:-1, max-image-preview:large, max-video-preview:-1\" \/>\n<link rel=\"canonical\" href=\"https:\/\/www.noticiasradioreflejos.com.ar\/2021\/el-temporal-en-la-comarca-dejo-mas-de-50-mm-de-lluvia-e-incendios-por-descargas-electricas\/\" \/>\n<meta property=\"og:locale\" content=\"es_ES\" \/>\n<meta property=\"og:type\" content=\"article\" \/>\n<meta property=\"og:title\" content=\"El temporal en la Comarca dej\u00f3 m\u00e1s de 50 mm de lluvia e incendios por descargas el\u00e9ctricas - Noticias Radio Reflejos\" \/>\n<meta property=\"og:description\" content=\"La tormenta el\u00e9ctrica provoc\u00f3 reiterados cortes de energ\u00eda y focos \u00edgneos en zonas rurales. Tras una madrugada de intensa actividad, el acumulado de agua en Sierra de la Ventana alcanz\u00f3 los 53 mm.\" \/>\n<meta property=\"og:url\" content=\"https:\/\/www.noticiasradioreflejos.com.ar\/2021\/el-temporal-en-la-comarca-dejo-mas-de-50-mm-de-lluvia-e-incendios-por-descargas-electricas\/\" \/>\n<meta property=\"og:site_name\" content=\"Noticias Radio Reflejos\" \/>\n<meta property=\"article:published_time\" content=\"2026-01-13T10:29:26+00:00\" \/>\n<meta property=\"article:modified_time\" content=\"2026-01-14T11:42:35+00:00\" \/>\n<meta property=\"og:image\" content=\"https:\/\/www.noticiasradioreflejos.com.ar\/2021\/wp-content\/uploads\/2022\/01\/Tormenta-de-rayos.jpg\" \/>\n\t<meta property=\"og:image:width\" content=\"1080\" \/>\n\t<meta property=\"og:image:height\" content=\"720\" \/>\n\t<meta property=\"og:image:type\" content=\"image\/jpeg\" \/>\n<meta name=\"author\" content=\"Arnaldo Botto\" \/>\n<meta name=\"twitter:card\" content=\"summary_large_image\" \/>\n<script type=\"application\/ld+json\" class=\"yoast-schema-graph\">{\"@context\":\"https:\/\/schema.org\",\"@graph\":[{\"@type\":\"WebPage\",\"@id\":\"https:\/\/www.noticiasradioreflejos.com.ar\/2021\/el-temporal-en-la-comarca-dejo-mas-de-50-mm-de-lluvia-e-incendios-por-descargas-electricas\/\",\"url\":\"https:\/\/www.noticiasradioreflejos.com.ar\/2021\/el-temporal-en-la-comarca-dejo-mas-de-50-mm-de-lluvia-e-incendios-por-descargas-electricas\/\",\"name\":\"El temporal en la Comarca dej\u00f3 m\u00e1s de 50 mm de lluvia e incendios por descargas el\u00e9ctricas - Noticias Radio Reflejos\",\"isPartOf\":{\"@id\":\"https:\/\/www.noticiasradioreflejos.com.ar\/2021\/#website\"},\"primaryImageOfPage\":{\"@id\":\"https:\/\/www.noticiasradioreflejos.com.ar\/2021\/el-temporal-en-la-comarca-dejo-mas-de-50-mm-de-lluvia-e-incendios-por-descargas-electricas\/#primaryimage\"},\"image\":{\"@id\":\"https:\/\/www.noticiasradioreflejos.com.ar\/2021\/el-temporal-en-la-comarca-dejo-mas-de-50-mm-de-lluvia-e-incendios-por-descargas-electricas\/#primaryimage\"},\"thumbnailUrl\":\"https:\/\/www.noticiasradioreflejos.com.ar\/2021\/wp-content\/uploads\/2022\/01\/Tormenta-de-rayos.jpg\",\"datePublished\":\"2026-01-13T10:29:26+00:00\",\"dateModified\":\"2026-01-14T11:42:35+00:00\",\"author\":{\"@id\":\"https:\/\/www.noticiasradioreflejos.com.ar\/2021\/#\/schema\/person\/ad82545263dcc5ec0996818884fd5fb1\"},\"breadcrumb\":{\"@id\":\"https:\/\/www.noticiasradioreflejos.com.ar\/2021\/el-temporal-en-la-comarca-dejo-mas-de-50-mm-de-lluvia-e-incendios-por-descargas-electricas\/#breadcrumb\"},\"inLanguage\":\"es\",\"potentialAction\":[{\"@type\":\"ReadAction\",\"target\":[\"https:\/\/www.noticiasradioreflejos.com.ar\/2021\/el-temporal-en-la-comarca-dejo-mas-de-50-mm-de-lluvia-e-incendios-por-descargas-electricas\/\"]}]},{\"@type\":\"ImageObject\",\"inLanguage\":\"es\",\"@id\":\"https:\/\/www.noticiasradioreflejos.com.ar\/2021\/el-temporal-en-la-comarca-dejo-mas-de-50-mm-de-lluvia-e-incendios-por-descargas-electricas\/#primaryimage\",\"url\":\"https:\/\/www.noticiasradioreflejos.com.ar\/2021\/wp-content\/uploads\/2022\/01\/Tormenta-de-rayos.jpg\",\"contentUrl\":\"https:\/\/www.noticiasradioreflejos.com.ar\/2021\/wp-content\/uploads\/2022\/01\/Tormenta-de-rayos.jpg\",\"width\":1080,\"height\":720},{\"@type\":\"BreadcrumbList\",\"@id\":\"https:\/\/www.noticiasradioreflejos.com.ar\/2021\/el-temporal-en-la-comarca-dejo-mas-de-50-mm-de-lluvia-e-incendios-por-descargas-electricas\/#breadcrumb\",\"itemListElement\":[{\"@type\":\"ListItem\",\"position\":1,\"name\":\"Portada\",\"item\":\"https:\/\/www.noticiasradioreflejos.com.ar\/2021\/\"},{\"@type\":\"ListItem\",\"position\":2,\"name\":\"El temporal en la Comarca dej\u00f3 m\u00e1s de 50 mm de lluvia e incendios por descargas el\u00e9ctricas\"}]},{\"@type\":\"WebSite\",\"@id\":\"https:\/\/www.noticiasradioreflejos.com.ar\/2021\/#website\",\"url\":\"https:\/\/www.noticiasradioreflejos.com.ar\/2021\/\",\"name\":\"Noticias Radio Reflejos\",\"description\":\"Las noticias de mi comarca\",\"potentialAction\":[{\"@type\":\"SearchAction\",\"target\":{\"@type\":\"EntryPoint\",\"urlTemplate\":\"https:\/\/www.noticiasradioreflejos.com.ar\/2021\/?s={search_term_string}\"},\"query-input\":{\"@type\":\"PropertyValueSpecification\",\"valueRequired\":true,\"valueName\":\"search_term_string\"}}],\"inLanguage\":\"es\"},{\"@type\":\"Person\",\"@id\":\"https:\/\/www.noticiasradioreflejos.com.ar\/2021\/#\/schema\/person\/ad82545263dcc5ec0996818884fd5fb1\",\"name\":\"Arnaldo Botto\",\"image\":{\"@type\":\"ImageObject\",\"inLanguage\":\"es\",\"@id\":\"https:\/\/www.noticiasradioreflejos.com.ar\/2021\/#\/schema\/person\/image\/\",\"url\":\"https:\/\/secure.gravatar.com\/avatar\/55cb5e37c1efa326397366e6974cb338056df65cb50e7d64d1cf314e87504837?s=96&d=mm&r=g\",\"contentUrl\":\"https:\/\/secure.gravatar.com\/avatar\/55cb5e37c1efa326397366e6974cb338056df65cb50e7d64d1cf314e87504837?s=96&d=mm&r=g\",\"caption\":\"Arnaldo Botto\"},\"url\":\"https:\/\/www.noticiasradioreflejos.com.ar\/2021\/author\/arnaldo\/\"}]}<\/script>\n<!-- \/ Yoast SEO plugin. -->","yoast_head_json":{"title":"El temporal en la Comarca dej\u00f3 m\u00e1s de 50 mm de lluvia e incendios por descargas el\u00e9ctricas - Noticias Radio Reflejos","robots":{"index":"index","follow":"follow","max-snippet":"max-snippet:-1","max-image-preview":"max-image-preview:large","max-video-preview":"max-video-preview:-1"},"canonical":"https:\/\/www.noticiasradioreflejos.com.ar\/2021\/el-temporal-en-la-comarca-dejo-mas-de-50-mm-de-lluvia-e-incendios-por-descargas-electricas\/","og_locale":"es_ES","og_type":"article","og_title":"El temporal en la Comarca dej\u00f3 m\u00e1s de 50 mm de lluvia e incendios por descargas el\u00e9ctricas - Noticias Radio Reflejos","og_description":"La tormenta el\u00e9ctrica provoc\u00f3 reiterados cortes de energ\u00eda y focos \u00edgneos en zonas rurales. Tras una madrugada de intensa actividad, el acumulado de agua en Sierra de la Ventana alcanz\u00f3 los 53 mm.","og_url":"https:\/\/www.noticiasradioreflejos.com.ar\/2021\/el-temporal-en-la-comarca-dejo-mas-de-50-mm-de-lluvia-e-incendios-por-descargas-electricas\/","og_site_name":"Noticias Radio Reflejos","article_published_time":"2026-01-13T10:29:26+00:00","article_modified_time":"2026-01-14T11:42:35+00:00","og_image":[{"width":1080,"height":720,"url":"https:\/\/www.noticiasradioreflejos.com.ar\/2021\/wp-content\/uploads\/2022\/01\/Tormenta-de-rayos.jpg","type":"image\/jpeg"}],"author":"Arnaldo Botto","twitter_card":"summary_large_image","schema":{"@context":"https:\/\/schema.org","@graph":[{"@type":"WebPage","@id":"https:\/\/www.noticiasradioreflejos.com.ar\/2021\/el-temporal-en-la-comarca-dejo-mas-de-50-mm-de-lluvia-e-incendios-por-descargas-electricas\/","url":"https:\/\/www.noticiasradioreflejos.com.ar\/2021\/el-temporal-en-la-comarca-dejo-mas-de-50-mm-de-lluvia-e-incendios-por-descargas-electricas\/","name":"El temporal en la Comarca dej\u00f3 m\u00e1s de 50 mm de lluvia e incendios por descargas el\u00e9ctricas - Noticias Radio Reflejos","isPartOf":{"@id":"https:\/\/www.noticiasradioreflejos.com.ar\/2021\/#website"},"primaryImageOfPage":{"@id":"https:\/\/www.noticiasradioreflejos.com.ar\/2021\/el-temporal-en-la-comarca-dejo-mas-de-50-mm-de-lluvia-e-incendios-por-descargas-electricas\/#primaryimage"},"image":{"@id":"https:\/\/www.noticiasradioreflejos.com.ar\/2021\/el-temporal-en-la-comarca-dejo-mas-de-50-mm-de-lluvia-e-incendios-por-descargas-electricas\/#primaryimage"},"thumbnailUrl":"https:\/\/www.noticiasradioreflejos.com.ar\/2021\/wp-content\/uploads\/2022\/01\/Tormenta-de-rayos.jpg","datePublished":"2026-01-13T10:29:26+00:00","dateModified":"2026-01-14T11:42:35+00:00","author":{"@id":"https:\/\/www.noticiasradioreflejos.com.ar\/2021\/#\/schema\/person\/ad82545263dcc5ec0996818884fd5fb1"},"breadcrumb":{"@id":"https:\/\/www.noticiasradioreflejos.com.ar\/2021\/el-temporal-en-la-comarca-dejo-mas-de-50-mm-de-lluvia-e-incendios-por-descargas-electricas\/#breadcrumb"},"inLanguage":"es","potentialAction":[{"@type":"ReadAction","target":["https:\/\/www.noticiasradioreflejos.com.ar\/2021\/el-temporal-en-la-comarca-dejo-mas-de-50-mm-de-lluvia-e-incendios-por-descargas-electricas\/"]}]},{"@type":"ImageObject","inLanguage":"es","@id":"https:\/\/www.noticiasradioreflejos.com.ar\/2021\/el-temporal-en-la-comarca-dejo-mas-de-50-mm-de-lluvia-e-incendios-por-descargas-electricas\/#primaryimage","url":"https:\/\/www.noticiasradioreflejos.com.ar\/2021\/wp-content\/uploads\/2022\/01\/Tormenta-de-rayos.jpg","contentUrl":"https:\/\/www.noticiasradioreflejos.com.ar\/2021\/wp-content\/uploads\/2022\/01\/Tormenta-de-rayos.jpg","width":1080,"height":720},{"@type":"BreadcrumbList","@id":"https:\/\/www.noticiasradioreflejos.com.ar\/2021\/el-temporal-en-la-comarca-dejo-mas-de-50-mm-de-lluvia-e-incendios-por-descargas-electricas\/#breadcrumb","itemListElement":[{"@type":"ListItem","position":1,"name":"Portada","item":"https:\/\/www.noticiasradioreflejos.com.ar\/2021\/"},{"@type":"ListItem","position":2,"name":"El temporal en la Comarca dej\u00f3 m\u00e1s de 50 mm de lluvia e incendios por descargas el\u00e9ctricas"}]},{"@type":"WebSite","@id":"https:\/\/www.noticiasradioreflejos.com.ar\/2021\/#website","url":"https:\/\/www.noticiasradioreflejos.com.ar\/2021\/","name":"Noticias Radio Reflejos","description":"Las noticias de mi comarca","potentialAction":[{"@type":"SearchAction","target":{"@type":"EntryPoint","urlTemplate":"https:\/\/www.noticiasradioreflejos.com.ar\/2021\/?s={search_term_string}"},"query-input":{"@type":"PropertyValueSpecification","valueRequired":true,"valueName":"search_term_string"}}],"inLanguage":"es"},{"@type":"Person","@id":"https:\/\/www.noticiasradioreflejos.com.ar\/2021\/#\/schema\/person\/ad82545263dcc5ec0996818884fd5fb1","name":"Arnaldo Botto","image":{"@type":"ImageObject","inLanguage":"es","@id":"https:\/\/www.noticiasradioreflejos.com.ar\/2021\/#\/schema\/person\/image\/","url":"https:\/\/secure.gravatar.com\/avatar\/55cb5e37c1efa326397366e6974cb338056df65cb50e7d64d1cf314e87504837?s=96&d=mm&r=g","contentUrl":"https:\/\/secure.gravatar.com\/avatar\/55cb5e37c1efa326397366e6974cb338056df65cb50e7d64d1cf314e87504837?s=96&d=mm&r=g","caption":"Arnaldo Botto"},"url":"https:\/\/www.noticiasradioreflejos.com.ar\/2021\/author\/arnaldo\/"}]}},"_links":{"self":[{"href":"https:\/\/www.noticiasradioreflejos.com.ar\/2021\/wp-json\/wp\/v2\/posts\/131216","targetHints":{"allow":["GET"]}}],"collection":[{"href":"https:\/\/www.noticiasradioreflejos.com.ar\/2021\/wp-json\/wp\/v2\/posts"}],"about":[{"href":"https:\/\/www.noticiasradioreflejos.com.ar\/2021\/wp-json\/wp\/v2\/types\/post"}],"author":[{"embeddable":true,"href":"https:\/\/www.noticiasradioreflejos.com.ar\/2021\/wp-json\/wp\/v2\/users\/3"}],"replies":[{"embeddable":true,"href":"https:\/\/www.noticiasradioreflejos.com.ar\/2021\/wp-json\/wp\/v2\/comments?post=131216"}],"version-history":[{"count":6,"href":"https:\/\/www.noticiasradioreflejos.com.ar\/2021\/wp-json\/wp\/v2\/posts\/131216\/revisions"}],"predecessor-version":[{"id":131242,"href":"https:\/\/www.noticiasradioreflejos.com.ar\/2021\/wp-json\/wp\/v2\/posts\/131216\/revisions\/131242"}],"wp:featuredmedia":[{"embeddable":true,"href":"https:\/\/www.noticiasradioreflejos.com.ar\/2021\/wp-json\/wp\/v2\/media\/67415"}],"wp:attachment":[{"href":"https:\/\/www.noticiasradioreflejos.com.ar\/2021\/wp-json\/wp\/v2\/media?parent=131216"}],"wp:term":[{"taxonomy":"category","embeddable":true,"href":"https:\/\/www.noticiasradioreflejos.com.ar\/2021\/wp-json\/wp\/v2\/categories?post=131216"},{"taxonomy":"post_tag","embeddable":true,"href":"https:\/\/www.noticiasradioreflejos.com.ar\/2021\/wp-json\/wp\/v2\/tags?post=131216"}],"curies":[{"name":"wp","href":"https:\/\/api.w.org\/{rel}","templated":true}]}}