{"id":131213,"date":"2026-01-13T06:56:19","date_gmt":"2026-01-13T09:56:19","guid":{"rendered":"https:\/\/www.noticiasradioreflejos.com.ar\/2021\/?p=131213"},"modified":"2026-01-13T06:56:19","modified_gmt":"2026-01-13T09:56:19","slug":"libertad-una-calle-angosta-donde-solo-tienen-lugar-los-fanaticos-afines-al-gobierno","status":"publish","type":"post","link":"https:\/\/www.noticiasradioreflejos.com.ar\/2021\/libertad-una-calle-angosta-donde-solo-tienen-lugar-los-fanaticos-afines-al-gobierno\/","title":{"rendered":"Libertad: una calle angosta donde s\u00f3lo tienen lugar los fan\u00e1ticos afines al gobierno."},"content":{"rendered":"<p>Causa asombro que se ajuste a los jubilados, a las personas con discapacidad, a la educaci\u00f3n p\u00fablica, a la salud p\u00fablica, a los trabajadores, a la mayor\u00eda de la sociedad y se lo haga en nombre de la libertad.<\/p>\n<p><!--more--><br \/>\nDice el presidente \u00abHay que exterminar a todos los colectivistas\u00bb Engloba a la izquierda, socialistas, Radicales, nacionalistas y un sector importante del peronismo bajo un mismo t\u00edtulo \u00abcomunistas\u00bb<br \/>\nNi la dictadura fue tan Maccarthista como este Gobierno, disentir es sin\u00f3nimo de comunista.<br \/>\nTodo esto en nombre de la libertad!!!!!<br \/>\nPero mientras tanto, se permite vender las tierras lim\u00edtrofes a extranjeros, vulnerando las fronteras, se beneficia a las multinacionales bajando impuestos, se sigue robando y vaciando el PAMI, y se intenta una reforma laboral que da\u00f1a de sobremanera los derechos adquiridos por los trabajadores. Muchos de sus funcionarios son la \u00abcasta\u00bb o \u00abz\u00e1nganos del Estado\u00bb Como Scioli o Burlich que viven del Estado hace m\u00e1s de 40 a\u00f1os.<br \/>\nCreo, que los ciudadanos se equivocan cuando compra el discurso oficial, quiz\u00e1s por, bronca con el Kirchnerismo, quiz\u00e1s por confusi\u00f3n o ignorancia, est\u00e1n haciendo un da\u00f1o a la Argentina casi irreparable.<br \/>\nNo entiendo a las fuerzas de seguridad que reprimen a los jubilados y custodian a los venezolanos que se manifestaron por la captura de Maduro; tampoco entiendo a los militares que apoyan a este gobierno, festejan el nombramiento de Presti, pero miran para otro lado cuando el presidente dice admirar a Thatcher y los diputados libertarios dicen para que queremos las Malvinas, y como si tuvieran el s\u00edndrome de Estocolmo, el 80% de los uniformados est\u00e1n bajo la l\u00ednea de pobreza.<br \/>\nLes recordar\u00eda que murieron 649 argentinos en el conflicto del Atl\u00e1ntico sur. El honor y la dignidad, quedaron por el suelo.<br \/>\nNuestra historia de luchas nos condujo en alg\u00fan tiempo a considerarnos como un faro en Latinoam\u00e9rica. Ya no caben dudas que la ideolog\u00eda libertaria es nefasta y tiene como objetivo destruir nuestra argentinidad. Sin embargo, la gran mayor\u00eda de nuestros compatriotas siguen sosteniendo ese sue\u00f1o de los fundadores y los que los sucedieron: un pa\u00eds productivo, desarrollado, con una educaci\u00f3n que garantiz\u00f3 la movilidad social ascendente, con un sentido de unidad nacional.<br \/>\nNo olvidar que vivimos un punto de inflexi\u00f3n cuando pudimos terminar con la dictadura y volvimos a la Democracia. Pero la Democracia, no solo es emitir el sufragio, es tambi\u00e9n ejercer la representaci\u00f3n que corresponde: exigir a quienes nos representan y nos impone participar, ya que la salida de la crisis nunca es individual, sino colectiva. El desinter\u00e9s, la imposici\u00f3n del \u00abs\u00e1lvese quien pueda\u00bb acompa\u00f1ado por el silencio, no es una reacci\u00f3n de la impotencia, es el resultado de la herramienta que sostiene al gobierno: el disciplinamiento social. No nos convirtamos en c\u00f3mplices. Asumamos serenamente la responsabilidad como ciudadanos.<\/p>\n<p>&nbsp;<\/p>\n<p><em><strong> \u00a0 \u00a0FABIO ABRAHAM<\/strong><\/em><br \/>\n<em><strong>Ex secretario de Gobierno<\/strong><\/em><br \/>\n<em><strong>\u00a0 \u00a0 \u00a0Concejal UCR (MC)\u00a0<\/strong><\/em><br \/>\n<em><strong>\u00a0 \u00a0 \u00a0Lomas de Zamora<\/strong><\/em><br \/>\n<em><strong>fabioabraham@hotmail.com.ar<\/strong><\/em><\/p>\n","protected":false},"excerpt":{"rendered":"<p>Causa asombro que se ajuste a los jubilados, a las personas con discapacidad, a la educaci\u00f3n p\u00fablica, a la salud p\u00fablica, a los trabajadores, a la mayor\u00eda de la sociedad y se lo haga en nombre de la libertad.<\/p>\n","protected":false},"author":3,"featured_media":131214,"comment_status":"closed","ping_status":"closed","sticky":false,"template":"","format":"standard","meta":{"footnotes":""},"categories":[24,26],"tags":[],"class_list":["post-131213","post","type-post","status-publish","format-standard","has-post-thumbnail","hentry","category-politica","category-sociedad"],"yoast_head":"<!-- This site is optimized with the Yoast SEO plugin v25.9 - https:\/\/yoast.com\/wordpress\/plugins\/seo\/ -->\n<title>Libertad: una calle angosta donde s\u00f3lo tienen lugar los fan\u00e1ticos afines al gobierno. - Noticias Radio Reflejos<\/title>\n<meta name=\"robots\" content=\"index, follow, max-snippet:-1, max-image-preview:large, max-video-preview:-1\" \/>\n<link rel=\"canonical\" href=\"https:\/\/www.noticiasradioreflejos.com.ar\/2021\/libertad-una-calle-angosta-donde-solo-tienen-lugar-los-fanaticos-afines-al-gobierno\/\" \/>\n<meta property=\"og:locale\" content=\"es_ES\" \/>\n<meta property=\"og:type\" content=\"article\" \/>\n<meta property=\"og:title\" content=\"Libertad: una calle angosta donde s\u00f3lo tienen lugar los fan\u00e1ticos afines al gobierno. - Noticias Radio Reflejos\" \/>\n<meta property=\"og:description\" content=\"Causa asombro que se ajuste a los jubilados, a las personas con discapacidad, a la educaci\u00f3n p\u00fablica, a la salud p\u00fablica, a los trabajadores, a la mayor\u00eda de la sociedad y se lo haga en nombre de la libertad.\" \/>\n<meta property=\"og:url\" content=\"https:\/\/www.noticiasradioreflejos.com.ar\/2021\/libertad-una-calle-angosta-donde-solo-tienen-lugar-los-fanaticos-afines-al-gobierno\/\" \/>\n<meta property=\"og:site_name\" content=\"Noticias Radio Reflejos\" \/>\n<meta property=\"article:published_time\" content=\"2026-01-13T09:56:19+00:00\" \/>\n<meta property=\"og:image\" content=\"https:\/\/www.noticiasradioreflejos.com.ar\/2021\/wp-content\/uploads\/2026\/01\/nota-carta-opinion.png\" \/>\n\t<meta property=\"og:image:width\" content=\"1024\" \/>\n\t<meta property=\"og:image:height\" content=\"726\" \/>\n\t<meta property=\"og:image:type\" content=\"image\/png\" \/>\n<meta name=\"author\" content=\"Arnaldo Botto\" \/>\n<meta name=\"twitter:card\" content=\"summary_large_image\" \/>\n<script type=\"application\/ld+json\" class=\"yoast-schema-graph\">{\"@context\":\"https:\/\/schema.org\",\"@graph\":[{\"@type\":\"WebPage\",\"@id\":\"https:\/\/www.noticiasradioreflejos.com.ar\/2021\/libertad-una-calle-angosta-donde-solo-tienen-lugar-los-fanaticos-afines-al-gobierno\/\",\"url\":\"https:\/\/www.noticiasradioreflejos.com.ar\/2021\/libertad-una-calle-angosta-donde-solo-tienen-lugar-los-fanaticos-afines-al-gobierno\/\",\"name\":\"Libertad: una calle angosta donde s\u00f3lo tienen lugar los fan\u00e1ticos afines al gobierno. - Noticias Radio Reflejos\",\"isPartOf\":{\"@id\":\"https:\/\/www.noticiasradioreflejos.com.ar\/2021\/#website\"},\"primaryImageOfPage\":{\"@id\":\"https:\/\/www.noticiasradioreflejos.com.ar\/2021\/libertad-una-calle-angosta-donde-solo-tienen-lugar-los-fanaticos-afines-al-gobierno\/#primaryimage\"},\"image\":{\"@id\":\"https:\/\/www.noticiasradioreflejos.com.ar\/2021\/libertad-una-calle-angosta-donde-solo-tienen-lugar-los-fanaticos-afines-al-gobierno\/#primaryimage\"},\"thumbnailUrl\":\"https:\/\/www.noticiasradioreflejos.com.ar\/2021\/wp-content\/uploads\/2026\/01\/nota-carta-opinion.png\",\"datePublished\":\"2026-01-13T09:56:19+00:00\",\"author\":{\"@id\":\"https:\/\/www.noticiasradioreflejos.com.ar\/2021\/#\/schema\/person\/ad82545263dcc5ec0996818884fd5fb1\"},\"breadcrumb\":{\"@id\":\"https:\/\/www.noticiasradioreflejos.com.ar\/2021\/libertad-una-calle-angosta-donde-solo-tienen-lugar-los-fanaticos-afines-al-gobierno\/#breadcrumb\"},\"inLanguage\":\"es\",\"potentialAction\":[{\"@type\":\"ReadAction\",\"target\":[\"https:\/\/www.noticiasradioreflejos.com.ar\/2021\/libertad-una-calle-angosta-donde-solo-tienen-lugar-los-fanaticos-afines-al-gobierno\/\"]}]},{\"@type\":\"ImageObject\",\"inLanguage\":\"es\",\"@id\":\"https:\/\/www.noticiasradioreflejos.com.ar\/2021\/libertad-una-calle-angosta-donde-solo-tienen-lugar-los-fanaticos-afines-al-gobierno\/#primaryimage\",\"url\":\"https:\/\/www.noticiasradioreflejos.com.ar\/2021\/wp-content\/uploads\/2026\/01\/nota-carta-opinion.png\",\"contentUrl\":\"https:\/\/www.noticiasradioreflejos.com.ar\/2021\/wp-content\/uploads\/2026\/01\/nota-carta-opinion.png\",\"width\":1024,\"height\":726},{\"@type\":\"BreadcrumbList\",\"@id\":\"https:\/\/www.noticiasradioreflejos.com.ar\/2021\/libertad-una-calle-angosta-donde-solo-tienen-lugar-los-fanaticos-afines-al-gobierno\/#breadcrumb\",\"itemListElement\":[{\"@type\":\"ListItem\",\"position\":1,\"name\":\"Portada\",\"item\":\"https:\/\/www.noticiasradioreflejos.com.ar\/2021\/\"},{\"@type\":\"ListItem\",\"position\":2,\"name\":\"Libertad: una calle angosta donde s\u00f3lo tienen lugar los fan\u00e1ticos afines al gobierno.\"}]},{\"@type\":\"WebSite\",\"@id\":\"https:\/\/www.noticiasradioreflejos.com.ar\/2021\/#website\",\"url\":\"https:\/\/www.noticiasradioreflejos.com.ar\/2021\/\",\"name\":\"Noticias Radio Reflejos\",\"description\":\"Las noticias de mi comarca\",\"potentialAction\":[{\"@type\":\"SearchAction\",\"target\":{\"@type\":\"EntryPoint\",\"urlTemplate\":\"https:\/\/www.noticiasradioreflejos.com.ar\/2021\/?s={search_term_string}\"},\"query-input\":{\"@type\":\"PropertyValueSpecification\",\"valueRequired\":true,\"valueName\":\"search_term_string\"}}],\"inLanguage\":\"es\"},{\"@type\":\"Person\",\"@id\":\"https:\/\/www.noticiasradioreflejos.com.ar\/2021\/#\/schema\/person\/ad82545263dcc5ec0996818884fd5fb1\",\"name\":\"Arnaldo Botto\",\"image\":{\"@type\":\"ImageObject\",\"inLanguage\":\"es\",\"@id\":\"https:\/\/www.noticiasradioreflejos.com.ar\/2021\/#\/schema\/person\/image\/\",\"url\":\"https:\/\/secure.gravatar.com\/avatar\/55cb5e37c1efa326397366e6974cb338056df65cb50e7d64d1cf314e87504837?s=96&d=mm&r=g\",\"contentUrl\":\"https:\/\/secure.gravatar.com\/avatar\/55cb5e37c1efa326397366e6974cb338056df65cb50e7d64d1cf314e87504837?s=96&d=mm&r=g\",\"caption\":\"Arnaldo Botto\"},\"url\":\"https:\/\/www.noticiasradioreflejos.com.ar\/2021\/author\/arnaldo\/\"}]}<\/script>\n<!-- \/ Yoast SEO plugin. -->","yoast_head_json":{"title":"Libertad: una calle angosta donde s\u00f3lo tienen lugar los fan\u00e1ticos afines al gobierno. - Noticias Radio Reflejos","robots":{"index":"index","follow":"follow","max-snippet":"max-snippet:-1","max-image-preview":"max-image-preview:large","max-video-preview":"max-video-preview:-1"},"canonical":"https:\/\/www.noticiasradioreflejos.com.ar\/2021\/libertad-una-calle-angosta-donde-solo-tienen-lugar-los-fanaticos-afines-al-gobierno\/","og_locale":"es_ES","og_type":"article","og_title":"Libertad: una calle angosta donde s\u00f3lo tienen lugar los fan\u00e1ticos afines al gobierno. - Noticias Radio Reflejos","og_description":"Causa asombro que se ajuste a los jubilados, a las personas con discapacidad, a la educaci\u00f3n p\u00fablica, a la salud p\u00fablica, a los trabajadores, a la mayor\u00eda de la sociedad y se lo haga en nombre de la libertad.","og_url":"https:\/\/www.noticiasradioreflejos.com.ar\/2021\/libertad-una-calle-angosta-donde-solo-tienen-lugar-los-fanaticos-afines-al-gobierno\/","og_site_name":"Noticias Radio Reflejos","article_published_time":"2026-01-13T09:56:19+00:00","og_image":[{"width":1024,"height":726,"url":"https:\/\/www.noticiasradioreflejos.com.ar\/2021\/wp-content\/uploads\/2026\/01\/nota-carta-opinion.png","type":"image\/png"}],"author":"Arnaldo Botto","twitter_card":"summary_large_image","schema":{"@context":"https:\/\/schema.org","@graph":[{"@type":"WebPage","@id":"https:\/\/www.noticiasradioreflejos.com.ar\/2021\/libertad-una-calle-angosta-donde-solo-tienen-lugar-los-fanaticos-afines-al-gobierno\/","url":"https:\/\/www.noticiasradioreflejos.com.ar\/2021\/libertad-una-calle-angosta-donde-solo-tienen-lugar-los-fanaticos-afines-al-gobierno\/","name":"Libertad: una calle angosta donde s\u00f3lo tienen lugar los fan\u00e1ticos afines al gobierno. - Noticias Radio Reflejos","isPartOf":{"@id":"https:\/\/www.noticiasradioreflejos.com.ar\/2021\/#website"},"primaryImageOfPage":{"@id":"https:\/\/www.noticiasradioreflejos.com.ar\/2021\/libertad-una-calle-angosta-donde-solo-tienen-lugar-los-fanaticos-afines-al-gobierno\/#primaryimage"},"image":{"@id":"https:\/\/www.noticiasradioreflejos.com.ar\/2021\/libertad-una-calle-angosta-donde-solo-tienen-lugar-los-fanaticos-afines-al-gobierno\/#primaryimage"},"thumbnailUrl":"https:\/\/www.noticiasradioreflejos.com.ar\/2021\/wp-content\/uploads\/2026\/01\/nota-carta-opinion.png","datePublished":"2026-01-13T09:56:19+00:00","author":{"@id":"https:\/\/www.noticiasradioreflejos.com.ar\/2021\/#\/schema\/person\/ad82545263dcc5ec0996818884fd5fb1"},"breadcrumb":{"@id":"https:\/\/www.noticiasradioreflejos.com.ar\/2021\/libertad-una-calle-angosta-donde-solo-tienen-lugar-los-fanaticos-afines-al-gobierno\/#breadcrumb"},"inLanguage":"es","potentialAction":[{"@type":"ReadAction","target":["https:\/\/www.noticiasradioreflejos.com.ar\/2021\/libertad-una-calle-angosta-donde-solo-tienen-lugar-los-fanaticos-afines-al-gobierno\/"]}]},{"@type":"ImageObject","inLanguage":"es","@id":"https:\/\/www.noticiasradioreflejos.com.ar\/2021\/libertad-una-calle-angosta-donde-solo-tienen-lugar-los-fanaticos-afines-al-gobierno\/#primaryimage","url":"https:\/\/www.noticiasradioreflejos.com.ar\/2021\/wp-content\/uploads\/2026\/01\/nota-carta-opinion.png","contentUrl":"https:\/\/www.noticiasradioreflejos.com.ar\/2021\/wp-content\/uploads\/2026\/01\/nota-carta-opinion.png","width":1024,"height":726},{"@type":"BreadcrumbList","@id":"https:\/\/www.noticiasradioreflejos.com.ar\/2021\/libertad-una-calle-angosta-donde-solo-tienen-lugar-los-fanaticos-afines-al-gobierno\/#breadcrumb","itemListElement":[{"@type":"ListItem","position":1,"name":"Portada","item":"https:\/\/www.noticiasradioreflejos.com.ar\/2021\/"},{"@type":"ListItem","position":2,"name":"Libertad: una calle angosta donde s\u00f3lo tienen lugar los fan\u00e1ticos afines al gobierno."}]},{"@type":"WebSite","@id":"https:\/\/www.noticiasradioreflejos.com.ar\/2021\/#website","url":"https:\/\/www.noticiasradioreflejos.com.ar\/2021\/","name":"Noticias Radio Reflejos","description":"Las noticias de mi comarca","potentialAction":[{"@type":"SearchAction","target":{"@type":"EntryPoint","urlTemplate":"https:\/\/www.noticiasradioreflejos.com.ar\/2021\/?s={search_term_string}"},"query-input":{"@type":"PropertyValueSpecification","valueRequired":true,"valueName":"search_term_string"}}],"inLanguage":"es"},{"@type":"Person","@id":"https:\/\/www.noticiasradioreflejos.com.ar\/2021\/#\/schema\/person\/ad82545263dcc5ec0996818884fd5fb1","name":"Arnaldo Botto","image":{"@type":"ImageObject","inLanguage":"es","@id":"https:\/\/www.noticiasradioreflejos.com.ar\/2021\/#\/schema\/person\/image\/","url":"https:\/\/secure.gravatar.com\/avatar\/55cb5e37c1efa326397366e6974cb338056df65cb50e7d64d1cf314e87504837?s=96&d=mm&r=g","contentUrl":"https:\/\/secure.gravatar.com\/avatar\/55cb5e37c1efa326397366e6974cb338056df65cb50e7d64d1cf314e87504837?s=96&d=mm&r=g","caption":"Arnaldo Botto"},"url":"https:\/\/www.noticiasradioreflejos.com.ar\/2021\/author\/arnaldo\/"}]}},"_links":{"self":[{"href":"https:\/\/www.noticiasradioreflejos.com.ar\/2021\/wp-json\/wp\/v2\/posts\/131213","targetHints":{"allow":["GET"]}}],"collection":[{"href":"https:\/\/www.noticiasradioreflejos.com.ar\/2021\/wp-json\/wp\/v2\/posts"}],"about":[{"href":"https:\/\/www.noticiasradioreflejos.com.ar\/2021\/wp-json\/wp\/v2\/types\/post"}],"author":[{"embeddable":true,"href":"https:\/\/www.noticiasradioreflejos.com.ar\/2021\/wp-json\/wp\/v2\/users\/3"}],"replies":[{"embeddable":true,"href":"https:\/\/www.noticiasradioreflejos.com.ar\/2021\/wp-json\/wp\/v2\/comments?post=131213"}],"version-history":[{"count":1,"href":"https:\/\/www.noticiasradioreflejos.com.ar\/2021\/wp-json\/wp\/v2\/posts\/131213\/revisions"}],"predecessor-version":[{"id":131215,"href":"https:\/\/www.noticiasradioreflejos.com.ar\/2021\/wp-json\/wp\/v2\/posts\/131213\/revisions\/131215"}],"wp:featuredmedia":[{"embeddable":true,"href":"https:\/\/www.noticiasradioreflejos.com.ar\/2021\/wp-json\/wp\/v2\/media\/131214"}],"wp:attachment":[{"href":"https:\/\/www.noticiasradioreflejos.com.ar\/2021\/wp-json\/wp\/v2\/media?parent=131213"}],"wp:term":[{"taxonomy":"category","embeddable":true,"href":"https:\/\/www.noticiasradioreflejos.com.ar\/2021\/wp-json\/wp\/v2\/categories?post=131213"},{"taxonomy":"post_tag","embeddable":true,"href":"https:\/\/www.noticiasradioreflejos.com.ar\/2021\/wp-json\/wp\/v2\/tags?post=131213"}],"curies":[{"name":"wp","href":"https:\/\/api.w.org\/{rel}","templated":true}]}}