{"id":131205,"date":"2026-01-13T06:31:44","date_gmt":"2026-01-13T09:31:44","guid":{"rendered":"https:\/\/www.noticiasradioreflejos.com.ar\/2021\/?p=131205"},"modified":"2026-01-13T06:33:21","modified_gmt":"2026-01-13T09:33:21","slug":"que-es-un-meteotsunami-el-fenomeno-que-sacudio-a-santa-clara-y-mar-del-plata","status":"publish","type":"post","link":"https:\/\/www.noticiasradioreflejos.com.ar\/2021\/que-es-un-meteotsunami-el-fenomeno-que-sacudio-a-santa-clara-y-mar-del-plata\/","title":{"rendered":"Qu\u00e9 es un meteotsunami, el fen\u00f3meno que sacudi\u00f3 a Santa Clara y Mar del Plata"},"content":{"rendered":"<p>El mar se retir\u00f3 de forma inusual y golpe\u00f3 con fuerza la costa este lunes, dejando al menos un muerto y una treintena de heridos. Qu\u00e9 pas\u00f3.<!--more--><strong>Al menos un muerto y varios heridos fue el saldo de lo que muchos testigos llamaron \u201cun mini tsunami\u201d y que especialistas calificaron de \u00abmeteotsunami\u00bb.<\/strong><\/p>\n<div class=\"columns\" data-tadevel-template=\"web\/article-columns\">\n<div class=\"column-main\">\n<div class=\"article-body\" data-tadevel-template=\"web\/article-body\">\n<div class=\"article-body-content\">\n<p>Seg\u00fan describen los turistas que est\u00e1n veraneando en la Costa Atl\u00e1ntica\u00a0<strong>se produjo el fen\u00f3meno en playas de Santa Clara del Mar y Mar de Cobo, en el partido de Mar Chiquita. Se sinti\u00f3, con mejor intensidad, en Mar del Plata.\u00a0<\/strong><\/p>\n<p>Seg\u00fan los testigos oculares que reportaron el hecho se encontraban pasando la tarde en la playa <strong>California Beach<\/strong>\u00a0cuando el mar se retir\u00f3 de manera inusual y dio paso a una\u00a0<strong>sucesi\u00f3n de olas \u201cgigantes\u201d<\/strong>\u00a0que no suelen verse en la zona.<\/p>\n<h3><strong>\u00bfQu\u00e9 es un Meteotsunami?<\/strong><\/h3>\n<p>Se trata de una ola con caracter\u00edsticas similares a las de un tsunami (producido por terremotos), pero generada por\u00a0<strong>causas meteorol\u00f3gicas<\/strong>.<\/p>\n<ul>\n<li>Origen: Se produce por cambios bruscos y r\u00e1pidos en la presi\u00f3n atmosf\u00e9rica, como los que ocurren durante tormentas severas, frentes de aire o l\u00edneas de inestabilidad.<\/li>\n<li>El fen\u00f3meno: Estas variaciones de presi\u00f3n generan una onda en el agua que se desplaza a la misma velocidad que la perturbaci\u00f3n atmosf\u00e9rica. Al llegar a aguas poco profundas (costas o bah\u00edas), la ola se amplifica y entra a la tierra con gran fuerza.<\/li>\n<li>Apariencia: Se ve como un aumento repentino y violento del nivel del mar que puede durar desde unos minutos hasta un par de horas.<\/li>\n<\/ul>\n<p><a href=\"https:\/\/noticiasargentinas.com\/-agenciana_t6916e70a4551e78eb9423f59\">#AgenciaNA<\/a><\/p>\n<\/div>\n<\/div>\n<\/div>\n<\/div>\n","protected":false},"excerpt":{"rendered":"<p>El mar se retir\u00f3 de forma inusual y golpe\u00f3 con fuerza la costa este lunes, dejando al menos un muerto y una treintena de heridos. Qu\u00e9 pas\u00f3.<\/p>\n","protected":false},"author":3,"featured_media":131206,"comment_status":"closed","ping_status":"closed","sticky":false,"template":"","format":"standard","meta":{"footnotes":""},"categories":[46],"tags":[],"class_list":["post-131205","post","type-post","status-publish","format-standard","has-post-thumbnail","hentry","category-ciencia-y-tecnologia"],"yoast_head":"<!-- This site is optimized with the Yoast SEO plugin v25.9 - https:\/\/yoast.com\/wordpress\/plugins\/seo\/ -->\n<title>Qu\u00e9 es un meteotsunami, el fen\u00f3meno que sacudi\u00f3 a Santa Clara y Mar del Plata - Noticias Radio Reflejos<\/title>\n<meta name=\"robots\" content=\"index, follow, max-snippet:-1, max-image-preview:large, max-video-preview:-1\" \/>\n<link rel=\"canonical\" href=\"https:\/\/www.noticiasradioreflejos.com.ar\/2021\/que-es-un-meteotsunami-el-fenomeno-que-sacudio-a-santa-clara-y-mar-del-plata\/\" \/>\n<meta property=\"og:locale\" content=\"es_ES\" \/>\n<meta property=\"og:type\" content=\"article\" \/>\n<meta property=\"og:title\" content=\"Qu\u00e9 es un meteotsunami, el fen\u00f3meno que sacudi\u00f3 a Santa Clara y Mar del Plata - Noticias Radio Reflejos\" \/>\n<meta property=\"og:description\" content=\"El mar se retir\u00f3 de forma inusual y golpe\u00f3 con fuerza la costa este lunes, dejando al menos un muerto y una treintena de heridos. Qu\u00e9 pas\u00f3.\" \/>\n<meta property=\"og:url\" content=\"https:\/\/www.noticiasradioreflejos.com.ar\/2021\/que-es-un-meteotsunami-el-fenomeno-que-sacudio-a-santa-clara-y-mar-del-plata\/\" \/>\n<meta property=\"og:site_name\" content=\"Noticias Radio Reflejos\" \/>\n<meta property=\"article:published_time\" content=\"2026-01-13T09:31:44+00:00\" \/>\n<meta property=\"article:modified_time\" content=\"2026-01-13T09:33:21+00:00\" \/>\n<meta property=\"og:image\" content=\"https:\/\/www.noticiasradioreflejos.com.ar\/2021\/wp-content\/uploads\/2026\/01\/pesca.webp\" \/>\n\t<meta property=\"og:image:width\" content=\"1080\" \/>\n\t<meta property=\"og:image:height\" content=\"720\" \/>\n\t<meta property=\"og:image:type\" content=\"image\/webp\" \/>\n<meta name=\"author\" content=\"Arnaldo Botto\" \/>\n<meta name=\"twitter:card\" content=\"summary_large_image\" \/>\n<script type=\"application\/ld+json\" class=\"yoast-schema-graph\">{\"@context\":\"https:\/\/schema.org\",\"@graph\":[{\"@type\":\"WebPage\",\"@id\":\"https:\/\/www.noticiasradioreflejos.com.ar\/2021\/que-es-un-meteotsunami-el-fenomeno-que-sacudio-a-santa-clara-y-mar-del-plata\/\",\"url\":\"https:\/\/www.noticiasradioreflejos.com.ar\/2021\/que-es-un-meteotsunami-el-fenomeno-que-sacudio-a-santa-clara-y-mar-del-plata\/\",\"name\":\"Qu\u00e9 es un meteotsunami, el fen\u00f3meno que sacudi\u00f3 a Santa Clara y Mar del Plata - Noticias Radio Reflejos\",\"isPartOf\":{\"@id\":\"https:\/\/www.noticiasradioreflejos.com.ar\/2021\/#website\"},\"primaryImageOfPage\":{\"@id\":\"https:\/\/www.noticiasradioreflejos.com.ar\/2021\/que-es-un-meteotsunami-el-fenomeno-que-sacudio-a-santa-clara-y-mar-del-plata\/#primaryimage\"},\"image\":{\"@id\":\"https:\/\/www.noticiasradioreflejos.com.ar\/2021\/que-es-un-meteotsunami-el-fenomeno-que-sacudio-a-santa-clara-y-mar-del-plata\/#primaryimage\"},\"thumbnailUrl\":\"https:\/\/www.noticiasradioreflejos.com.ar\/2021\/wp-content\/uploads\/2026\/01\/pesca.webp\",\"datePublished\":\"2026-01-13T09:31:44+00:00\",\"dateModified\":\"2026-01-13T09:33:21+00:00\",\"author\":{\"@id\":\"https:\/\/www.noticiasradioreflejos.com.ar\/2021\/#\/schema\/person\/ad82545263dcc5ec0996818884fd5fb1\"},\"breadcrumb\":{\"@id\":\"https:\/\/www.noticiasradioreflejos.com.ar\/2021\/que-es-un-meteotsunami-el-fenomeno-que-sacudio-a-santa-clara-y-mar-del-plata\/#breadcrumb\"},\"inLanguage\":\"es\",\"potentialAction\":[{\"@type\":\"ReadAction\",\"target\":[\"https:\/\/www.noticiasradioreflejos.com.ar\/2021\/que-es-un-meteotsunami-el-fenomeno-que-sacudio-a-santa-clara-y-mar-del-plata\/\"]}]},{\"@type\":\"ImageObject\",\"inLanguage\":\"es\",\"@id\":\"https:\/\/www.noticiasradioreflejos.com.ar\/2021\/que-es-un-meteotsunami-el-fenomeno-que-sacudio-a-santa-clara-y-mar-del-plata\/#primaryimage\",\"url\":\"https:\/\/www.noticiasradioreflejos.com.ar\/2021\/wp-content\/uploads\/2026\/01\/pesca.webp\",\"contentUrl\":\"https:\/\/www.noticiasradioreflejos.com.ar\/2021\/wp-content\/uploads\/2026\/01\/pesca.webp\",\"width\":1080,\"height\":720},{\"@type\":\"BreadcrumbList\",\"@id\":\"https:\/\/www.noticiasradioreflejos.com.ar\/2021\/que-es-un-meteotsunami-el-fenomeno-que-sacudio-a-santa-clara-y-mar-del-plata\/#breadcrumb\",\"itemListElement\":[{\"@type\":\"ListItem\",\"position\":1,\"name\":\"Portada\",\"item\":\"https:\/\/www.noticiasradioreflejos.com.ar\/2021\/\"},{\"@type\":\"ListItem\",\"position\":2,\"name\":\"Qu\u00e9 es un meteotsunami, el fen\u00f3meno que sacudi\u00f3 a Santa Clara y Mar del Plata\"}]},{\"@type\":\"WebSite\",\"@id\":\"https:\/\/www.noticiasradioreflejos.com.ar\/2021\/#website\",\"url\":\"https:\/\/www.noticiasradioreflejos.com.ar\/2021\/\",\"name\":\"Noticias Radio Reflejos\",\"description\":\"Las noticias de mi comarca\",\"potentialAction\":[{\"@type\":\"SearchAction\",\"target\":{\"@type\":\"EntryPoint\",\"urlTemplate\":\"https:\/\/www.noticiasradioreflejos.com.ar\/2021\/?s={search_term_string}\"},\"query-input\":{\"@type\":\"PropertyValueSpecification\",\"valueRequired\":true,\"valueName\":\"search_term_string\"}}],\"inLanguage\":\"es\"},{\"@type\":\"Person\",\"@id\":\"https:\/\/www.noticiasradioreflejos.com.ar\/2021\/#\/schema\/person\/ad82545263dcc5ec0996818884fd5fb1\",\"name\":\"Arnaldo Botto\",\"image\":{\"@type\":\"ImageObject\",\"inLanguage\":\"es\",\"@id\":\"https:\/\/www.noticiasradioreflejos.com.ar\/2021\/#\/schema\/person\/image\/\",\"url\":\"https:\/\/secure.gravatar.com\/avatar\/55cb5e37c1efa326397366e6974cb338056df65cb50e7d64d1cf314e87504837?s=96&d=mm&r=g\",\"contentUrl\":\"https:\/\/secure.gravatar.com\/avatar\/55cb5e37c1efa326397366e6974cb338056df65cb50e7d64d1cf314e87504837?s=96&d=mm&r=g\",\"caption\":\"Arnaldo Botto\"},\"url\":\"https:\/\/www.noticiasradioreflejos.com.ar\/2021\/author\/arnaldo\/\"}]}<\/script>\n<!-- \/ Yoast SEO plugin. -->","yoast_head_json":{"title":"Qu\u00e9 es un meteotsunami, el fen\u00f3meno que sacudi\u00f3 a Santa Clara y Mar del Plata - Noticias Radio Reflejos","robots":{"index":"index","follow":"follow","max-snippet":"max-snippet:-1","max-image-preview":"max-image-preview:large","max-video-preview":"max-video-preview:-1"},"canonical":"https:\/\/www.noticiasradioreflejos.com.ar\/2021\/que-es-un-meteotsunami-el-fenomeno-que-sacudio-a-santa-clara-y-mar-del-plata\/","og_locale":"es_ES","og_type":"article","og_title":"Qu\u00e9 es un meteotsunami, el fen\u00f3meno que sacudi\u00f3 a Santa Clara y Mar del Plata - Noticias Radio Reflejos","og_description":"El mar se retir\u00f3 de forma inusual y golpe\u00f3 con fuerza la costa este lunes, dejando al menos un muerto y una treintena de heridos. Qu\u00e9 pas\u00f3.","og_url":"https:\/\/www.noticiasradioreflejos.com.ar\/2021\/que-es-un-meteotsunami-el-fenomeno-que-sacudio-a-santa-clara-y-mar-del-plata\/","og_site_name":"Noticias Radio Reflejos","article_published_time":"2026-01-13T09:31:44+00:00","article_modified_time":"2026-01-13T09:33:21+00:00","og_image":[{"width":1080,"height":720,"url":"https:\/\/www.noticiasradioreflejos.com.ar\/2021\/wp-content\/uploads\/2026\/01\/pesca.webp","type":"image\/webp"}],"author":"Arnaldo Botto","twitter_card":"summary_large_image","schema":{"@context":"https:\/\/schema.org","@graph":[{"@type":"WebPage","@id":"https:\/\/www.noticiasradioreflejos.com.ar\/2021\/que-es-un-meteotsunami-el-fenomeno-que-sacudio-a-santa-clara-y-mar-del-plata\/","url":"https:\/\/www.noticiasradioreflejos.com.ar\/2021\/que-es-un-meteotsunami-el-fenomeno-que-sacudio-a-santa-clara-y-mar-del-plata\/","name":"Qu\u00e9 es un meteotsunami, el fen\u00f3meno que sacudi\u00f3 a Santa Clara y Mar del Plata - Noticias Radio Reflejos","isPartOf":{"@id":"https:\/\/www.noticiasradioreflejos.com.ar\/2021\/#website"},"primaryImageOfPage":{"@id":"https:\/\/www.noticiasradioreflejos.com.ar\/2021\/que-es-un-meteotsunami-el-fenomeno-que-sacudio-a-santa-clara-y-mar-del-plata\/#primaryimage"},"image":{"@id":"https:\/\/www.noticiasradioreflejos.com.ar\/2021\/que-es-un-meteotsunami-el-fenomeno-que-sacudio-a-santa-clara-y-mar-del-plata\/#primaryimage"},"thumbnailUrl":"https:\/\/www.noticiasradioreflejos.com.ar\/2021\/wp-content\/uploads\/2026\/01\/pesca.webp","datePublished":"2026-01-13T09:31:44+00:00","dateModified":"2026-01-13T09:33:21+00:00","author":{"@id":"https:\/\/www.noticiasradioreflejos.com.ar\/2021\/#\/schema\/person\/ad82545263dcc5ec0996818884fd5fb1"},"breadcrumb":{"@id":"https:\/\/www.noticiasradioreflejos.com.ar\/2021\/que-es-un-meteotsunami-el-fenomeno-que-sacudio-a-santa-clara-y-mar-del-plata\/#breadcrumb"},"inLanguage":"es","potentialAction":[{"@type":"ReadAction","target":["https:\/\/www.noticiasradioreflejos.com.ar\/2021\/que-es-un-meteotsunami-el-fenomeno-que-sacudio-a-santa-clara-y-mar-del-plata\/"]}]},{"@type":"ImageObject","inLanguage":"es","@id":"https:\/\/www.noticiasradioreflejos.com.ar\/2021\/que-es-un-meteotsunami-el-fenomeno-que-sacudio-a-santa-clara-y-mar-del-plata\/#primaryimage","url":"https:\/\/www.noticiasradioreflejos.com.ar\/2021\/wp-content\/uploads\/2026\/01\/pesca.webp","contentUrl":"https:\/\/www.noticiasradioreflejos.com.ar\/2021\/wp-content\/uploads\/2026\/01\/pesca.webp","width":1080,"height":720},{"@type":"BreadcrumbList","@id":"https:\/\/www.noticiasradioreflejos.com.ar\/2021\/que-es-un-meteotsunami-el-fenomeno-que-sacudio-a-santa-clara-y-mar-del-plata\/#breadcrumb","itemListElement":[{"@type":"ListItem","position":1,"name":"Portada","item":"https:\/\/www.noticiasradioreflejos.com.ar\/2021\/"},{"@type":"ListItem","position":2,"name":"Qu\u00e9 es un meteotsunami, el fen\u00f3meno que sacudi\u00f3 a Santa Clara y Mar del Plata"}]},{"@type":"WebSite","@id":"https:\/\/www.noticiasradioreflejos.com.ar\/2021\/#website","url":"https:\/\/www.noticiasradioreflejos.com.ar\/2021\/","name":"Noticias Radio Reflejos","description":"Las noticias de mi comarca","potentialAction":[{"@type":"SearchAction","target":{"@type":"EntryPoint","urlTemplate":"https:\/\/www.noticiasradioreflejos.com.ar\/2021\/?s={search_term_string}"},"query-input":{"@type":"PropertyValueSpecification","valueRequired":true,"valueName":"search_term_string"}}],"inLanguage":"es"},{"@type":"Person","@id":"https:\/\/www.noticiasradioreflejos.com.ar\/2021\/#\/schema\/person\/ad82545263dcc5ec0996818884fd5fb1","name":"Arnaldo Botto","image":{"@type":"ImageObject","inLanguage":"es","@id":"https:\/\/www.noticiasradioreflejos.com.ar\/2021\/#\/schema\/person\/image\/","url":"https:\/\/secure.gravatar.com\/avatar\/55cb5e37c1efa326397366e6974cb338056df65cb50e7d64d1cf314e87504837?s=96&d=mm&r=g","contentUrl":"https:\/\/secure.gravatar.com\/avatar\/55cb5e37c1efa326397366e6974cb338056df65cb50e7d64d1cf314e87504837?s=96&d=mm&r=g","caption":"Arnaldo Botto"},"url":"https:\/\/www.noticiasradioreflejos.com.ar\/2021\/author\/arnaldo\/"}]}},"_links":{"self":[{"href":"https:\/\/www.noticiasradioreflejos.com.ar\/2021\/wp-json\/wp\/v2\/posts\/131205","targetHints":{"allow":["GET"]}}],"collection":[{"href":"https:\/\/www.noticiasradioreflejos.com.ar\/2021\/wp-json\/wp\/v2\/posts"}],"about":[{"href":"https:\/\/www.noticiasradioreflejos.com.ar\/2021\/wp-json\/wp\/v2\/types\/post"}],"author":[{"embeddable":true,"href":"https:\/\/www.noticiasradioreflejos.com.ar\/2021\/wp-json\/wp\/v2\/users\/3"}],"replies":[{"embeddable":true,"href":"https:\/\/www.noticiasradioreflejos.com.ar\/2021\/wp-json\/wp\/v2\/comments?post=131205"}],"version-history":[{"count":3,"href":"https:\/\/www.noticiasradioreflejos.com.ar\/2021\/wp-json\/wp\/v2\/posts\/131205\/revisions"}],"predecessor-version":[{"id":131209,"href":"https:\/\/www.noticiasradioreflejos.com.ar\/2021\/wp-json\/wp\/v2\/posts\/131205\/revisions\/131209"}],"wp:featuredmedia":[{"embeddable":true,"href":"https:\/\/www.noticiasradioreflejos.com.ar\/2021\/wp-json\/wp\/v2\/media\/131206"}],"wp:attachment":[{"href":"https:\/\/www.noticiasradioreflejos.com.ar\/2021\/wp-json\/wp\/v2\/media?parent=131205"}],"wp:term":[{"taxonomy":"category","embeddable":true,"href":"https:\/\/www.noticiasradioreflejos.com.ar\/2021\/wp-json\/wp\/v2\/categories?post=131205"},{"taxonomy":"post_tag","embeddable":true,"href":"https:\/\/www.noticiasradioreflejos.com.ar\/2021\/wp-json\/wp\/v2\/tags?post=131205"}],"curies":[{"name":"wp","href":"https:\/\/api.w.org\/{rel}","templated":true}]}}