{"id":131195,"date":"2026-01-12T19:44:28","date_gmt":"2026-01-12T22:44:28","guid":{"rendered":"https:\/\/www.noticiasradioreflejos.com.ar\/2021\/?p=131195"},"modified":"2026-01-12T19:45:06","modified_gmt":"2026-01-12T22:45:06","slug":"otra-mentira-mas-dura-respuesta-de-la-afa-al-reclamo-de-la-cooperadora-del-hospital-penna","status":"publish","type":"post","link":"https:\/\/www.noticiasradioreflejos.com.ar\/2021\/otra-mentira-mas-dura-respuesta-de-la-afa-al-reclamo-de-la-cooperadora-del-hospital-penna\/","title":{"rendered":"\u201cOtra mentira m\u00e1s\u201d: dura respuesta de la AFA al reclamo de la cooperadora del Hospital Penna"},"content":{"rendered":"<p>La entidad repudi\u00f3 \u00abla campa\u00f1a medi\u00e1tica de difamaci\u00f3n\u00bb. Desde la direcci\u00f3n del nosocomio aseguraron que \u00abla situaci\u00f3n est\u00e1 completamente saldada\u00bb.<!--more--><\/p>\n<p>La AFA le respondi\u00f3 r\u00e1pidamente al Hospital Penna, luego de que la cooperadora del nosocomio denunciara que no llegaron todos los fondos prometidos para la reconstrucci\u00f3n tras la inundaci\u00f3n.<\/p>\n<p>A trav\u00e9s de un comunicado en redes titulado \u201c<a href=\"https:\/\/www.afa.com.ar\/es\/posts\/otra-mentira-mas\">Otra mentira m\u00e1s<\/a>\u201c, la casa central del f\u00fatbol recogi\u00f3 el guante y manifest\u00f3 su \u201crepudio absoluto a la campa\u00f1a medi\u00e1tica de difamaci\u00f3n\u201d.<\/p>\n<p>Esta ma\u00f1ana en nuestros micr\u00f3fonos, Mar\u00eda del Carmen Mart\u00ed dijo que\u00a0<a href=\"https:\/\/frenteacano.com.ar\/la-afa-sigue-sin-responder-por-los-108-millones-que-le-deberia-al-penna\/\">se adeudan 108 millones de pesos<\/a>.<\/p>\n<div class=\"twitter-tweet twitter-tweet-rendered\"><iframe id=\"twitter-widget-0\" class=\"\" title=\"X Post\" src=\"https:\/\/platform.twitter.com\/embed\/Tweet.html?dnt=false&amp;embedId=twitter-widget-0&amp;features=eyJ0ZndfdGltZWxpbmVfbGlzdCI6eyJidWNrZXQiOltdLCJ2ZXJzaW9uIjpudWxsfSwidGZ3X2ZvbGxvd2VyX2NvdW50X3N1bnNldCI6eyJidWNrZXQiOnRydWUsInZlcnNpb24iOm51bGx9LCJ0ZndfdHdlZXRfZWRpdF9iYWNrZW5kIjp7ImJ1Y2tldCI6Im9uIiwidmVyc2lvbiI6bnVsbH0sInRmd19yZWZzcmNfc2Vzc2lvbiI6eyJidWNrZXQiOiJvbiIsInZlcnNpb24iOm51bGx9LCJ0ZndfZm9zbnJfc29mdF9pbnRlcnZlbnRpb25zX2VuYWJsZWQiOnsiYnVja2V0Ijoib24iLCJ2ZXJzaW9uIjpudWxsfSwidGZ3X21peGVkX21lZGlhXzE1ODk3Ijp7ImJ1Y2tldCI6InRyZWF0bWVudCIsInZlcnNpb24iOm51bGx9LCJ0ZndfZXhwZXJpbWVudHNfY29va2llX2V4cGlyYXRpb24iOnsiYnVja2V0IjoxMjA5NjAwLCJ2ZXJzaW9uIjpudWxsfSwidGZ3X3Nob3dfYmlyZHdhdGNoX3Bpdm90c19lbmFibGVkIjp7ImJ1Y2tldCI6Im9uIiwidmVyc2lvbiI6bnVsbH0sInRmd19kdXBsaWNhdGVfc2NyaWJlc190b19zZXR0aW5ncyI6eyJidWNrZXQiOiJvbiIsInZlcnNpb24iOm51bGx9LCJ0ZndfdXNlX3Byb2ZpbGVfaW1hZ2Vfc2hhcGVfZW5hYmxlZCI6eyJidWNrZXQiOiJvbiIsInZlcnNpb24iOm51bGx9LCJ0ZndfdmlkZW9faGxzX2R5bmFtaWNfbWFuaWZlc3RzXzE1MDgyIjp7ImJ1Y2tldCI6InRydWVfYml0cmF0ZSIsInZlcnNpb24iOm51bGx9LCJ0ZndfbGVnYWN5X3RpbWVsaW5lX3N1bnNldCI6eyJidWNrZXQiOnRydWUsInZlcnNpb24iOm51bGx9LCJ0ZndfdHdlZXRfZWRpdF9mcm9udGVuZCI6eyJidWNrZXQiOiJvbiIsInZlcnNpb24iOm51bGx9fQ%3D%3D&amp;frame=false&amp;hideCard=false&amp;hideThread=false&amp;id=2010774332562186483&amp;lang=es&amp;origin=https%3A%2F%2Ffrenteacano.com.ar%2Fotra-mentira-mas-dura-respuesta-de-la-afa-al-reclamo-del-hospital-penna%2F&amp;sessionId=ab97c7e2a508fe1571264571d6bfb0a4cc90d2b9&amp;theme=light&amp;widgetsVersion=2615f7e52b7e0%3A1702314776716&amp;width=550px\" frameborder=\"0\" scrolling=\"no\" allowfullscreen=\"allowfullscreen\" data-tweet-id=\"2010774332562186483\" data-mce-fragment=\"1\"><\/iframe><\/div>\n<p><em>Adem\u00e1s, adjunt\u00f3 un documento reciente del Hospital Penna en el cual se hace un desglose de lo donado por AFA y se asegura que \u201cla situaci\u00f3n est\u00e1 completamente saldada\u201d<\/em>. \u201cAll\u00ed se deja expresamente claro que el dinero recaudado de manera ben\u00e9fica fue girado en tiempo y forma por la asociaci\u00f3n\u201d, asegur\u00f3 la entidad que conduce Claudio \u201cChiqui\u201d Tapia.<\/p>\n<p>Finalmente desde el nosocomio provincial difundieron el mismo escrito en sus canales oficiales, ratificando la informaci\u00f3n.<\/p>\n<div class=\"twitter-tweet twitter-tweet-rendered\"><iframe id=\"twitter-widget-1\" class=\"\" title=\"X Post\" src=\"https:\/\/platform.twitter.com\/embed\/Tweet.html?dnt=false&amp;embedId=twitter-widget-1&amp;features=eyJ0ZndfdGltZWxpbmVfbGlzdCI6eyJidWNrZXQiOltdLCJ2ZXJzaW9uIjpudWxsfSwidGZ3X2ZvbGxvd2VyX2NvdW50X3N1bnNldCI6eyJidWNrZXQiOnRydWUsInZlcnNpb24iOm51bGx9LCJ0ZndfdHdlZXRfZWRpdF9iYWNrZW5kIjp7ImJ1Y2tldCI6Im9uIiwidmVyc2lvbiI6bnVsbH0sInRmd19yZWZzcmNfc2Vzc2lvbiI6eyJidWNrZXQiOiJvbiIsInZlcnNpb24iOm51bGx9LCJ0ZndfZm9zbnJfc29mdF9pbnRlcnZlbnRpb25zX2VuYWJsZWQiOnsiYnVja2V0Ijoib24iLCJ2ZXJzaW9uIjpudWxsfSwidGZ3X21peGVkX21lZGlhXzE1ODk3Ijp7ImJ1Y2tldCI6InRyZWF0bWVudCIsInZlcnNpb24iOm51bGx9LCJ0ZndfZXhwZXJpbWVudHNfY29va2llX2V4cGlyYXRpb24iOnsiYnVja2V0IjoxMjA5NjAwLCJ2ZXJzaW9uIjpudWxsfSwidGZ3X3Nob3dfYmlyZHdhdGNoX3Bpdm90c19lbmFibGVkIjp7ImJ1Y2tldCI6Im9uIiwidmVyc2lvbiI6bnVsbH0sInRmd19kdXBsaWNhdGVfc2NyaWJlc190b19zZXR0aW5ncyI6eyJidWNrZXQiOiJvbiIsInZlcnNpb24iOm51bGx9LCJ0ZndfdXNlX3Byb2ZpbGVfaW1hZ2Vfc2hhcGVfZW5hYmxlZCI6eyJidWNrZXQiOiJvbiIsInZlcnNpb24iOm51bGx9LCJ0ZndfdmlkZW9faGxzX2R5bmFtaWNfbWFuaWZlc3RzXzE1MDgyIjp7ImJ1Y2tldCI6InRydWVfYml0cmF0ZSIsInZlcnNpb24iOm51bGx9LCJ0ZndfbGVnYWN5X3RpbWVsaW5lX3N1bnNldCI6eyJidWNrZXQiOnRydWUsInZlcnNpb24iOm51bGx9LCJ0ZndfdHdlZXRfZWRpdF9mcm9udGVuZCI6eyJidWNrZXQiOiJvbiIsInZlcnNpb24iOm51bGx9fQ%3D%3D&amp;frame=false&amp;hideCard=false&amp;hideThread=false&amp;id=2010766470859415915&amp;lang=es&amp;origin=https%3A%2F%2Ffrenteacano.com.ar%2Fotra-mentira-mas-dura-respuesta-de-la-afa-al-reclamo-del-hospital-penna%2F&amp;sessionId=ab97c7e2a508fe1571264571d6bfb0a4cc90d2b9&amp;theme=light&amp;widgetsVersion=2615f7e52b7e0%3A1702314776716&amp;width=550px\" frameborder=\"0\" scrolling=\"no\" allowfullscreen=\"allowfullscreen\" data-tweet-id=\"2010766470859415915\" data-mce-fragment=\"1\"><\/iframe><\/div>\n<p>\u201cAsimismo, la Casa del F\u00fatbol Argentino, manifiesta una vez m\u00e1s su compromiso solidario dejando en claro que sin ning\u00fan tipo de necesidad, la AFA, llev\u00f3 adelante una acci\u00f3n que deber\u00eda haberse realizado desde los organismos p\u00fablicos y gubernamentales\u201d, concluye el escrito.<\/p>\n<\/div>\n<\/div>\n","protected":false},"excerpt":{"rendered":"<p>La entidad repudi\u00f3 \u00abla campa\u00f1a medi\u00e1tica de difamaci\u00f3n\u00bb. Desde la direcci\u00f3n del nosocomio aseguraron que \u00abla situaci\u00f3n est\u00e1 completamente saldada\u00bb.<\/p>\n","protected":false},"author":3,"featured_media":106914,"comment_status":"closed","ping_status":"closed","sticky":false,"template":"","format":"standard","meta":{"footnotes":""},"categories":[24,26],"tags":[],"class_list":["post-131195","post","type-post","status-publish","format-standard","has-post-thumbnail","hentry","category-politica","category-sociedad"],"yoast_head":"<!-- This site is optimized with the Yoast SEO plugin v25.9 - https:\/\/yoast.com\/wordpress\/plugins\/seo\/ -->\n<title>\u201cOtra mentira m\u00e1s\u201d: dura respuesta de la AFA al reclamo de la cooperadora del Hospital Penna - Noticias Radio Reflejos<\/title>\n<meta name=\"robots\" content=\"index, follow, max-snippet:-1, max-image-preview:large, max-video-preview:-1\" \/>\n<link rel=\"canonical\" href=\"https:\/\/www.noticiasradioreflejos.com.ar\/2021\/otra-mentira-mas-dura-respuesta-de-la-afa-al-reclamo-de-la-cooperadora-del-hospital-penna\/\" \/>\n<meta property=\"og:locale\" content=\"es_ES\" \/>\n<meta property=\"og:type\" content=\"article\" \/>\n<meta property=\"og:title\" content=\"\u201cOtra mentira m\u00e1s\u201d: dura respuesta de la AFA al reclamo de la cooperadora del Hospital Penna - Noticias Radio Reflejos\" \/>\n<meta property=\"og:description\" content=\"La entidad repudi\u00f3 \u00abla campa\u00f1a medi\u00e1tica de difamaci\u00f3n\u00bb. Desde la direcci\u00f3n del nosocomio aseguraron que \u00abla situaci\u00f3n est\u00e1 completamente saldada\u00bb.\" \/>\n<meta property=\"og:url\" content=\"https:\/\/www.noticiasradioreflejos.com.ar\/2021\/otra-mentira-mas-dura-respuesta-de-la-afa-al-reclamo-de-la-cooperadora-del-hospital-penna\/\" \/>\n<meta property=\"og:site_name\" content=\"Noticias Radio Reflejos\" \/>\n<meta property=\"article:published_time\" content=\"2026-01-12T22:44:28+00:00\" \/>\n<meta property=\"article:modified_time\" content=\"2026-01-12T22:45:06+00:00\" \/>\n<meta property=\"og:image\" content=\"https:\/\/www.noticiasradioreflejos.com.ar\/2021\/wp-content\/uploads\/2024\/09\/AFA.jpg\" \/>\n\t<meta property=\"og:image:width\" content=\"640\" \/>\n\t<meta property=\"og:image:height\" content=\"360\" \/>\n\t<meta property=\"og:image:type\" content=\"image\/jpeg\" \/>\n<meta name=\"author\" content=\"Arnaldo Botto\" \/>\n<meta name=\"twitter:card\" content=\"summary_large_image\" \/>\n<script type=\"application\/ld+json\" class=\"yoast-schema-graph\">{\"@context\":\"https:\/\/schema.org\",\"@graph\":[{\"@type\":\"WebPage\",\"@id\":\"https:\/\/www.noticiasradioreflejos.com.ar\/2021\/otra-mentira-mas-dura-respuesta-de-la-afa-al-reclamo-de-la-cooperadora-del-hospital-penna\/\",\"url\":\"https:\/\/www.noticiasradioreflejos.com.ar\/2021\/otra-mentira-mas-dura-respuesta-de-la-afa-al-reclamo-de-la-cooperadora-del-hospital-penna\/\",\"name\":\"\u201cOtra mentira m\u00e1s\u201d: dura respuesta de la AFA al reclamo de la cooperadora del Hospital Penna - Noticias Radio Reflejos\",\"isPartOf\":{\"@id\":\"https:\/\/www.noticiasradioreflejos.com.ar\/2021\/#website\"},\"primaryImageOfPage\":{\"@id\":\"https:\/\/www.noticiasradioreflejos.com.ar\/2021\/otra-mentira-mas-dura-respuesta-de-la-afa-al-reclamo-de-la-cooperadora-del-hospital-penna\/#primaryimage\"},\"image\":{\"@id\":\"https:\/\/www.noticiasradioreflejos.com.ar\/2021\/otra-mentira-mas-dura-respuesta-de-la-afa-al-reclamo-de-la-cooperadora-del-hospital-penna\/#primaryimage\"},\"thumbnailUrl\":\"https:\/\/www.noticiasradioreflejos.com.ar\/2021\/wp-content\/uploads\/2024\/09\/AFA.jpg\",\"datePublished\":\"2026-01-12T22:44:28+00:00\",\"dateModified\":\"2026-01-12T22:45:06+00:00\",\"author\":{\"@id\":\"https:\/\/www.noticiasradioreflejos.com.ar\/2021\/#\/schema\/person\/ad82545263dcc5ec0996818884fd5fb1\"},\"breadcrumb\":{\"@id\":\"https:\/\/www.noticiasradioreflejos.com.ar\/2021\/otra-mentira-mas-dura-respuesta-de-la-afa-al-reclamo-de-la-cooperadora-del-hospital-penna\/#breadcrumb\"},\"inLanguage\":\"es\",\"potentialAction\":[{\"@type\":\"ReadAction\",\"target\":[\"https:\/\/www.noticiasradioreflejos.com.ar\/2021\/otra-mentira-mas-dura-respuesta-de-la-afa-al-reclamo-de-la-cooperadora-del-hospital-penna\/\"]}]},{\"@type\":\"ImageObject\",\"inLanguage\":\"es\",\"@id\":\"https:\/\/www.noticiasradioreflejos.com.ar\/2021\/otra-mentira-mas-dura-respuesta-de-la-afa-al-reclamo-de-la-cooperadora-del-hospital-penna\/#primaryimage\",\"url\":\"https:\/\/www.noticiasradioreflejos.com.ar\/2021\/wp-content\/uploads\/2024\/09\/AFA.jpg\",\"contentUrl\":\"https:\/\/www.noticiasradioreflejos.com.ar\/2021\/wp-content\/uploads\/2024\/09\/AFA.jpg\",\"width\":640,\"height\":360},{\"@type\":\"BreadcrumbList\",\"@id\":\"https:\/\/www.noticiasradioreflejos.com.ar\/2021\/otra-mentira-mas-dura-respuesta-de-la-afa-al-reclamo-de-la-cooperadora-del-hospital-penna\/#breadcrumb\",\"itemListElement\":[{\"@type\":\"ListItem\",\"position\":1,\"name\":\"Portada\",\"item\":\"https:\/\/www.noticiasradioreflejos.com.ar\/2021\/\"},{\"@type\":\"ListItem\",\"position\":2,\"name\":\"\u201cOtra mentira m\u00e1s\u201d: dura respuesta de la AFA al reclamo de la cooperadora del Hospital Penna\"}]},{\"@type\":\"WebSite\",\"@id\":\"https:\/\/www.noticiasradioreflejos.com.ar\/2021\/#website\",\"url\":\"https:\/\/www.noticiasradioreflejos.com.ar\/2021\/\",\"name\":\"Noticias Radio Reflejos\",\"description\":\"Las noticias de mi comarca\",\"potentialAction\":[{\"@type\":\"SearchAction\",\"target\":{\"@type\":\"EntryPoint\",\"urlTemplate\":\"https:\/\/www.noticiasradioreflejos.com.ar\/2021\/?s={search_term_string}\"},\"query-input\":{\"@type\":\"PropertyValueSpecification\",\"valueRequired\":true,\"valueName\":\"search_term_string\"}}],\"inLanguage\":\"es\"},{\"@type\":\"Person\",\"@id\":\"https:\/\/www.noticiasradioreflejos.com.ar\/2021\/#\/schema\/person\/ad82545263dcc5ec0996818884fd5fb1\",\"name\":\"Arnaldo Botto\",\"image\":{\"@type\":\"ImageObject\",\"inLanguage\":\"es\",\"@id\":\"https:\/\/www.noticiasradioreflejos.com.ar\/2021\/#\/schema\/person\/image\/\",\"url\":\"https:\/\/secure.gravatar.com\/avatar\/55cb5e37c1efa326397366e6974cb338056df65cb50e7d64d1cf314e87504837?s=96&d=mm&r=g\",\"contentUrl\":\"https:\/\/secure.gravatar.com\/avatar\/55cb5e37c1efa326397366e6974cb338056df65cb50e7d64d1cf314e87504837?s=96&d=mm&r=g\",\"caption\":\"Arnaldo Botto\"},\"url\":\"https:\/\/www.noticiasradioreflejos.com.ar\/2021\/author\/arnaldo\/\"}]}<\/script>\n<!-- \/ Yoast SEO plugin. -->","yoast_head_json":{"title":"\u201cOtra mentira m\u00e1s\u201d: dura respuesta de la AFA al reclamo de la cooperadora del Hospital Penna - Noticias Radio Reflejos","robots":{"index":"index","follow":"follow","max-snippet":"max-snippet:-1","max-image-preview":"max-image-preview:large","max-video-preview":"max-video-preview:-1"},"canonical":"https:\/\/www.noticiasradioreflejos.com.ar\/2021\/otra-mentira-mas-dura-respuesta-de-la-afa-al-reclamo-de-la-cooperadora-del-hospital-penna\/","og_locale":"es_ES","og_type":"article","og_title":"\u201cOtra mentira m\u00e1s\u201d: dura respuesta de la AFA al reclamo de la cooperadora del Hospital Penna - Noticias Radio Reflejos","og_description":"La entidad repudi\u00f3 \u00abla campa\u00f1a medi\u00e1tica de difamaci\u00f3n\u00bb. Desde la direcci\u00f3n del nosocomio aseguraron que \u00abla situaci\u00f3n est\u00e1 completamente saldada\u00bb.","og_url":"https:\/\/www.noticiasradioreflejos.com.ar\/2021\/otra-mentira-mas-dura-respuesta-de-la-afa-al-reclamo-de-la-cooperadora-del-hospital-penna\/","og_site_name":"Noticias Radio Reflejos","article_published_time":"2026-01-12T22:44:28+00:00","article_modified_time":"2026-01-12T22:45:06+00:00","og_image":[{"width":640,"height":360,"url":"https:\/\/www.noticiasradioreflejos.com.ar\/2021\/wp-content\/uploads\/2024\/09\/AFA.jpg","type":"image\/jpeg"}],"author":"Arnaldo Botto","twitter_card":"summary_large_image","schema":{"@context":"https:\/\/schema.org","@graph":[{"@type":"WebPage","@id":"https:\/\/www.noticiasradioreflejos.com.ar\/2021\/otra-mentira-mas-dura-respuesta-de-la-afa-al-reclamo-de-la-cooperadora-del-hospital-penna\/","url":"https:\/\/www.noticiasradioreflejos.com.ar\/2021\/otra-mentira-mas-dura-respuesta-de-la-afa-al-reclamo-de-la-cooperadora-del-hospital-penna\/","name":"\u201cOtra mentira m\u00e1s\u201d: dura respuesta de la AFA al reclamo de la cooperadora del Hospital Penna - Noticias Radio Reflejos","isPartOf":{"@id":"https:\/\/www.noticiasradioreflejos.com.ar\/2021\/#website"},"primaryImageOfPage":{"@id":"https:\/\/www.noticiasradioreflejos.com.ar\/2021\/otra-mentira-mas-dura-respuesta-de-la-afa-al-reclamo-de-la-cooperadora-del-hospital-penna\/#primaryimage"},"image":{"@id":"https:\/\/www.noticiasradioreflejos.com.ar\/2021\/otra-mentira-mas-dura-respuesta-de-la-afa-al-reclamo-de-la-cooperadora-del-hospital-penna\/#primaryimage"},"thumbnailUrl":"https:\/\/www.noticiasradioreflejos.com.ar\/2021\/wp-content\/uploads\/2024\/09\/AFA.jpg","datePublished":"2026-01-12T22:44:28+00:00","dateModified":"2026-01-12T22:45:06+00:00","author":{"@id":"https:\/\/www.noticiasradioreflejos.com.ar\/2021\/#\/schema\/person\/ad82545263dcc5ec0996818884fd5fb1"},"breadcrumb":{"@id":"https:\/\/www.noticiasradioreflejos.com.ar\/2021\/otra-mentira-mas-dura-respuesta-de-la-afa-al-reclamo-de-la-cooperadora-del-hospital-penna\/#breadcrumb"},"inLanguage":"es","potentialAction":[{"@type":"ReadAction","target":["https:\/\/www.noticiasradioreflejos.com.ar\/2021\/otra-mentira-mas-dura-respuesta-de-la-afa-al-reclamo-de-la-cooperadora-del-hospital-penna\/"]}]},{"@type":"ImageObject","inLanguage":"es","@id":"https:\/\/www.noticiasradioreflejos.com.ar\/2021\/otra-mentira-mas-dura-respuesta-de-la-afa-al-reclamo-de-la-cooperadora-del-hospital-penna\/#primaryimage","url":"https:\/\/www.noticiasradioreflejos.com.ar\/2021\/wp-content\/uploads\/2024\/09\/AFA.jpg","contentUrl":"https:\/\/www.noticiasradioreflejos.com.ar\/2021\/wp-content\/uploads\/2024\/09\/AFA.jpg","width":640,"height":360},{"@type":"BreadcrumbList","@id":"https:\/\/www.noticiasradioreflejos.com.ar\/2021\/otra-mentira-mas-dura-respuesta-de-la-afa-al-reclamo-de-la-cooperadora-del-hospital-penna\/#breadcrumb","itemListElement":[{"@type":"ListItem","position":1,"name":"Portada","item":"https:\/\/www.noticiasradioreflejos.com.ar\/2021\/"},{"@type":"ListItem","position":2,"name":"\u201cOtra mentira m\u00e1s\u201d: dura respuesta de la AFA al reclamo de la cooperadora del Hospital Penna"}]},{"@type":"WebSite","@id":"https:\/\/www.noticiasradioreflejos.com.ar\/2021\/#website","url":"https:\/\/www.noticiasradioreflejos.com.ar\/2021\/","name":"Noticias Radio Reflejos","description":"Las noticias de mi comarca","potentialAction":[{"@type":"SearchAction","target":{"@type":"EntryPoint","urlTemplate":"https:\/\/www.noticiasradioreflejos.com.ar\/2021\/?s={search_term_string}"},"query-input":{"@type":"PropertyValueSpecification","valueRequired":true,"valueName":"search_term_string"}}],"inLanguage":"es"},{"@type":"Person","@id":"https:\/\/www.noticiasradioreflejos.com.ar\/2021\/#\/schema\/person\/ad82545263dcc5ec0996818884fd5fb1","name":"Arnaldo Botto","image":{"@type":"ImageObject","inLanguage":"es","@id":"https:\/\/www.noticiasradioreflejos.com.ar\/2021\/#\/schema\/person\/image\/","url":"https:\/\/secure.gravatar.com\/avatar\/55cb5e37c1efa326397366e6974cb338056df65cb50e7d64d1cf314e87504837?s=96&d=mm&r=g","contentUrl":"https:\/\/secure.gravatar.com\/avatar\/55cb5e37c1efa326397366e6974cb338056df65cb50e7d64d1cf314e87504837?s=96&d=mm&r=g","caption":"Arnaldo Botto"},"url":"https:\/\/www.noticiasradioreflejos.com.ar\/2021\/author\/arnaldo\/"}]}},"_links":{"self":[{"href":"https:\/\/www.noticiasradioreflejos.com.ar\/2021\/wp-json\/wp\/v2\/posts\/131195","targetHints":{"allow":["GET"]}}],"collection":[{"href":"https:\/\/www.noticiasradioreflejos.com.ar\/2021\/wp-json\/wp\/v2\/posts"}],"about":[{"href":"https:\/\/www.noticiasradioreflejos.com.ar\/2021\/wp-json\/wp\/v2\/types\/post"}],"author":[{"embeddable":true,"href":"https:\/\/www.noticiasradioreflejos.com.ar\/2021\/wp-json\/wp\/v2\/users\/3"}],"replies":[{"embeddable":true,"href":"https:\/\/www.noticiasradioreflejos.com.ar\/2021\/wp-json\/wp\/v2\/comments?post=131195"}],"version-history":[{"count":1,"href":"https:\/\/www.noticiasradioreflejos.com.ar\/2021\/wp-json\/wp\/v2\/posts\/131195\/revisions"}],"predecessor-version":[{"id":131196,"href":"https:\/\/www.noticiasradioreflejos.com.ar\/2021\/wp-json\/wp\/v2\/posts\/131195\/revisions\/131196"}],"wp:featuredmedia":[{"embeddable":true,"href":"https:\/\/www.noticiasradioreflejos.com.ar\/2021\/wp-json\/wp\/v2\/media\/106914"}],"wp:attachment":[{"href":"https:\/\/www.noticiasradioreflejos.com.ar\/2021\/wp-json\/wp\/v2\/media?parent=131195"}],"wp:term":[{"taxonomy":"category","embeddable":true,"href":"https:\/\/www.noticiasradioreflejos.com.ar\/2021\/wp-json\/wp\/v2\/categories?post=131195"},{"taxonomy":"post_tag","embeddable":true,"href":"https:\/\/www.noticiasradioreflejos.com.ar\/2021\/wp-json\/wp\/v2\/tags?post=131195"}],"curies":[{"name":"wp","href":"https:\/\/api.w.org\/{rel}","templated":true}]}}