{"id":131189,"date":"2026-01-12T12:29:38","date_gmt":"2026-01-12T15:29:38","guid":{"rendered":"https:\/\/www.noticiasradioreflejos.com.ar\/2021\/?p=131189"},"modified":"2026-01-12T12:29:38","modified_gmt":"2026-01-12T15:29:38","slug":"boedo-tango-company-llega-al-distrito-con-su-show-es-de-tango-y-un-seminario","status":"publish","type":"post","link":"https:\/\/www.noticiasradioreflejos.com.ar\/2021\/boedo-tango-company-llega-al-distrito-con-su-show-es-de-tango-y-un-seminario\/","title":{"rendered":"Boedo Tango Company llega al distrito con su show \u2018Es de Tango\u2019 y un seminario"},"content":{"rendered":"<p>El viernes 23 de enero en el Centro Cultural de Sierra de la Ventana, se presentar\u00e1 Boedo Tango Company con su show \u2018Es de Tango\u2019.<!--more--><\/p>\n<p>Se trata de un espect\u00e1culo donde la fuerza del tango actual se encuentra con su ra\u00edz porte\u00f1a: abrazo, m\u00fasica y movimiento en estado puro. Cuerpos que cuentan historias, pasi\u00f3n que se enciende en cada paso y una compa\u00f1\u00eda que lleva el tango m\u00e1s all\u00e1 de Buenos Aires.<\/p>\n<p>Las entradas ya se encuentran a la venta en el siguiente link: <a href=\"https:\/\/planetaentrada.com\/BOEDO-TANGO-COMPANY---SIERRA-DE-LA-VENTANA\/\">https:\/\/planetaentrada.com\/BOEDO-TANGO-COMPANY&#8212;SIERRA-DE-LA-VENTANA\/<\/a>.<\/p>\n<p>&nbsp;<\/p>\n<p><strong>Seminario de Tango Argentino<\/strong><\/p>\n<p>Los integrantes del elenco de Boedo Tango Company, brindar\u00e1n un seminario de tango argentino, una experiencia para profundizar en el movimiento, la musicalidad y la conexi\u00f3n desde la esencia del tango.<\/p>\n<p>Ser\u00e1 el jueves 22 a las 20 h y estar\u00e1 a cargo de Agust\u00edn Tornaquindici, Sof\u00eda Cruciani, Ezequiel Cabrera y Itat\u00ed Artigas.<\/p>\n<p>La propuesta es abierta a bailarines y amantes del tango que deseen explorar, aprender y dejarse atravesar por el lenguaje del abrazo.<\/p>\n<p>El valor es de $15.000 y por inscripciones comunicarse al 2914689022.<\/p>\n","protected":false},"excerpt":{"rendered":"<p>El viernes 23 de enero en el Centro Cultural de Sierra de la Ventana, se presentar\u00e1 Boedo Tango Company con su show \u2018Es de Tango\u2019.<\/p>\n","protected":false},"author":3,"featured_media":131190,"comment_status":"closed","ping_status":"closed","sticky":false,"template":"","format":"standard","meta":{"footnotes":""},"categories":[35],"tags":[],"class_list":["post-131189","post","type-post","status-publish","format-standard","has-post-thumbnail","hentry","category-cultura"],"yoast_head":"<!-- This site is optimized with the Yoast SEO plugin v25.9 - https:\/\/yoast.com\/wordpress\/plugins\/seo\/ -->\n<title>Boedo Tango Company llega al distrito con su show \u2018Es de Tango\u2019 y un seminario - Noticias Radio Reflejos<\/title>\n<meta name=\"robots\" content=\"index, follow, max-snippet:-1, max-image-preview:large, max-video-preview:-1\" \/>\n<link rel=\"canonical\" href=\"https:\/\/www.noticiasradioreflejos.com.ar\/2021\/boedo-tango-company-llega-al-distrito-con-su-show-es-de-tango-y-un-seminario\/\" \/>\n<meta property=\"og:locale\" content=\"es_ES\" \/>\n<meta property=\"og:type\" content=\"article\" \/>\n<meta property=\"og:title\" content=\"Boedo Tango Company llega al distrito con su show \u2018Es de Tango\u2019 y un seminario - Noticias Radio Reflejos\" \/>\n<meta property=\"og:description\" content=\"El viernes 23 de enero en el Centro Cultural de Sierra de la Ventana, se presentar\u00e1 Boedo Tango Company con su show \u2018Es de Tango\u2019.\" \/>\n<meta property=\"og:url\" content=\"https:\/\/www.noticiasradioreflejos.com.ar\/2021\/boedo-tango-company-llega-al-distrito-con-su-show-es-de-tango-y-un-seminario\/\" \/>\n<meta property=\"og:site_name\" content=\"Noticias Radio Reflejos\" \/>\n<meta property=\"article:published_time\" content=\"2026-01-12T15:29:38+00:00\" \/>\n<meta property=\"og:image\" content=\"https:\/\/www.noticiasradioreflejos.com.ar\/2021\/wp-content\/uploads\/2026\/01\/Boedo-Tango-2.jpg\" \/>\n\t<meta property=\"og:image:width\" content=\"1080\" \/>\n\t<meta property=\"og:image:height\" content=\"1440\" \/>\n\t<meta property=\"og:image:type\" content=\"image\/jpeg\" \/>\n<meta name=\"author\" content=\"Arnaldo Botto\" \/>\n<meta name=\"twitter:card\" content=\"summary_large_image\" \/>\n<script type=\"application\/ld+json\" class=\"yoast-schema-graph\">{\"@context\":\"https:\/\/schema.org\",\"@graph\":[{\"@type\":\"WebPage\",\"@id\":\"https:\/\/www.noticiasradioreflejos.com.ar\/2021\/boedo-tango-company-llega-al-distrito-con-su-show-es-de-tango-y-un-seminario\/\",\"url\":\"https:\/\/www.noticiasradioreflejos.com.ar\/2021\/boedo-tango-company-llega-al-distrito-con-su-show-es-de-tango-y-un-seminario\/\",\"name\":\"Boedo Tango Company llega al distrito con su show \u2018Es de Tango\u2019 y un seminario - Noticias Radio Reflejos\",\"isPartOf\":{\"@id\":\"https:\/\/www.noticiasradioreflejos.com.ar\/2021\/#website\"},\"primaryImageOfPage\":{\"@id\":\"https:\/\/www.noticiasradioreflejos.com.ar\/2021\/boedo-tango-company-llega-al-distrito-con-su-show-es-de-tango-y-un-seminario\/#primaryimage\"},\"image\":{\"@id\":\"https:\/\/www.noticiasradioreflejos.com.ar\/2021\/boedo-tango-company-llega-al-distrito-con-su-show-es-de-tango-y-un-seminario\/#primaryimage\"},\"thumbnailUrl\":\"https:\/\/www.noticiasradioreflejos.com.ar\/2021\/wp-content\/uploads\/2026\/01\/Boedo-Tango-2.jpg\",\"datePublished\":\"2026-01-12T15:29:38+00:00\",\"author\":{\"@id\":\"https:\/\/www.noticiasradioreflejos.com.ar\/2021\/#\/schema\/person\/ad82545263dcc5ec0996818884fd5fb1\"},\"breadcrumb\":{\"@id\":\"https:\/\/www.noticiasradioreflejos.com.ar\/2021\/boedo-tango-company-llega-al-distrito-con-su-show-es-de-tango-y-un-seminario\/#breadcrumb\"},\"inLanguage\":\"es\",\"potentialAction\":[{\"@type\":\"ReadAction\",\"target\":[\"https:\/\/www.noticiasradioreflejos.com.ar\/2021\/boedo-tango-company-llega-al-distrito-con-su-show-es-de-tango-y-un-seminario\/\"]}]},{\"@type\":\"ImageObject\",\"inLanguage\":\"es\",\"@id\":\"https:\/\/www.noticiasradioreflejos.com.ar\/2021\/boedo-tango-company-llega-al-distrito-con-su-show-es-de-tango-y-un-seminario\/#primaryimage\",\"url\":\"https:\/\/www.noticiasradioreflejos.com.ar\/2021\/wp-content\/uploads\/2026\/01\/Boedo-Tango-2.jpg\",\"contentUrl\":\"https:\/\/www.noticiasradioreflejos.com.ar\/2021\/wp-content\/uploads\/2026\/01\/Boedo-Tango-2.jpg\",\"width\":1080,\"height\":1440},{\"@type\":\"BreadcrumbList\",\"@id\":\"https:\/\/www.noticiasradioreflejos.com.ar\/2021\/boedo-tango-company-llega-al-distrito-con-su-show-es-de-tango-y-un-seminario\/#breadcrumb\",\"itemListElement\":[{\"@type\":\"ListItem\",\"position\":1,\"name\":\"Portada\",\"item\":\"https:\/\/www.noticiasradioreflejos.com.ar\/2021\/\"},{\"@type\":\"ListItem\",\"position\":2,\"name\":\"Boedo Tango Company llega al distrito con su show \u2018Es de Tango\u2019 y un seminario\"}]},{\"@type\":\"WebSite\",\"@id\":\"https:\/\/www.noticiasradioreflejos.com.ar\/2021\/#website\",\"url\":\"https:\/\/www.noticiasradioreflejos.com.ar\/2021\/\",\"name\":\"Noticias Radio Reflejos\",\"description\":\"Las noticias de mi comarca\",\"potentialAction\":[{\"@type\":\"SearchAction\",\"target\":{\"@type\":\"EntryPoint\",\"urlTemplate\":\"https:\/\/www.noticiasradioreflejos.com.ar\/2021\/?s={search_term_string}\"},\"query-input\":{\"@type\":\"PropertyValueSpecification\",\"valueRequired\":true,\"valueName\":\"search_term_string\"}}],\"inLanguage\":\"es\"},{\"@type\":\"Person\",\"@id\":\"https:\/\/www.noticiasradioreflejos.com.ar\/2021\/#\/schema\/person\/ad82545263dcc5ec0996818884fd5fb1\",\"name\":\"Arnaldo Botto\",\"image\":{\"@type\":\"ImageObject\",\"inLanguage\":\"es\",\"@id\":\"https:\/\/www.noticiasradioreflejos.com.ar\/2021\/#\/schema\/person\/image\/\",\"url\":\"https:\/\/secure.gravatar.com\/avatar\/55cb5e37c1efa326397366e6974cb338056df65cb50e7d64d1cf314e87504837?s=96&d=mm&r=g\",\"contentUrl\":\"https:\/\/secure.gravatar.com\/avatar\/55cb5e37c1efa326397366e6974cb338056df65cb50e7d64d1cf314e87504837?s=96&d=mm&r=g\",\"caption\":\"Arnaldo Botto\"},\"url\":\"https:\/\/www.noticiasradioreflejos.com.ar\/2021\/author\/arnaldo\/\"}]}<\/script>\n<!-- \/ Yoast SEO plugin. -->","yoast_head_json":{"title":"Boedo Tango Company llega al distrito con su show \u2018Es de Tango\u2019 y un seminario - Noticias Radio Reflejos","robots":{"index":"index","follow":"follow","max-snippet":"max-snippet:-1","max-image-preview":"max-image-preview:large","max-video-preview":"max-video-preview:-1"},"canonical":"https:\/\/www.noticiasradioreflejos.com.ar\/2021\/boedo-tango-company-llega-al-distrito-con-su-show-es-de-tango-y-un-seminario\/","og_locale":"es_ES","og_type":"article","og_title":"Boedo Tango Company llega al distrito con su show \u2018Es de Tango\u2019 y un seminario - Noticias Radio Reflejos","og_description":"El viernes 23 de enero en el Centro Cultural de Sierra de la Ventana, se presentar\u00e1 Boedo Tango Company con su show \u2018Es de Tango\u2019.","og_url":"https:\/\/www.noticiasradioreflejos.com.ar\/2021\/boedo-tango-company-llega-al-distrito-con-su-show-es-de-tango-y-un-seminario\/","og_site_name":"Noticias Radio Reflejos","article_published_time":"2026-01-12T15:29:38+00:00","og_image":[{"width":1080,"height":1440,"url":"https:\/\/www.noticiasradioreflejos.com.ar\/2021\/wp-content\/uploads\/2026\/01\/Boedo-Tango-2.jpg","type":"image\/jpeg"}],"author":"Arnaldo Botto","twitter_card":"summary_large_image","schema":{"@context":"https:\/\/schema.org","@graph":[{"@type":"WebPage","@id":"https:\/\/www.noticiasradioreflejos.com.ar\/2021\/boedo-tango-company-llega-al-distrito-con-su-show-es-de-tango-y-un-seminario\/","url":"https:\/\/www.noticiasradioreflejos.com.ar\/2021\/boedo-tango-company-llega-al-distrito-con-su-show-es-de-tango-y-un-seminario\/","name":"Boedo Tango Company llega al distrito con su show \u2018Es de Tango\u2019 y un seminario - Noticias Radio Reflejos","isPartOf":{"@id":"https:\/\/www.noticiasradioreflejos.com.ar\/2021\/#website"},"primaryImageOfPage":{"@id":"https:\/\/www.noticiasradioreflejos.com.ar\/2021\/boedo-tango-company-llega-al-distrito-con-su-show-es-de-tango-y-un-seminario\/#primaryimage"},"image":{"@id":"https:\/\/www.noticiasradioreflejos.com.ar\/2021\/boedo-tango-company-llega-al-distrito-con-su-show-es-de-tango-y-un-seminario\/#primaryimage"},"thumbnailUrl":"https:\/\/www.noticiasradioreflejos.com.ar\/2021\/wp-content\/uploads\/2026\/01\/Boedo-Tango-2.jpg","datePublished":"2026-01-12T15:29:38+00:00","author":{"@id":"https:\/\/www.noticiasradioreflejos.com.ar\/2021\/#\/schema\/person\/ad82545263dcc5ec0996818884fd5fb1"},"breadcrumb":{"@id":"https:\/\/www.noticiasradioreflejos.com.ar\/2021\/boedo-tango-company-llega-al-distrito-con-su-show-es-de-tango-y-un-seminario\/#breadcrumb"},"inLanguage":"es","potentialAction":[{"@type":"ReadAction","target":["https:\/\/www.noticiasradioreflejos.com.ar\/2021\/boedo-tango-company-llega-al-distrito-con-su-show-es-de-tango-y-un-seminario\/"]}]},{"@type":"ImageObject","inLanguage":"es","@id":"https:\/\/www.noticiasradioreflejos.com.ar\/2021\/boedo-tango-company-llega-al-distrito-con-su-show-es-de-tango-y-un-seminario\/#primaryimage","url":"https:\/\/www.noticiasradioreflejos.com.ar\/2021\/wp-content\/uploads\/2026\/01\/Boedo-Tango-2.jpg","contentUrl":"https:\/\/www.noticiasradioreflejos.com.ar\/2021\/wp-content\/uploads\/2026\/01\/Boedo-Tango-2.jpg","width":1080,"height":1440},{"@type":"BreadcrumbList","@id":"https:\/\/www.noticiasradioreflejos.com.ar\/2021\/boedo-tango-company-llega-al-distrito-con-su-show-es-de-tango-y-un-seminario\/#breadcrumb","itemListElement":[{"@type":"ListItem","position":1,"name":"Portada","item":"https:\/\/www.noticiasradioreflejos.com.ar\/2021\/"},{"@type":"ListItem","position":2,"name":"Boedo Tango Company llega al distrito con su show \u2018Es de Tango\u2019 y un seminario"}]},{"@type":"WebSite","@id":"https:\/\/www.noticiasradioreflejos.com.ar\/2021\/#website","url":"https:\/\/www.noticiasradioreflejos.com.ar\/2021\/","name":"Noticias Radio Reflejos","description":"Las noticias de mi comarca","potentialAction":[{"@type":"SearchAction","target":{"@type":"EntryPoint","urlTemplate":"https:\/\/www.noticiasradioreflejos.com.ar\/2021\/?s={search_term_string}"},"query-input":{"@type":"PropertyValueSpecification","valueRequired":true,"valueName":"search_term_string"}}],"inLanguage":"es"},{"@type":"Person","@id":"https:\/\/www.noticiasradioreflejos.com.ar\/2021\/#\/schema\/person\/ad82545263dcc5ec0996818884fd5fb1","name":"Arnaldo Botto","image":{"@type":"ImageObject","inLanguage":"es","@id":"https:\/\/www.noticiasradioreflejos.com.ar\/2021\/#\/schema\/person\/image\/","url":"https:\/\/secure.gravatar.com\/avatar\/55cb5e37c1efa326397366e6974cb338056df65cb50e7d64d1cf314e87504837?s=96&d=mm&r=g","contentUrl":"https:\/\/secure.gravatar.com\/avatar\/55cb5e37c1efa326397366e6974cb338056df65cb50e7d64d1cf314e87504837?s=96&d=mm&r=g","caption":"Arnaldo Botto"},"url":"https:\/\/www.noticiasradioreflejos.com.ar\/2021\/author\/arnaldo\/"}]}},"_links":{"self":[{"href":"https:\/\/www.noticiasradioreflejos.com.ar\/2021\/wp-json\/wp\/v2\/posts\/131189","targetHints":{"allow":["GET"]}}],"collection":[{"href":"https:\/\/www.noticiasradioreflejos.com.ar\/2021\/wp-json\/wp\/v2\/posts"}],"about":[{"href":"https:\/\/www.noticiasradioreflejos.com.ar\/2021\/wp-json\/wp\/v2\/types\/post"}],"author":[{"embeddable":true,"href":"https:\/\/www.noticiasradioreflejos.com.ar\/2021\/wp-json\/wp\/v2\/users\/3"}],"replies":[{"embeddable":true,"href":"https:\/\/www.noticiasradioreflejos.com.ar\/2021\/wp-json\/wp\/v2\/comments?post=131189"}],"version-history":[{"count":1,"href":"https:\/\/www.noticiasradioreflejos.com.ar\/2021\/wp-json\/wp\/v2\/posts\/131189\/revisions"}],"predecessor-version":[{"id":131191,"href":"https:\/\/www.noticiasradioreflejos.com.ar\/2021\/wp-json\/wp\/v2\/posts\/131189\/revisions\/131191"}],"wp:featuredmedia":[{"embeddable":true,"href":"https:\/\/www.noticiasradioreflejos.com.ar\/2021\/wp-json\/wp\/v2\/media\/131190"}],"wp:attachment":[{"href":"https:\/\/www.noticiasradioreflejos.com.ar\/2021\/wp-json\/wp\/v2\/media?parent=131189"}],"wp:term":[{"taxonomy":"category","embeddable":true,"href":"https:\/\/www.noticiasradioreflejos.com.ar\/2021\/wp-json\/wp\/v2\/categories?post=131189"},{"taxonomy":"post_tag","embeddable":true,"href":"https:\/\/www.noticiasradioreflejos.com.ar\/2021\/wp-json\/wp\/v2\/tags?post=131189"}],"curies":[{"name":"wp","href":"https:\/\/api.w.org\/{rel}","templated":true}]}}