{"id":13105,"date":"2017-08-03T12:05:25","date_gmt":"2017-08-03T15:05:25","guid":{"rendered":"http:\/\/www.noticiasradioreflejos.com.ar\/noticias\/?p=13105"},"modified":"2017-08-03T12:05:25","modified_gmt":"2017-08-03T15:05:25","slug":"informe-de-sesiones-ordinaria-y-extraordinaria-del-hcd","status":"publish","type":"post","link":"https:\/\/www.noticiasradioreflejos.com.ar\/2021\/informe-de-sesiones-ordinaria-y-extraordinaria-del-hcd\/","title":{"rendered":"Informe de Sesiones Ordinaria  y extraordinaria del HCD"},"content":{"rendered":"<p>Publicamos \u00a0los Informes de \u00a0Sesiones \u00a0Ordinaria de fecha 01-08-17 y la Sesi\u00f3n \u00a0Extraordinaria del 2 de agosto.<br \/>\nSesi\u00f3n \u00a0 Ordinaria de fecha 01-08-17<!--more--><br \/>\nComunicaciones Oficiales:<br \/>\nExpte. N\u00ba 229\/17: \u201cD.E. &#8211; Convalidaci\u00f3n del Contrato de Locaci\u00f3n de Obra con el Instituto M\u00e9dico Integral\u201d.<br \/>\nSe solicita tratamiento sobre Tablas.<br \/>\nSe aprueba por unanimidad la Ordenanza con el N\u00ba 2977\/17 por la que se convalida la firma del Contrato de Locaci\u00f3n de Obra suscripto entre la Dra. Geraldina Gribaldo (M.P. 2070) en su car\u00e1cter de Directora del Instituto M\u00e9dico Integral y el Sr. Sergio F. Bordoni en su car\u00e1cter de Intendente Municipal del Partido de Tornquist. Mediante este Contrato la locadora se compromete y obliga a realizar tareas de espinograf\u00edas, panor\u00e1micas dentales y cobertura de radiolog\u00eda por eventualidades a pacientes de P.A.M.I. e indigentes.-<br \/>\nExpte. N\u00ba 234\/17: \u201cD.E. &#8211; Convalida la firma del Convenio Espec\u00edfico de Cooperaci\u00f3n entre la Secretar\u00eda de Asuntos Municipales del Ministerio del Interior, Obras P\u00fablicas y Vivienda de la Naci\u00f3n y el Municipio de Tornquist de la Provincia de Buenos Aires\u201d.<br \/>\nSe solicita tratamiento sobre Tablas.<br \/>\nSe aprueba por unanimidad la Ordenanza con el N\u00ba 2978\/17 por la que se convalida la firma del Convenio Espec\u00edfico de Cooperaci\u00f3n entre la Secretar\u00eda de Asuntos Municipales del Ministerio del Interior, Obras P\u00fablicas y Vivienda de la Naci\u00f3n y el Municipio de Tornquist de la Provincia de Buenos Aires, rubricado por la Secretaria, Ing. Aida Ayala por una parte, y el Intendente Municipal Sr. Sergio Bordoni, por la otra. El objeto general del mencionado Convenio consiste en brindar al Gobierno Local asistencia t\u00e9cnica para su modernizaci\u00f3n, as\u00ed como la transferencia de fondos para que adquiera un cami\u00f3n con barredora \u2014 aspiradora. El Ministerio transferir\u00e1 al Municipio, quien se compromete a comprar el bien antes detallado, la suma de PESOS DOS MILLONES TRESCIENTOS CINCUENTA MIL ($2.350.000), monto que incluye todos los gastos que resulten necesarios para el cumplimiento del Convenio.<br \/>\nExpte. N\u00ba 241\/17: \u201cSecretar\u00eda de Obras y Servicios P\u00fablicos- Afectaci\u00f3n de parcelas municipales de la localidad de Saldungaray al Programa \u201cLotes con servicio\u201d- (Ley 14449)\u201d.<br \/>\nEste Expediente se incorpora fuera del Orden del D\u00eda.<br \/>\nPasa a las Comisiones de Obras P\u00fablicas y Asuntos Municipales.<br \/>\nExpte. N\u00ba 6874\/16: \u201cBloque P.J. \u2013 Proyecto de Ordenanza: Regular el estacionamiento p\u00fablico para garantizar el acceso a personas con movilidad reducida\u201d.<br \/>\nPasa a las Comisiones de Obras P\u00fablicas y Asuntos Municipales.<br \/>\nProyectos Presentados:<br \/>\nBloques F.P.C. y S., Cambiemos Bs. As. y Corriente Renovadora- Proyecto de Resoluci\u00f3n: Solicita a la Jefatura Regional Bonaerense II de la ANSES, realice las gestiones necesarias a efectos de posibilitar la inscripci\u00f3n de los ciudadanos del Distrito de Tornquist al Programa Mejor Hogar \u2013Gas, (permite a las familias acceder a cr\u00e9ditos para la conexi\u00f3n domiciliaria a la red de gas natural), y dem\u00e1s l\u00edneas de este Programa. Elevar copia de la presente resoluci\u00f3n a los Intendentes y Honorables Concejos Deliberantes de los distritos integrantes de la Sexta Secci\u00f3n Electoral de la Provincia de Buenos Aires, invitando a su adhesi\u00f3n.<br \/>\nSe aprueba por unanimidad la formaci\u00f3n de Expediente y el pase a Comisi\u00f3n.<br \/>\nBloque Frente para la Victoria- Pedido de Informes: Solicita al Sr. Intendente Municipal Don Sergio Bordoni, copia de los an\u00e1lisis fisicoqu\u00edmicos y bacteriol\u00f3gicos, realizados desde el mes de enero de 2016 a la fecha, en las diferentes redes de agua que tiene a cargo el Municipio de Tornquist en el distrito.<br \/>\nSolicita al Sr. Intendente Municipal Don Sergio Bordoni, informe qui\u00e9n es el responsable del \u00e1rea a cargo de los controles mencionados anteriormente, as\u00ed como tambi\u00e9n si se est\u00e1 cumpliendo con la legislaci\u00f3n vigente en referencia a la provisi\u00f3n de agua potable.<br \/>\nSolicita se responda a la brevedad, a fin de poder abordar la tem\u00e1tica para trabajar sobre legislaci\u00f3n de la misma.<br \/>\nConcejal Ant\u00f3n V\u00edctor:<br \/>\n\u201cBueno, este es un tema que ya hemos tratado en varias oportunidades, que lamentablemente no hemos tenido respuestas desde hace por lo menos quince meses que venimos solicitando al Ejecutivo, y como se van sumando los reclamos ahora no solo de Tornquist sino de las diferentes localidades, yo solicitar\u00eda la formaci\u00f3n de Expediente y tratamiento sobre Tablas para que este Pedido de Informes pueda ir r\u00e1pidamente al Ejecutivo a ver si logramos que se pueda resolver. Nada m\u00e1s\u201d.<br \/>\nSe aprueba por unanimidad la moci\u00f3n del Concejal.<br \/>\nSe forma el Expediente N\u00ba 6949\/17 y se dictamina enviar el mismo al Departamento Ejecutivo para que por el \u00e1rea que corresponda se d\u00e9 respuesta a lo solicitado.-<br \/>\nBloque Frente para la Victoria- Proyecto de Resoluci\u00f3n: Declara de Inter\u00e9s Municipal el 10\u00ba Festival del D\u00eda del Ni\u00f1o a realizarse el d\u00eda 27 de agosto del corriente a\u00f1o en la localidad de Saldungaray, organizado por la Troupe de Empleados de Casino de Sierra de la Ventana.<br \/>\nSe solicita tratamiento sobre Tablas.<br \/>\nSe aprueba por unanimidad la Resoluci\u00f3n con el N\u00ba 08\/17 por la que se Declara de Inter\u00e9s Municipal el 10\u00ba Festival del D\u00eda del Ni\u00f1o a realizarse el d\u00eda 27 de agosto del corriente a\u00f1o en la localidad de Saldungaray, organizado por la Troupe de Empleados de Casino de Sierra de la Ventana.<br \/>\nBloque Frente para la Victoria- Pedido de Informes: Solicita al Sr Intendente Municipal Don Sergio Bordoni comunique a este Cuerpo Deliberativo, de manera detallada la inversi\u00f3n realizada en infraestructura y mobiliario para la inauguraci\u00f3n de la Guarder\u00eda y\/o Casa del Ni\u00f1o Municipal. Solicita copia de las Habilitaciones correspondientes y Reglamento Interno, dado que es necesario contar con dicha documentaci\u00f3n para el resguardo de los ni\u00f1os.<br \/>\nSe aprueba por unanimidad la formaci\u00f3n de Expediente y el pase a Comisi\u00f3n.<br \/>\nHonorable Concejo Deliberante- Proyecto de Resoluci\u00f3n: Declara de Inter\u00e9s Municipal el 20\u00ba Festival Regional Uni\u00f3n del Ni\u00f1o, organizado por el Club Uni\u00f3n Tornquist, y a realizarse en sus instalaciones, el d\u00eda 5 de Agosto del corriente.-<br \/>\nSe aprueba por unanimidad la formaci\u00f3n de Expediente y el tratamiento sobre Tablas. Se forma el Expediente N\u00ba 6948\/17 y se aprueba por unanimidad la Resoluci\u00f3n con el N\u00ba 09\/17 por la que se declara de Inter\u00e9s Municipal el 20\u00ba Festival Regional Uni\u00f3n del Ni\u00f1o, organizado por el Club Uni\u00f3n Tornquist, y a realizarse en sus instalaciones, el d\u00eda 5 de Agosto del corriente.-<br \/>\nAsuntos Particulares:<br \/>\nN.P. C\u00e1mara de Comercio y Turismo de Villa Ventana: En referencia a la revisi\u00f3n\/reforma al C\u00f3digo de Ordenamiento Territorial. Manifiestan incompatibilidad de criterios con las propuestas manifestadas por un funcionario municipal.<br \/>\nConcejal Skolak Mar\u00eda Ofelia:<br \/>\n\u201cSi hay asentimiento en el Cuerpo le solicito formaci\u00f3n de Expediente y pase a Comisi\u00f3n de la nota le\u00edda. Y bueno, destacar que en m\u00e1s de una oportunidad desde este Bloque se hizo menci\u00f3n con respecto a la falta de difusi\u00f3n y a la falta de participaci\u00f3n de las distintas instituciones del Distrito, de estas reuniones que realiza el Ejecutivo, en un tema tan importante como es la planificaci\u00f3n de nuestro nuevo C\u00f3digo Territorial de Planeamiento Urbano. Por eso volvemos a insistir desde este Bloque que tendr\u00eda que proponerse al Departamento Ejecutivo se\u00f1or Presidente, buscar la manera de dar participaci\u00f3n a la comunidad a trav\u00e9s de sus instituciones, y a los Concejales de estas reuniones tan importantes en relaci\u00f3n al tema\u201d.<br \/>\nSe aprueba por unanimidad la moci\u00f3n de la Concejal.<br \/>\nN.P. Enfermeras de las Salas de 1\u00ba Auxilios del Distrito: Solicitan ser tenidos en cuenta para el aumento que por Ordenanza N\u00ba 2961\/17 se le diera a los enfermeros\/as que trabajan en el Hospital Municipal.<br \/>\nConcejal Skolak Mar\u00eda Ofelia:<br \/>\n\u201csi hay asentimiento en el Cuerpo le solicito una reuni\u00f3n con las autoridades de Salud, y los firmantes de la nota para poder tratar este tema tan importante, porque es muy cierto, debemos luchar por la equidad, todas cumplen con el mismo rol, todos los enfermeros cumplen con el mismo rol, un rol muy importante, muy riesgoso, por lo tanto es un tema para charlarlo con las autoridades del \u00e1rea de Salud. Nada m\u00e1s se\u00f1or Presidente\u201d.<br \/>\nPresidente del Honorable Concejo Deliberante:<br \/>\n\u201cEn realidad yo ya me comuniqu\u00e9 con el Intendente para ver si estaba enterado del tema, y me inform\u00f3 que est\u00e1 trabajando para resolverlo. Y pedir\u00eda un breve cuarto intermedio antes de poner a consideraci\u00f3n la moci\u00f3n de la Concejal Skolak\u201d.<br \/>\nPasado el cuarto intermedio:<br \/>\nConcejal De Larena Sonia:<br \/>\n\u201cYo quer\u00eda decir esto antes del cuarto intermedio, con respecto a la solicitud de la Concejal Skolak. Estaba yo presente el d\u00eda que el Intendente habl\u00f3 con algunos enfermeros, y \u00e9l qued\u00f3 comprometido a hablar, a analizar el tema con contadur\u00eda, y esta semana m\u00e1s o menos tener una respuesta, as\u00ed que a m\u00ed me parece que hacer venir a la gente para una reuni\u00f3n y eso capaz que no sea lo apropiado, por ah\u00ed si les parece podr\u00edamos esperar esta semana a ver qu\u00e9 pasa antes de hacerlos venir, \u00bfno?, capaz que ya tenemos la respuesta. Nada m\u00e1s se\u00f1or Presidente\u201d.<br \/>\nConcejal Skolak Mar\u00eda Ofelia:<br \/>\n\u201cBueno, si la Concejal De Larena escuch\u00f3 y vio que el Intendente se va a comprometer con este tema esperamos esta semana y en caso de que no haya una decisi\u00f3n la reuni\u00f3n ser\u00eda para la pr\u00f3xima semana, si est\u00e1n de acuerdo\u201d.<br \/>\nAlocuciones de los Concejales:<br \/>\nConcejal Skolak Mar\u00eda Ofelia:<br \/>\n\u201cBueno se\u00f1or Presidente ya que estamos ac\u00e1 en Sesi\u00f3n, en nombre del Bloque nos gustar\u00eda preguntarle a la Concejal Noelia Baier si por ah\u00ed nos puede dar un detalle en relaci\u00f3n a los palos en la rueda que ha puesto este Bloque ya que en sus expresiones en distintas presentaciones de la lista a la que pertenece, y en los medios de comunicaci\u00f3n se ha manifestado diciendo que este Bloque ha puesto palos en la rueda. Estar\u00eda bueno que nos pueda decir, detallar, cu\u00e1les fueron los palos en la rueda as\u00ed podemos debatir y dar las explicaciones al respecto. Nada m\u00e1s se\u00f1or Presidente\u201d.<br \/>\nConcejal Baier Noelia:<br \/>\n\u201cSinceramente no recuerdo haber realizado esa expresi\u00f3n, si me puede decir medio, lugar, fecha, con gusto le voy a responder. Nada m\u00e1s\u201d.<br \/>\nConcejal Skolak Mar\u00eda Ofelia:<br \/>\n\u201cLo ha manifestado la Concejal Baier, si no mal recuerdo, en una de la presentaci\u00f3n de la lista, creo que fue, me est\u00e1 pidiendo muchos deberes, en la Germ\u00e1nica, que se expres\u00f3 de esa manera. Esto no se trata de politizar nada, sino por ah\u00ed de dejar en claro, este es nuestro lugar de debate, entonces estar\u00eda bueno saber detalladamente en qu\u00e9 pusimos palos en la rueda, porque es muy f\u00e1cil decir que uno pone palos en la rueda. Nosotros tenemos el fundamento de cada cosa que podemos llegar a ver, que nos detalle en qu\u00e9 pusimos palos en la rueda. Nada m\u00e1s se\u00f1or Presidente\u201d.<br \/>\nConcejal Baier Noelia:<br \/>\n\u201cInsisto que sinceramente esa expresi\u00f3n no recuerdo haberla realizado yo, creo que hay una equivocaci\u00f3n. De todas formas voy a buscar la grabaci\u00f3n, (gracias Graciela), voy a buscar la grabaci\u00f3n, o la transcripci\u00f3n, para verlo, pero estoy casi segura que no corresponde a m\u00ed, y si en el caso que corresponde por supuesto que voy a tratar de explicar a qu\u00e9 se pudo haber debido esa expresi\u00f3n, pero reitero no creo que fue m\u00eda esa expresi\u00f3n\u201d.<br \/>\nConcejal Sagredo M\u00f3nica:<br \/>\n\u201cNosotros escuchamos el audio a trav\u00e9s de los medios de la primera presentaci\u00f3n, no recuerdo exactamente la fecha pero fue hace quince d\u00edas atr\u00e1s, en la \u00faltima Sesi\u00f3n que tuvimos, fue ese d\u00eda. Tal vez si no fue la Concejal Baier, y haya sido otro pre candidato, o el se\u00f1or Intendente, y haya habido una confusi\u00f3n, entonces no considera la Concejal que ponemos palos en la rueda, eso ser\u00eda una tranquilidad para nosotros, la manera en la que venimos trabajando y los fundamentos de porqu\u00e9 hemos no acompa\u00f1ado, o nos hemos abstenidos de votar en alg\u00fan momento. Nada m\u00e1s se\u00f1or Presidente\u201d.<br \/>\nConcejal Baier Noelia:<br \/>\n\u201cPor supuesto, reitero, voy a, siempre me he hecho cargo de todo lo que he dicho, y he hecho. Siempre que desde las Bancas de los Concejales la oposici\u00f3n han pedido explicaciones o argumentos a por qu\u00e9 aprob\u00e1bamos o por qu\u00e9 no aprob\u00e1bamos, por qu\u00e9 no acompa\u00f1\u00e1bamos, siempre desde esta Banca yo di mi explicaci\u00f3n y puse la cara, desde el primer d\u00eda y lo voy a hacer hasta el \u00faltimo. Si yo dije eso les voy a explicar por qu\u00e9 lo habr\u00e9 dicho, pero sinceramente no recuerdo que esas palabras hayan sido expresadas por m\u00ed. Reitero, si lo dije por supuesto que cuando tengamos la pr\u00f3xima Sesi\u00f3n, o en forma personal se los puedo explicar con gusto. Nada m\u00e1s, gracias\u201d.<br \/>\nHONORABLE CONCEJO DELIBERANTE<br \/>\n&#8212;&#8212;&#8212;&#8212;&#8212;&#8212;&#8212;&#8212;&#8212;&#8212;&#8212;&#8212;&#8212;&#8212;&#8212;&#8212;&#8212;&#8212;&#8212;&#8212;&#8212;&#8211;<br \/>\nINFORME SESION EXTRAORDINARIA DEL D\u00cdA 02-08-17<br \/>\nEl d\u00eda mi\u00e9rcoles 2 de agosto, se realiz\u00f3 la Sesi\u00f3n Extraordinaria convocada por Decreto N\u00b011\/17, a ra\u00edz de la solicitud del Intendente Municipal Sergio Bordoni de dar tratamiento en car\u00e1cter de urgente al Expte N\u00b0 241\/17, caratulado: \u201cSecretar\u00eda de Obras y Servicios P\u00fablicos- Afectaci\u00f3n de parcelas municipales de la localidad de Saldungaray al Programa Lotes con Servicio (Ley 14.449)\u201d, facultad otorgada por el Art\u00edculo 68\u00ba Inciso 5\u00ba de la Ley Org\u00e1nica de las Municipalidades.<br \/>\nSe aprob\u00f3 por unanimidad la Ordenanza que lleva el N\u00ba 2979\/17 por la que se autoriza la afectaci\u00f3n al Programa Lotes con Servicios (Ley N\u00ba 14.449 y su reglamentaci\u00f3n aprobada por Decreto N\u00ba 1062\/13, cuya Autoridad de Aplicaci\u00f3n es el Ministerio de Infraestructura de la provincia de Buenos Aires) de los inmuebles pertenecientes al dominio de la Municipalidad de Tornquist, ubicados en la localidad de Saldungaray, designados catastralmente como:<br \/>\n&#8211;\u00a0Circunscripci\u00f3n IX, Secci\u00f3n A, Manzana 56, Parcelas 1, Partida Inmobiliaria N\u00b0 3.801, Matr\u00edcula N\u00b0 4.537 (106).-<br \/>\n&#8211;\u00a0\u00a0Circunscripci\u00f3n IX, Secci\u00f3n A, Manzana 56, Parcelas 2, Partida Inmobiliaria N\u00b0 6.504, Matr\u00edcula N\u00b0 1.236 (106).-<br \/>\n&#8211; \uf02d Circunscripci\u00f3n IX, Secci\u00f3n A, Manzana 56, Parcelas 3, Partida Inmobiliaria N\u00b0 3.812, Matr\u00edcula N\u00b0 2.660 (106).-<br \/>\n&#8211;\u00a0\u00a0Circunscripci\u00f3n IX, Secci\u00f3n A, Manzana 56, Parcelas 4, Partida Inmobiliaria N\u00b0 1.652, Matr\u00edcula N\u00b0 2.659 (106).-<br \/>\n&#8211;\u00a0\u00a0Circunscripci\u00f3n IX, Secci\u00f3n A, Manzana 56, Parcelas 5, Partida Inmobiliaria N\u00b0 3.811, Matr\u00edcula N\u00b0 4.593 (106).-<br \/>\n&#8211;\u00a0Circunscripci\u00f3n IX, Secci\u00f3n A, Manzana 56, Parcelas 6, Partida Inmobiliaria N\u00b0 3.810, Matr\u00edcula N\u00b0 4.593 (106).-<br \/>\n&#8211;\u00a0\u00a0Circunscripci\u00f3n IX, Secci\u00f3n A, Manzana 67, Parcela 4a, Partida Inmobiliaria N\u00b0 1.637, Matr\u00edcula N\u00b0 11.613 (106).-<br \/>\nSe requiere la intervenci\u00f3n de la Subsecretar\u00eda Social de Tierras, Urbanismo y Vivienda del Ministerio de Infraestructura de la provincia de Buenos Aires a fin de que se incorpore al Programa Lotes con Servicios los planos de mensura y subdivisi\u00f3n a confeccionarse respecto del\/los inmuebles mencionados.<br \/>\nSe declara de inter\u00e9s social al proceso de escrituraci\u00f3n del\/los inmuebles que se mencionan en los art\u00edculos precedentes, requiri\u00e9ndose la intervenci\u00f3n de la Escriban\u00eda General de Gobierno de la provincia de Buenos Aires a los fines del otorgamiento de las escrituras traslativas de dominio a favor de los adjudicatarios de acuerdo a lo que estipule el boleto de compraventa respectivos.<br \/>\nAutoriza al Departamento Ejecutivo a realizar las gestiones pertinentes para dar cumplimiento a lo dispuesto en los art\u00edculos precedentes.<br \/>\nAlocuciones de los Concejales:<br \/>\nConcejal De Larena Sonia:<br \/>\n\u201cBueno, yo realmente quiero agradecer a todos los Concejales por esta decisi\u00f3n por unanimidad, a pesar de las disidencias, todos convenimos en un mismo fin, la prioridad que tienen las viviendas para cualquiera de los pueblos, asique muchas gracias, y nada m\u00e1s se\u00f1or Presidente\u201d.<br \/>\nConcejal Sagredo M\u00f3nica:<br \/>\n\u201cPor supuesto estoy de acuerdo con la Concejal De Larena, y con todos los Concejales, en la necesidad de las viviendas, y celebro que se puedan convenir 24 viviendas sociales para Saldungaray. El tema de disidencia, a pesar de que acompa\u00f1amos el proyecto, es que una de las manzanas en que se van a construir estas viviendas es la manzana 56 donde se encuentra ubicado el predio de Mar\u00eda Auxiliadora, la casa y el predio de Mar\u00eda Auxiliadora. Si bien hay dos lotes importantes que quedar\u00edan disponibles para el uso que se desee dar, educativo, social, hago un poquito de historia. En el a\u00f1o 2013 hubo un hecho que moviliz\u00f3 a partir de una foto a toda la comunidad de Saldungaray, y no solo de Saldungaray sino de gente de la zona que ten\u00eda una relaci\u00f3n afectiva importante con ese lugar, porque hab\u00eda pasado all\u00ed su ni\u00f1ez, su experiencia con grupos misioneros y dem\u00e1s, que gener\u00f3 un grupo llamado \u201cRescatemos a Mar\u00eda Auxiliadora\u201d, y la movilizaci\u00f3n empez\u00f3 a pedir que se hiciera algo porque el cartel de esa foto era un cartel de venta, porque las hermanas de Mar\u00eda Auxiliadora pon\u00eda en venta el lugar. Ante esa iniciativa el Intendente en ese momento, Gustavo Trankels, hizo las gestiones necesarias para que sin que el municipio tuviera que gastar nada de dinero se pudiera comprar todo ese predio y esa casa. La finalidad de ese momento de esa compra fue que sea utilizado con fines educativos, sociales, culturales, recreativos. De hecho recuerdo claramente el d\u00eda que se realiz\u00f3 la compra en la que Gustavo Trankels manifest\u00f3 y siempre lo hizo de esa manera, que la comunidad se apropiara del lugar, y presente las propuestas de lo que all\u00ed se quisiera hacer. De hecho poco tiempo despu\u00e9s se form\u00f3 un grupo que, incluso el propio Concejal De Larena Germ\u00e1n era uno de los que creo que estaba como l\u00edder de ese grupo, hubo motivos por los que despu\u00e9s no sigui\u00f3 funcionando, o no se llevaron a cabo esos proyectos, porque tambi\u00e9n en ese momento surgi\u00f3 la necesidad educativa de que estaban conviviendo en un mismo edificio la Escuela Primaria N\u00ba 2 con la Escuela Secundaria N\u00ba 4 y con el CENS, entonces ante esa urgencia el Intendente Trankels decidi\u00f3 que funcionara transitoriamente en la casa de Mar\u00eda Auxiliadora la Escuela Secundaria N\u00ba 4, elabor\u00e1ndose un proyecto de construcci\u00f3n del edificio. A\u00fan la escuela est\u00e1 funcionando en ese lugar, el proyecto est\u00e1, la realidad de la escuela es que tiene una matr\u00edcula proyectiva en aumento y necesita con urgencia el edificio, un sal\u00f3n de usos m\u00faltiples, biblioteca, direcci\u00f3n, todo lo que implica una instituci\u00f3n educativa. Y lo que siempre se pens\u00f3 fue que todo ese lugar, toda esa manzana pueda utilizarse con ese fin, y adem\u00e1s de hacerse la escuela pudieran anexarse otros lugares para realizar deportes, recreaci\u00f3n, actividades culturales y sociales. De hecho en este momento las escuelas de Saldungaray, el jard\u00edn de Saldungaray, han realizado actividades recreativas y familiares en esa manzana que hoy estamos aprobando para que se construyan viviendas. De ninguna manera por supuesto nos \u00edbamos a oponer a la construcci\u00f3n de las viviendas, s\u00ed una vez m\u00e1s lo digo, hubi\u00e9semos deseado que esto lo hubi\u00e9semos podido dialogar, consensuar con la comunidad, saber qu\u00e9 opinaba la gente, y poder buscar otra alternativa, porque no es el \u00fanico terreno que existen en Saldungaray, hay otros terrenos que con gesti\u00f3n municipal se podr\u00edan adquirir, algunos con alguna gesti\u00f3n ya iniciada, para la construcci\u00f3n de las viviendas, y que todo ese lugar pueda ser utilizado para el fin con el que se compr\u00f3. Me doli\u00f3 escuchar hace unos instantes en este debate que tuvimos fuera del Recinto, me doli\u00f3 mucho sinceramente escuchar a la Concejal De Larena que supongo que lo habr\u00e1 dicho dentro del enojo de la discusi\u00f3n, que Trankels decidi\u00f3 poner una escuela y no le dio importancia a los proyectos que se hab\u00edan presentado porque parec\u00eda que era m\u00e1s importante poner una escuela, o algo as\u00ed expres\u00f3. Supongo que habr\u00e1 sido producto del enojo y no porque realmente lo piensa de esa manera, \u00bfno?, porque creo que la educaci\u00f3n es una necesidad primordial. Nada m\u00e1s se\u00f1or Presidente\u201d.<br \/>\nConcejal De Larena Germ\u00e1n:<br \/>\n\u201cSi, quer\u00eda comentar tambi\u00e9n de la reuni\u00f3n que tuvimos hace unos instantes, reiterar que teniendo en cuenta que la Municipalidad tiene recursos escasos, m\u00e1s que nada en lo que es tierra, teniendo en cuenta que las necesidades m\u00e1s urgentes que tiene nuestro partido, y en especial tambi\u00e9n Saldungaray es viviendas para el pueblo, y teniendo en cuenta que tambi\u00e9n existe la posibilidad de hacer viviendas, me parece que se ha tomado la decisi\u00f3n m\u00e1s acertada del proyecto que estamos tratando. Y que son v\u00e1lidos, es verdad que son v\u00e1lidas otras alternativas, otros proyectos para espacios p\u00fablicos como lo es el de Mar\u00eda Auxiliadora, pero me parece que ac\u00e1 vamos por el camino correcto. Muchas gracias se\u00f1or Presidente\u201d.<br \/>\nHONORABLE CONCEJO DELIBERANTE<\/p>\n","protected":false},"excerpt":{"rendered":"<p>Publicamos \u00a0los Informes de \u00a0Sesiones \u00a0Ordinaria de fecha 01-08-17 y la Sesi\u00f3n \u00a0Extraordinaria del 2 de agosto. Sesi\u00f3n \u00a0 Ordinaria de fecha 01-08-17<\/p>\n","protected":false},"author":3,"featured_media":0,"comment_status":"closed","ping_status":"open","sticky":false,"template":"","format":"standard","meta":{"footnotes":""},"categories":[28],"tags":[],"class_list":["post-13105","post","type-post","status-publish","format-standard","hentry","category-municipales"],"yoast_head":"<!-- This site is optimized with the Yoast SEO plugin v25.9 - https:\/\/yoast.com\/wordpress\/plugins\/seo\/ -->\n<title>Informe de Sesiones Ordinaria y extraordinaria del HCD - Noticias Radio Reflejos<\/title>\n<meta name=\"robots\" content=\"index, follow, max-snippet:-1, max-image-preview:large, max-video-preview:-1\" \/>\n<link rel=\"canonical\" href=\"https:\/\/www.noticiasradioreflejos.com.ar\/2021\/informe-de-sesiones-ordinaria-y-extraordinaria-del-hcd\/\" \/>\n<meta property=\"og:locale\" content=\"es_ES\" \/>\n<meta property=\"og:type\" content=\"article\" \/>\n<meta property=\"og:title\" content=\"Informe de Sesiones Ordinaria y extraordinaria del HCD - Noticias Radio Reflejos\" \/>\n<meta property=\"og:description\" content=\"Publicamos \u00a0los Informes de \u00a0Sesiones \u00a0Ordinaria de fecha 01-08-17 y la Sesi\u00f3n \u00a0Extraordinaria del 2 de agosto. Sesi\u00f3n \u00a0 Ordinaria de fecha 01-08-17\" \/>\n<meta property=\"og:url\" content=\"https:\/\/www.noticiasradioreflejos.com.ar\/2021\/informe-de-sesiones-ordinaria-y-extraordinaria-del-hcd\/\" \/>\n<meta property=\"og:site_name\" content=\"Noticias Radio Reflejos\" \/>\n<meta property=\"article:published_time\" content=\"2017-08-03T15:05:25+00:00\" \/>\n<meta property=\"og:image\" content=\"https:\/\/www.noticiasradioreflejos.com.ar\/2021\/wp-content\/uploads\/2021\/07\/logosol300x200.png\" \/>\n\t<meta property=\"og:image:width\" content=\"300\" \/>\n\t<meta property=\"og:image:height\" content=\"200\" \/>\n\t<meta property=\"og:image:type\" content=\"image\/png\" \/>\n<meta name=\"author\" content=\"Arnaldo Botto\" \/>\n<meta name=\"twitter:card\" content=\"summary_large_image\" \/>\n<script type=\"application\/ld+json\" class=\"yoast-schema-graph\">{\"@context\":\"https:\/\/schema.org\",\"@graph\":[{\"@type\":\"WebPage\",\"@id\":\"https:\/\/www.noticiasradioreflejos.com.ar\/2021\/informe-de-sesiones-ordinaria-y-extraordinaria-del-hcd\/\",\"url\":\"https:\/\/www.noticiasradioreflejos.com.ar\/2021\/informe-de-sesiones-ordinaria-y-extraordinaria-del-hcd\/\",\"name\":\"Informe de Sesiones Ordinaria y extraordinaria del HCD - Noticias Radio Reflejos\",\"isPartOf\":{\"@id\":\"https:\/\/www.noticiasradioreflejos.com.ar\/2021\/#website\"},\"datePublished\":\"2017-08-03T15:05:25+00:00\",\"author\":{\"@id\":\"https:\/\/www.noticiasradioreflejos.com.ar\/2021\/#\/schema\/person\/ad82545263dcc5ec0996818884fd5fb1\"},\"breadcrumb\":{\"@id\":\"https:\/\/www.noticiasradioreflejos.com.ar\/2021\/informe-de-sesiones-ordinaria-y-extraordinaria-del-hcd\/#breadcrumb\"},\"inLanguage\":\"es\",\"potentialAction\":[{\"@type\":\"ReadAction\",\"target\":[\"https:\/\/www.noticiasradioreflejos.com.ar\/2021\/informe-de-sesiones-ordinaria-y-extraordinaria-del-hcd\/\"]}]},{\"@type\":\"BreadcrumbList\",\"@id\":\"https:\/\/www.noticiasradioreflejos.com.ar\/2021\/informe-de-sesiones-ordinaria-y-extraordinaria-del-hcd\/#breadcrumb\",\"itemListElement\":[{\"@type\":\"ListItem\",\"position\":1,\"name\":\"Portada\",\"item\":\"https:\/\/www.noticiasradioreflejos.com.ar\/2021\/\"},{\"@type\":\"ListItem\",\"position\":2,\"name\":\"Informe de Sesiones Ordinaria y extraordinaria del HCD\"}]},{\"@type\":\"WebSite\",\"@id\":\"https:\/\/www.noticiasradioreflejos.com.ar\/2021\/#website\",\"url\":\"https:\/\/www.noticiasradioreflejos.com.ar\/2021\/\",\"name\":\"Noticias Radio Reflejos\",\"description\":\"Las noticias de mi comarca\",\"potentialAction\":[{\"@type\":\"SearchAction\",\"target\":{\"@type\":\"EntryPoint\",\"urlTemplate\":\"https:\/\/www.noticiasradioreflejos.com.ar\/2021\/?s={search_term_string}\"},\"query-input\":{\"@type\":\"PropertyValueSpecification\",\"valueRequired\":true,\"valueName\":\"search_term_string\"}}],\"inLanguage\":\"es\"},{\"@type\":\"Person\",\"@id\":\"https:\/\/www.noticiasradioreflejos.com.ar\/2021\/#\/schema\/person\/ad82545263dcc5ec0996818884fd5fb1\",\"name\":\"Arnaldo Botto\",\"image\":{\"@type\":\"ImageObject\",\"inLanguage\":\"es\",\"@id\":\"https:\/\/www.noticiasradioreflejos.com.ar\/2021\/#\/schema\/person\/image\/\",\"url\":\"https:\/\/secure.gravatar.com\/avatar\/55cb5e37c1efa326397366e6974cb338056df65cb50e7d64d1cf314e87504837?s=96&d=mm&r=g\",\"contentUrl\":\"https:\/\/secure.gravatar.com\/avatar\/55cb5e37c1efa326397366e6974cb338056df65cb50e7d64d1cf314e87504837?s=96&d=mm&r=g\",\"caption\":\"Arnaldo Botto\"},\"url\":\"https:\/\/www.noticiasradioreflejos.com.ar\/2021\/author\/arnaldo\/\"}]}<\/script>\n<!-- \/ Yoast SEO plugin. -->","yoast_head_json":{"title":"Informe de Sesiones Ordinaria y extraordinaria del HCD - Noticias Radio Reflejos","robots":{"index":"index","follow":"follow","max-snippet":"max-snippet:-1","max-image-preview":"max-image-preview:large","max-video-preview":"max-video-preview:-1"},"canonical":"https:\/\/www.noticiasradioreflejos.com.ar\/2021\/informe-de-sesiones-ordinaria-y-extraordinaria-del-hcd\/","og_locale":"es_ES","og_type":"article","og_title":"Informe de Sesiones Ordinaria y extraordinaria del HCD - Noticias Radio Reflejos","og_description":"Publicamos \u00a0los Informes de \u00a0Sesiones \u00a0Ordinaria de fecha 01-08-17 y la Sesi\u00f3n \u00a0Extraordinaria del 2 de agosto. Sesi\u00f3n \u00a0 Ordinaria de fecha 01-08-17","og_url":"https:\/\/www.noticiasradioreflejos.com.ar\/2021\/informe-de-sesiones-ordinaria-y-extraordinaria-del-hcd\/","og_site_name":"Noticias Radio Reflejos","article_published_time":"2017-08-03T15:05:25+00:00","og_image":[{"width":300,"height":200,"url":"https:\/\/www.noticiasradioreflejos.com.ar\/2021\/wp-content\/uploads\/2021\/07\/logosol300x200.png","type":"image\/png"}],"author":"Arnaldo Botto","twitter_card":"summary_large_image","schema":{"@context":"https:\/\/schema.org","@graph":[{"@type":"WebPage","@id":"https:\/\/www.noticiasradioreflejos.com.ar\/2021\/informe-de-sesiones-ordinaria-y-extraordinaria-del-hcd\/","url":"https:\/\/www.noticiasradioreflejos.com.ar\/2021\/informe-de-sesiones-ordinaria-y-extraordinaria-del-hcd\/","name":"Informe de Sesiones Ordinaria y extraordinaria del HCD - Noticias Radio Reflejos","isPartOf":{"@id":"https:\/\/www.noticiasradioreflejos.com.ar\/2021\/#website"},"datePublished":"2017-08-03T15:05:25+00:00","author":{"@id":"https:\/\/www.noticiasradioreflejos.com.ar\/2021\/#\/schema\/person\/ad82545263dcc5ec0996818884fd5fb1"},"breadcrumb":{"@id":"https:\/\/www.noticiasradioreflejos.com.ar\/2021\/informe-de-sesiones-ordinaria-y-extraordinaria-del-hcd\/#breadcrumb"},"inLanguage":"es","potentialAction":[{"@type":"ReadAction","target":["https:\/\/www.noticiasradioreflejos.com.ar\/2021\/informe-de-sesiones-ordinaria-y-extraordinaria-del-hcd\/"]}]},{"@type":"BreadcrumbList","@id":"https:\/\/www.noticiasradioreflejos.com.ar\/2021\/informe-de-sesiones-ordinaria-y-extraordinaria-del-hcd\/#breadcrumb","itemListElement":[{"@type":"ListItem","position":1,"name":"Portada","item":"https:\/\/www.noticiasradioreflejos.com.ar\/2021\/"},{"@type":"ListItem","position":2,"name":"Informe de Sesiones Ordinaria y extraordinaria del HCD"}]},{"@type":"WebSite","@id":"https:\/\/www.noticiasradioreflejos.com.ar\/2021\/#website","url":"https:\/\/www.noticiasradioreflejos.com.ar\/2021\/","name":"Noticias Radio Reflejos","description":"Las noticias de mi comarca","potentialAction":[{"@type":"SearchAction","target":{"@type":"EntryPoint","urlTemplate":"https:\/\/www.noticiasradioreflejos.com.ar\/2021\/?s={search_term_string}"},"query-input":{"@type":"PropertyValueSpecification","valueRequired":true,"valueName":"search_term_string"}}],"inLanguage":"es"},{"@type":"Person","@id":"https:\/\/www.noticiasradioreflejos.com.ar\/2021\/#\/schema\/person\/ad82545263dcc5ec0996818884fd5fb1","name":"Arnaldo Botto","image":{"@type":"ImageObject","inLanguage":"es","@id":"https:\/\/www.noticiasradioreflejos.com.ar\/2021\/#\/schema\/person\/image\/","url":"https:\/\/secure.gravatar.com\/avatar\/55cb5e37c1efa326397366e6974cb338056df65cb50e7d64d1cf314e87504837?s=96&d=mm&r=g","contentUrl":"https:\/\/secure.gravatar.com\/avatar\/55cb5e37c1efa326397366e6974cb338056df65cb50e7d64d1cf314e87504837?s=96&d=mm&r=g","caption":"Arnaldo Botto"},"url":"https:\/\/www.noticiasradioreflejos.com.ar\/2021\/author\/arnaldo\/"}]}},"_links":{"self":[{"href":"https:\/\/www.noticiasradioreflejos.com.ar\/2021\/wp-json\/wp\/v2\/posts\/13105","targetHints":{"allow":["GET"]}}],"collection":[{"href":"https:\/\/www.noticiasradioreflejos.com.ar\/2021\/wp-json\/wp\/v2\/posts"}],"about":[{"href":"https:\/\/www.noticiasradioreflejos.com.ar\/2021\/wp-json\/wp\/v2\/types\/post"}],"author":[{"embeddable":true,"href":"https:\/\/www.noticiasradioreflejos.com.ar\/2021\/wp-json\/wp\/v2\/users\/3"}],"replies":[{"embeddable":true,"href":"https:\/\/www.noticiasradioreflejos.com.ar\/2021\/wp-json\/wp\/v2\/comments?post=13105"}],"version-history":[{"count":0,"href":"https:\/\/www.noticiasradioreflejos.com.ar\/2021\/wp-json\/wp\/v2\/posts\/13105\/revisions"}],"wp:attachment":[{"href":"https:\/\/www.noticiasradioreflejos.com.ar\/2021\/wp-json\/wp\/v2\/media?parent=13105"}],"wp:term":[{"taxonomy":"category","embeddable":true,"href":"https:\/\/www.noticiasradioreflejos.com.ar\/2021\/wp-json\/wp\/v2\/categories?post=13105"},{"taxonomy":"post_tag","embeddable":true,"href":"https:\/\/www.noticiasradioreflejos.com.ar\/2021\/wp-json\/wp\/v2\/tags?post=13105"}],"curies":[{"name":"wp","href":"https:\/\/api.w.org\/{rel}","templated":true}]}}