{"id":13099,"date":"2017-08-03T10:59:43","date_gmt":"2017-08-03T13:59:43","guid":{"rendered":"http:\/\/www.noticiasradioreflejos.com.ar\/noticias\/?p=13099"},"modified":"2017-08-03T10:59:43","modified_gmt":"2017-08-03T13:59:43","slug":"canciones-la-montonera-joan-manuel-serrat","status":"publish","type":"post","link":"https:\/\/www.noticiasradioreflejos.com.ar\/2021\/canciones-la-montonera-joan-manuel-serrat\/","title":{"rendered":"Canciones &#8211; La Montonera \u2013 Joan Manuel Serrat"},"content":{"rendered":"<p>A partir de este jueves 3 de agosto, se incorpora un nuevo ciclo en FM Reflejos, creado y conducido por <strong>Luis Baigo<\/strong>, su nombre es <strong>\u00abCanciones\u00bb<\/strong>, un lugar donde respira el canto popular.<br \/>\nMicro 1 . La Montonera \u2013 Joan Manuel Serrat<!--more--><br \/>\n<iframe loading=\"lazy\" src=\"https:\/\/w.soundcloud.com\/player\/?url=https%3A\/\/api.soundcloud.com\/tracks\/336089617&amp;color=ff5500&amp;auto_play=false&amp;hide_related=false&amp;show_comments=true&amp;show_user=true&amp;show_reposts=false\" width=\"100%\" height=\"166\" frameborder=\"no\" scrolling=\"no\"><\/iframe><br \/>\nMaravilla el universo sonoro y po\u00e9tico de las canciones populares. Cada una de ellas, sin distinci\u00f3n de g\u00e9neros o geograf\u00edas, es irrepetible. \u00danica en su concepci\u00f3n, en su inspiraci\u00f3n, en las razones del impulso creativo y tambi\u00e9n en su destino final, una vez que se escapa de las manos de su autor y queda en los o\u00eddos de quienes las recibimos, es decir de todos nosotros, eslab\u00f3n postrero que cierra el c\u00edrculo desde aquel arrebato fundante hasta su \u00faltimo destino.<br \/>\nToda canci\u00f3n es una historia en s\u00ed misma. Toda canci\u00f3n no deja de ser un misterio. Un mundo a descubrir en su sencillez o complejidad, en la policrom\u00eda que su m\u00fasica y poes\u00eda proponen. Pero tambi\u00e9n cada una de ellas es una particularidad con rasgos distintivos propios. Guardan secretos, emociones, sentimientos profundos, recuerdos, im\u00e1genes, las coordenadas esenciales de la vida.<br \/>\nEste breve espacio radial ser\u00e1 un puerto al que amarrar\u00e1n melod\u00edas, una por vez. Llegar\u00e1n con alg\u00fan desorden, sin importar su g\u00e9nero, su procedencia, su diversidad. Pero todas tendr\u00e1 algo en com\u00fan. Algo que las distingue, que las torna curiosas, enigm\u00e1ticas, provocadoras, desafiantes, desde una mirada parcial, subjetiva y si se quiere caprichosa como la nuestra.<br \/>\nLa invitaci\u00f3n est\u00e1 hecha. Acomp\u00e1\u00f1enos. Estamos en\u2026CANCIONES. Luis es mi nombre. Operaci\u00f3n t\u00e9cnica y sonido: Mariano Manieri<br \/>\nEn el recorrido autoral de Joan Manuel Serrat hay un tema que el catal\u00e1n no incluy\u00f3 en ninguno de sus discos ni cant\u00f3 jam\u00e1s en recitales masivos. S\u00f3lo ha quedado un registro grabado en un lugar desconocido y que s\u00f3lo enton\u00f3 p\u00fablicamente en contadas oportunidades y ante audiencias muy peque\u00f1as. Desde hace m\u00e1s de treinta a\u00f1os la desterr\u00f3 de su repertorio. Hoy s\u00f3lo permanece en las redes sociales. Siempre rehuy\u00f3 hablar de esa melod\u00eda a la que muchos califican como su \u201ccanci\u00f3n maldita\u201d. Sorprendido por alguna pregunta al respecto inevitablemente respondi\u00f3 con parquedad, si, no, no es cierto. No mucho m\u00e1s. La cuesti\u00f3n es que no figura en ninguno de sus \u00e1lbumes. Es de una belleza inconmensurable.<br \/>\nNo hay una sola versi\u00f3n acerca de qui\u00e9n fue la joven que inspir\u00f3 a Serrat a escribir letra y m\u00fasica antes del final de los a\u00f1os \u201860. La mayor\u00eda de las opiniones y testimonios aluden a una hermosa mujer a quien Serrat habr\u00eda conocido en 1969 en Espa\u00f1a. En Buenos Aires era una cara conocida. Hab\u00eda sido elegida Miss Siete D\u00edas, una de las revistas de mayor tirada del momento, y era una cotizada modelo de aparici\u00f3n frecuente en los semanarios de la \u00e9poca como Gente. Pero, paralelamente, hab\u00eda iniciado una militancia social de alto compromiso con los pobres, de donde surgi\u00f3 su trabajo pastoral junto al Padre Mugica en la villa de Retiro. \u00a0Luego pasar\u00eda a revistar como militante de base de la organizaci\u00f3n Montoneros. Se llamaba Mar\u00ede Anne Erize Tisseau. Proven\u00eda de una familia francesa y hab\u00eda nacido en Espartillar, en la provincia de Buenos Aires. Luego la familia se instalar\u00eda en Misiones y posteriormente vivir\u00edan en la Capital. Dicen que en Madrid y a trav\u00e9s de Serrat conoci\u00f3 a George Moustaki y al talentoso Paco De Luc\u00eda con quien habr\u00eda vivido un breve romance. El tiempo pas\u00f3. Se produjo el golpe de Estado del 76 y el 15 de octubre de ese a\u00f1o fue detenida en San Juan a donde hab\u00eda llegado huyendo. Fue torturada, violada y asesinada en el centro clandestino La Marquesita. Su historia est\u00e1 contada en el libro La Desaparecida de San Juan del franc\u00e9s Phillipe Broussard. Por el crimen fueron condenados a prisi\u00f3n perpetua tres militares, uno de ellos Jorge Antonio,Olivera, mayor del Ej\u00e9crcito, fue acusado de ser el autor material y el violador de la desgraciada joven. Olivera se fug\u00f3 del Hospital Militar en el 2013 y fue recapturado en febrero de este a\u00f1o.<br \/>\nSerrat neg\u00f3 esta versi\u00f3n pero nunca agreg\u00f3 nada m\u00e1s. Allegados cercanos arrimaron que la musa inspiradora habr\u00eda sido una desconocida Alicia, tambi\u00e9n militante de la organizaci\u00f3n y secuestrada por la Triple A ya en tiempos de dictadura. Comentan que sobrevivi\u00f3 a la tragedia y que aun vive.<br \/>\n\u00bfCu\u00e1l es la verdad?. Todav\u00eda no la hay. Solo hay misterio.<br \/>\nEscuchen la canci\u00f3n. Est\u00e9n atentos a su letra. Hay un p\u00e1rrafo que dice \u201cque buen vasallo ser\u00eda si buen se\u00f1or tuviera\u201d. Joan Manuel Serrat lo tom\u00f3 del Cantar del M\u00edo Cid y parece una velada cr\u00edtica a la conducci\u00f3n del General Per\u00f3n en aquellos tiempos desgraciados.<br \/>\nAqu\u00ed va, imponente, grandiosa, pol\u00e9mica: LA MONTONERA<\/p>\n","protected":false},"excerpt":{"rendered":"<p>A partir de este jueves 3 de agosto, se incorpora un nuevo ciclo en FM Reflejos, creado y conducido por Luis Baigo, su nombre es \u00abCanciones\u00bb, un lugar donde respira el canto popular. Micro 1 . La Montonera \u2013 Joan Manuel Serrat<\/p>\n","protected":false},"author":3,"featured_media":0,"comment_status":"closed","ping_status":"open","sticky":false,"template":"","format":"standard","meta":{"footnotes":""},"categories":[26],"tags":[],"class_list":["post-13099","post","type-post","status-publish","format-standard","hentry","category-sociedad"],"yoast_head":"<!-- This site is optimized with the Yoast SEO plugin v25.9 - https:\/\/yoast.com\/wordpress\/plugins\/seo\/ -->\n<title>Canciones - La Montonera \u2013 Joan Manuel Serrat - Noticias Radio Reflejos<\/title>\n<meta name=\"robots\" content=\"index, follow, max-snippet:-1, max-image-preview:large, max-video-preview:-1\" \/>\n<link rel=\"canonical\" href=\"https:\/\/www.noticiasradioreflejos.com.ar\/2021\/canciones-la-montonera-joan-manuel-serrat\/\" \/>\n<meta property=\"og:locale\" content=\"es_ES\" \/>\n<meta property=\"og:type\" content=\"article\" \/>\n<meta property=\"og:title\" content=\"Canciones - La Montonera \u2013 Joan Manuel Serrat - Noticias Radio Reflejos\" \/>\n<meta property=\"og:description\" content=\"A partir de este jueves 3 de agosto, se incorpora un nuevo ciclo en FM Reflejos, creado y conducido por Luis Baigo, su nombre es \u00abCanciones\u00bb, un lugar donde respira el canto popular. Micro 1 . La Montonera \u2013 Joan Manuel Serrat\" \/>\n<meta property=\"og:url\" content=\"https:\/\/www.noticiasradioreflejos.com.ar\/2021\/canciones-la-montonera-joan-manuel-serrat\/\" \/>\n<meta property=\"og:site_name\" content=\"Noticias Radio Reflejos\" \/>\n<meta property=\"article:published_time\" content=\"2017-08-03T13:59:43+00:00\" \/>\n<meta property=\"og:image\" content=\"https:\/\/www.noticiasradioreflejos.com.ar\/2021\/wp-content\/uploads\/2021\/07\/logosol300x200.png\" \/>\n\t<meta property=\"og:image:width\" content=\"300\" \/>\n\t<meta property=\"og:image:height\" content=\"200\" \/>\n\t<meta property=\"og:image:type\" content=\"image\/png\" \/>\n<meta name=\"author\" content=\"Arnaldo Botto\" \/>\n<meta name=\"twitter:card\" content=\"summary_large_image\" \/>\n<script type=\"application\/ld+json\" class=\"yoast-schema-graph\">{\"@context\":\"https:\/\/schema.org\",\"@graph\":[{\"@type\":\"WebPage\",\"@id\":\"https:\/\/www.noticiasradioreflejos.com.ar\/2021\/canciones-la-montonera-joan-manuel-serrat\/\",\"url\":\"https:\/\/www.noticiasradioreflejos.com.ar\/2021\/canciones-la-montonera-joan-manuel-serrat\/\",\"name\":\"Canciones - La Montonera \u2013 Joan Manuel Serrat - Noticias Radio Reflejos\",\"isPartOf\":{\"@id\":\"https:\/\/www.noticiasradioreflejos.com.ar\/2021\/#website\"},\"datePublished\":\"2017-08-03T13:59:43+00:00\",\"author\":{\"@id\":\"https:\/\/www.noticiasradioreflejos.com.ar\/2021\/#\/schema\/person\/ad82545263dcc5ec0996818884fd5fb1\"},\"breadcrumb\":{\"@id\":\"https:\/\/www.noticiasradioreflejos.com.ar\/2021\/canciones-la-montonera-joan-manuel-serrat\/#breadcrumb\"},\"inLanguage\":\"es\",\"potentialAction\":[{\"@type\":\"ReadAction\",\"target\":[\"https:\/\/www.noticiasradioreflejos.com.ar\/2021\/canciones-la-montonera-joan-manuel-serrat\/\"]}]},{\"@type\":\"BreadcrumbList\",\"@id\":\"https:\/\/www.noticiasradioreflejos.com.ar\/2021\/canciones-la-montonera-joan-manuel-serrat\/#breadcrumb\",\"itemListElement\":[{\"@type\":\"ListItem\",\"position\":1,\"name\":\"Portada\",\"item\":\"https:\/\/www.noticiasradioreflejos.com.ar\/2021\/\"},{\"@type\":\"ListItem\",\"position\":2,\"name\":\"Canciones &#8211; La Montonera \u2013 Joan Manuel Serrat\"}]},{\"@type\":\"WebSite\",\"@id\":\"https:\/\/www.noticiasradioreflejos.com.ar\/2021\/#website\",\"url\":\"https:\/\/www.noticiasradioreflejos.com.ar\/2021\/\",\"name\":\"Noticias Radio Reflejos\",\"description\":\"Las noticias de mi comarca\",\"potentialAction\":[{\"@type\":\"SearchAction\",\"target\":{\"@type\":\"EntryPoint\",\"urlTemplate\":\"https:\/\/www.noticiasradioreflejos.com.ar\/2021\/?s={search_term_string}\"},\"query-input\":{\"@type\":\"PropertyValueSpecification\",\"valueRequired\":true,\"valueName\":\"search_term_string\"}}],\"inLanguage\":\"es\"},{\"@type\":\"Person\",\"@id\":\"https:\/\/www.noticiasradioreflejos.com.ar\/2021\/#\/schema\/person\/ad82545263dcc5ec0996818884fd5fb1\",\"name\":\"Arnaldo Botto\",\"image\":{\"@type\":\"ImageObject\",\"inLanguage\":\"es\",\"@id\":\"https:\/\/www.noticiasradioreflejos.com.ar\/2021\/#\/schema\/person\/image\/\",\"url\":\"https:\/\/secure.gravatar.com\/avatar\/55cb5e37c1efa326397366e6974cb338056df65cb50e7d64d1cf314e87504837?s=96&d=mm&r=g\",\"contentUrl\":\"https:\/\/secure.gravatar.com\/avatar\/55cb5e37c1efa326397366e6974cb338056df65cb50e7d64d1cf314e87504837?s=96&d=mm&r=g\",\"caption\":\"Arnaldo Botto\"},\"url\":\"https:\/\/www.noticiasradioreflejos.com.ar\/2021\/author\/arnaldo\/\"}]}<\/script>\n<!-- \/ Yoast SEO plugin. -->","yoast_head_json":{"title":"Canciones - La Montonera \u2013 Joan Manuel Serrat - Noticias Radio Reflejos","robots":{"index":"index","follow":"follow","max-snippet":"max-snippet:-1","max-image-preview":"max-image-preview:large","max-video-preview":"max-video-preview:-1"},"canonical":"https:\/\/www.noticiasradioreflejos.com.ar\/2021\/canciones-la-montonera-joan-manuel-serrat\/","og_locale":"es_ES","og_type":"article","og_title":"Canciones - La Montonera \u2013 Joan Manuel Serrat - Noticias Radio Reflejos","og_description":"A partir de este jueves 3 de agosto, se incorpora un nuevo ciclo en FM Reflejos, creado y conducido por Luis Baigo, su nombre es \u00abCanciones\u00bb, un lugar donde respira el canto popular. Micro 1 . La Montonera \u2013 Joan Manuel Serrat","og_url":"https:\/\/www.noticiasradioreflejos.com.ar\/2021\/canciones-la-montonera-joan-manuel-serrat\/","og_site_name":"Noticias Radio Reflejos","article_published_time":"2017-08-03T13:59:43+00:00","og_image":[{"width":300,"height":200,"url":"https:\/\/www.noticiasradioreflejos.com.ar\/2021\/wp-content\/uploads\/2021\/07\/logosol300x200.png","type":"image\/png"}],"author":"Arnaldo Botto","twitter_card":"summary_large_image","schema":{"@context":"https:\/\/schema.org","@graph":[{"@type":"WebPage","@id":"https:\/\/www.noticiasradioreflejos.com.ar\/2021\/canciones-la-montonera-joan-manuel-serrat\/","url":"https:\/\/www.noticiasradioreflejos.com.ar\/2021\/canciones-la-montonera-joan-manuel-serrat\/","name":"Canciones - La Montonera \u2013 Joan Manuel Serrat - Noticias Radio Reflejos","isPartOf":{"@id":"https:\/\/www.noticiasradioreflejos.com.ar\/2021\/#website"},"datePublished":"2017-08-03T13:59:43+00:00","author":{"@id":"https:\/\/www.noticiasradioreflejos.com.ar\/2021\/#\/schema\/person\/ad82545263dcc5ec0996818884fd5fb1"},"breadcrumb":{"@id":"https:\/\/www.noticiasradioreflejos.com.ar\/2021\/canciones-la-montonera-joan-manuel-serrat\/#breadcrumb"},"inLanguage":"es","potentialAction":[{"@type":"ReadAction","target":["https:\/\/www.noticiasradioreflejos.com.ar\/2021\/canciones-la-montonera-joan-manuel-serrat\/"]}]},{"@type":"BreadcrumbList","@id":"https:\/\/www.noticiasradioreflejos.com.ar\/2021\/canciones-la-montonera-joan-manuel-serrat\/#breadcrumb","itemListElement":[{"@type":"ListItem","position":1,"name":"Portada","item":"https:\/\/www.noticiasradioreflejos.com.ar\/2021\/"},{"@type":"ListItem","position":2,"name":"Canciones &#8211; La Montonera \u2013 Joan Manuel Serrat"}]},{"@type":"WebSite","@id":"https:\/\/www.noticiasradioreflejos.com.ar\/2021\/#website","url":"https:\/\/www.noticiasradioreflejos.com.ar\/2021\/","name":"Noticias Radio Reflejos","description":"Las noticias de mi comarca","potentialAction":[{"@type":"SearchAction","target":{"@type":"EntryPoint","urlTemplate":"https:\/\/www.noticiasradioreflejos.com.ar\/2021\/?s={search_term_string}"},"query-input":{"@type":"PropertyValueSpecification","valueRequired":true,"valueName":"search_term_string"}}],"inLanguage":"es"},{"@type":"Person","@id":"https:\/\/www.noticiasradioreflejos.com.ar\/2021\/#\/schema\/person\/ad82545263dcc5ec0996818884fd5fb1","name":"Arnaldo Botto","image":{"@type":"ImageObject","inLanguage":"es","@id":"https:\/\/www.noticiasradioreflejos.com.ar\/2021\/#\/schema\/person\/image\/","url":"https:\/\/secure.gravatar.com\/avatar\/55cb5e37c1efa326397366e6974cb338056df65cb50e7d64d1cf314e87504837?s=96&d=mm&r=g","contentUrl":"https:\/\/secure.gravatar.com\/avatar\/55cb5e37c1efa326397366e6974cb338056df65cb50e7d64d1cf314e87504837?s=96&d=mm&r=g","caption":"Arnaldo Botto"},"url":"https:\/\/www.noticiasradioreflejos.com.ar\/2021\/author\/arnaldo\/"}]}},"_links":{"self":[{"href":"https:\/\/www.noticiasradioreflejos.com.ar\/2021\/wp-json\/wp\/v2\/posts\/13099","targetHints":{"allow":["GET"]}}],"collection":[{"href":"https:\/\/www.noticiasradioreflejos.com.ar\/2021\/wp-json\/wp\/v2\/posts"}],"about":[{"href":"https:\/\/www.noticiasradioreflejos.com.ar\/2021\/wp-json\/wp\/v2\/types\/post"}],"author":[{"embeddable":true,"href":"https:\/\/www.noticiasradioreflejos.com.ar\/2021\/wp-json\/wp\/v2\/users\/3"}],"replies":[{"embeddable":true,"href":"https:\/\/www.noticiasradioreflejos.com.ar\/2021\/wp-json\/wp\/v2\/comments?post=13099"}],"version-history":[{"count":0,"href":"https:\/\/www.noticiasradioreflejos.com.ar\/2021\/wp-json\/wp\/v2\/posts\/13099\/revisions"}],"wp:attachment":[{"href":"https:\/\/www.noticiasradioreflejos.com.ar\/2021\/wp-json\/wp\/v2\/media?parent=13099"}],"wp:term":[{"taxonomy":"category","embeddable":true,"href":"https:\/\/www.noticiasradioreflejos.com.ar\/2021\/wp-json\/wp\/v2\/categories?post=13099"},{"taxonomy":"post_tag","embeddable":true,"href":"https:\/\/www.noticiasradioreflejos.com.ar\/2021\/wp-json\/wp\/v2\/tags?post=13099"}],"curies":[{"name":"wp","href":"https:\/\/api.w.org\/{rel}","templated":true}]}}