{"id":13097,"date":"2017-08-03T08:30:12","date_gmt":"2017-08-03T11:30:12","guid":{"rendered":"http:\/\/www.noticiasradioreflejos.com.ar\/noticias\/?p=13097"},"modified":"2017-08-03T08:30:12","modified_gmt":"2017-08-03T11:30:12","slug":"saldungaray-la-importancia-de-legislar-para-por-y-con-los-vecinos","status":"publish","type":"post","link":"https:\/\/www.noticiasradioreflejos.com.ar\/2021\/saldungaray-la-importancia-de-legislar-para-por-y-con-los-vecinos\/","title":{"rendered":"Saldungaray, la importancia de legislar para, por y con los vecinos."},"content":{"rendered":"<p>Comunicado de Unidad Ciudadana.<br \/>\nAnte la resoluci\u00f3n impulsada por el ejecutivo municipal y aprobada por los concejales en una sesi\u00f3n extraordinaria para afectar terrenos de Saldungaray con el objetivo de gestionar lotes con servicios para construir viviendas; deseamos aportar las siguientes consideraciones, no para el mal de alguno, sino para el bien de todos.<!--more--><br \/>\nComo aprendimos en la escuela, el art\u00edculo 22 de nuestra Constituci\u00f3n Nacional expresa claramente que \u201cEl pueblo no delibera ni gobierna, sino por medio de sus representantes y autoridades\u201d; atento a esto:<br \/>\nNO IMPUGNAMOS, el ejercicio democr\u00e1tico que ayer realizaron el ejecutivo municipal solicitando la sesi\u00f3n extraordinaria e impulsando el uso de los terrenos, ni a los concejales participes de la sesi\u00f3n aprobando la utilizaci\u00f3n de las parcelas para viviendas.<br \/>\nNO NOS OPONEMOS, a que el municipio en uso de sus facultades realice los tr\u00e1mites necesarios para atender las necesidades de los vecinos, m\u00e1s a\u00fan si hablamos de viviendas.<br \/>\nSI CREEMOS, que una decisi\u00f3n tan importante y que tiene que ver directamente con la planificaci\u00f3n urbana de una localidad DEBE SER TRATADA DE UNA FORMA QUE INCLUYA LA PARTICIPACI\u00d3N DE LOS MIEMBROS DE ESA COMUNIDAD.<br \/>\nNuestra vida democr\u00e1tica nos ha ense\u00f1ado mucho sobre la importancia de saber escuchar, y la gesti\u00f3n cotidiana nos muestra que SIEMPRE ES MEJOR GESTIONAR PARA LOS VECINOS, POR LOS VECINOS Y SOBRE TODO CON LOS VECINOS. Por otra parte estas situaciones deben ser abordadas con tiempo y sin apresuramientos.<br \/>\nPor lo expuesto solicitamos que las autoridades tanto del ejecutivo como del deliberativo local puedan arbitrar los medios para que se puedan atender las necesidades habitacionales de la poblaci\u00f3n de Saldungaray, llevando adelante mecanismos de gesti\u00f3n que tengan en cuenta la voz de los vecinos y tom\u00e1ndose el tiempo necesario para su buena realizaci\u00f3n.<br \/>\nOjala el DI\u00c1LOGO permita mejorar la gesti\u00f3n y resolver el desencuentro entre los vecinos de Saldungaray ocasionado por la resoluci\u00f3n impulsada por el ejecutivo municipal y aprobada por los concejales presentes.<\/p>\n","protected":false},"excerpt":{"rendered":"<p>Comunicado de Unidad Ciudadana. Ante la resoluci\u00f3n impulsada por el ejecutivo municipal y aprobada por los concejales en una sesi\u00f3n extraordinaria para afectar terrenos de Saldungaray con el objetivo de gestionar lotes con servicios para construir viviendas; deseamos aportar las siguientes consideraciones, no para el mal de alguno, sino para el bien de todos.<\/p>\n","protected":false},"author":3,"featured_media":0,"comment_status":"closed","ping_status":"open","sticky":false,"template":"","format":"standard","meta":{"footnotes":""},"categories":[24],"tags":[],"class_list":["post-13097","post","type-post","status-publish","format-standard","hentry","category-politica"],"yoast_head":"<!-- This site is optimized with the Yoast SEO plugin v25.9 - https:\/\/yoast.com\/wordpress\/plugins\/seo\/ -->\n<title>Saldungaray, la importancia de legislar para, por y con los vecinos. - Noticias Radio Reflejos<\/title>\n<meta name=\"robots\" content=\"index, follow, max-snippet:-1, max-image-preview:large, max-video-preview:-1\" \/>\n<link rel=\"canonical\" href=\"https:\/\/www.noticiasradioreflejos.com.ar\/2021\/saldungaray-la-importancia-de-legislar-para-por-y-con-los-vecinos\/\" \/>\n<meta property=\"og:locale\" content=\"es_ES\" \/>\n<meta property=\"og:type\" content=\"article\" \/>\n<meta property=\"og:title\" content=\"Saldungaray, la importancia de legislar para, por y con los vecinos. - Noticias Radio Reflejos\" \/>\n<meta property=\"og:description\" content=\"Comunicado de Unidad Ciudadana. Ante la resoluci\u00f3n impulsada por el ejecutivo municipal y aprobada por los concejales en una sesi\u00f3n extraordinaria para afectar terrenos de Saldungaray con el objetivo de gestionar lotes con servicios para construir viviendas; deseamos aportar las siguientes consideraciones, no para el mal de alguno, sino para el bien de todos.\" \/>\n<meta property=\"og:url\" content=\"https:\/\/www.noticiasradioreflejos.com.ar\/2021\/saldungaray-la-importancia-de-legislar-para-por-y-con-los-vecinos\/\" \/>\n<meta property=\"og:site_name\" content=\"Noticias Radio Reflejos\" \/>\n<meta property=\"article:published_time\" content=\"2017-08-03T11:30:12+00:00\" \/>\n<meta property=\"og:image\" content=\"https:\/\/www.noticiasradioreflejos.com.ar\/2021\/wp-content\/uploads\/2021\/07\/logosol300x200.png\" \/>\n\t<meta property=\"og:image:width\" content=\"300\" \/>\n\t<meta property=\"og:image:height\" content=\"200\" \/>\n\t<meta property=\"og:image:type\" content=\"image\/png\" \/>\n<meta name=\"author\" content=\"Arnaldo Botto\" \/>\n<meta name=\"twitter:card\" content=\"summary_large_image\" \/>\n<script type=\"application\/ld+json\" class=\"yoast-schema-graph\">{\"@context\":\"https:\/\/schema.org\",\"@graph\":[{\"@type\":\"WebPage\",\"@id\":\"https:\/\/www.noticiasradioreflejos.com.ar\/2021\/saldungaray-la-importancia-de-legislar-para-por-y-con-los-vecinos\/\",\"url\":\"https:\/\/www.noticiasradioreflejos.com.ar\/2021\/saldungaray-la-importancia-de-legislar-para-por-y-con-los-vecinos\/\",\"name\":\"Saldungaray, la importancia de legislar para, por y con los vecinos. - Noticias Radio Reflejos\",\"isPartOf\":{\"@id\":\"https:\/\/www.noticiasradioreflejos.com.ar\/2021\/#website\"},\"datePublished\":\"2017-08-03T11:30:12+00:00\",\"author\":{\"@id\":\"https:\/\/www.noticiasradioreflejos.com.ar\/2021\/#\/schema\/person\/ad82545263dcc5ec0996818884fd5fb1\"},\"breadcrumb\":{\"@id\":\"https:\/\/www.noticiasradioreflejos.com.ar\/2021\/saldungaray-la-importancia-de-legislar-para-por-y-con-los-vecinos\/#breadcrumb\"},\"inLanguage\":\"es\",\"potentialAction\":[{\"@type\":\"ReadAction\",\"target\":[\"https:\/\/www.noticiasradioreflejos.com.ar\/2021\/saldungaray-la-importancia-de-legislar-para-por-y-con-los-vecinos\/\"]}]},{\"@type\":\"BreadcrumbList\",\"@id\":\"https:\/\/www.noticiasradioreflejos.com.ar\/2021\/saldungaray-la-importancia-de-legislar-para-por-y-con-los-vecinos\/#breadcrumb\",\"itemListElement\":[{\"@type\":\"ListItem\",\"position\":1,\"name\":\"Portada\",\"item\":\"https:\/\/www.noticiasradioreflejos.com.ar\/2021\/\"},{\"@type\":\"ListItem\",\"position\":2,\"name\":\"Saldungaray, la importancia de legislar para, por y con los vecinos.\"}]},{\"@type\":\"WebSite\",\"@id\":\"https:\/\/www.noticiasradioreflejos.com.ar\/2021\/#website\",\"url\":\"https:\/\/www.noticiasradioreflejos.com.ar\/2021\/\",\"name\":\"Noticias Radio Reflejos\",\"description\":\"Las noticias de mi comarca\",\"potentialAction\":[{\"@type\":\"SearchAction\",\"target\":{\"@type\":\"EntryPoint\",\"urlTemplate\":\"https:\/\/www.noticiasradioreflejos.com.ar\/2021\/?s={search_term_string}\"},\"query-input\":{\"@type\":\"PropertyValueSpecification\",\"valueRequired\":true,\"valueName\":\"search_term_string\"}}],\"inLanguage\":\"es\"},{\"@type\":\"Person\",\"@id\":\"https:\/\/www.noticiasradioreflejos.com.ar\/2021\/#\/schema\/person\/ad82545263dcc5ec0996818884fd5fb1\",\"name\":\"Arnaldo Botto\",\"image\":{\"@type\":\"ImageObject\",\"inLanguage\":\"es\",\"@id\":\"https:\/\/www.noticiasradioreflejos.com.ar\/2021\/#\/schema\/person\/image\/\",\"url\":\"https:\/\/secure.gravatar.com\/avatar\/55cb5e37c1efa326397366e6974cb338056df65cb50e7d64d1cf314e87504837?s=96&d=mm&r=g\",\"contentUrl\":\"https:\/\/secure.gravatar.com\/avatar\/55cb5e37c1efa326397366e6974cb338056df65cb50e7d64d1cf314e87504837?s=96&d=mm&r=g\",\"caption\":\"Arnaldo Botto\"},\"url\":\"https:\/\/www.noticiasradioreflejos.com.ar\/2021\/author\/arnaldo\/\"}]}<\/script>\n<!-- \/ Yoast SEO plugin. -->","yoast_head_json":{"title":"Saldungaray, la importancia de legislar para, por y con los vecinos. - Noticias Radio Reflejos","robots":{"index":"index","follow":"follow","max-snippet":"max-snippet:-1","max-image-preview":"max-image-preview:large","max-video-preview":"max-video-preview:-1"},"canonical":"https:\/\/www.noticiasradioreflejos.com.ar\/2021\/saldungaray-la-importancia-de-legislar-para-por-y-con-los-vecinos\/","og_locale":"es_ES","og_type":"article","og_title":"Saldungaray, la importancia de legislar para, por y con los vecinos. - Noticias Radio Reflejos","og_description":"Comunicado de Unidad Ciudadana. Ante la resoluci\u00f3n impulsada por el ejecutivo municipal y aprobada por los concejales en una sesi\u00f3n extraordinaria para afectar terrenos de Saldungaray con el objetivo de gestionar lotes con servicios para construir viviendas; deseamos aportar las siguientes consideraciones, no para el mal de alguno, sino para el bien de todos.","og_url":"https:\/\/www.noticiasradioreflejos.com.ar\/2021\/saldungaray-la-importancia-de-legislar-para-por-y-con-los-vecinos\/","og_site_name":"Noticias Radio Reflejos","article_published_time":"2017-08-03T11:30:12+00:00","og_image":[{"width":300,"height":200,"url":"https:\/\/www.noticiasradioreflejos.com.ar\/2021\/wp-content\/uploads\/2021\/07\/logosol300x200.png","type":"image\/png"}],"author":"Arnaldo Botto","twitter_card":"summary_large_image","schema":{"@context":"https:\/\/schema.org","@graph":[{"@type":"WebPage","@id":"https:\/\/www.noticiasradioreflejos.com.ar\/2021\/saldungaray-la-importancia-de-legislar-para-por-y-con-los-vecinos\/","url":"https:\/\/www.noticiasradioreflejos.com.ar\/2021\/saldungaray-la-importancia-de-legislar-para-por-y-con-los-vecinos\/","name":"Saldungaray, la importancia de legislar para, por y con los vecinos. - Noticias Radio Reflejos","isPartOf":{"@id":"https:\/\/www.noticiasradioreflejos.com.ar\/2021\/#website"},"datePublished":"2017-08-03T11:30:12+00:00","author":{"@id":"https:\/\/www.noticiasradioreflejos.com.ar\/2021\/#\/schema\/person\/ad82545263dcc5ec0996818884fd5fb1"},"breadcrumb":{"@id":"https:\/\/www.noticiasradioreflejos.com.ar\/2021\/saldungaray-la-importancia-de-legislar-para-por-y-con-los-vecinos\/#breadcrumb"},"inLanguage":"es","potentialAction":[{"@type":"ReadAction","target":["https:\/\/www.noticiasradioreflejos.com.ar\/2021\/saldungaray-la-importancia-de-legislar-para-por-y-con-los-vecinos\/"]}]},{"@type":"BreadcrumbList","@id":"https:\/\/www.noticiasradioreflejos.com.ar\/2021\/saldungaray-la-importancia-de-legislar-para-por-y-con-los-vecinos\/#breadcrumb","itemListElement":[{"@type":"ListItem","position":1,"name":"Portada","item":"https:\/\/www.noticiasradioreflejos.com.ar\/2021\/"},{"@type":"ListItem","position":2,"name":"Saldungaray, la importancia de legislar para, por y con los vecinos."}]},{"@type":"WebSite","@id":"https:\/\/www.noticiasradioreflejos.com.ar\/2021\/#website","url":"https:\/\/www.noticiasradioreflejos.com.ar\/2021\/","name":"Noticias Radio Reflejos","description":"Las noticias de mi comarca","potentialAction":[{"@type":"SearchAction","target":{"@type":"EntryPoint","urlTemplate":"https:\/\/www.noticiasradioreflejos.com.ar\/2021\/?s={search_term_string}"},"query-input":{"@type":"PropertyValueSpecification","valueRequired":true,"valueName":"search_term_string"}}],"inLanguage":"es"},{"@type":"Person","@id":"https:\/\/www.noticiasradioreflejos.com.ar\/2021\/#\/schema\/person\/ad82545263dcc5ec0996818884fd5fb1","name":"Arnaldo Botto","image":{"@type":"ImageObject","inLanguage":"es","@id":"https:\/\/www.noticiasradioreflejos.com.ar\/2021\/#\/schema\/person\/image\/","url":"https:\/\/secure.gravatar.com\/avatar\/55cb5e37c1efa326397366e6974cb338056df65cb50e7d64d1cf314e87504837?s=96&d=mm&r=g","contentUrl":"https:\/\/secure.gravatar.com\/avatar\/55cb5e37c1efa326397366e6974cb338056df65cb50e7d64d1cf314e87504837?s=96&d=mm&r=g","caption":"Arnaldo Botto"},"url":"https:\/\/www.noticiasradioreflejos.com.ar\/2021\/author\/arnaldo\/"}]}},"_links":{"self":[{"href":"https:\/\/www.noticiasradioreflejos.com.ar\/2021\/wp-json\/wp\/v2\/posts\/13097","targetHints":{"allow":["GET"]}}],"collection":[{"href":"https:\/\/www.noticiasradioreflejos.com.ar\/2021\/wp-json\/wp\/v2\/posts"}],"about":[{"href":"https:\/\/www.noticiasradioreflejos.com.ar\/2021\/wp-json\/wp\/v2\/types\/post"}],"author":[{"embeddable":true,"href":"https:\/\/www.noticiasradioreflejos.com.ar\/2021\/wp-json\/wp\/v2\/users\/3"}],"replies":[{"embeddable":true,"href":"https:\/\/www.noticiasradioreflejos.com.ar\/2021\/wp-json\/wp\/v2\/comments?post=13097"}],"version-history":[{"count":0,"href":"https:\/\/www.noticiasradioreflejos.com.ar\/2021\/wp-json\/wp\/v2\/posts\/13097\/revisions"}],"wp:attachment":[{"href":"https:\/\/www.noticiasradioreflejos.com.ar\/2021\/wp-json\/wp\/v2\/media?parent=13097"}],"wp:term":[{"taxonomy":"category","embeddable":true,"href":"https:\/\/www.noticiasradioreflejos.com.ar\/2021\/wp-json\/wp\/v2\/categories?post=13097"},{"taxonomy":"post_tag","embeddable":true,"href":"https:\/\/www.noticiasradioreflejos.com.ar\/2021\/wp-json\/wp\/v2\/tags?post=13097"}],"curies":[{"name":"wp","href":"https:\/\/api.w.org\/{rel}","templated":true}]}}