{"id":13094,"date":"2017-08-03T08:26:47","date_gmt":"2017-08-03T11:26:47","guid":{"rendered":"http:\/\/www.noticiasradioreflejos.com.ar\/noticias\/?p=13094"},"modified":"2017-08-03T08:26:47","modified_gmt":"2017-08-03T11:26:47","slug":"el-hcd-aprobo-la-utilizacion-de-tierras-municipales-de-saldungaray-para-la-construccion-de-viviendas-sociales","status":"publish","type":"post","link":"https:\/\/www.noticiasradioreflejos.com.ar\/2021\/el-hcd-aprobo-la-utilizacion-de-tierras-municipales-de-saldungaray-para-la-construccion-de-viviendas-sociales\/","title":{"rendered":"El HCD aprob\u00f3 la utilizaci\u00f3n de tierras municipales de Saldungaray para la construcci\u00f3n de viviendas sociales"},"content":{"rendered":"<p>En la noche de este mi\u00e9rcoles se realiz\u00f3 una sesi\u00f3n extraordinaria en la que los concejales dieron tratamiento al Expediente N\u00ba 241\/17 elevado por el Departamento Ejecutivo y referido a la \u201cafectaci\u00f3n de parcelas municipales de la localidad de Saldungaray al Programa Lotes con Servicio (Ley 14.449)\u201d.<br \/>\nLos doce ediles le dieron el visto bueno a la propuesta, que fue aprobada por unanimidad que y permitir\u00e1 la construcci\u00f3n de 24 viviendas sociales en la mencionada localidad en tierras pertenecientes al patrimonio comunal.<!--more--><br \/>\nSin embargo, en la previa a la votaci\u00f3n, concejales del oficialismo y de la oposici\u00f3n expresaron su disenso frente al tema.<br \/>\nEs que uno de los lotes en cuesti\u00f3n pertenece a la Casa Mar\u00eda Auxiliadora y la concejal M\u00f3nica Sagredo (Frente Para la Victoria) sostuvo que ese lugar estaba destinado a desarrollar un espacio deportivo, mientras que Sonia De Larena (Frente Progresista, C\u00edvico y Social), consider\u00f3 que existen otros sectores para lo que plantea su par del FPV y que la construcci\u00f3n de viviendas es prioritaria y urgente.<br \/>\n\u201cLugares para polideportivos en Saldungaray hay, esto es urgente y ya est\u00e1, es valedero hacerlo en el lugar que sea, es la necesidad que tiene el pueblo\u201d, argument\u00f3 De Larena.<br \/>\n\u201cVen\u00edamos decididos que lo fundamental y la primera necesidad de la localidad es la construcci\u00f3n viviendas. Para utilizar como polideportivo est\u00e1n el Club Porte\u00f1o y el Fort\u00edn Pav\u00f3n; no ve\u00eda tan urgente, esa necesidad la podemos cubrir con lugares que tenemos\u201d, a\u00f1adi\u00f3.<br \/>\nDe Larena indic\u00f3 que de las 24 casas, \u201c14 se construir\u00e1n en el lote del Mar\u00eda Auxiliadora y las 10 restantes en el sector del denominado \u2018Barrio de los municipales\u2019, del lado del Club\u201d y se\u00f1al\u00f3 que \u201chay otros terrenos en los que tambi\u00e9n se podr\u00edan haber llevado a cabo los barrios, pero propiedad del municipio son solo estos dos\u201d.<br \/>\nPor su parte, Sagredo consider\u00f3 que al utilizar los lotes en cuesti\u00f3n \u201cse quitar\u00eda la posibilidad de que, a futuro, en ese lugar se creen otro tipo de proyecto deportivo, siempre pensando en lo educativo socio-cultural, que fue en definitiva el fin con el que se compr\u00f3 la casa en 2013\u201d.<br \/>\nNo obstante, dej\u00f3 en claro que \u201cde ninguna manera estoy en desacuerdo con que se hagan viviendas\u201d pero \u201cs\u00ed se plantea que se construyan en otro lugar\u201d.<br \/>\nTambi\u00e9n la concejal de Saldungaray cuestion\u00f3 que el expediente se tenga que haber tratado \u201capurados, entre gallos y medianoches\u201d. \u201cMe parece que por respeto al pueblo hay cosas que deben conversarse con la gente, escuchar a lo que piensa\u201d, sostuvo.<br \/>\n\u201cMe gustar\u00eda que haya m\u00e1s di\u00e1logo y debate y no que terminemos en esta situaci\u00f3n, donde recibimos el mensaje de \u2018no importa lo que nosotros hacemos porque igual esto se va a aprobar,\u2019 y no es la primera vez que pasa\u201d, concluy\u00f3.<br \/>\n<iframe loading=\"lazy\" src=\"https:\/\/w.soundcloud.com\/player\/?url=https%3A\/\/api.soundcloud.com\/tracks\/336075039&amp;color=ff5500&amp;auto_play=false&amp;hide_related=false&amp;show_comments=true&amp;show_user=true&amp;show_reposts=false\" width=\"100%\" height=\"166\" frameborder=\"no\" scrolling=\"no\"><\/iframe><br \/>\n<iframe loading=\"lazy\" src=\"https:\/\/w.soundcloud.com\/player\/?url=https%3A\/\/api.soundcloud.com\/tracks\/336075285&amp;color=ff5500&amp;auto_play=false&amp;hide_related=false&amp;show_comments=true&amp;show_user=true&amp;show_reposts=false\" width=\"100%\" height=\"166\" frameborder=\"no\" scrolling=\"no\"><\/iframe><\/p>\n","protected":false},"excerpt":{"rendered":"<p>En la noche de este mi\u00e9rcoles se realiz\u00f3 una sesi\u00f3n extraordinaria en la que los concejales dieron tratamiento al Expediente N\u00ba 241\/17 elevado por el Departamento Ejecutivo y referido a la \u201cafectaci\u00f3n de parcelas municipales de la localidad de Saldungaray al Programa Lotes con Servicio (Ley 14.449)\u201d. Los doce ediles le dieron el visto bueno [&hellip;]<\/p>\n","protected":false},"author":3,"featured_media":0,"comment_status":"closed","ping_status":"open","sticky":false,"template":"","format":"standard","meta":{"footnotes":""},"categories":[28],"tags":[],"class_list":["post-13094","post","type-post","status-publish","format-standard","hentry","category-municipales"],"yoast_head":"<!-- This site is optimized with the Yoast SEO plugin v25.9 - https:\/\/yoast.com\/wordpress\/plugins\/seo\/ -->\n<title>El HCD aprob\u00f3 la utilizaci\u00f3n de tierras municipales de Saldungaray para la construcci\u00f3n de viviendas sociales - Noticias Radio Reflejos<\/title>\n<meta name=\"robots\" content=\"index, follow, max-snippet:-1, max-image-preview:large, max-video-preview:-1\" \/>\n<link rel=\"canonical\" href=\"https:\/\/www.noticiasradioreflejos.com.ar\/2021\/el-hcd-aprobo-la-utilizacion-de-tierras-municipales-de-saldungaray-para-la-construccion-de-viviendas-sociales\/\" \/>\n<meta property=\"og:locale\" content=\"es_ES\" \/>\n<meta property=\"og:type\" content=\"article\" \/>\n<meta property=\"og:title\" content=\"El HCD aprob\u00f3 la utilizaci\u00f3n de tierras municipales de Saldungaray para la construcci\u00f3n de viviendas sociales - Noticias Radio Reflejos\" \/>\n<meta property=\"og:description\" content=\"En la noche de este mi\u00e9rcoles se realiz\u00f3 una sesi\u00f3n extraordinaria en la que los concejales dieron tratamiento al Expediente N\u00ba 241\/17 elevado por el Departamento Ejecutivo y referido a la \u201cafectaci\u00f3n de parcelas municipales de la localidad de Saldungaray al Programa Lotes con Servicio (Ley 14.449)\u201d. Los doce ediles le dieron el visto bueno [&hellip;]\" \/>\n<meta property=\"og:url\" content=\"https:\/\/www.noticiasradioreflejos.com.ar\/2021\/el-hcd-aprobo-la-utilizacion-de-tierras-municipales-de-saldungaray-para-la-construccion-de-viviendas-sociales\/\" \/>\n<meta property=\"og:site_name\" content=\"Noticias Radio Reflejos\" \/>\n<meta property=\"article:published_time\" content=\"2017-08-03T11:26:47+00:00\" \/>\n<meta property=\"og:image\" content=\"https:\/\/www.noticiasradioreflejos.com.ar\/2021\/wp-content\/uploads\/2021\/07\/logosol300x200.png\" \/>\n\t<meta property=\"og:image:width\" content=\"300\" \/>\n\t<meta property=\"og:image:height\" content=\"200\" \/>\n\t<meta property=\"og:image:type\" content=\"image\/png\" \/>\n<meta name=\"author\" content=\"Arnaldo Botto\" \/>\n<meta name=\"twitter:card\" content=\"summary_large_image\" \/>\n<script type=\"application\/ld+json\" class=\"yoast-schema-graph\">{\"@context\":\"https:\/\/schema.org\",\"@graph\":[{\"@type\":\"WebPage\",\"@id\":\"https:\/\/www.noticiasradioreflejos.com.ar\/2021\/el-hcd-aprobo-la-utilizacion-de-tierras-municipales-de-saldungaray-para-la-construccion-de-viviendas-sociales\/\",\"url\":\"https:\/\/www.noticiasradioreflejos.com.ar\/2021\/el-hcd-aprobo-la-utilizacion-de-tierras-municipales-de-saldungaray-para-la-construccion-de-viviendas-sociales\/\",\"name\":\"El HCD aprob\u00f3 la utilizaci\u00f3n de tierras municipales de Saldungaray para la construcci\u00f3n de viviendas sociales - Noticias Radio Reflejos\",\"isPartOf\":{\"@id\":\"https:\/\/www.noticiasradioreflejos.com.ar\/2021\/#website\"},\"datePublished\":\"2017-08-03T11:26:47+00:00\",\"author\":{\"@id\":\"https:\/\/www.noticiasradioreflejos.com.ar\/2021\/#\/schema\/person\/ad82545263dcc5ec0996818884fd5fb1\"},\"breadcrumb\":{\"@id\":\"https:\/\/www.noticiasradioreflejos.com.ar\/2021\/el-hcd-aprobo-la-utilizacion-de-tierras-municipales-de-saldungaray-para-la-construccion-de-viviendas-sociales\/#breadcrumb\"},\"inLanguage\":\"es\",\"potentialAction\":[{\"@type\":\"ReadAction\",\"target\":[\"https:\/\/www.noticiasradioreflejos.com.ar\/2021\/el-hcd-aprobo-la-utilizacion-de-tierras-municipales-de-saldungaray-para-la-construccion-de-viviendas-sociales\/\"]}]},{\"@type\":\"BreadcrumbList\",\"@id\":\"https:\/\/www.noticiasradioreflejos.com.ar\/2021\/el-hcd-aprobo-la-utilizacion-de-tierras-municipales-de-saldungaray-para-la-construccion-de-viviendas-sociales\/#breadcrumb\",\"itemListElement\":[{\"@type\":\"ListItem\",\"position\":1,\"name\":\"Portada\",\"item\":\"https:\/\/www.noticiasradioreflejos.com.ar\/2021\/\"},{\"@type\":\"ListItem\",\"position\":2,\"name\":\"El HCD aprob\u00f3 la utilizaci\u00f3n de tierras municipales de Saldungaray para la construcci\u00f3n de viviendas sociales\"}]},{\"@type\":\"WebSite\",\"@id\":\"https:\/\/www.noticiasradioreflejos.com.ar\/2021\/#website\",\"url\":\"https:\/\/www.noticiasradioreflejos.com.ar\/2021\/\",\"name\":\"Noticias Radio Reflejos\",\"description\":\"Las noticias de mi comarca\",\"potentialAction\":[{\"@type\":\"SearchAction\",\"target\":{\"@type\":\"EntryPoint\",\"urlTemplate\":\"https:\/\/www.noticiasradioreflejos.com.ar\/2021\/?s={search_term_string}\"},\"query-input\":{\"@type\":\"PropertyValueSpecification\",\"valueRequired\":true,\"valueName\":\"search_term_string\"}}],\"inLanguage\":\"es\"},{\"@type\":\"Person\",\"@id\":\"https:\/\/www.noticiasradioreflejos.com.ar\/2021\/#\/schema\/person\/ad82545263dcc5ec0996818884fd5fb1\",\"name\":\"Arnaldo Botto\",\"image\":{\"@type\":\"ImageObject\",\"inLanguage\":\"es\",\"@id\":\"https:\/\/www.noticiasradioreflejos.com.ar\/2021\/#\/schema\/person\/image\/\",\"url\":\"https:\/\/secure.gravatar.com\/avatar\/55cb5e37c1efa326397366e6974cb338056df65cb50e7d64d1cf314e87504837?s=96&d=mm&r=g\",\"contentUrl\":\"https:\/\/secure.gravatar.com\/avatar\/55cb5e37c1efa326397366e6974cb338056df65cb50e7d64d1cf314e87504837?s=96&d=mm&r=g\",\"caption\":\"Arnaldo Botto\"},\"url\":\"https:\/\/www.noticiasradioreflejos.com.ar\/2021\/author\/arnaldo\/\"}]}<\/script>\n<!-- \/ Yoast SEO plugin. -->","yoast_head_json":{"title":"El HCD aprob\u00f3 la utilizaci\u00f3n de tierras municipales de Saldungaray para la construcci\u00f3n de viviendas sociales - Noticias Radio Reflejos","robots":{"index":"index","follow":"follow","max-snippet":"max-snippet:-1","max-image-preview":"max-image-preview:large","max-video-preview":"max-video-preview:-1"},"canonical":"https:\/\/www.noticiasradioreflejos.com.ar\/2021\/el-hcd-aprobo-la-utilizacion-de-tierras-municipales-de-saldungaray-para-la-construccion-de-viviendas-sociales\/","og_locale":"es_ES","og_type":"article","og_title":"El HCD aprob\u00f3 la utilizaci\u00f3n de tierras municipales de Saldungaray para la construcci\u00f3n de viviendas sociales - Noticias Radio Reflejos","og_description":"En la noche de este mi\u00e9rcoles se realiz\u00f3 una sesi\u00f3n extraordinaria en la que los concejales dieron tratamiento al Expediente N\u00ba 241\/17 elevado por el Departamento Ejecutivo y referido a la \u201cafectaci\u00f3n de parcelas municipales de la localidad de Saldungaray al Programa Lotes con Servicio (Ley 14.449)\u201d. Los doce ediles le dieron el visto bueno [&hellip;]","og_url":"https:\/\/www.noticiasradioreflejos.com.ar\/2021\/el-hcd-aprobo-la-utilizacion-de-tierras-municipales-de-saldungaray-para-la-construccion-de-viviendas-sociales\/","og_site_name":"Noticias Radio Reflejos","article_published_time":"2017-08-03T11:26:47+00:00","og_image":[{"width":300,"height":200,"url":"https:\/\/www.noticiasradioreflejos.com.ar\/2021\/wp-content\/uploads\/2021\/07\/logosol300x200.png","type":"image\/png"}],"author":"Arnaldo Botto","twitter_card":"summary_large_image","schema":{"@context":"https:\/\/schema.org","@graph":[{"@type":"WebPage","@id":"https:\/\/www.noticiasradioreflejos.com.ar\/2021\/el-hcd-aprobo-la-utilizacion-de-tierras-municipales-de-saldungaray-para-la-construccion-de-viviendas-sociales\/","url":"https:\/\/www.noticiasradioreflejos.com.ar\/2021\/el-hcd-aprobo-la-utilizacion-de-tierras-municipales-de-saldungaray-para-la-construccion-de-viviendas-sociales\/","name":"El HCD aprob\u00f3 la utilizaci\u00f3n de tierras municipales de Saldungaray para la construcci\u00f3n de viviendas sociales - Noticias Radio Reflejos","isPartOf":{"@id":"https:\/\/www.noticiasradioreflejos.com.ar\/2021\/#website"},"datePublished":"2017-08-03T11:26:47+00:00","author":{"@id":"https:\/\/www.noticiasradioreflejos.com.ar\/2021\/#\/schema\/person\/ad82545263dcc5ec0996818884fd5fb1"},"breadcrumb":{"@id":"https:\/\/www.noticiasradioreflejos.com.ar\/2021\/el-hcd-aprobo-la-utilizacion-de-tierras-municipales-de-saldungaray-para-la-construccion-de-viviendas-sociales\/#breadcrumb"},"inLanguage":"es","potentialAction":[{"@type":"ReadAction","target":["https:\/\/www.noticiasradioreflejos.com.ar\/2021\/el-hcd-aprobo-la-utilizacion-de-tierras-municipales-de-saldungaray-para-la-construccion-de-viviendas-sociales\/"]}]},{"@type":"BreadcrumbList","@id":"https:\/\/www.noticiasradioreflejos.com.ar\/2021\/el-hcd-aprobo-la-utilizacion-de-tierras-municipales-de-saldungaray-para-la-construccion-de-viviendas-sociales\/#breadcrumb","itemListElement":[{"@type":"ListItem","position":1,"name":"Portada","item":"https:\/\/www.noticiasradioreflejos.com.ar\/2021\/"},{"@type":"ListItem","position":2,"name":"El HCD aprob\u00f3 la utilizaci\u00f3n de tierras municipales de Saldungaray para la construcci\u00f3n de viviendas sociales"}]},{"@type":"WebSite","@id":"https:\/\/www.noticiasradioreflejos.com.ar\/2021\/#website","url":"https:\/\/www.noticiasradioreflejos.com.ar\/2021\/","name":"Noticias Radio Reflejos","description":"Las noticias de mi comarca","potentialAction":[{"@type":"SearchAction","target":{"@type":"EntryPoint","urlTemplate":"https:\/\/www.noticiasradioreflejos.com.ar\/2021\/?s={search_term_string}"},"query-input":{"@type":"PropertyValueSpecification","valueRequired":true,"valueName":"search_term_string"}}],"inLanguage":"es"},{"@type":"Person","@id":"https:\/\/www.noticiasradioreflejos.com.ar\/2021\/#\/schema\/person\/ad82545263dcc5ec0996818884fd5fb1","name":"Arnaldo Botto","image":{"@type":"ImageObject","inLanguage":"es","@id":"https:\/\/www.noticiasradioreflejos.com.ar\/2021\/#\/schema\/person\/image\/","url":"https:\/\/secure.gravatar.com\/avatar\/55cb5e37c1efa326397366e6974cb338056df65cb50e7d64d1cf314e87504837?s=96&d=mm&r=g","contentUrl":"https:\/\/secure.gravatar.com\/avatar\/55cb5e37c1efa326397366e6974cb338056df65cb50e7d64d1cf314e87504837?s=96&d=mm&r=g","caption":"Arnaldo Botto"},"url":"https:\/\/www.noticiasradioreflejos.com.ar\/2021\/author\/arnaldo\/"}]}},"_links":{"self":[{"href":"https:\/\/www.noticiasradioreflejos.com.ar\/2021\/wp-json\/wp\/v2\/posts\/13094","targetHints":{"allow":["GET"]}}],"collection":[{"href":"https:\/\/www.noticiasradioreflejos.com.ar\/2021\/wp-json\/wp\/v2\/posts"}],"about":[{"href":"https:\/\/www.noticiasradioreflejos.com.ar\/2021\/wp-json\/wp\/v2\/types\/post"}],"author":[{"embeddable":true,"href":"https:\/\/www.noticiasradioreflejos.com.ar\/2021\/wp-json\/wp\/v2\/users\/3"}],"replies":[{"embeddable":true,"href":"https:\/\/www.noticiasradioreflejos.com.ar\/2021\/wp-json\/wp\/v2\/comments?post=13094"}],"version-history":[{"count":0,"href":"https:\/\/www.noticiasradioreflejos.com.ar\/2021\/wp-json\/wp\/v2\/posts\/13094\/revisions"}],"wp:attachment":[{"href":"https:\/\/www.noticiasradioreflejos.com.ar\/2021\/wp-json\/wp\/v2\/media?parent=13094"}],"wp:term":[{"taxonomy":"category","embeddable":true,"href":"https:\/\/www.noticiasradioreflejos.com.ar\/2021\/wp-json\/wp\/v2\/categories?post=13094"},{"taxonomy":"post_tag","embeddable":true,"href":"https:\/\/www.noticiasradioreflejos.com.ar\/2021\/wp-json\/wp\/v2\/tags?post=13094"}],"curies":[{"name":"wp","href":"https:\/\/api.w.org\/{rel}","templated":true}]}}