{"id":13089,"date":"2017-08-03T08:09:41","date_gmt":"2017-08-03T11:09:41","guid":{"rendered":"http:\/\/www.noticiasradioreflejos.com.ar\/noticias\/?p=13089"},"modified":"2017-08-03T08:09:41","modified_gmt":"2017-08-03T11:09:41","slug":"carta-de-lectores-4","status":"publish","type":"post","link":"https:\/\/www.noticiasradioreflejos.com.ar\/2021\/carta-de-lectores-4\/","title":{"rendered":"Carta de lectores"},"content":{"rendered":"<p><strong>Repudio a la Gerenta del Banco Naci\u00f3n<\/strong><br \/>\nDeseamos expresar nuestro malestar y disconformidad por la atenci\u00f3n recibida por la Gerenta del Banco Naci\u00f3n, sucursal Tornquist, Sra. Norma Susana Torres, quien lejos de intentar solucionar el error cometido en forma involuntaria por el propio Banco el d\u00eda 01\/08, nos falt\u00f3 el respeto y con total inoperancia deleg\u00f3 el tratamiento del mismo a los empleados.<br \/>\nEllos: Alejandro Caporicci, Arturo Garc\u00eda y Alejandra Garc\u00eda, asumieron la responsabilidad, que sin dudas no les correspond\u00eda, y lograron, con su eficiente accionar, encontrar la soluci\u00f3n. Nuestro m\u00e1s sincero agradecimiento y reconocimiento para ellos.<!--more--><br \/>\nEntendemos que un cargo de tama\u00f1a envergadura deber\u00eda ser desempe\u00f1ado por alguien que re\u00fana las cualidades profesionales pertinentes. Norma Susana Torres, al menos hoy, demostr\u00f3 NO ESTAR a la altura de las circunstancias. Evidentemente, el cargo le queda muy grande.<br \/>\nEsperamos que esto se revierta, para que en otra situaci\u00f3n similar, no deban ser nuevamente los empleados quienes resuelvan y asuman responsabilidades que le competen a la Gerenta.<br \/>\nAdriana Berardi DNI: 21.506.893<br \/>\nMail\u00e9n Cabral DNI: 37.240.070<br \/>\nPaul Aguilera DNI: 37.614.170<br \/>\n<span class=\"gD\">Adriana Berardi<\/span>\u00a0\u00a0<a href=\"mailto:adri.berardi@hotmail.com\"><span class=\"go\">adri.berardi@hotmail.com<\/span><\/a><\/p>\n","protected":false},"excerpt":{"rendered":"<p>Repudio a la Gerenta del Banco Naci\u00f3n Deseamos expresar nuestro malestar y disconformidad por la atenci\u00f3n recibida por la Gerenta del Banco Naci\u00f3n, sucursal Tornquist, Sra. Norma Susana Torres, quien lejos de intentar solucionar el error cometido en forma involuntaria por el propio Banco el d\u00eda 01\/08, nos falt\u00f3 el respeto y con total inoperancia [&hellip;]<\/p>\n","protected":false},"author":3,"featured_media":0,"comment_status":"closed","ping_status":"open","sticky":false,"template":"","format":"standard","meta":{"footnotes":""},"categories":[26],"tags":[],"class_list":["post-13089","post","type-post","status-publish","format-standard","hentry","category-sociedad"],"yoast_head":"<!-- This site is optimized with the Yoast SEO plugin v25.9 - https:\/\/yoast.com\/wordpress\/plugins\/seo\/ -->\n<title>Carta de lectores - Noticias Radio Reflejos<\/title>\n<meta name=\"robots\" content=\"index, follow, max-snippet:-1, max-image-preview:large, max-video-preview:-1\" \/>\n<link rel=\"canonical\" href=\"https:\/\/www.noticiasradioreflejos.com.ar\/2021\/carta-de-lectores-4\/\" \/>\n<meta property=\"og:locale\" content=\"es_ES\" \/>\n<meta property=\"og:type\" content=\"article\" \/>\n<meta property=\"og:title\" content=\"Carta de lectores - Noticias Radio Reflejos\" \/>\n<meta property=\"og:description\" content=\"Repudio a la Gerenta del Banco Naci\u00f3n Deseamos expresar nuestro malestar y disconformidad por la atenci\u00f3n recibida por la Gerenta del Banco Naci\u00f3n, sucursal Tornquist, Sra. Norma Susana Torres, quien lejos de intentar solucionar el error cometido en forma involuntaria por el propio Banco el d\u00eda 01\/08, nos falt\u00f3 el respeto y con total inoperancia [&hellip;]\" \/>\n<meta property=\"og:url\" content=\"https:\/\/www.noticiasradioreflejos.com.ar\/2021\/carta-de-lectores-4\/\" \/>\n<meta property=\"og:site_name\" content=\"Noticias Radio Reflejos\" \/>\n<meta property=\"article:published_time\" content=\"2017-08-03T11:09:41+00:00\" \/>\n<meta property=\"og:image\" content=\"https:\/\/www.noticiasradioreflejos.com.ar\/2021\/wp-content\/uploads\/2021\/07\/logosol300x200.png\" \/>\n\t<meta property=\"og:image:width\" content=\"300\" \/>\n\t<meta property=\"og:image:height\" content=\"200\" \/>\n\t<meta property=\"og:image:type\" content=\"image\/png\" \/>\n<meta name=\"author\" content=\"Arnaldo Botto\" \/>\n<meta name=\"twitter:card\" content=\"summary_large_image\" \/>\n<script type=\"application\/ld+json\" class=\"yoast-schema-graph\">{\"@context\":\"https:\/\/schema.org\",\"@graph\":[{\"@type\":\"WebPage\",\"@id\":\"https:\/\/www.noticiasradioreflejos.com.ar\/2021\/carta-de-lectores-4\/\",\"url\":\"https:\/\/www.noticiasradioreflejos.com.ar\/2021\/carta-de-lectores-4\/\",\"name\":\"Carta de lectores - Noticias Radio Reflejos\",\"isPartOf\":{\"@id\":\"https:\/\/www.noticiasradioreflejos.com.ar\/2021\/#website\"},\"datePublished\":\"2017-08-03T11:09:41+00:00\",\"author\":{\"@id\":\"https:\/\/www.noticiasradioreflejos.com.ar\/2021\/#\/schema\/person\/ad82545263dcc5ec0996818884fd5fb1\"},\"breadcrumb\":{\"@id\":\"https:\/\/www.noticiasradioreflejos.com.ar\/2021\/carta-de-lectores-4\/#breadcrumb\"},\"inLanguage\":\"es\",\"potentialAction\":[{\"@type\":\"ReadAction\",\"target\":[\"https:\/\/www.noticiasradioreflejos.com.ar\/2021\/carta-de-lectores-4\/\"]}]},{\"@type\":\"BreadcrumbList\",\"@id\":\"https:\/\/www.noticiasradioreflejos.com.ar\/2021\/carta-de-lectores-4\/#breadcrumb\",\"itemListElement\":[{\"@type\":\"ListItem\",\"position\":1,\"name\":\"Portada\",\"item\":\"https:\/\/www.noticiasradioreflejos.com.ar\/2021\/\"},{\"@type\":\"ListItem\",\"position\":2,\"name\":\"Carta de lectores\"}]},{\"@type\":\"WebSite\",\"@id\":\"https:\/\/www.noticiasradioreflejos.com.ar\/2021\/#website\",\"url\":\"https:\/\/www.noticiasradioreflejos.com.ar\/2021\/\",\"name\":\"Noticias Radio Reflejos\",\"description\":\"Las noticias de mi comarca\",\"potentialAction\":[{\"@type\":\"SearchAction\",\"target\":{\"@type\":\"EntryPoint\",\"urlTemplate\":\"https:\/\/www.noticiasradioreflejos.com.ar\/2021\/?s={search_term_string}\"},\"query-input\":{\"@type\":\"PropertyValueSpecification\",\"valueRequired\":true,\"valueName\":\"search_term_string\"}}],\"inLanguage\":\"es\"},{\"@type\":\"Person\",\"@id\":\"https:\/\/www.noticiasradioreflejos.com.ar\/2021\/#\/schema\/person\/ad82545263dcc5ec0996818884fd5fb1\",\"name\":\"Arnaldo Botto\",\"image\":{\"@type\":\"ImageObject\",\"inLanguage\":\"es\",\"@id\":\"https:\/\/www.noticiasradioreflejos.com.ar\/2021\/#\/schema\/person\/image\/\",\"url\":\"https:\/\/secure.gravatar.com\/avatar\/55cb5e37c1efa326397366e6974cb338056df65cb50e7d64d1cf314e87504837?s=96&d=mm&r=g\",\"contentUrl\":\"https:\/\/secure.gravatar.com\/avatar\/55cb5e37c1efa326397366e6974cb338056df65cb50e7d64d1cf314e87504837?s=96&d=mm&r=g\",\"caption\":\"Arnaldo Botto\"},\"url\":\"https:\/\/www.noticiasradioreflejos.com.ar\/2021\/author\/arnaldo\/\"}]}<\/script>\n<!-- \/ Yoast SEO plugin. -->","yoast_head_json":{"title":"Carta de lectores - Noticias Radio Reflejos","robots":{"index":"index","follow":"follow","max-snippet":"max-snippet:-1","max-image-preview":"max-image-preview:large","max-video-preview":"max-video-preview:-1"},"canonical":"https:\/\/www.noticiasradioreflejos.com.ar\/2021\/carta-de-lectores-4\/","og_locale":"es_ES","og_type":"article","og_title":"Carta de lectores - Noticias Radio Reflejos","og_description":"Repudio a la Gerenta del Banco Naci\u00f3n Deseamos expresar nuestro malestar y disconformidad por la atenci\u00f3n recibida por la Gerenta del Banco Naci\u00f3n, sucursal Tornquist, Sra. Norma Susana Torres, quien lejos de intentar solucionar el error cometido en forma involuntaria por el propio Banco el d\u00eda 01\/08, nos falt\u00f3 el respeto y con total inoperancia [&hellip;]","og_url":"https:\/\/www.noticiasradioreflejos.com.ar\/2021\/carta-de-lectores-4\/","og_site_name":"Noticias Radio Reflejos","article_published_time":"2017-08-03T11:09:41+00:00","og_image":[{"width":300,"height":200,"url":"https:\/\/www.noticiasradioreflejos.com.ar\/2021\/wp-content\/uploads\/2021\/07\/logosol300x200.png","type":"image\/png"}],"author":"Arnaldo Botto","twitter_card":"summary_large_image","schema":{"@context":"https:\/\/schema.org","@graph":[{"@type":"WebPage","@id":"https:\/\/www.noticiasradioreflejos.com.ar\/2021\/carta-de-lectores-4\/","url":"https:\/\/www.noticiasradioreflejos.com.ar\/2021\/carta-de-lectores-4\/","name":"Carta de lectores - Noticias Radio Reflejos","isPartOf":{"@id":"https:\/\/www.noticiasradioreflejos.com.ar\/2021\/#website"},"datePublished":"2017-08-03T11:09:41+00:00","author":{"@id":"https:\/\/www.noticiasradioreflejos.com.ar\/2021\/#\/schema\/person\/ad82545263dcc5ec0996818884fd5fb1"},"breadcrumb":{"@id":"https:\/\/www.noticiasradioreflejos.com.ar\/2021\/carta-de-lectores-4\/#breadcrumb"},"inLanguage":"es","potentialAction":[{"@type":"ReadAction","target":["https:\/\/www.noticiasradioreflejos.com.ar\/2021\/carta-de-lectores-4\/"]}]},{"@type":"BreadcrumbList","@id":"https:\/\/www.noticiasradioreflejos.com.ar\/2021\/carta-de-lectores-4\/#breadcrumb","itemListElement":[{"@type":"ListItem","position":1,"name":"Portada","item":"https:\/\/www.noticiasradioreflejos.com.ar\/2021\/"},{"@type":"ListItem","position":2,"name":"Carta de lectores"}]},{"@type":"WebSite","@id":"https:\/\/www.noticiasradioreflejos.com.ar\/2021\/#website","url":"https:\/\/www.noticiasradioreflejos.com.ar\/2021\/","name":"Noticias Radio Reflejos","description":"Las noticias de mi comarca","potentialAction":[{"@type":"SearchAction","target":{"@type":"EntryPoint","urlTemplate":"https:\/\/www.noticiasradioreflejos.com.ar\/2021\/?s={search_term_string}"},"query-input":{"@type":"PropertyValueSpecification","valueRequired":true,"valueName":"search_term_string"}}],"inLanguage":"es"},{"@type":"Person","@id":"https:\/\/www.noticiasradioreflejos.com.ar\/2021\/#\/schema\/person\/ad82545263dcc5ec0996818884fd5fb1","name":"Arnaldo Botto","image":{"@type":"ImageObject","inLanguage":"es","@id":"https:\/\/www.noticiasradioreflejos.com.ar\/2021\/#\/schema\/person\/image\/","url":"https:\/\/secure.gravatar.com\/avatar\/55cb5e37c1efa326397366e6974cb338056df65cb50e7d64d1cf314e87504837?s=96&d=mm&r=g","contentUrl":"https:\/\/secure.gravatar.com\/avatar\/55cb5e37c1efa326397366e6974cb338056df65cb50e7d64d1cf314e87504837?s=96&d=mm&r=g","caption":"Arnaldo Botto"},"url":"https:\/\/www.noticiasradioreflejos.com.ar\/2021\/author\/arnaldo\/"}]}},"_links":{"self":[{"href":"https:\/\/www.noticiasradioreflejos.com.ar\/2021\/wp-json\/wp\/v2\/posts\/13089","targetHints":{"allow":["GET"]}}],"collection":[{"href":"https:\/\/www.noticiasradioreflejos.com.ar\/2021\/wp-json\/wp\/v2\/posts"}],"about":[{"href":"https:\/\/www.noticiasradioreflejos.com.ar\/2021\/wp-json\/wp\/v2\/types\/post"}],"author":[{"embeddable":true,"href":"https:\/\/www.noticiasradioreflejos.com.ar\/2021\/wp-json\/wp\/v2\/users\/3"}],"replies":[{"embeddable":true,"href":"https:\/\/www.noticiasradioreflejos.com.ar\/2021\/wp-json\/wp\/v2\/comments?post=13089"}],"version-history":[{"count":0,"href":"https:\/\/www.noticiasradioreflejos.com.ar\/2021\/wp-json\/wp\/v2\/posts\/13089\/revisions"}],"wp:attachment":[{"href":"https:\/\/www.noticiasradioreflejos.com.ar\/2021\/wp-json\/wp\/v2\/media?parent=13089"}],"wp:term":[{"taxonomy":"category","embeddable":true,"href":"https:\/\/www.noticiasradioreflejos.com.ar\/2021\/wp-json\/wp\/v2\/categories?post=13089"},{"taxonomy":"post_tag","embeddable":true,"href":"https:\/\/www.noticiasradioreflejos.com.ar\/2021\/wp-json\/wp\/v2\/tags?post=13089"}],"curies":[{"name":"wp","href":"https:\/\/api.w.org\/{rel}","templated":true}]}}