{"id":130884,"date":"2026-01-06T13:12:46","date_gmt":"2026-01-06T16:12:46","guid":{"rendered":"https:\/\/www.noticiasradioreflejos.com.ar\/2021\/?p=130884"},"modified":"2026-01-06T13:12:46","modified_gmt":"2026-01-06T16:12:46","slug":"incendio-forestal-en-zona-turistica-de-chubut-arraso-con-viviendas-y-vehiculos","status":"publish","type":"post","link":"https:\/\/www.noticiasradioreflejos.com.ar\/2021\/incendio-forestal-en-zona-turistica-de-chubut-arraso-con-viviendas-y-vehiculos\/","title":{"rendered":"Incendio forestal en zona tur\u00edstica de Chubut arras\u00f3 con viviendas y veh\u00edculos"},"content":{"rendered":"<p>El fuego se dio en Puerto Patriada, en la localidad de El Hoyo.<!--more-->Un<strong>\u00a0incendio forestal se desat\u00f3 en la zona de Puerto Patriada, en la localidad de El Hoyo<\/strong>\u00a0en la provincia de Chubut, y arras\u00f3 con diez viviendas y varios veh\u00edculos.<\/p>\n<div class=\"article-body\" data-tadevel-template=\"web\/article-body\">\n<div class=\"article-body-content\">\n<p>Seg\u00fan pudo saber la\u00a0<a href=\"https:\/\/es.wikipedia.org\/wiki\/Noticias_Argentinas\" target=\"_blank\" rel=\"noopener nofollow\"><strong>Agencia Noticias Argentinas<\/strong><\/a>,\u00a0<strong>cientos de visitantes y pobladores tuvieron que ser evacuados<\/strong>\u00a0por el avance de las llamas en esta villa tur\u00edstica ubicada en el norte de la provincia del sur de la Argentina.<\/p>\n<p>Para frenar el fuego, se puso en marcha un plan de acci\u00f3n que incluye la<strong>\u00a0participaci\u00f3n de unas 230 personas, entre combatientes y equipos de apoyo.<\/strong>\u00a0El fuego en el sector conocido como Primera Cantera sigue activo y al momento afect\u00f3 vegetaci\u00f3n variada como bosque nativo, bosque implantado, matorrales y arbustos.<\/p>\n<p>La<strong>\u00a0sequ\u00eda extrema, la ausencia de precipitaciones y el viento constante<\/strong>\u00a0dificultan el combate de las llamas, que avanzan sin control.<\/p>\n<p>En tanto, el\u00a0<strong>intendente C\u00e9sar Salam\u00edn<\/strong>\u00a0confirm\u00f3 la p\u00e9rdida de\u00a0<strong>diez casas y cuatro veh\u00edculos<\/strong>. Asimismo, se confirm\u00f3 la<strong>\u00a0evacuaci\u00f3n de unas 700 personas<\/strong>, en la zona donde<strong>\u00a0funcionan varios camping y establecimientos alojativos.<\/strong><\/p>\n<p title=\"__IP__\" data-ipspy=\"__IP__\">El presidente de la Federaci\u00f3n de Bomberos de Chubut, Rub\u00e9n Oliva, declar\u00f3:<strong>\u00a0\u201cLa cordillera completa es un lugar complicado en este momento por la sequ\u00eda y la temperatura. Se desplazan m\u00f3viles, pero no se pueden descuidar las localidades donde est\u00e1n cada uno de los cuarteles\u201d.<\/strong><\/p>\n<p><strong>\u201cPuerto Patriada tiene un solo ingreso. Eso complica mucho, sobre todo cuando a trav\u00e9s de la Polic\u00eda se estaba sacando a la gente que permanec\u00eda en el lugar, tanto vecinos como la gran cantidad de personas que hab\u00eda a orillas del lago. Hay muchas viviendas dentro de la zona, con mucha vegetaci\u00f3n alrededor\u201d<\/strong>\u00a0agreg\u00f3 en di\u00e1logo con\u00a0FM El Chubut.<\/p>\n<p>Adem\u00e1s, Oliva explic\u00f3 que se dificulta la defensa de las casas debido a que la vegetaci\u00f3n es\u00a0<strong>\u201cimplantada, t\u00edpica de la zona, muy cercana a las viviendas. Siempre se prioriza la vida de las personas y del personal interviniente, pero se trabaja para evitar la p\u00e9rdida material\u201d<\/strong>.<\/p>\n<p>&nbsp;<\/p>\n<p><a href=\"https:\/\/noticiasargentinas.com\/-agenciana_t6916e70a4551e78eb9423f59\"><strong>Fuente #AgenciaNA<\/strong><\/a><\/p>\n<\/div>\n<\/div>\n","protected":false},"excerpt":{"rendered":"<p>El fuego se dio en Puerto Patriada, en la localidad de El Hoyo.<\/p>\n","protected":false},"author":3,"featured_media":0,"comment_status":"closed","ping_status":"closed","sticky":false,"template":"","format":"standard","meta":{"footnotes":""},"categories":[26],"tags":[],"class_list":["post-130884","post","type-post","status-publish","format-standard","hentry","category-sociedad"],"yoast_head":"<!-- This site is optimized with the Yoast SEO plugin v25.9 - https:\/\/yoast.com\/wordpress\/plugins\/seo\/ -->\n<title>Incendio forestal en zona tur\u00edstica de Chubut arras\u00f3 con viviendas y veh\u00edculos - Noticias Radio Reflejos<\/title>\n<meta name=\"robots\" content=\"index, follow, max-snippet:-1, max-image-preview:large, max-video-preview:-1\" \/>\n<link rel=\"canonical\" href=\"https:\/\/www.noticiasradioreflejos.com.ar\/2021\/incendio-forestal-en-zona-turistica-de-chubut-arraso-con-viviendas-y-vehiculos\/\" \/>\n<meta property=\"og:locale\" content=\"es_ES\" \/>\n<meta property=\"og:type\" content=\"article\" \/>\n<meta property=\"og:title\" content=\"Incendio forestal en zona tur\u00edstica de Chubut arras\u00f3 con viviendas y veh\u00edculos - Noticias Radio Reflejos\" \/>\n<meta property=\"og:description\" content=\"El fuego se dio en Puerto Patriada, en la localidad de El Hoyo.\" \/>\n<meta property=\"og:url\" content=\"https:\/\/www.noticiasradioreflejos.com.ar\/2021\/incendio-forestal-en-zona-turistica-de-chubut-arraso-con-viviendas-y-vehiculos\/\" \/>\n<meta property=\"og:site_name\" content=\"Noticias Radio Reflejos\" \/>\n<meta property=\"article:published_time\" content=\"2026-01-06T16:12:46+00:00\" \/>\n<meta property=\"og:image\" content=\"https:\/\/www.noticiasradioreflejos.com.ar\/2021\/wp-content\/uploads\/2026\/01\/720-3.webp\" \/>\n\t<meta property=\"og:image:width\" content=\"1264\" \/>\n\t<meta property=\"og:image:height\" content=\"720\" \/>\n\t<meta property=\"og:image:type\" content=\"image\/webp\" \/>\n<meta name=\"author\" content=\"Arnaldo Botto\" \/>\n<meta name=\"twitter:card\" content=\"summary_large_image\" \/>\n<script type=\"application\/ld+json\" class=\"yoast-schema-graph\">{\"@context\":\"https:\/\/schema.org\",\"@graph\":[{\"@type\":\"WebPage\",\"@id\":\"https:\/\/www.noticiasradioreflejos.com.ar\/2021\/incendio-forestal-en-zona-turistica-de-chubut-arraso-con-viviendas-y-vehiculos\/\",\"url\":\"https:\/\/www.noticiasradioreflejos.com.ar\/2021\/incendio-forestal-en-zona-turistica-de-chubut-arraso-con-viviendas-y-vehiculos\/\",\"name\":\"Incendio forestal en zona tur\u00edstica de Chubut arras\u00f3 con viviendas y veh\u00edculos - Noticias Radio Reflejos\",\"isPartOf\":{\"@id\":\"https:\/\/www.noticiasradioreflejos.com.ar\/2021\/#website\"},\"datePublished\":\"2026-01-06T16:12:46+00:00\",\"author\":{\"@id\":\"https:\/\/www.noticiasradioreflejos.com.ar\/2021\/#\/schema\/person\/ad82545263dcc5ec0996818884fd5fb1\"},\"breadcrumb\":{\"@id\":\"https:\/\/www.noticiasradioreflejos.com.ar\/2021\/incendio-forestal-en-zona-turistica-de-chubut-arraso-con-viviendas-y-vehiculos\/#breadcrumb\"},\"inLanguage\":\"es\",\"potentialAction\":[{\"@type\":\"ReadAction\",\"target\":[\"https:\/\/www.noticiasradioreflejos.com.ar\/2021\/incendio-forestal-en-zona-turistica-de-chubut-arraso-con-viviendas-y-vehiculos\/\"]}]},{\"@type\":\"BreadcrumbList\",\"@id\":\"https:\/\/www.noticiasradioreflejos.com.ar\/2021\/incendio-forestal-en-zona-turistica-de-chubut-arraso-con-viviendas-y-vehiculos\/#breadcrumb\",\"itemListElement\":[{\"@type\":\"ListItem\",\"position\":1,\"name\":\"Portada\",\"item\":\"https:\/\/www.noticiasradioreflejos.com.ar\/2021\/\"},{\"@type\":\"ListItem\",\"position\":2,\"name\":\"Incendio forestal en zona tur\u00edstica de Chubut arras\u00f3 con viviendas y veh\u00edculos\"}]},{\"@type\":\"WebSite\",\"@id\":\"https:\/\/www.noticiasradioreflejos.com.ar\/2021\/#website\",\"url\":\"https:\/\/www.noticiasradioreflejos.com.ar\/2021\/\",\"name\":\"Noticias Radio Reflejos\",\"description\":\"Las noticias de mi comarca\",\"potentialAction\":[{\"@type\":\"SearchAction\",\"target\":{\"@type\":\"EntryPoint\",\"urlTemplate\":\"https:\/\/www.noticiasradioreflejos.com.ar\/2021\/?s={search_term_string}\"},\"query-input\":{\"@type\":\"PropertyValueSpecification\",\"valueRequired\":true,\"valueName\":\"search_term_string\"}}],\"inLanguage\":\"es\"},{\"@type\":\"Person\",\"@id\":\"https:\/\/www.noticiasradioreflejos.com.ar\/2021\/#\/schema\/person\/ad82545263dcc5ec0996818884fd5fb1\",\"name\":\"Arnaldo Botto\",\"image\":{\"@type\":\"ImageObject\",\"inLanguage\":\"es\",\"@id\":\"https:\/\/www.noticiasradioreflejos.com.ar\/2021\/#\/schema\/person\/image\/\",\"url\":\"https:\/\/secure.gravatar.com\/avatar\/55cb5e37c1efa326397366e6974cb338056df65cb50e7d64d1cf314e87504837?s=96&d=mm&r=g\",\"contentUrl\":\"https:\/\/secure.gravatar.com\/avatar\/55cb5e37c1efa326397366e6974cb338056df65cb50e7d64d1cf314e87504837?s=96&d=mm&r=g\",\"caption\":\"Arnaldo Botto\"},\"url\":\"https:\/\/www.noticiasradioreflejos.com.ar\/2021\/author\/arnaldo\/\"}]}<\/script>\n<!-- \/ Yoast SEO plugin. -->","yoast_head_json":{"title":"Incendio forestal en zona tur\u00edstica de Chubut arras\u00f3 con viviendas y veh\u00edculos - Noticias Radio Reflejos","robots":{"index":"index","follow":"follow","max-snippet":"max-snippet:-1","max-image-preview":"max-image-preview:large","max-video-preview":"max-video-preview:-1"},"canonical":"https:\/\/www.noticiasradioreflejos.com.ar\/2021\/incendio-forestal-en-zona-turistica-de-chubut-arraso-con-viviendas-y-vehiculos\/","og_locale":"es_ES","og_type":"article","og_title":"Incendio forestal en zona tur\u00edstica de Chubut arras\u00f3 con viviendas y veh\u00edculos - Noticias Radio Reflejos","og_description":"El fuego se dio en Puerto Patriada, en la localidad de El Hoyo.","og_url":"https:\/\/www.noticiasradioreflejos.com.ar\/2021\/incendio-forestal-en-zona-turistica-de-chubut-arraso-con-viviendas-y-vehiculos\/","og_site_name":"Noticias Radio Reflejos","article_published_time":"2026-01-06T16:12:46+00:00","og_image":[{"width":1264,"height":720,"url":"https:\/\/www.noticiasradioreflejos.com.ar\/2021\/wp-content\/uploads\/2026\/01\/720-3.webp","type":"image\/webp"}],"author":"Arnaldo Botto","twitter_card":"summary_large_image","schema":{"@context":"https:\/\/schema.org","@graph":[{"@type":"WebPage","@id":"https:\/\/www.noticiasradioreflejos.com.ar\/2021\/incendio-forestal-en-zona-turistica-de-chubut-arraso-con-viviendas-y-vehiculos\/","url":"https:\/\/www.noticiasradioreflejos.com.ar\/2021\/incendio-forestal-en-zona-turistica-de-chubut-arraso-con-viviendas-y-vehiculos\/","name":"Incendio forestal en zona tur\u00edstica de Chubut arras\u00f3 con viviendas y veh\u00edculos - Noticias Radio Reflejos","isPartOf":{"@id":"https:\/\/www.noticiasradioreflejos.com.ar\/2021\/#website"},"datePublished":"2026-01-06T16:12:46+00:00","author":{"@id":"https:\/\/www.noticiasradioreflejos.com.ar\/2021\/#\/schema\/person\/ad82545263dcc5ec0996818884fd5fb1"},"breadcrumb":{"@id":"https:\/\/www.noticiasradioreflejos.com.ar\/2021\/incendio-forestal-en-zona-turistica-de-chubut-arraso-con-viviendas-y-vehiculos\/#breadcrumb"},"inLanguage":"es","potentialAction":[{"@type":"ReadAction","target":["https:\/\/www.noticiasradioreflejos.com.ar\/2021\/incendio-forestal-en-zona-turistica-de-chubut-arraso-con-viviendas-y-vehiculos\/"]}]},{"@type":"BreadcrumbList","@id":"https:\/\/www.noticiasradioreflejos.com.ar\/2021\/incendio-forestal-en-zona-turistica-de-chubut-arraso-con-viviendas-y-vehiculos\/#breadcrumb","itemListElement":[{"@type":"ListItem","position":1,"name":"Portada","item":"https:\/\/www.noticiasradioreflejos.com.ar\/2021\/"},{"@type":"ListItem","position":2,"name":"Incendio forestal en zona tur\u00edstica de Chubut arras\u00f3 con viviendas y veh\u00edculos"}]},{"@type":"WebSite","@id":"https:\/\/www.noticiasradioreflejos.com.ar\/2021\/#website","url":"https:\/\/www.noticiasradioreflejos.com.ar\/2021\/","name":"Noticias Radio Reflejos","description":"Las noticias de mi comarca","potentialAction":[{"@type":"SearchAction","target":{"@type":"EntryPoint","urlTemplate":"https:\/\/www.noticiasradioreflejos.com.ar\/2021\/?s={search_term_string}"},"query-input":{"@type":"PropertyValueSpecification","valueRequired":true,"valueName":"search_term_string"}}],"inLanguage":"es"},{"@type":"Person","@id":"https:\/\/www.noticiasradioreflejos.com.ar\/2021\/#\/schema\/person\/ad82545263dcc5ec0996818884fd5fb1","name":"Arnaldo Botto","image":{"@type":"ImageObject","inLanguage":"es","@id":"https:\/\/www.noticiasradioreflejos.com.ar\/2021\/#\/schema\/person\/image\/","url":"https:\/\/secure.gravatar.com\/avatar\/55cb5e37c1efa326397366e6974cb338056df65cb50e7d64d1cf314e87504837?s=96&d=mm&r=g","contentUrl":"https:\/\/secure.gravatar.com\/avatar\/55cb5e37c1efa326397366e6974cb338056df65cb50e7d64d1cf314e87504837?s=96&d=mm&r=g","caption":"Arnaldo Botto"},"url":"https:\/\/www.noticiasradioreflejos.com.ar\/2021\/author\/arnaldo\/"}]}},"_links":{"self":[{"href":"https:\/\/www.noticiasradioreflejos.com.ar\/2021\/wp-json\/wp\/v2\/posts\/130884","targetHints":{"allow":["GET"]}}],"collection":[{"href":"https:\/\/www.noticiasradioreflejos.com.ar\/2021\/wp-json\/wp\/v2\/posts"}],"about":[{"href":"https:\/\/www.noticiasradioreflejos.com.ar\/2021\/wp-json\/wp\/v2\/types\/post"}],"author":[{"embeddable":true,"href":"https:\/\/www.noticiasradioreflejos.com.ar\/2021\/wp-json\/wp\/v2\/users\/3"}],"replies":[{"embeddable":true,"href":"https:\/\/www.noticiasradioreflejos.com.ar\/2021\/wp-json\/wp\/v2\/comments?post=130884"}],"version-history":[{"count":1,"href":"https:\/\/www.noticiasradioreflejos.com.ar\/2021\/wp-json\/wp\/v2\/posts\/130884\/revisions"}],"predecessor-version":[{"id":130886,"href":"https:\/\/www.noticiasradioreflejos.com.ar\/2021\/wp-json\/wp\/v2\/posts\/130884\/revisions\/130886"}],"wp:attachment":[{"href":"https:\/\/www.noticiasradioreflejos.com.ar\/2021\/wp-json\/wp\/v2\/media?parent=130884"}],"wp:term":[{"taxonomy":"category","embeddable":true,"href":"https:\/\/www.noticiasradioreflejos.com.ar\/2021\/wp-json\/wp\/v2\/categories?post=130884"},{"taxonomy":"post_tag","embeddable":true,"href":"https:\/\/www.noticiasradioreflejos.com.ar\/2021\/wp-json\/wp\/v2\/tags?post=130884"}],"curies":[{"name":"wp","href":"https:\/\/api.w.org\/{rel}","templated":true}]}}