{"id":130879,"date":"2026-01-06T17:33:53","date_gmt":"2026-01-06T20:33:53","guid":{"rendered":"https:\/\/www.noticiasradioreflejos.com.ar\/2021\/?p=130879"},"modified":"2026-01-06T17:34:18","modified_gmt":"2026-01-06T20:34:18","slug":"ilusion-que-llega-por-agua-los-reyes-magos-celebran-su-37a-edicion-en-la-laguna-las-encadenadas","status":"publish","type":"post","link":"https:\/\/www.noticiasradioreflejos.com.ar\/2021\/ilusion-que-llega-por-agua-los-reyes-magos-celebran-su-37a-edicion-en-la-laguna-las-encadenadas\/","title":{"rendered":"Ilusi\u00f3n que llega por agua: Los Reyes Magos celebran su 37\u00aa edici\u00f3n en la Laguna \u201cLas Encadenadas\u201d"},"content":{"rendered":"<p>Con el tradicional arribo en lancha y un entorno natural privilegiado, el Club de Pesca Tornquist se prepara para una nueva edici\u00f3n de su fiesta m\u00e1s emblem\u00e1tica. El evento, que une a m\u00faltiples generaciones, contar\u00e1 este a\u00f1o con m\u00fasica en vivo de Radio Robot, el set de DJ Santi Kugler y un renovado patio de comidas con opciones para cel\u00edacos. A pesar del crecimiento del nivel de la laguna, los organizadores aseguran que la playa se encuentra en \u00f3ptimas condiciones para recibir a las familias que buscan disfrutar de la magia de los Reyes en un ambiente seguro y tranquilo.<!--more--><\/p>\n<p>La llegada de los Reyes Magos a la Laguna \u201cLas Encadenadas\u201d cumple su 37\u00aa edici\u00f3n, organizada por el Club de Pesca Tornquist. Con la particularidad de que los Reyes arriban en lancha, el evento combina tradici\u00f3n, m\u00fasica y gastronom\u00eda en un entorno natural que convoca a generaciones enteras.<\/p>\n<p>\u201cEsperamos que lleguen con la misma ilusi\u00f3n, solo que ac\u00e1 llegan en lancha. Porque, obviamente, no pueden llegar en otro transporte\u201d, explic\u00f3 <strong>Guillermina Mutti<\/strong> sobre la caracter\u00edstica \u00fanica de esta celebraci\u00f3n.<\/p>\n<p>Respecto al estado de la laguna, coment\u00f3: \u201cProducto de las abundantes lluvias durante el a\u00f1o, ahora tenemos un poco menos de playa que el a\u00f1o pasado. Pero sigue siendo un lugar super tranquilo y seguro para los ni\u00f1os, sobre todo. Ha crecido la laguna pero no en profundidad\u201d. Tambi\u00e9n destac\u00f3 la belleza del lugar: \u201cCuando sopla el viento sur, en la playa no te das cuenta y pareciera que est\u00e1s en otro lugar. La playa est\u00e1 muy linda\u201d.<\/p>\n<p><a href=\"https:\/\/www.noticiasradioreflejos.com.ar\/2021\/ilusion-que-llega-por-agua-los-reyes-magos-celebran-su-37a-edicion-en-la-laguna-las-encadenadas\/laguna-1\/\" rel=\"attachment wp-att-130889\"><img loading=\"lazy\" decoding=\"async\" class=\"aligncenter size-full wp-image-130889\" src=\"https:\/\/www.noticiasradioreflejos.com.ar\/2021\/wp-content\/uploads\/2026\/01\/laguna-1.jpg\" alt=\"\" width=\"1204\" height=\"955\" srcset=\"https:\/\/www.noticiasradioreflejos.com.ar\/2021\/wp-content\/uploads\/2026\/01\/laguna-1.jpg 1204w, https:\/\/www.noticiasradioreflejos.com.ar\/2021\/wp-content\/uploads\/2026\/01\/laguna-1-300x238.jpg 300w, https:\/\/www.noticiasradioreflejos.com.ar\/2021\/wp-content\/uploads\/2026\/01\/laguna-1-1024x812.jpg 1024w, https:\/\/www.noticiasradioreflejos.com.ar\/2021\/wp-content\/uploads\/2026\/01\/laguna-1-768x609.jpg 768w, https:\/\/www.noticiasradioreflejos.com.ar\/2021\/wp-content\/uploads\/2026\/01\/laguna-1-750x595.jpg 750w, https:\/\/www.noticiasradioreflejos.com.ar\/2021\/wp-content\/uploads\/2026\/01\/laguna-1-1140x904.jpg 1140w\" sizes=\"auto, (max-width: 1204px) 100vw, 1204px\" \/><\/a><\/p>\n<p>La fiesta contar\u00e1 con bar de playa, m\u00fasica y un patio de comidas con men\u00fa para cel\u00edacos. La entrada ser\u00e1 de $6000 para mayores de 12 a\u00f1os, mientras que los chicos ingresar\u00e1n gratis. En cuanto al alojamiento, Mutti se\u00f1al\u00f3 que las casas est\u00e1n ocupadas, aunque a\u00fan quedan disponibles algunos dormis y el camping.<\/p>\n<p>\u201cPara quienes estamos ac\u00e1 hace mucho tiempo, es una fiesta esperada. Es una fiesta que afecta a muchas generaciones. Ac\u00e1 siempre desde la comisi\u00f3n damos una mano para que todo salga como queremos\u201d, expres\u00f3.<\/p>\n<p>El evento tendr\u00e1 la presentaci\u00f3n de **Radio Robot** y del **DJ Santi Kugler**, y cerrar\u00e1 con la tradicional entrega de regalos: \u201cLos reyes ya nos dijeron que vienen con muchos regalos para dejar en la playa\u201d, concluy\u00f3 Mutti, apelando a la ilusi\u00f3n de los m\u00e1s chicos.<\/p>\n<audio class=\"wp-audio-shortcode\" id=\"audio-130879-1\" preload=\"none\" style=\"width: 100%;\" controls=\"controls\"><source type=\"audio\/mpeg\" src=\"https:\/\/www.noticiasradioreflejos.com.ar\/2021\/wp-content\/uploads\/2026\/01\/Guillermina-Mutti.mp3?_=1\" \/><a href=\"https:\/\/www.noticiasradioreflejos.com.ar\/2021\/wp-content\/uploads\/2026\/01\/Guillermina-Mutti.mp3\">https:\/\/www.noticiasradioreflejos.com.ar\/2021\/wp-content\/uploads\/2026\/01\/Guillermina-Mutti.mp3<\/a><\/audio>\n<p>&nbsp;<\/p>\n<p><a href=\"https:\/\/www.noticiasradioreflejos.com.ar\/2021\/ilusion-que-llega-por-agua-los-reyes-magos-celebran-su-37a-edicion-en-la-laguna-las-encadenadas\/whatsapp-image-2026-01-06-at-12-30-06\/\" rel=\"attachment wp-att-130890\"><img loading=\"lazy\" decoding=\"async\" class=\"aligncenter size-full wp-image-130890\" src=\"https:\/\/www.noticiasradioreflejos.com.ar\/2021\/wp-content\/uploads\/2026\/01\/WhatsApp-Image-2026-01-06-at-12.30.06.jpeg\" alt=\"\" width=\"1600\" height=\"1204\" srcset=\"https:\/\/www.noticiasradioreflejos.com.ar\/2021\/wp-content\/uploads\/2026\/01\/WhatsApp-Image-2026-01-06-at-12.30.06.jpeg 1600w, https:\/\/www.noticiasradioreflejos.com.ar\/2021\/wp-content\/uploads\/2026\/01\/WhatsApp-Image-2026-01-06-at-12.30.06-300x226.jpeg 300w, https:\/\/www.noticiasradioreflejos.com.ar\/2021\/wp-content\/uploads\/2026\/01\/WhatsApp-Image-2026-01-06-at-12.30.06-1024x771.jpeg 1024w, https:\/\/www.noticiasradioreflejos.com.ar\/2021\/wp-content\/uploads\/2026\/01\/WhatsApp-Image-2026-01-06-at-12.30.06-768x578.jpeg 768w, https:\/\/www.noticiasradioreflejos.com.ar\/2021\/wp-content\/uploads\/2026\/01\/WhatsApp-Image-2026-01-06-at-12.30.06-1536x1156.jpeg 1536w, https:\/\/www.noticiasradioreflejos.com.ar\/2021\/wp-content\/uploads\/2026\/01\/WhatsApp-Image-2026-01-06-at-12.30.06-750x564.jpeg 750w, https:\/\/www.noticiasradioreflejos.com.ar\/2021\/wp-content\/uploads\/2026\/01\/WhatsApp-Image-2026-01-06-at-12.30.06-1140x858.jpeg 1140w\" sizes=\"auto, (max-width: 1600px) 100vw, 1600px\" \/><\/a><\/p>\n","protected":false},"excerpt":{"rendered":"<p>Con el tradicional arribo en lancha y un entorno natural privilegiado, el Club de Pesca Tornquist se prepara para una nueva edici\u00f3n de su fiesta m\u00e1s emblem\u00e1tica. El evento, que une a m\u00faltiples generaciones, contar\u00e1 este a\u00f1o con m\u00fasica en vivo de Radio Robot, el set de DJ Santi Kugler y un renovado patio de [&hellip;]<\/p>\n","protected":false},"author":3,"featured_media":130888,"comment_status":"closed","ping_status":"closed","sticky":false,"template":"","format":"standard","meta":{"footnotes":""},"categories":[26,33],"tags":[48],"class_list":["post-130879","post","type-post","status-publish","format-standard","has-post-thumbnail","hentry","category-sociedad","category-turismo","tag-destacada"],"yoast_head":"<!-- This site is optimized with the Yoast SEO plugin v25.9 - https:\/\/yoast.com\/wordpress\/plugins\/seo\/ -->\n<title>Ilusi\u00f3n que llega por agua: Los Reyes Magos celebran su 37\u00aa edici\u00f3n en la Laguna \u201cLas Encadenadas\u201d - Noticias Radio Reflejos<\/title>\n<meta name=\"robots\" content=\"index, follow, max-snippet:-1, max-image-preview:large, max-video-preview:-1\" \/>\n<link rel=\"canonical\" href=\"https:\/\/www.noticiasradioreflejos.com.ar\/2021\/ilusion-que-llega-por-agua-los-reyes-magos-celebran-su-37a-edicion-en-la-laguna-las-encadenadas\/\" \/>\n<meta property=\"og:locale\" content=\"es_ES\" \/>\n<meta property=\"og:type\" content=\"article\" \/>\n<meta property=\"og:title\" content=\"Ilusi\u00f3n que llega por agua: Los Reyes Magos celebran su 37\u00aa edici\u00f3n en la Laguna \u201cLas Encadenadas\u201d - Noticias Radio Reflejos\" \/>\n<meta property=\"og:description\" content=\"Con el tradicional arribo en lancha y un entorno natural privilegiado, el Club de Pesca Tornquist se prepara para una nueva edici\u00f3n de su fiesta m\u00e1s emblem\u00e1tica. El evento, que une a m\u00faltiples generaciones, contar\u00e1 este a\u00f1o con m\u00fasica en vivo de Radio Robot, el set de DJ Santi Kugler y un renovado patio de [&hellip;]\" \/>\n<meta property=\"og:url\" content=\"https:\/\/www.noticiasradioreflejos.com.ar\/2021\/ilusion-que-llega-por-agua-los-reyes-magos-celebran-su-37a-edicion-en-la-laguna-las-encadenadas\/\" \/>\n<meta property=\"og:site_name\" content=\"Noticias Radio Reflejos\" \/>\n<meta property=\"article:published_time\" content=\"2026-01-06T20:33:53+00:00\" \/>\n<meta property=\"article:modified_time\" content=\"2026-01-06T20:34:18+00:00\" \/>\n<meta property=\"og:image\" content=\"https:\/\/www.noticiasradioreflejos.com.ar\/2021\/wp-content\/uploads\/2026\/01\/laguna.jpg\" \/>\n\t<meta property=\"og:image:width\" content=\"1204\" \/>\n\t<meta property=\"og:image:height\" content=\"807\" \/>\n\t<meta property=\"og:image:type\" content=\"image\/jpeg\" \/>\n<meta name=\"author\" content=\"Arnaldo Botto\" \/>\n<meta name=\"twitter:card\" content=\"summary_large_image\" \/>\n<script type=\"application\/ld+json\" class=\"yoast-schema-graph\">{\"@context\":\"https:\/\/schema.org\",\"@graph\":[{\"@type\":\"WebPage\",\"@id\":\"https:\/\/www.noticiasradioreflejos.com.ar\/2021\/ilusion-que-llega-por-agua-los-reyes-magos-celebran-su-37a-edicion-en-la-laguna-las-encadenadas\/\",\"url\":\"https:\/\/www.noticiasradioreflejos.com.ar\/2021\/ilusion-que-llega-por-agua-los-reyes-magos-celebran-su-37a-edicion-en-la-laguna-las-encadenadas\/\",\"name\":\"Ilusi\u00f3n que llega por agua: Los Reyes Magos celebran su 37\u00aa edici\u00f3n en la Laguna \u201cLas Encadenadas\u201d - Noticias Radio Reflejos\",\"isPartOf\":{\"@id\":\"https:\/\/www.noticiasradioreflejos.com.ar\/2021\/#website\"},\"primaryImageOfPage\":{\"@id\":\"https:\/\/www.noticiasradioreflejos.com.ar\/2021\/ilusion-que-llega-por-agua-los-reyes-magos-celebran-su-37a-edicion-en-la-laguna-las-encadenadas\/#primaryimage\"},\"image\":{\"@id\":\"https:\/\/www.noticiasradioreflejos.com.ar\/2021\/ilusion-que-llega-por-agua-los-reyes-magos-celebran-su-37a-edicion-en-la-laguna-las-encadenadas\/#primaryimage\"},\"thumbnailUrl\":\"https:\/\/www.noticiasradioreflejos.com.ar\/2021\/wp-content\/uploads\/2026\/01\/laguna.jpg\",\"datePublished\":\"2026-01-06T20:33:53+00:00\",\"dateModified\":\"2026-01-06T20:34:18+00:00\",\"author\":{\"@id\":\"https:\/\/www.noticiasradioreflejos.com.ar\/2021\/#\/schema\/person\/ad82545263dcc5ec0996818884fd5fb1\"},\"breadcrumb\":{\"@id\":\"https:\/\/www.noticiasradioreflejos.com.ar\/2021\/ilusion-que-llega-por-agua-los-reyes-magos-celebran-su-37a-edicion-en-la-laguna-las-encadenadas\/#breadcrumb\"},\"inLanguage\":\"es\",\"potentialAction\":[{\"@type\":\"ReadAction\",\"target\":[\"https:\/\/www.noticiasradioreflejos.com.ar\/2021\/ilusion-que-llega-por-agua-los-reyes-magos-celebran-su-37a-edicion-en-la-laguna-las-encadenadas\/\"]}]},{\"@type\":\"ImageObject\",\"inLanguage\":\"es\",\"@id\":\"https:\/\/www.noticiasradioreflejos.com.ar\/2021\/ilusion-que-llega-por-agua-los-reyes-magos-celebran-su-37a-edicion-en-la-laguna-las-encadenadas\/#primaryimage\",\"url\":\"https:\/\/www.noticiasradioreflejos.com.ar\/2021\/wp-content\/uploads\/2026\/01\/laguna.jpg\",\"contentUrl\":\"https:\/\/www.noticiasradioreflejos.com.ar\/2021\/wp-content\/uploads\/2026\/01\/laguna.jpg\",\"width\":1204,\"height\":807},{\"@type\":\"BreadcrumbList\",\"@id\":\"https:\/\/www.noticiasradioreflejos.com.ar\/2021\/ilusion-que-llega-por-agua-los-reyes-magos-celebran-su-37a-edicion-en-la-laguna-las-encadenadas\/#breadcrumb\",\"itemListElement\":[{\"@type\":\"ListItem\",\"position\":1,\"name\":\"Portada\",\"item\":\"https:\/\/www.noticiasradioreflejos.com.ar\/2021\/\"},{\"@type\":\"ListItem\",\"position\":2,\"name\":\"Ilusi\u00f3n que llega por agua: Los Reyes Magos celebran su 37\u00aa edici\u00f3n en la Laguna \u201cLas Encadenadas\u201d\"}]},{\"@type\":\"WebSite\",\"@id\":\"https:\/\/www.noticiasradioreflejos.com.ar\/2021\/#website\",\"url\":\"https:\/\/www.noticiasradioreflejos.com.ar\/2021\/\",\"name\":\"Noticias Radio Reflejos\",\"description\":\"Las noticias de mi comarca\",\"potentialAction\":[{\"@type\":\"SearchAction\",\"target\":{\"@type\":\"EntryPoint\",\"urlTemplate\":\"https:\/\/www.noticiasradioreflejos.com.ar\/2021\/?s={search_term_string}\"},\"query-input\":{\"@type\":\"PropertyValueSpecification\",\"valueRequired\":true,\"valueName\":\"search_term_string\"}}],\"inLanguage\":\"es\"},{\"@type\":\"Person\",\"@id\":\"https:\/\/www.noticiasradioreflejos.com.ar\/2021\/#\/schema\/person\/ad82545263dcc5ec0996818884fd5fb1\",\"name\":\"Arnaldo Botto\",\"image\":{\"@type\":\"ImageObject\",\"inLanguage\":\"es\",\"@id\":\"https:\/\/www.noticiasradioreflejos.com.ar\/2021\/#\/schema\/person\/image\/\",\"url\":\"https:\/\/secure.gravatar.com\/avatar\/55cb5e37c1efa326397366e6974cb338056df65cb50e7d64d1cf314e87504837?s=96&d=mm&r=g\",\"contentUrl\":\"https:\/\/secure.gravatar.com\/avatar\/55cb5e37c1efa326397366e6974cb338056df65cb50e7d64d1cf314e87504837?s=96&d=mm&r=g\",\"caption\":\"Arnaldo Botto\"},\"url\":\"https:\/\/www.noticiasradioreflejos.com.ar\/2021\/author\/arnaldo\/\"}]}<\/script>\n<!-- \/ Yoast SEO plugin. -->","yoast_head_json":{"title":"Ilusi\u00f3n que llega por agua: Los Reyes Magos celebran su 37\u00aa edici\u00f3n en la Laguna \u201cLas Encadenadas\u201d - Noticias Radio Reflejos","robots":{"index":"index","follow":"follow","max-snippet":"max-snippet:-1","max-image-preview":"max-image-preview:large","max-video-preview":"max-video-preview:-1"},"canonical":"https:\/\/www.noticiasradioreflejos.com.ar\/2021\/ilusion-que-llega-por-agua-los-reyes-magos-celebran-su-37a-edicion-en-la-laguna-las-encadenadas\/","og_locale":"es_ES","og_type":"article","og_title":"Ilusi\u00f3n que llega por agua: Los Reyes Magos celebran su 37\u00aa edici\u00f3n en la Laguna \u201cLas Encadenadas\u201d - Noticias Radio Reflejos","og_description":"Con el tradicional arribo en lancha y un entorno natural privilegiado, el Club de Pesca Tornquist se prepara para una nueva edici\u00f3n de su fiesta m\u00e1s emblem\u00e1tica. El evento, que une a m\u00faltiples generaciones, contar\u00e1 este a\u00f1o con m\u00fasica en vivo de Radio Robot, el set de DJ Santi Kugler y un renovado patio de [&hellip;]","og_url":"https:\/\/www.noticiasradioreflejos.com.ar\/2021\/ilusion-que-llega-por-agua-los-reyes-magos-celebran-su-37a-edicion-en-la-laguna-las-encadenadas\/","og_site_name":"Noticias Radio Reflejos","article_published_time":"2026-01-06T20:33:53+00:00","article_modified_time":"2026-01-06T20:34:18+00:00","og_image":[{"width":1204,"height":807,"url":"https:\/\/www.noticiasradioreflejos.com.ar\/2021\/wp-content\/uploads\/2026\/01\/laguna.jpg","type":"image\/jpeg"}],"author":"Arnaldo Botto","twitter_card":"summary_large_image","schema":{"@context":"https:\/\/schema.org","@graph":[{"@type":"WebPage","@id":"https:\/\/www.noticiasradioreflejos.com.ar\/2021\/ilusion-que-llega-por-agua-los-reyes-magos-celebran-su-37a-edicion-en-la-laguna-las-encadenadas\/","url":"https:\/\/www.noticiasradioreflejos.com.ar\/2021\/ilusion-que-llega-por-agua-los-reyes-magos-celebran-su-37a-edicion-en-la-laguna-las-encadenadas\/","name":"Ilusi\u00f3n que llega por agua: Los Reyes Magos celebran su 37\u00aa edici\u00f3n en la Laguna \u201cLas Encadenadas\u201d - Noticias Radio Reflejos","isPartOf":{"@id":"https:\/\/www.noticiasradioreflejos.com.ar\/2021\/#website"},"primaryImageOfPage":{"@id":"https:\/\/www.noticiasradioreflejos.com.ar\/2021\/ilusion-que-llega-por-agua-los-reyes-magos-celebran-su-37a-edicion-en-la-laguna-las-encadenadas\/#primaryimage"},"image":{"@id":"https:\/\/www.noticiasradioreflejos.com.ar\/2021\/ilusion-que-llega-por-agua-los-reyes-magos-celebran-su-37a-edicion-en-la-laguna-las-encadenadas\/#primaryimage"},"thumbnailUrl":"https:\/\/www.noticiasradioreflejos.com.ar\/2021\/wp-content\/uploads\/2026\/01\/laguna.jpg","datePublished":"2026-01-06T20:33:53+00:00","dateModified":"2026-01-06T20:34:18+00:00","author":{"@id":"https:\/\/www.noticiasradioreflejos.com.ar\/2021\/#\/schema\/person\/ad82545263dcc5ec0996818884fd5fb1"},"breadcrumb":{"@id":"https:\/\/www.noticiasradioreflejos.com.ar\/2021\/ilusion-que-llega-por-agua-los-reyes-magos-celebran-su-37a-edicion-en-la-laguna-las-encadenadas\/#breadcrumb"},"inLanguage":"es","potentialAction":[{"@type":"ReadAction","target":["https:\/\/www.noticiasradioreflejos.com.ar\/2021\/ilusion-que-llega-por-agua-los-reyes-magos-celebran-su-37a-edicion-en-la-laguna-las-encadenadas\/"]}]},{"@type":"ImageObject","inLanguage":"es","@id":"https:\/\/www.noticiasradioreflejos.com.ar\/2021\/ilusion-que-llega-por-agua-los-reyes-magos-celebran-su-37a-edicion-en-la-laguna-las-encadenadas\/#primaryimage","url":"https:\/\/www.noticiasradioreflejos.com.ar\/2021\/wp-content\/uploads\/2026\/01\/laguna.jpg","contentUrl":"https:\/\/www.noticiasradioreflejos.com.ar\/2021\/wp-content\/uploads\/2026\/01\/laguna.jpg","width":1204,"height":807},{"@type":"BreadcrumbList","@id":"https:\/\/www.noticiasradioreflejos.com.ar\/2021\/ilusion-que-llega-por-agua-los-reyes-magos-celebran-su-37a-edicion-en-la-laguna-las-encadenadas\/#breadcrumb","itemListElement":[{"@type":"ListItem","position":1,"name":"Portada","item":"https:\/\/www.noticiasradioreflejos.com.ar\/2021\/"},{"@type":"ListItem","position":2,"name":"Ilusi\u00f3n que llega por agua: Los Reyes Magos celebran su 37\u00aa edici\u00f3n en la Laguna \u201cLas Encadenadas\u201d"}]},{"@type":"WebSite","@id":"https:\/\/www.noticiasradioreflejos.com.ar\/2021\/#website","url":"https:\/\/www.noticiasradioreflejos.com.ar\/2021\/","name":"Noticias Radio Reflejos","description":"Las noticias de mi comarca","potentialAction":[{"@type":"SearchAction","target":{"@type":"EntryPoint","urlTemplate":"https:\/\/www.noticiasradioreflejos.com.ar\/2021\/?s={search_term_string}"},"query-input":{"@type":"PropertyValueSpecification","valueRequired":true,"valueName":"search_term_string"}}],"inLanguage":"es"},{"@type":"Person","@id":"https:\/\/www.noticiasradioreflejos.com.ar\/2021\/#\/schema\/person\/ad82545263dcc5ec0996818884fd5fb1","name":"Arnaldo Botto","image":{"@type":"ImageObject","inLanguage":"es","@id":"https:\/\/www.noticiasradioreflejos.com.ar\/2021\/#\/schema\/person\/image\/","url":"https:\/\/secure.gravatar.com\/avatar\/55cb5e37c1efa326397366e6974cb338056df65cb50e7d64d1cf314e87504837?s=96&d=mm&r=g","contentUrl":"https:\/\/secure.gravatar.com\/avatar\/55cb5e37c1efa326397366e6974cb338056df65cb50e7d64d1cf314e87504837?s=96&d=mm&r=g","caption":"Arnaldo Botto"},"url":"https:\/\/www.noticiasradioreflejos.com.ar\/2021\/author\/arnaldo\/"}]}},"_links":{"self":[{"href":"https:\/\/www.noticiasradioreflejos.com.ar\/2021\/wp-json\/wp\/v2\/posts\/130879","targetHints":{"allow":["GET"]}}],"collection":[{"href":"https:\/\/www.noticiasradioreflejos.com.ar\/2021\/wp-json\/wp\/v2\/posts"}],"about":[{"href":"https:\/\/www.noticiasradioreflejos.com.ar\/2021\/wp-json\/wp\/v2\/types\/post"}],"author":[{"embeddable":true,"href":"https:\/\/www.noticiasradioreflejos.com.ar\/2021\/wp-json\/wp\/v2\/users\/3"}],"replies":[{"embeddable":true,"href":"https:\/\/www.noticiasradioreflejos.com.ar\/2021\/wp-json\/wp\/v2\/comments?post=130879"}],"version-history":[{"count":4,"href":"https:\/\/www.noticiasradioreflejos.com.ar\/2021\/wp-json\/wp\/v2\/posts\/130879\/revisions"}],"predecessor-version":[{"id":130892,"href":"https:\/\/www.noticiasradioreflejos.com.ar\/2021\/wp-json\/wp\/v2\/posts\/130879\/revisions\/130892"}],"wp:featuredmedia":[{"embeddable":true,"href":"https:\/\/www.noticiasradioreflejos.com.ar\/2021\/wp-json\/wp\/v2\/media\/130888"}],"wp:attachment":[{"href":"https:\/\/www.noticiasradioreflejos.com.ar\/2021\/wp-json\/wp\/v2\/media?parent=130879"}],"wp:term":[{"taxonomy":"category","embeddable":true,"href":"https:\/\/www.noticiasradioreflejos.com.ar\/2021\/wp-json\/wp\/v2\/categories?post=130879"},{"taxonomy":"post_tag","embeddable":true,"href":"https:\/\/www.noticiasradioreflejos.com.ar\/2021\/wp-json\/wp\/v2\/tags?post=130879"}],"curies":[{"name":"wp","href":"https:\/\/api.w.org\/{rel}","templated":true}]}}