{"id":13087,"date":"2017-08-03T08:04:40","date_gmt":"2017-08-03T11:04:40","guid":{"rendered":"http:\/\/www.noticiasradioreflejos.com.ar\/noticias\/?p=13087"},"modified":"2017-08-03T08:04:40","modified_gmt":"2017-08-03T11:04:40","slug":"es-hora-de-poner-un-limite-constructivo-queremos-ayudar-a-gobernar","status":"publish","type":"post","link":"https:\/\/www.noticiasradioreflejos.com.ar\/2021\/es-hora-de-poner-un-limite-constructivo-queremos-ayudar-a-gobernar\/","title":{"rendered":"\u201cEs hora de poner un l\u00edmite constructivo; queremos ayudar a gobernar\u201d"},"content":{"rendered":"<p>Este martes con la presentaci\u00f3n de su lista en Pelicur\u00e1 y Chasic\u00f3, el Frente Justicialista Cumplir cerr\u00f3 su recorrida de precandidatos a concejales y consejeros escolares por todas las localidades del distrito.<br \/>\n\u201cEstamos muy contentos con la respuesta de la gente en todos los pueblos. Destaco y valoro el recibimiento que tuvimos, con mucho cari\u00f1o y respeto\u201d, expres\u00f3 a nuestro medio la primera candidata a concejal por el espacio randazzista, Laura \u2018Lali\u2019 Rosatelli.<!--more--><br \/>\nComent\u00f3 que entre los planteos e inquietudes de los vecinos, se destacaban la situaci\u00f3n econ\u00f3mica que afronta, \u201cla gente est\u00e1 desesperada\u201d. \u201cEstamos atravesando una situaci\u00f3n donde ya no podemos mas, o comemos o pagamos los grandes impuestos\u201d, manifest\u00f3.<br \/>\n\u201cEs hora de poner un l\u00edmite constructivo \u2013continu\u00f3- no venimos a poner palos en la rueda, queremos ayudar a gobernar, lograr en el Consejo Deliberante un equilibrio de poderes para lograr mejorar la calidad de vida de la gente\u201d.<br \/>\nSobre los posibles resultados sostuvo que \u201cuno hace su trabajo y despu\u00e9s la gente es la que decide. De n\u00fameros no hablamos, aunque sabemos el cociente que se necesita para ingresar a un concejal\u201d.<br \/>\nPor su parte, el exintendente y precandidato a diputado provincial Lic. Gustavo Trankels, quien acompa\u00f1\u00f3 a la lista local en cada una de sus presentaciones, subray\u00f3 \u201clas ganas y el entusiasmo que hay de la gente de cara al 13 de agosto\u201d.<br \/>\n\u201cNo venimos a ser una oposici\u00f3n por oposici\u00f3n y a poner palos en la rueda, venimos a ayudar a corregir a que se gobierne lo mejor posible de ac\u00e1 a 2019, aportando ideas y proyectos que mejoren la calidad de vida de la gente\u201d, a\u00f1adi\u00f3.<br \/>\nEn cuanto a su actividad en la regi\u00f3n como postulante a legislador, Trankels indic\u00f3 que estuvo acompa\u00f1ando a Alejandro Dichiara (cabeza de lista seccional) y a Florencia Casamiquela, precandidata a senadora nacional, en su recorrida por Tres Arroyos, Coronel Su\u00e1rez, Bah\u00eda Blanca, Coronel Dorrego y Pig\u00fc\u00e9, \u201cdonde tuvimos un acompa\u00f1amiento muy lindo con gente que se arrima con inquietudes y proyectos\u201d.<br \/>\nRespecto a su decisi\u00f3n de formar parte del frente de Florencio Randazzo, sostuvo: \u201ca nosotros lo que nos motiva es el proyecto y las personas que lo integran; Florencio nos mostr\u00f3 capacidad y decisi\u00f3n pol\u00edtica, ha pasado por diferentes cargos capitalizando una imagen y experiencia inigualables, con logros y sin manchas. Tener un candidato con esa experiencia y que lo haya hecho con honestidad y transparencia es un plus interesante. Creemos que es un espacio que va a seguir creciendo para 2019, es algo que reci\u00e9n comienza, por eso estamos tan entusiasmados\u201d.<br \/>\nAsimismo, dej\u00f3 en claro que \u201cno tenemos ning\u00fan inconveniente con Cristina Kirchner, pero se ha planteado la opci\u00f3n de Randazzo que prefiri\u00f3 quedarse dentro del Partido Justicialista y nos pareci\u00f3 prudente seguir dentro. La interna es la forma m\u00e1s saludable y democr\u00e1tica de saldar una diferencia entre dos proyectos\u201d.<br \/>\nEn relaci\u00f3n a la participaci\u00f3n de la ciudadan\u00eda en las elecciones, asegur\u00f3 que \u201cpercibimos que hay una necesidad de la gente de expresarse. En cada una de las localidades que recorrimos, la boleta de gas fue una inquietud muy marcada. A jubilados que cobran $.5000 mensuales, les vinieron $6.000 de gas. Hay de parte de las pol\u00edticas de Cambiemos una falta de consideraci\u00f3n por los que m\u00e1s precisan de un Estado presente y que acompa\u00f1e\u201d.<br \/>\nEntre otras cuestiones planteadas por los vecinos, coment\u00f3 que \u201chay chicos que no tienen el transporte escolar que sol\u00edan tener para ir a la escuela, se lo planteamos al intendente y ojala lo pueda solucionar\u201d.<br \/>\n<iframe loading=\"lazy\" src=\"https:\/\/w.soundcloud.com\/player\/?url=https%3A\/\/api.soundcloud.com\/tracks\/336073697&amp;color=ff5500&amp;auto_play=false&amp;hide_related=false&amp;show_comments=true&amp;show_user=true&amp;show_reposts=false\" width=\"100%\" height=\"166\" frameborder=\"no\" scrolling=\"no\"><\/iframe><\/p>\n","protected":false},"excerpt":{"rendered":"<p>Este martes con la presentaci\u00f3n de su lista en Pelicur\u00e1 y Chasic\u00f3, el Frente Justicialista Cumplir cerr\u00f3 su recorrida de precandidatos a concejales y consejeros escolares por todas las localidades del distrito. \u201cEstamos muy contentos con la respuesta de la gente en todos los pueblos. Destaco y valoro el recibimiento que tuvimos, con mucho cari\u00f1o [&hellip;]<\/p>\n","protected":false},"author":3,"featured_media":0,"comment_status":"closed","ping_status":"open","sticky":false,"template":"","format":"standard","meta":{"footnotes":""},"categories":[24],"tags":[],"class_list":["post-13087","post","type-post","status-publish","format-standard","hentry","category-politica"],"yoast_head":"<!-- This site is optimized with the Yoast SEO plugin v25.9 - https:\/\/yoast.com\/wordpress\/plugins\/seo\/ -->\n<title>\u201cEs hora de poner un l\u00edmite constructivo; queremos ayudar a gobernar\u201d - Noticias Radio Reflejos<\/title>\n<meta name=\"robots\" content=\"index, follow, max-snippet:-1, max-image-preview:large, max-video-preview:-1\" \/>\n<link rel=\"canonical\" href=\"https:\/\/www.noticiasradioreflejos.com.ar\/2021\/es-hora-de-poner-un-limite-constructivo-queremos-ayudar-a-gobernar\/\" \/>\n<meta property=\"og:locale\" content=\"es_ES\" \/>\n<meta property=\"og:type\" content=\"article\" \/>\n<meta property=\"og:title\" content=\"\u201cEs hora de poner un l\u00edmite constructivo; queremos ayudar a gobernar\u201d - Noticias Radio Reflejos\" \/>\n<meta property=\"og:description\" content=\"Este martes con la presentaci\u00f3n de su lista en Pelicur\u00e1 y Chasic\u00f3, el Frente Justicialista Cumplir cerr\u00f3 su recorrida de precandidatos a concejales y consejeros escolares por todas las localidades del distrito. \u201cEstamos muy contentos con la respuesta de la gente en todos los pueblos. Destaco y valoro el recibimiento que tuvimos, con mucho cari\u00f1o [&hellip;]\" \/>\n<meta property=\"og:url\" content=\"https:\/\/www.noticiasradioreflejos.com.ar\/2021\/es-hora-de-poner-un-limite-constructivo-queremos-ayudar-a-gobernar\/\" \/>\n<meta property=\"og:site_name\" content=\"Noticias Radio Reflejos\" \/>\n<meta property=\"article:published_time\" content=\"2017-08-03T11:04:40+00:00\" \/>\n<meta property=\"og:image\" content=\"https:\/\/www.noticiasradioreflejos.com.ar\/2021\/wp-content\/uploads\/2021\/07\/logosol300x200.png\" \/>\n\t<meta property=\"og:image:width\" content=\"300\" \/>\n\t<meta property=\"og:image:height\" content=\"200\" \/>\n\t<meta property=\"og:image:type\" content=\"image\/png\" \/>\n<meta name=\"author\" content=\"Arnaldo Botto\" \/>\n<meta name=\"twitter:card\" content=\"summary_large_image\" \/>\n<script type=\"application\/ld+json\" class=\"yoast-schema-graph\">{\"@context\":\"https:\/\/schema.org\",\"@graph\":[{\"@type\":\"WebPage\",\"@id\":\"https:\/\/www.noticiasradioreflejos.com.ar\/2021\/es-hora-de-poner-un-limite-constructivo-queremos-ayudar-a-gobernar\/\",\"url\":\"https:\/\/www.noticiasradioreflejos.com.ar\/2021\/es-hora-de-poner-un-limite-constructivo-queremos-ayudar-a-gobernar\/\",\"name\":\"\u201cEs hora de poner un l\u00edmite constructivo; queremos ayudar a gobernar\u201d - Noticias Radio Reflejos\",\"isPartOf\":{\"@id\":\"https:\/\/www.noticiasradioreflejos.com.ar\/2021\/#website\"},\"datePublished\":\"2017-08-03T11:04:40+00:00\",\"author\":{\"@id\":\"https:\/\/www.noticiasradioreflejos.com.ar\/2021\/#\/schema\/person\/ad82545263dcc5ec0996818884fd5fb1\"},\"breadcrumb\":{\"@id\":\"https:\/\/www.noticiasradioreflejos.com.ar\/2021\/es-hora-de-poner-un-limite-constructivo-queremos-ayudar-a-gobernar\/#breadcrumb\"},\"inLanguage\":\"es\",\"potentialAction\":[{\"@type\":\"ReadAction\",\"target\":[\"https:\/\/www.noticiasradioreflejos.com.ar\/2021\/es-hora-de-poner-un-limite-constructivo-queremos-ayudar-a-gobernar\/\"]}]},{\"@type\":\"BreadcrumbList\",\"@id\":\"https:\/\/www.noticiasradioreflejos.com.ar\/2021\/es-hora-de-poner-un-limite-constructivo-queremos-ayudar-a-gobernar\/#breadcrumb\",\"itemListElement\":[{\"@type\":\"ListItem\",\"position\":1,\"name\":\"Portada\",\"item\":\"https:\/\/www.noticiasradioreflejos.com.ar\/2021\/\"},{\"@type\":\"ListItem\",\"position\":2,\"name\":\"\u201cEs hora de poner un l\u00edmite constructivo; queremos ayudar a gobernar\u201d\"}]},{\"@type\":\"WebSite\",\"@id\":\"https:\/\/www.noticiasradioreflejos.com.ar\/2021\/#website\",\"url\":\"https:\/\/www.noticiasradioreflejos.com.ar\/2021\/\",\"name\":\"Noticias Radio Reflejos\",\"description\":\"Las noticias de mi comarca\",\"potentialAction\":[{\"@type\":\"SearchAction\",\"target\":{\"@type\":\"EntryPoint\",\"urlTemplate\":\"https:\/\/www.noticiasradioreflejos.com.ar\/2021\/?s={search_term_string}\"},\"query-input\":{\"@type\":\"PropertyValueSpecification\",\"valueRequired\":true,\"valueName\":\"search_term_string\"}}],\"inLanguage\":\"es\"},{\"@type\":\"Person\",\"@id\":\"https:\/\/www.noticiasradioreflejos.com.ar\/2021\/#\/schema\/person\/ad82545263dcc5ec0996818884fd5fb1\",\"name\":\"Arnaldo Botto\",\"image\":{\"@type\":\"ImageObject\",\"inLanguage\":\"es\",\"@id\":\"https:\/\/www.noticiasradioreflejos.com.ar\/2021\/#\/schema\/person\/image\/\",\"url\":\"https:\/\/secure.gravatar.com\/avatar\/55cb5e37c1efa326397366e6974cb338056df65cb50e7d64d1cf314e87504837?s=96&d=mm&r=g\",\"contentUrl\":\"https:\/\/secure.gravatar.com\/avatar\/55cb5e37c1efa326397366e6974cb338056df65cb50e7d64d1cf314e87504837?s=96&d=mm&r=g\",\"caption\":\"Arnaldo Botto\"},\"url\":\"https:\/\/www.noticiasradioreflejos.com.ar\/2021\/author\/arnaldo\/\"}]}<\/script>\n<!-- \/ Yoast SEO plugin. -->","yoast_head_json":{"title":"\u201cEs hora de poner un l\u00edmite constructivo; queremos ayudar a gobernar\u201d - Noticias Radio Reflejos","robots":{"index":"index","follow":"follow","max-snippet":"max-snippet:-1","max-image-preview":"max-image-preview:large","max-video-preview":"max-video-preview:-1"},"canonical":"https:\/\/www.noticiasradioreflejos.com.ar\/2021\/es-hora-de-poner-un-limite-constructivo-queremos-ayudar-a-gobernar\/","og_locale":"es_ES","og_type":"article","og_title":"\u201cEs hora de poner un l\u00edmite constructivo; queremos ayudar a gobernar\u201d - Noticias Radio Reflejos","og_description":"Este martes con la presentaci\u00f3n de su lista en Pelicur\u00e1 y Chasic\u00f3, el Frente Justicialista Cumplir cerr\u00f3 su recorrida de precandidatos a concejales y consejeros escolares por todas las localidades del distrito. \u201cEstamos muy contentos con la respuesta de la gente en todos los pueblos. Destaco y valoro el recibimiento que tuvimos, con mucho cari\u00f1o [&hellip;]","og_url":"https:\/\/www.noticiasradioreflejos.com.ar\/2021\/es-hora-de-poner-un-limite-constructivo-queremos-ayudar-a-gobernar\/","og_site_name":"Noticias Radio Reflejos","article_published_time":"2017-08-03T11:04:40+00:00","og_image":[{"width":300,"height":200,"url":"https:\/\/www.noticiasradioreflejos.com.ar\/2021\/wp-content\/uploads\/2021\/07\/logosol300x200.png","type":"image\/png"}],"author":"Arnaldo Botto","twitter_card":"summary_large_image","schema":{"@context":"https:\/\/schema.org","@graph":[{"@type":"WebPage","@id":"https:\/\/www.noticiasradioreflejos.com.ar\/2021\/es-hora-de-poner-un-limite-constructivo-queremos-ayudar-a-gobernar\/","url":"https:\/\/www.noticiasradioreflejos.com.ar\/2021\/es-hora-de-poner-un-limite-constructivo-queremos-ayudar-a-gobernar\/","name":"\u201cEs hora de poner un l\u00edmite constructivo; queremos ayudar a gobernar\u201d - Noticias Radio Reflejos","isPartOf":{"@id":"https:\/\/www.noticiasradioreflejos.com.ar\/2021\/#website"},"datePublished":"2017-08-03T11:04:40+00:00","author":{"@id":"https:\/\/www.noticiasradioreflejos.com.ar\/2021\/#\/schema\/person\/ad82545263dcc5ec0996818884fd5fb1"},"breadcrumb":{"@id":"https:\/\/www.noticiasradioreflejos.com.ar\/2021\/es-hora-de-poner-un-limite-constructivo-queremos-ayudar-a-gobernar\/#breadcrumb"},"inLanguage":"es","potentialAction":[{"@type":"ReadAction","target":["https:\/\/www.noticiasradioreflejos.com.ar\/2021\/es-hora-de-poner-un-limite-constructivo-queremos-ayudar-a-gobernar\/"]}]},{"@type":"BreadcrumbList","@id":"https:\/\/www.noticiasradioreflejos.com.ar\/2021\/es-hora-de-poner-un-limite-constructivo-queremos-ayudar-a-gobernar\/#breadcrumb","itemListElement":[{"@type":"ListItem","position":1,"name":"Portada","item":"https:\/\/www.noticiasradioreflejos.com.ar\/2021\/"},{"@type":"ListItem","position":2,"name":"\u201cEs hora de poner un l\u00edmite constructivo; queremos ayudar a gobernar\u201d"}]},{"@type":"WebSite","@id":"https:\/\/www.noticiasradioreflejos.com.ar\/2021\/#website","url":"https:\/\/www.noticiasradioreflejos.com.ar\/2021\/","name":"Noticias Radio Reflejos","description":"Las noticias de mi comarca","potentialAction":[{"@type":"SearchAction","target":{"@type":"EntryPoint","urlTemplate":"https:\/\/www.noticiasradioreflejos.com.ar\/2021\/?s={search_term_string}"},"query-input":{"@type":"PropertyValueSpecification","valueRequired":true,"valueName":"search_term_string"}}],"inLanguage":"es"},{"@type":"Person","@id":"https:\/\/www.noticiasradioreflejos.com.ar\/2021\/#\/schema\/person\/ad82545263dcc5ec0996818884fd5fb1","name":"Arnaldo Botto","image":{"@type":"ImageObject","inLanguage":"es","@id":"https:\/\/www.noticiasradioreflejos.com.ar\/2021\/#\/schema\/person\/image\/","url":"https:\/\/secure.gravatar.com\/avatar\/55cb5e37c1efa326397366e6974cb338056df65cb50e7d64d1cf314e87504837?s=96&d=mm&r=g","contentUrl":"https:\/\/secure.gravatar.com\/avatar\/55cb5e37c1efa326397366e6974cb338056df65cb50e7d64d1cf314e87504837?s=96&d=mm&r=g","caption":"Arnaldo Botto"},"url":"https:\/\/www.noticiasradioreflejos.com.ar\/2021\/author\/arnaldo\/"}]}},"_links":{"self":[{"href":"https:\/\/www.noticiasradioreflejos.com.ar\/2021\/wp-json\/wp\/v2\/posts\/13087","targetHints":{"allow":["GET"]}}],"collection":[{"href":"https:\/\/www.noticiasradioreflejos.com.ar\/2021\/wp-json\/wp\/v2\/posts"}],"about":[{"href":"https:\/\/www.noticiasradioreflejos.com.ar\/2021\/wp-json\/wp\/v2\/types\/post"}],"author":[{"embeddable":true,"href":"https:\/\/www.noticiasradioreflejos.com.ar\/2021\/wp-json\/wp\/v2\/users\/3"}],"replies":[{"embeddable":true,"href":"https:\/\/www.noticiasradioreflejos.com.ar\/2021\/wp-json\/wp\/v2\/comments?post=13087"}],"version-history":[{"count":0,"href":"https:\/\/www.noticiasradioreflejos.com.ar\/2021\/wp-json\/wp\/v2\/posts\/13087\/revisions"}],"wp:attachment":[{"href":"https:\/\/www.noticiasradioreflejos.com.ar\/2021\/wp-json\/wp\/v2\/media?parent=13087"}],"wp:term":[{"taxonomy":"category","embeddable":true,"href":"https:\/\/www.noticiasradioreflejos.com.ar\/2021\/wp-json\/wp\/v2\/categories?post=13087"},{"taxonomy":"post_tag","embeddable":true,"href":"https:\/\/www.noticiasradioreflejos.com.ar\/2021\/wp-json\/wp\/v2\/tags?post=13087"}],"curies":[{"name":"wp","href":"https:\/\/api.w.org\/{rel}","templated":true}]}}