{"id":130863,"date":"2026-01-06T07:47:40","date_gmt":"2026-01-06T10:47:40","guid":{"rendered":"https:\/\/www.noticiasradioreflejos.com.ar\/2021\/?p=130863"},"modified":"2026-01-06T07:59:19","modified_gmt":"2026-01-06T10:59:19","slug":"controlaron-el-incendio-forestal-en-la-zona-de-finca-ocho-cerros","status":"publish","type":"post","link":"https:\/\/www.noticiasradioreflejos.com.ar\/2021\/controlaron-el-incendio-forestal-en-la-zona-de-finca-ocho-cerros\/","title":{"rendered":"Controlaron el incendio forestal en la zona de Finca Ocho Cerros"},"content":{"rendered":"<p data-path-to-node=\"3\">Tras una jornada de intenso combate contra las llamas, autoridades confirmaron que el incendio iniciado en la <b data-path-to-node=\"3\" data-index-in-node=\"122\">Finca Ocho Cerros<\/b> ha sido finalmente <b data-path-to-node=\"3\" data-index-in-node=\"159\">sofocado y controlado<\/b>.<!--more--><\/p>\n<p data-path-to-node=\"4\">El siniestro, que se origin\u00f3 en la mencionada propiedad, se propag\u00f3 r\u00e1pidamente hacia el sector sur, afectando la zona del <b data-path-to-node=\"4\" data-index-in-node=\"123\">Cerro Manitoba<\/b> y diversos establecimientos rurales linderos.<\/p>\n<p data-path-to-node=\"6\">El \u00e9xito del operativo fue resultado de un esfuerzo coordinado entre diferentes sectores, destacando la participaci\u00f3n de: <b data-path-to-node=\"7,0,0\" data-index-in-node=\"0\">Cuerpos de Bomberos Voluntarios,\u00a0<\/b><b data-path-to-node=\"7,1,0\" data-index-in-node=\"0\">Personal de la Municipalidad <\/b><b data-path-to-node=\"7,2,0\" data-index-in-node=\"0\">Productores y trabajadores rurales<\/b>, quienes colaboraron activamente con maquinaria y recursos para frenar el avance del fuego.<\/p>\n<p data-path-to-node=\"9\">A las <b data-path-to-node=\"9\" data-index-in-node=\"6\">20:45 horas<\/b> del d\u00eda de ayer, se dio por controlada la situaci\u00f3n. Actualmente, se mantienen las tareas de guardia de cenizas para evitar posibles reactivaciones debido a las condiciones clim\u00e1ticas o del terreno.<\/p>\n","protected":false},"excerpt":{"rendered":"<p>Tras una jornada de intenso combate contra las llamas, autoridades confirmaron que el incendio iniciado en la Finca Ocho Cerros ha sido finalmente sofocado y controlado.<\/p>\n","protected":false},"author":3,"featured_media":130864,"comment_status":"closed","ping_status":"closed","sticky":false,"template":"","format":"standard","meta":{"footnotes":""},"categories":[26],"tags":[48],"class_list":["post-130863","post","type-post","status-publish","format-standard","has-post-thumbnail","hentry","category-sociedad","tag-destacada"],"yoast_head":"<!-- This site is optimized with the Yoast SEO plugin v25.9 - https:\/\/yoast.com\/wordpress\/plugins\/seo\/ -->\n<title>Controlaron el incendio forestal en la zona de Finca Ocho Cerros - Noticias Radio Reflejos<\/title>\n<meta name=\"robots\" content=\"index, follow, max-snippet:-1, max-image-preview:large, max-video-preview:-1\" \/>\n<link rel=\"canonical\" href=\"https:\/\/www.noticiasradioreflejos.com.ar\/2021\/controlaron-el-incendio-forestal-en-la-zona-de-finca-ocho-cerros\/\" \/>\n<meta property=\"og:locale\" content=\"es_ES\" \/>\n<meta property=\"og:type\" content=\"article\" \/>\n<meta property=\"og:title\" content=\"Controlaron el incendio forestal en la zona de Finca Ocho Cerros - Noticias Radio Reflejos\" \/>\n<meta property=\"og:description\" content=\"Tras una jornada de intenso combate contra las llamas, autoridades confirmaron que el incendio iniciado en la Finca Ocho Cerros ha sido finalmente sofocado y controlado.\" \/>\n<meta property=\"og:url\" content=\"https:\/\/www.noticiasradioreflejos.com.ar\/2021\/controlaron-el-incendio-forestal-en-la-zona-de-finca-ocho-cerros\/\" \/>\n<meta property=\"og:site_name\" content=\"Noticias Radio Reflejos\" \/>\n<meta property=\"article:published_time\" content=\"2026-01-06T10:47:40+00:00\" \/>\n<meta property=\"article:modified_time\" content=\"2026-01-06T10:59:19+00:00\" \/>\n<meta property=\"og:image\" content=\"https:\/\/www.noticiasradioreflejos.com.ar\/2021\/wp-content\/uploads\/2026\/01\/incendio-en-8-cerros.jpg\" \/>\n\t<meta property=\"og:image:width\" content=\"1600\" \/>\n\t<meta property=\"og:image:height\" content=\"1200\" \/>\n\t<meta property=\"og:image:type\" content=\"image\/jpeg\" \/>\n<meta name=\"author\" content=\"Arnaldo Botto\" \/>\n<meta name=\"twitter:card\" content=\"summary_large_image\" \/>\n<script type=\"application\/ld+json\" class=\"yoast-schema-graph\">{\"@context\":\"https:\/\/schema.org\",\"@graph\":[{\"@type\":\"WebPage\",\"@id\":\"https:\/\/www.noticiasradioreflejos.com.ar\/2021\/controlaron-el-incendio-forestal-en-la-zona-de-finca-ocho-cerros\/\",\"url\":\"https:\/\/www.noticiasradioreflejos.com.ar\/2021\/controlaron-el-incendio-forestal-en-la-zona-de-finca-ocho-cerros\/\",\"name\":\"Controlaron el incendio forestal en la zona de Finca Ocho Cerros - Noticias Radio Reflejos\",\"isPartOf\":{\"@id\":\"https:\/\/www.noticiasradioreflejos.com.ar\/2021\/#website\"},\"primaryImageOfPage\":{\"@id\":\"https:\/\/www.noticiasradioreflejos.com.ar\/2021\/controlaron-el-incendio-forestal-en-la-zona-de-finca-ocho-cerros\/#primaryimage\"},\"image\":{\"@id\":\"https:\/\/www.noticiasradioreflejos.com.ar\/2021\/controlaron-el-incendio-forestal-en-la-zona-de-finca-ocho-cerros\/#primaryimage\"},\"thumbnailUrl\":\"https:\/\/www.noticiasradioreflejos.com.ar\/2021\/wp-content\/uploads\/2026\/01\/incendio-en-8-cerros.jpg\",\"datePublished\":\"2026-01-06T10:47:40+00:00\",\"dateModified\":\"2026-01-06T10:59:19+00:00\",\"author\":{\"@id\":\"https:\/\/www.noticiasradioreflejos.com.ar\/2021\/#\/schema\/person\/ad82545263dcc5ec0996818884fd5fb1\"},\"breadcrumb\":{\"@id\":\"https:\/\/www.noticiasradioreflejos.com.ar\/2021\/controlaron-el-incendio-forestal-en-la-zona-de-finca-ocho-cerros\/#breadcrumb\"},\"inLanguage\":\"es\",\"potentialAction\":[{\"@type\":\"ReadAction\",\"target\":[\"https:\/\/www.noticiasradioreflejos.com.ar\/2021\/controlaron-el-incendio-forestal-en-la-zona-de-finca-ocho-cerros\/\"]}]},{\"@type\":\"ImageObject\",\"inLanguage\":\"es\",\"@id\":\"https:\/\/www.noticiasradioreflejos.com.ar\/2021\/controlaron-el-incendio-forestal-en-la-zona-de-finca-ocho-cerros\/#primaryimage\",\"url\":\"https:\/\/www.noticiasradioreflejos.com.ar\/2021\/wp-content\/uploads\/2026\/01\/incendio-en-8-cerros.jpg\",\"contentUrl\":\"https:\/\/www.noticiasradioreflejos.com.ar\/2021\/wp-content\/uploads\/2026\/01\/incendio-en-8-cerros.jpg\",\"width\":1600,\"height\":1200},{\"@type\":\"BreadcrumbList\",\"@id\":\"https:\/\/www.noticiasradioreflejos.com.ar\/2021\/controlaron-el-incendio-forestal-en-la-zona-de-finca-ocho-cerros\/#breadcrumb\",\"itemListElement\":[{\"@type\":\"ListItem\",\"position\":1,\"name\":\"Portada\",\"item\":\"https:\/\/www.noticiasradioreflejos.com.ar\/2021\/\"},{\"@type\":\"ListItem\",\"position\":2,\"name\":\"Controlaron el incendio forestal en la zona de Finca Ocho Cerros\"}]},{\"@type\":\"WebSite\",\"@id\":\"https:\/\/www.noticiasradioreflejos.com.ar\/2021\/#website\",\"url\":\"https:\/\/www.noticiasradioreflejos.com.ar\/2021\/\",\"name\":\"Noticias Radio Reflejos\",\"description\":\"Las noticias de mi comarca\",\"potentialAction\":[{\"@type\":\"SearchAction\",\"target\":{\"@type\":\"EntryPoint\",\"urlTemplate\":\"https:\/\/www.noticiasradioreflejos.com.ar\/2021\/?s={search_term_string}\"},\"query-input\":{\"@type\":\"PropertyValueSpecification\",\"valueRequired\":true,\"valueName\":\"search_term_string\"}}],\"inLanguage\":\"es\"},{\"@type\":\"Person\",\"@id\":\"https:\/\/www.noticiasradioreflejos.com.ar\/2021\/#\/schema\/person\/ad82545263dcc5ec0996818884fd5fb1\",\"name\":\"Arnaldo Botto\",\"image\":{\"@type\":\"ImageObject\",\"inLanguage\":\"es\",\"@id\":\"https:\/\/www.noticiasradioreflejos.com.ar\/2021\/#\/schema\/person\/image\/\",\"url\":\"https:\/\/secure.gravatar.com\/avatar\/55cb5e37c1efa326397366e6974cb338056df65cb50e7d64d1cf314e87504837?s=96&d=mm&r=g\",\"contentUrl\":\"https:\/\/secure.gravatar.com\/avatar\/55cb5e37c1efa326397366e6974cb338056df65cb50e7d64d1cf314e87504837?s=96&d=mm&r=g\",\"caption\":\"Arnaldo Botto\"},\"url\":\"https:\/\/www.noticiasradioreflejos.com.ar\/2021\/author\/arnaldo\/\"}]}<\/script>\n<!-- \/ Yoast SEO plugin. -->","yoast_head_json":{"title":"Controlaron el incendio forestal en la zona de Finca Ocho Cerros - Noticias Radio Reflejos","robots":{"index":"index","follow":"follow","max-snippet":"max-snippet:-1","max-image-preview":"max-image-preview:large","max-video-preview":"max-video-preview:-1"},"canonical":"https:\/\/www.noticiasradioreflejos.com.ar\/2021\/controlaron-el-incendio-forestal-en-la-zona-de-finca-ocho-cerros\/","og_locale":"es_ES","og_type":"article","og_title":"Controlaron el incendio forestal en la zona de Finca Ocho Cerros - Noticias Radio Reflejos","og_description":"Tras una jornada de intenso combate contra las llamas, autoridades confirmaron que el incendio iniciado en la Finca Ocho Cerros ha sido finalmente sofocado y controlado.","og_url":"https:\/\/www.noticiasradioreflejos.com.ar\/2021\/controlaron-el-incendio-forestal-en-la-zona-de-finca-ocho-cerros\/","og_site_name":"Noticias Radio Reflejos","article_published_time":"2026-01-06T10:47:40+00:00","article_modified_time":"2026-01-06T10:59:19+00:00","og_image":[{"width":1600,"height":1200,"url":"https:\/\/www.noticiasradioreflejos.com.ar\/2021\/wp-content\/uploads\/2026\/01\/incendio-en-8-cerros.jpg","type":"image\/jpeg"}],"author":"Arnaldo Botto","twitter_card":"summary_large_image","schema":{"@context":"https:\/\/schema.org","@graph":[{"@type":"WebPage","@id":"https:\/\/www.noticiasradioreflejos.com.ar\/2021\/controlaron-el-incendio-forestal-en-la-zona-de-finca-ocho-cerros\/","url":"https:\/\/www.noticiasradioreflejos.com.ar\/2021\/controlaron-el-incendio-forestal-en-la-zona-de-finca-ocho-cerros\/","name":"Controlaron el incendio forestal en la zona de Finca Ocho Cerros - Noticias Radio Reflejos","isPartOf":{"@id":"https:\/\/www.noticiasradioreflejos.com.ar\/2021\/#website"},"primaryImageOfPage":{"@id":"https:\/\/www.noticiasradioreflejos.com.ar\/2021\/controlaron-el-incendio-forestal-en-la-zona-de-finca-ocho-cerros\/#primaryimage"},"image":{"@id":"https:\/\/www.noticiasradioreflejos.com.ar\/2021\/controlaron-el-incendio-forestal-en-la-zona-de-finca-ocho-cerros\/#primaryimage"},"thumbnailUrl":"https:\/\/www.noticiasradioreflejos.com.ar\/2021\/wp-content\/uploads\/2026\/01\/incendio-en-8-cerros.jpg","datePublished":"2026-01-06T10:47:40+00:00","dateModified":"2026-01-06T10:59:19+00:00","author":{"@id":"https:\/\/www.noticiasradioreflejos.com.ar\/2021\/#\/schema\/person\/ad82545263dcc5ec0996818884fd5fb1"},"breadcrumb":{"@id":"https:\/\/www.noticiasradioreflejos.com.ar\/2021\/controlaron-el-incendio-forestal-en-la-zona-de-finca-ocho-cerros\/#breadcrumb"},"inLanguage":"es","potentialAction":[{"@type":"ReadAction","target":["https:\/\/www.noticiasradioreflejos.com.ar\/2021\/controlaron-el-incendio-forestal-en-la-zona-de-finca-ocho-cerros\/"]}]},{"@type":"ImageObject","inLanguage":"es","@id":"https:\/\/www.noticiasradioreflejos.com.ar\/2021\/controlaron-el-incendio-forestal-en-la-zona-de-finca-ocho-cerros\/#primaryimage","url":"https:\/\/www.noticiasradioreflejos.com.ar\/2021\/wp-content\/uploads\/2026\/01\/incendio-en-8-cerros.jpg","contentUrl":"https:\/\/www.noticiasradioreflejos.com.ar\/2021\/wp-content\/uploads\/2026\/01\/incendio-en-8-cerros.jpg","width":1600,"height":1200},{"@type":"BreadcrumbList","@id":"https:\/\/www.noticiasradioreflejos.com.ar\/2021\/controlaron-el-incendio-forestal-en-la-zona-de-finca-ocho-cerros\/#breadcrumb","itemListElement":[{"@type":"ListItem","position":1,"name":"Portada","item":"https:\/\/www.noticiasradioreflejos.com.ar\/2021\/"},{"@type":"ListItem","position":2,"name":"Controlaron el incendio forestal en la zona de Finca Ocho Cerros"}]},{"@type":"WebSite","@id":"https:\/\/www.noticiasradioreflejos.com.ar\/2021\/#website","url":"https:\/\/www.noticiasradioreflejos.com.ar\/2021\/","name":"Noticias Radio Reflejos","description":"Las noticias de mi comarca","potentialAction":[{"@type":"SearchAction","target":{"@type":"EntryPoint","urlTemplate":"https:\/\/www.noticiasradioreflejos.com.ar\/2021\/?s={search_term_string}"},"query-input":{"@type":"PropertyValueSpecification","valueRequired":true,"valueName":"search_term_string"}}],"inLanguage":"es"},{"@type":"Person","@id":"https:\/\/www.noticiasradioreflejos.com.ar\/2021\/#\/schema\/person\/ad82545263dcc5ec0996818884fd5fb1","name":"Arnaldo Botto","image":{"@type":"ImageObject","inLanguage":"es","@id":"https:\/\/www.noticiasradioreflejos.com.ar\/2021\/#\/schema\/person\/image\/","url":"https:\/\/secure.gravatar.com\/avatar\/55cb5e37c1efa326397366e6974cb338056df65cb50e7d64d1cf314e87504837?s=96&d=mm&r=g","contentUrl":"https:\/\/secure.gravatar.com\/avatar\/55cb5e37c1efa326397366e6974cb338056df65cb50e7d64d1cf314e87504837?s=96&d=mm&r=g","caption":"Arnaldo Botto"},"url":"https:\/\/www.noticiasradioreflejos.com.ar\/2021\/author\/arnaldo\/"}]}},"_links":{"self":[{"href":"https:\/\/www.noticiasradioreflejos.com.ar\/2021\/wp-json\/wp\/v2\/posts\/130863","targetHints":{"allow":["GET"]}}],"collection":[{"href":"https:\/\/www.noticiasradioreflejos.com.ar\/2021\/wp-json\/wp\/v2\/posts"}],"about":[{"href":"https:\/\/www.noticiasradioreflejos.com.ar\/2021\/wp-json\/wp\/v2\/types\/post"}],"author":[{"embeddable":true,"href":"https:\/\/www.noticiasradioreflejos.com.ar\/2021\/wp-json\/wp\/v2\/users\/3"}],"replies":[{"embeddable":true,"href":"https:\/\/www.noticiasradioreflejos.com.ar\/2021\/wp-json\/wp\/v2\/comments?post=130863"}],"version-history":[{"count":1,"href":"https:\/\/www.noticiasradioreflejos.com.ar\/2021\/wp-json\/wp\/v2\/posts\/130863\/revisions"}],"predecessor-version":[{"id":130865,"href":"https:\/\/www.noticiasradioreflejos.com.ar\/2021\/wp-json\/wp\/v2\/posts\/130863\/revisions\/130865"}],"wp:featuredmedia":[{"embeddable":true,"href":"https:\/\/www.noticiasradioreflejos.com.ar\/2021\/wp-json\/wp\/v2\/media\/130864"}],"wp:attachment":[{"href":"https:\/\/www.noticiasradioreflejos.com.ar\/2021\/wp-json\/wp\/v2\/media?parent=130863"}],"wp:term":[{"taxonomy":"category","embeddable":true,"href":"https:\/\/www.noticiasradioreflejos.com.ar\/2021\/wp-json\/wp\/v2\/categories?post=130863"},{"taxonomy":"post_tag","embeddable":true,"href":"https:\/\/www.noticiasradioreflejos.com.ar\/2021\/wp-json\/wp\/v2\/tags?post=130863"}],"curies":[{"name":"wp","href":"https:\/\/api.w.org\/{rel}","templated":true}]}}