{"id":130859,"date":"2026-01-06T07:44:59","date_gmt":"2026-01-06T10:44:59","guid":{"rendered":"https:\/\/www.noticiasradioreflejos.com.ar\/2021\/?p=130859"},"modified":"2026-01-06T07:44:59","modified_gmt":"2026-01-06T10:44:59","slug":"tragedia-en-olavarria-dos-muertos-y-37-heridos-por-un-incendio-en-un-geriatrico","status":"publish","type":"post","link":"https:\/\/www.noticiasradioreflejos.com.ar\/2021\/tragedia-en-olavarria-dos-muertos-y-37-heridos-por-un-incendio-en-un-geriatrico\/","title":{"rendered":"Tragedia en Olavarr\u00eda: dos muertos y 37 heridos por un incendio en un geri\u00e1trico"},"content":{"rendered":"<p>El siniestro ocurri\u00f3 en el barrio Isaura. La mayor\u00eda de los afectados sufri\u00f3 intoxicaci\u00f3n por mon\u00f3xido de carbono. Un bombero se encuentra en terapia intensiva.<!--more-->Un grav\u00edsimo incendio en una residencia de adultos mayores en el barrio Isaura de Olavarr\u00eda dej\u00f3 como saldo <strong>dos personas fallecidas<\/strong>\u00a0y\u00a0<strong>37 heridas<\/strong>\u00a0con diversos grados de afectaci\u00f3n.\u00a0El fuego se desat\u00f3 este lunes por la noche en el establecimiento ubicado en la calle 25 de Mayo y 110.<\/p>\n<div class=\"columns\" data-tadevel-template=\"web\/article-columns\">\n<div class=\"column-main\">\n<div class=\"article-body\" data-tadevel-template=\"web\/article-body\">\n<div class=\"article-body-content\">\n<p><strong>Seg\u00fan supo la\u00a0<\/strong><a href=\"https:\/\/noticiasargentinas.com\/\"><strong>Agencia Noticias Argentinas<\/strong><\/a>, casi todos los heridos sufrieron intoxicaci\u00f3n por inhalaci\u00f3n de mon\u00f3xido de carbono.\u00a0Entre los internados se encuentran tres bomberos, uno de los cuales permanece en\u00a0<strong>unidad de terapia intensiva<\/strong>\u00a0con asistencia respiratoria.<\/p>\n<h4>Detalles del siniestro y operativo<\/h4>\n<p>El titular de Defensa Civil, Adri\u00e1n Guevara, precis\u00f3 que el primer llamado se recibi\u00f3 a las 21:36 y que, al llegar la primera dotaci\u00f3n, el incendio ya estaba generalizado en el primer piso.<\/p>\n<ul>\n<li>Evacuaci\u00f3n: Se utilizaron escaleras y tablas para extraer a los residentes del primer piso. Participaron cerca de una veintena de ambulancias p\u00fablicas y privadas.<\/li>\n<li>Combate de las llamas: Trabajaron ocho dotaciones con un total de 40 bomberos operativos en el siniestro.<\/li>\n<li>Origen del fuego: Seg\u00fan versiones de residentes y trabajadores, las llamas habr\u00edan comenzado en una de las habitaciones de la planta baja.<\/li>\n<\/ul>\n<h4>Distribuci\u00f3n de los heridos y asistencia<\/h4>\n<p>El subsecretario de Salud, Fernando Al\u00ed, inform\u00f3 que los pacientes fueron categorizados y derivados a distintos centros asistenciales:<\/p>\n<ul>\n<li>Hospital Municipal: 25 internados. Cuatro de ellos ya recibieron tratamiento en c\u00e1mara hiperb\u00e1rica para cuadros de intoxicaci\u00f3n.<\/li>\n<li>Cl\u00ednica Mar\u00eda Auxiliadora: 8 internados, algunos en terapia intensiva.<\/li>\n<li>Cl\u00ednica Cemeda: 4 pacientes internados.<\/li>\n<\/ul>\n<p title=\"__IP__\" data-ipspy=\"__IP__\">Las autoridades indicaron que a\u00fan se desconocen las causas exactas del inicio del fuego, por lo cual trabaja en el lugar la Polic\u00eda Cient\u00edfica y Bomberos de la Polic\u00eda de Azul.\u00a0Respecto a la situaci\u00f3n administrativa del geri\u00e1trico, se aclar\u00f3 que el lugar estaba incluido hace un a\u00f1o en un programa municipal de evaluaci\u00f3n y seguimiento.<\/p>\n<p>#AgenciaNA<\/p>\n<h3><a href=\"https:\/\/www.google.com\/search?q=Hospital+Municipal+Olavarria+contacto+incendio+geriatrico\" target=\"_blank\" rel=\"noopener nofollow\">\u00bfC\u00f3mo obtener informaci\u00f3n sobre los residentes afectados?<\/a><\/h3>\n<p>Los familiares de los residentes deben comunicarse telef\u00f3nicamente al Hospital Municipal al n\u00famero\u00a0<strong>440800, interno 9<\/strong>.\u00a0A trav\u00e9s de esa l\u00ednea se brindar\u00e1n los datos sobre el lugar de internaci\u00f3n del familiar para que luego puedan recibir el parte m\u00e9dico de forma individual en cada centro de salud.<\/p>\n<\/div>\n<\/div>\n<\/div>\n<\/div>\n","protected":false},"excerpt":{"rendered":"<p>El siniestro ocurri\u00f3 en el barrio Isaura. La mayor\u00eda de los afectados sufri\u00f3 intoxicaci\u00f3n por mon\u00f3xido de carbono. Un bombero se encuentra en terapia intensiva.<\/p>\n","protected":false},"author":3,"featured_media":130860,"comment_status":"closed","ping_status":"closed","sticky":false,"template":"","format":"standard","meta":{"footnotes":""},"categories":[29,26],"tags":[],"class_list":["post-130859","post","type-post","status-publish","format-standard","has-post-thumbnail","hentry","category-policiales","category-sociedad"],"yoast_head":"<!-- This site is optimized with the Yoast SEO plugin v25.9 - https:\/\/yoast.com\/wordpress\/plugins\/seo\/ -->\n<title>Tragedia en Olavarr\u00eda: dos muertos y 37 heridos por un incendio en un geri\u00e1trico - Noticias Radio Reflejos<\/title>\n<meta name=\"robots\" content=\"index, follow, max-snippet:-1, max-image-preview:large, max-video-preview:-1\" \/>\n<link rel=\"canonical\" href=\"https:\/\/www.noticiasradioreflejos.com.ar\/2021\/tragedia-en-olavarria-dos-muertos-y-37-heridos-por-un-incendio-en-un-geriatrico\/\" \/>\n<meta property=\"og:locale\" content=\"es_ES\" \/>\n<meta property=\"og:type\" content=\"article\" \/>\n<meta property=\"og:title\" content=\"Tragedia en Olavarr\u00eda: dos muertos y 37 heridos por un incendio en un geri\u00e1trico - Noticias Radio Reflejos\" \/>\n<meta property=\"og:description\" content=\"El siniestro ocurri\u00f3 en el barrio Isaura. La mayor\u00eda de los afectados sufri\u00f3 intoxicaci\u00f3n por mon\u00f3xido de carbono. Un bombero se encuentra en terapia intensiva.\" \/>\n<meta property=\"og:url\" content=\"https:\/\/www.noticiasradioreflejos.com.ar\/2021\/tragedia-en-olavarria-dos-muertos-y-37-heridos-por-un-incendio-en-un-geriatrico\/\" \/>\n<meta property=\"og:site_name\" content=\"Noticias Radio Reflejos\" \/>\n<meta property=\"article:published_time\" content=\"2026-01-06T10:44:59+00:00\" \/>\n<meta property=\"og:image\" content=\"https:\/\/www.noticiasradioreflejos.com.ar\/2021\/wp-content\/uploads\/2026\/01\/1767693999605.webp\" \/>\n\t<meta property=\"og:image:width\" content=\"1121\" \/>\n\t<meta property=\"og:image:height\" content=\"633\" \/>\n\t<meta property=\"og:image:type\" content=\"image\/webp\" \/>\n<meta name=\"author\" content=\"Arnaldo Botto\" \/>\n<meta name=\"twitter:card\" content=\"summary_large_image\" \/>\n<script type=\"application\/ld+json\" class=\"yoast-schema-graph\">{\"@context\":\"https:\/\/schema.org\",\"@graph\":[{\"@type\":\"WebPage\",\"@id\":\"https:\/\/www.noticiasradioreflejos.com.ar\/2021\/tragedia-en-olavarria-dos-muertos-y-37-heridos-por-un-incendio-en-un-geriatrico\/\",\"url\":\"https:\/\/www.noticiasradioreflejos.com.ar\/2021\/tragedia-en-olavarria-dos-muertos-y-37-heridos-por-un-incendio-en-un-geriatrico\/\",\"name\":\"Tragedia en Olavarr\u00eda: dos muertos y 37 heridos por un incendio en un geri\u00e1trico - Noticias Radio Reflejos\",\"isPartOf\":{\"@id\":\"https:\/\/www.noticiasradioreflejos.com.ar\/2021\/#website\"},\"primaryImageOfPage\":{\"@id\":\"https:\/\/www.noticiasradioreflejos.com.ar\/2021\/tragedia-en-olavarria-dos-muertos-y-37-heridos-por-un-incendio-en-un-geriatrico\/#primaryimage\"},\"image\":{\"@id\":\"https:\/\/www.noticiasradioreflejos.com.ar\/2021\/tragedia-en-olavarria-dos-muertos-y-37-heridos-por-un-incendio-en-un-geriatrico\/#primaryimage\"},\"thumbnailUrl\":\"https:\/\/www.noticiasradioreflejos.com.ar\/2021\/wp-content\/uploads\/2026\/01\/1767693999605.webp\",\"datePublished\":\"2026-01-06T10:44:59+00:00\",\"author\":{\"@id\":\"https:\/\/www.noticiasradioreflejos.com.ar\/2021\/#\/schema\/person\/ad82545263dcc5ec0996818884fd5fb1\"},\"breadcrumb\":{\"@id\":\"https:\/\/www.noticiasradioreflejos.com.ar\/2021\/tragedia-en-olavarria-dos-muertos-y-37-heridos-por-un-incendio-en-un-geriatrico\/#breadcrumb\"},\"inLanguage\":\"es\",\"potentialAction\":[{\"@type\":\"ReadAction\",\"target\":[\"https:\/\/www.noticiasradioreflejos.com.ar\/2021\/tragedia-en-olavarria-dos-muertos-y-37-heridos-por-un-incendio-en-un-geriatrico\/\"]}]},{\"@type\":\"ImageObject\",\"inLanguage\":\"es\",\"@id\":\"https:\/\/www.noticiasradioreflejos.com.ar\/2021\/tragedia-en-olavarria-dos-muertos-y-37-heridos-por-un-incendio-en-un-geriatrico\/#primaryimage\",\"url\":\"https:\/\/www.noticiasradioreflejos.com.ar\/2021\/wp-content\/uploads\/2026\/01\/1767693999605.webp\",\"contentUrl\":\"https:\/\/www.noticiasradioreflejos.com.ar\/2021\/wp-content\/uploads\/2026\/01\/1767693999605.webp\",\"width\":1121,\"height\":633},{\"@type\":\"BreadcrumbList\",\"@id\":\"https:\/\/www.noticiasradioreflejos.com.ar\/2021\/tragedia-en-olavarria-dos-muertos-y-37-heridos-por-un-incendio-en-un-geriatrico\/#breadcrumb\",\"itemListElement\":[{\"@type\":\"ListItem\",\"position\":1,\"name\":\"Portada\",\"item\":\"https:\/\/www.noticiasradioreflejos.com.ar\/2021\/\"},{\"@type\":\"ListItem\",\"position\":2,\"name\":\"Tragedia en Olavarr\u00eda: dos muertos y 37 heridos por un incendio en un geri\u00e1trico\"}]},{\"@type\":\"WebSite\",\"@id\":\"https:\/\/www.noticiasradioreflejos.com.ar\/2021\/#website\",\"url\":\"https:\/\/www.noticiasradioreflejos.com.ar\/2021\/\",\"name\":\"Noticias Radio Reflejos\",\"description\":\"Las noticias de mi comarca\",\"potentialAction\":[{\"@type\":\"SearchAction\",\"target\":{\"@type\":\"EntryPoint\",\"urlTemplate\":\"https:\/\/www.noticiasradioreflejos.com.ar\/2021\/?s={search_term_string}\"},\"query-input\":{\"@type\":\"PropertyValueSpecification\",\"valueRequired\":true,\"valueName\":\"search_term_string\"}}],\"inLanguage\":\"es\"},{\"@type\":\"Person\",\"@id\":\"https:\/\/www.noticiasradioreflejos.com.ar\/2021\/#\/schema\/person\/ad82545263dcc5ec0996818884fd5fb1\",\"name\":\"Arnaldo Botto\",\"image\":{\"@type\":\"ImageObject\",\"inLanguage\":\"es\",\"@id\":\"https:\/\/www.noticiasradioreflejos.com.ar\/2021\/#\/schema\/person\/image\/\",\"url\":\"https:\/\/secure.gravatar.com\/avatar\/55cb5e37c1efa326397366e6974cb338056df65cb50e7d64d1cf314e87504837?s=96&d=mm&r=g\",\"contentUrl\":\"https:\/\/secure.gravatar.com\/avatar\/55cb5e37c1efa326397366e6974cb338056df65cb50e7d64d1cf314e87504837?s=96&d=mm&r=g\",\"caption\":\"Arnaldo Botto\"},\"url\":\"https:\/\/www.noticiasradioreflejos.com.ar\/2021\/author\/arnaldo\/\"}]}<\/script>\n<!-- \/ Yoast SEO plugin. -->","yoast_head_json":{"title":"Tragedia en Olavarr\u00eda: dos muertos y 37 heridos por un incendio en un geri\u00e1trico - Noticias Radio Reflejos","robots":{"index":"index","follow":"follow","max-snippet":"max-snippet:-1","max-image-preview":"max-image-preview:large","max-video-preview":"max-video-preview:-1"},"canonical":"https:\/\/www.noticiasradioreflejos.com.ar\/2021\/tragedia-en-olavarria-dos-muertos-y-37-heridos-por-un-incendio-en-un-geriatrico\/","og_locale":"es_ES","og_type":"article","og_title":"Tragedia en Olavarr\u00eda: dos muertos y 37 heridos por un incendio en un geri\u00e1trico - Noticias Radio Reflejos","og_description":"El siniestro ocurri\u00f3 en el barrio Isaura. La mayor\u00eda de los afectados sufri\u00f3 intoxicaci\u00f3n por mon\u00f3xido de carbono. Un bombero se encuentra en terapia intensiva.","og_url":"https:\/\/www.noticiasradioreflejos.com.ar\/2021\/tragedia-en-olavarria-dos-muertos-y-37-heridos-por-un-incendio-en-un-geriatrico\/","og_site_name":"Noticias Radio Reflejos","article_published_time":"2026-01-06T10:44:59+00:00","og_image":[{"width":1121,"height":633,"url":"https:\/\/www.noticiasradioreflejos.com.ar\/2021\/wp-content\/uploads\/2026\/01\/1767693999605.webp","type":"image\/webp"}],"author":"Arnaldo Botto","twitter_card":"summary_large_image","schema":{"@context":"https:\/\/schema.org","@graph":[{"@type":"WebPage","@id":"https:\/\/www.noticiasradioreflejos.com.ar\/2021\/tragedia-en-olavarria-dos-muertos-y-37-heridos-por-un-incendio-en-un-geriatrico\/","url":"https:\/\/www.noticiasradioreflejos.com.ar\/2021\/tragedia-en-olavarria-dos-muertos-y-37-heridos-por-un-incendio-en-un-geriatrico\/","name":"Tragedia en Olavarr\u00eda: dos muertos y 37 heridos por un incendio en un geri\u00e1trico - Noticias Radio Reflejos","isPartOf":{"@id":"https:\/\/www.noticiasradioreflejos.com.ar\/2021\/#website"},"primaryImageOfPage":{"@id":"https:\/\/www.noticiasradioreflejos.com.ar\/2021\/tragedia-en-olavarria-dos-muertos-y-37-heridos-por-un-incendio-en-un-geriatrico\/#primaryimage"},"image":{"@id":"https:\/\/www.noticiasradioreflejos.com.ar\/2021\/tragedia-en-olavarria-dos-muertos-y-37-heridos-por-un-incendio-en-un-geriatrico\/#primaryimage"},"thumbnailUrl":"https:\/\/www.noticiasradioreflejos.com.ar\/2021\/wp-content\/uploads\/2026\/01\/1767693999605.webp","datePublished":"2026-01-06T10:44:59+00:00","author":{"@id":"https:\/\/www.noticiasradioreflejos.com.ar\/2021\/#\/schema\/person\/ad82545263dcc5ec0996818884fd5fb1"},"breadcrumb":{"@id":"https:\/\/www.noticiasradioreflejos.com.ar\/2021\/tragedia-en-olavarria-dos-muertos-y-37-heridos-por-un-incendio-en-un-geriatrico\/#breadcrumb"},"inLanguage":"es","potentialAction":[{"@type":"ReadAction","target":["https:\/\/www.noticiasradioreflejos.com.ar\/2021\/tragedia-en-olavarria-dos-muertos-y-37-heridos-por-un-incendio-en-un-geriatrico\/"]}]},{"@type":"ImageObject","inLanguage":"es","@id":"https:\/\/www.noticiasradioreflejos.com.ar\/2021\/tragedia-en-olavarria-dos-muertos-y-37-heridos-por-un-incendio-en-un-geriatrico\/#primaryimage","url":"https:\/\/www.noticiasradioreflejos.com.ar\/2021\/wp-content\/uploads\/2026\/01\/1767693999605.webp","contentUrl":"https:\/\/www.noticiasradioreflejos.com.ar\/2021\/wp-content\/uploads\/2026\/01\/1767693999605.webp","width":1121,"height":633},{"@type":"BreadcrumbList","@id":"https:\/\/www.noticiasradioreflejos.com.ar\/2021\/tragedia-en-olavarria-dos-muertos-y-37-heridos-por-un-incendio-en-un-geriatrico\/#breadcrumb","itemListElement":[{"@type":"ListItem","position":1,"name":"Portada","item":"https:\/\/www.noticiasradioreflejos.com.ar\/2021\/"},{"@type":"ListItem","position":2,"name":"Tragedia en Olavarr\u00eda: dos muertos y 37 heridos por un incendio en un geri\u00e1trico"}]},{"@type":"WebSite","@id":"https:\/\/www.noticiasradioreflejos.com.ar\/2021\/#website","url":"https:\/\/www.noticiasradioreflejos.com.ar\/2021\/","name":"Noticias Radio Reflejos","description":"Las noticias de mi comarca","potentialAction":[{"@type":"SearchAction","target":{"@type":"EntryPoint","urlTemplate":"https:\/\/www.noticiasradioreflejos.com.ar\/2021\/?s={search_term_string}"},"query-input":{"@type":"PropertyValueSpecification","valueRequired":true,"valueName":"search_term_string"}}],"inLanguage":"es"},{"@type":"Person","@id":"https:\/\/www.noticiasradioreflejos.com.ar\/2021\/#\/schema\/person\/ad82545263dcc5ec0996818884fd5fb1","name":"Arnaldo Botto","image":{"@type":"ImageObject","inLanguage":"es","@id":"https:\/\/www.noticiasradioreflejos.com.ar\/2021\/#\/schema\/person\/image\/","url":"https:\/\/secure.gravatar.com\/avatar\/55cb5e37c1efa326397366e6974cb338056df65cb50e7d64d1cf314e87504837?s=96&d=mm&r=g","contentUrl":"https:\/\/secure.gravatar.com\/avatar\/55cb5e37c1efa326397366e6974cb338056df65cb50e7d64d1cf314e87504837?s=96&d=mm&r=g","caption":"Arnaldo Botto"},"url":"https:\/\/www.noticiasradioreflejos.com.ar\/2021\/author\/arnaldo\/"}]}},"_links":{"self":[{"href":"https:\/\/www.noticiasradioreflejos.com.ar\/2021\/wp-json\/wp\/v2\/posts\/130859","targetHints":{"allow":["GET"]}}],"collection":[{"href":"https:\/\/www.noticiasradioreflejos.com.ar\/2021\/wp-json\/wp\/v2\/posts"}],"about":[{"href":"https:\/\/www.noticiasradioreflejos.com.ar\/2021\/wp-json\/wp\/v2\/types\/post"}],"author":[{"embeddable":true,"href":"https:\/\/www.noticiasradioreflejos.com.ar\/2021\/wp-json\/wp\/v2\/users\/3"}],"replies":[{"embeddable":true,"href":"https:\/\/www.noticiasradioreflejos.com.ar\/2021\/wp-json\/wp\/v2\/comments?post=130859"}],"version-history":[{"count":1,"href":"https:\/\/www.noticiasradioreflejos.com.ar\/2021\/wp-json\/wp\/v2\/posts\/130859\/revisions"}],"predecessor-version":[{"id":130862,"href":"https:\/\/www.noticiasradioreflejos.com.ar\/2021\/wp-json\/wp\/v2\/posts\/130859\/revisions\/130862"}],"wp:featuredmedia":[{"embeddable":true,"href":"https:\/\/www.noticiasradioreflejos.com.ar\/2021\/wp-json\/wp\/v2\/media\/130860"}],"wp:attachment":[{"href":"https:\/\/www.noticiasradioreflejos.com.ar\/2021\/wp-json\/wp\/v2\/media?parent=130859"}],"wp:term":[{"taxonomy":"category","embeddable":true,"href":"https:\/\/www.noticiasradioreflejos.com.ar\/2021\/wp-json\/wp\/v2\/categories?post=130859"},{"taxonomy":"post_tag","embeddable":true,"href":"https:\/\/www.noticiasradioreflejos.com.ar\/2021\/wp-json\/wp\/v2\/tags?post=130859"}],"curies":[{"name":"wp","href":"https:\/\/api.w.org\/{rel}","templated":true}]}}