{"id":13084,"date":"2017-08-03T08:00:15","date_gmt":"2017-08-03T11:00:15","guid":{"rendered":"http:\/\/www.noticiasradioreflejos.com.ar\/noticias\/?p=13084"},"modified":"2017-08-03T08:00:15","modified_gmt":"2017-08-03T11:00:15","slug":"visito-la-ciudad-nora-biaggio-precandidata-a-diputada-por-el-frente-de-izquierda","status":"publish","type":"post","link":"https:\/\/www.noticiasradioreflejos.com.ar\/2021\/visito-la-ciudad-nora-biaggio-precandidata-a-diputada-por-el-frente-de-izquierda\/","title":{"rendered":"Visit\u00f3 la ciudad Nora Biaggio, precandidata a diputada por el Frente de Izquierda"},"content":{"rendered":"<p>En el marco de su recorrida por la regi\u00f3n, Nora Biaggio, precandidata a diputada nacional por el Frente de Izquierda, visit\u00f3 este mi\u00e9rcoles nuestra ciudad.<br \/>\nLa dirigente oriunda de Hurlingam estuvo junto a los precandidatos a concejales de dicho espacio Irene Antognolli e Ignacio Etayo y otros representantes de la Izquierda a nivel distrital.<!--more--><br \/>\nBiaggio integra la lista encabezada por Nicolas Del Ca\u00f1o y Norma Del Pl\u00e1, quienes acompa\u00f1an la candidatura de N\u00e9stor Pitrola a precandidato a senador nacional.<br \/>\n\u201cEs una recorrida electoral muy combinada con los procesos de lucha que est\u00e1n habiendo, con la fabricas que cierran, el gatillo f\u00e1cil y la desaparici\u00f3n de mujeres que est\u00e1n presentes en este periodo electoral\u201d, expres\u00f3 en di\u00e1logo con nuestro medio.<br \/>\n\u201cEl avance de la izquierda se viene corroborando por un fen\u00f3meno que no es s\u00f3lo electoral: la izquierda ya ven\u00eda conquistando comisiones internas, cuerpos de delegados y sindicatos; ya hab\u00eda una expresi\u00f3n de la muchos sectores obreros de desembarazarse de la historia del peronismo y evolucionar a lo que nosotros llamamos \u2018clasismo\u2019, que es la independencia de los trabajadores en cuanto a las patronales y al gobierno\u201d, manifest\u00f3.<br \/>\nA prop\u00f3sito, resalt\u00f3 que el gremio Suteba Multicolores y el sindicato de docentes universitarios y el de trabajadores del neum\u00e1tico \u201cya est\u00e1n en manos de la izquierda y muchos de ellos con dirigentes del Partido Obrero\u201d.<br \/>\n\u201cEse crecimiento se ha manifestado en que por primera vez haya una bancada de cuatro diputados en el Congreso Nacional y senadores, diputados y concejales en muchos lugares del pa\u00eds\u201d, destac\u00f3.<br \/>\nAsimismo, asegur\u00f3 que \u201cel macrismo, que fue votado confusamente por trabajadores como para deshacerse de la decepci\u00f3n que signific\u00f3 el kirchnerismo, ha mostrado su verdadera cara que es la del ajuste. Muchos de sus votantes no los van a volver a votar y nos miran (a la Izquierda) con mucha atenci\u00f3n a nosotros porque reconocen que somos los que enfrentamos el ajuste; la bancada est\u00e1 presente en cada conflicto y lo llevamos al seno del Congreso\u201d.<br \/>\nEn ese sentido, afirm\u00f3 que el Gobierno Nacional \u201cest\u00e1 preparando una reforma laboral aun peor que la tuvimos con el menemismo: terminar con los convenios colectivos, con las paritarias y con las condiciones que tenemos hasta ahora para contratarnos en negro; adem\u00e1s est\u00e1 en carpeta el aumento de la edad jubilatoria, cuestiones que el resto de las fuerzas pol\u00edticas no han enfrentado\u201d.<br \/>\n<iframe loading=\"lazy\" src=\"https:\/\/w.soundcloud.com\/player\/?url=https%3A\/\/api.soundcloud.com\/tracks\/336073339&amp;color=ff5500&amp;auto_play=false&amp;hide_related=false&amp;show_comments=true&amp;show_user=true&amp;show_reposts=false\" width=\"100%\" height=\"166\" frameborder=\"no\" scrolling=\"no\"><\/iframe><\/p>\n","protected":false},"excerpt":{"rendered":"<p>En el marco de su recorrida por la regi\u00f3n, Nora Biaggio, precandidata a diputada nacional por el Frente de Izquierda, visit\u00f3 este mi\u00e9rcoles nuestra ciudad. La dirigente oriunda de Hurlingam estuvo junto a los precandidatos a concejales de dicho espacio Irene Antognolli e Ignacio Etayo y otros representantes de la Izquierda a nivel distrital.<\/p>\n","protected":false},"author":3,"featured_media":0,"comment_status":"closed","ping_status":"open","sticky":false,"template":"","format":"standard","meta":{"footnotes":""},"categories":[24],"tags":[],"class_list":["post-13084","post","type-post","status-publish","format-standard","hentry","category-politica"],"yoast_head":"<!-- This site is optimized with the Yoast SEO plugin v25.9 - https:\/\/yoast.com\/wordpress\/plugins\/seo\/ -->\n<title>Visit\u00f3 la ciudad Nora Biaggio, precandidata a diputada por el Frente de Izquierda - Noticias Radio Reflejos<\/title>\n<meta name=\"robots\" content=\"index, follow, max-snippet:-1, max-image-preview:large, max-video-preview:-1\" \/>\n<link rel=\"canonical\" href=\"https:\/\/www.noticiasradioreflejos.com.ar\/2021\/visito-la-ciudad-nora-biaggio-precandidata-a-diputada-por-el-frente-de-izquierda\/\" \/>\n<meta property=\"og:locale\" content=\"es_ES\" \/>\n<meta property=\"og:type\" content=\"article\" \/>\n<meta property=\"og:title\" content=\"Visit\u00f3 la ciudad Nora Biaggio, precandidata a diputada por el Frente de Izquierda - Noticias Radio Reflejos\" \/>\n<meta property=\"og:description\" content=\"En el marco de su recorrida por la regi\u00f3n, Nora Biaggio, precandidata a diputada nacional por el Frente de Izquierda, visit\u00f3 este mi\u00e9rcoles nuestra ciudad. La dirigente oriunda de Hurlingam estuvo junto a los precandidatos a concejales de dicho espacio Irene Antognolli e Ignacio Etayo y otros representantes de la Izquierda a nivel distrital.\" \/>\n<meta property=\"og:url\" content=\"https:\/\/www.noticiasradioreflejos.com.ar\/2021\/visito-la-ciudad-nora-biaggio-precandidata-a-diputada-por-el-frente-de-izquierda\/\" \/>\n<meta property=\"og:site_name\" content=\"Noticias Radio Reflejos\" \/>\n<meta property=\"article:published_time\" content=\"2017-08-03T11:00:15+00:00\" \/>\n<meta property=\"og:image\" content=\"https:\/\/www.noticiasradioreflejos.com.ar\/2021\/wp-content\/uploads\/2021\/07\/logosol300x200.png\" \/>\n\t<meta property=\"og:image:width\" content=\"300\" \/>\n\t<meta property=\"og:image:height\" content=\"200\" \/>\n\t<meta property=\"og:image:type\" content=\"image\/png\" \/>\n<meta name=\"author\" content=\"Arnaldo Botto\" \/>\n<meta name=\"twitter:card\" content=\"summary_large_image\" \/>\n<script type=\"application\/ld+json\" class=\"yoast-schema-graph\">{\"@context\":\"https:\/\/schema.org\",\"@graph\":[{\"@type\":\"WebPage\",\"@id\":\"https:\/\/www.noticiasradioreflejos.com.ar\/2021\/visito-la-ciudad-nora-biaggio-precandidata-a-diputada-por-el-frente-de-izquierda\/\",\"url\":\"https:\/\/www.noticiasradioreflejos.com.ar\/2021\/visito-la-ciudad-nora-biaggio-precandidata-a-diputada-por-el-frente-de-izquierda\/\",\"name\":\"Visit\u00f3 la ciudad Nora Biaggio, precandidata a diputada por el Frente de Izquierda - Noticias Radio Reflejos\",\"isPartOf\":{\"@id\":\"https:\/\/www.noticiasradioreflejos.com.ar\/2021\/#website\"},\"datePublished\":\"2017-08-03T11:00:15+00:00\",\"author\":{\"@id\":\"https:\/\/www.noticiasradioreflejos.com.ar\/2021\/#\/schema\/person\/ad82545263dcc5ec0996818884fd5fb1\"},\"breadcrumb\":{\"@id\":\"https:\/\/www.noticiasradioreflejos.com.ar\/2021\/visito-la-ciudad-nora-biaggio-precandidata-a-diputada-por-el-frente-de-izquierda\/#breadcrumb\"},\"inLanguage\":\"es\",\"potentialAction\":[{\"@type\":\"ReadAction\",\"target\":[\"https:\/\/www.noticiasradioreflejos.com.ar\/2021\/visito-la-ciudad-nora-biaggio-precandidata-a-diputada-por-el-frente-de-izquierda\/\"]}]},{\"@type\":\"BreadcrumbList\",\"@id\":\"https:\/\/www.noticiasradioreflejos.com.ar\/2021\/visito-la-ciudad-nora-biaggio-precandidata-a-diputada-por-el-frente-de-izquierda\/#breadcrumb\",\"itemListElement\":[{\"@type\":\"ListItem\",\"position\":1,\"name\":\"Portada\",\"item\":\"https:\/\/www.noticiasradioreflejos.com.ar\/2021\/\"},{\"@type\":\"ListItem\",\"position\":2,\"name\":\"Visit\u00f3 la ciudad Nora Biaggio, precandidata a diputada por el Frente de Izquierda\"}]},{\"@type\":\"WebSite\",\"@id\":\"https:\/\/www.noticiasradioreflejos.com.ar\/2021\/#website\",\"url\":\"https:\/\/www.noticiasradioreflejos.com.ar\/2021\/\",\"name\":\"Noticias Radio Reflejos\",\"description\":\"Las noticias de mi comarca\",\"potentialAction\":[{\"@type\":\"SearchAction\",\"target\":{\"@type\":\"EntryPoint\",\"urlTemplate\":\"https:\/\/www.noticiasradioreflejos.com.ar\/2021\/?s={search_term_string}\"},\"query-input\":{\"@type\":\"PropertyValueSpecification\",\"valueRequired\":true,\"valueName\":\"search_term_string\"}}],\"inLanguage\":\"es\"},{\"@type\":\"Person\",\"@id\":\"https:\/\/www.noticiasradioreflejos.com.ar\/2021\/#\/schema\/person\/ad82545263dcc5ec0996818884fd5fb1\",\"name\":\"Arnaldo Botto\",\"image\":{\"@type\":\"ImageObject\",\"inLanguage\":\"es\",\"@id\":\"https:\/\/www.noticiasradioreflejos.com.ar\/2021\/#\/schema\/person\/image\/\",\"url\":\"https:\/\/secure.gravatar.com\/avatar\/55cb5e37c1efa326397366e6974cb338056df65cb50e7d64d1cf314e87504837?s=96&d=mm&r=g\",\"contentUrl\":\"https:\/\/secure.gravatar.com\/avatar\/55cb5e37c1efa326397366e6974cb338056df65cb50e7d64d1cf314e87504837?s=96&d=mm&r=g\",\"caption\":\"Arnaldo Botto\"},\"url\":\"https:\/\/www.noticiasradioreflejos.com.ar\/2021\/author\/arnaldo\/\"}]}<\/script>\n<!-- \/ Yoast SEO plugin. -->","yoast_head_json":{"title":"Visit\u00f3 la ciudad Nora Biaggio, precandidata a diputada por el Frente de Izquierda - Noticias Radio Reflejos","robots":{"index":"index","follow":"follow","max-snippet":"max-snippet:-1","max-image-preview":"max-image-preview:large","max-video-preview":"max-video-preview:-1"},"canonical":"https:\/\/www.noticiasradioreflejos.com.ar\/2021\/visito-la-ciudad-nora-biaggio-precandidata-a-diputada-por-el-frente-de-izquierda\/","og_locale":"es_ES","og_type":"article","og_title":"Visit\u00f3 la ciudad Nora Biaggio, precandidata a diputada por el Frente de Izquierda - Noticias Radio Reflejos","og_description":"En el marco de su recorrida por la regi\u00f3n, Nora Biaggio, precandidata a diputada nacional por el Frente de Izquierda, visit\u00f3 este mi\u00e9rcoles nuestra ciudad. La dirigente oriunda de Hurlingam estuvo junto a los precandidatos a concejales de dicho espacio Irene Antognolli e Ignacio Etayo y otros representantes de la Izquierda a nivel distrital.","og_url":"https:\/\/www.noticiasradioreflejos.com.ar\/2021\/visito-la-ciudad-nora-biaggio-precandidata-a-diputada-por-el-frente-de-izquierda\/","og_site_name":"Noticias Radio Reflejos","article_published_time":"2017-08-03T11:00:15+00:00","og_image":[{"width":300,"height":200,"url":"https:\/\/www.noticiasradioreflejos.com.ar\/2021\/wp-content\/uploads\/2021\/07\/logosol300x200.png","type":"image\/png"}],"author":"Arnaldo Botto","twitter_card":"summary_large_image","schema":{"@context":"https:\/\/schema.org","@graph":[{"@type":"WebPage","@id":"https:\/\/www.noticiasradioreflejos.com.ar\/2021\/visito-la-ciudad-nora-biaggio-precandidata-a-diputada-por-el-frente-de-izquierda\/","url":"https:\/\/www.noticiasradioreflejos.com.ar\/2021\/visito-la-ciudad-nora-biaggio-precandidata-a-diputada-por-el-frente-de-izquierda\/","name":"Visit\u00f3 la ciudad Nora Biaggio, precandidata a diputada por el Frente de Izquierda - Noticias Radio Reflejos","isPartOf":{"@id":"https:\/\/www.noticiasradioreflejos.com.ar\/2021\/#website"},"datePublished":"2017-08-03T11:00:15+00:00","author":{"@id":"https:\/\/www.noticiasradioreflejos.com.ar\/2021\/#\/schema\/person\/ad82545263dcc5ec0996818884fd5fb1"},"breadcrumb":{"@id":"https:\/\/www.noticiasradioreflejos.com.ar\/2021\/visito-la-ciudad-nora-biaggio-precandidata-a-diputada-por-el-frente-de-izquierda\/#breadcrumb"},"inLanguage":"es","potentialAction":[{"@type":"ReadAction","target":["https:\/\/www.noticiasradioreflejos.com.ar\/2021\/visito-la-ciudad-nora-biaggio-precandidata-a-diputada-por-el-frente-de-izquierda\/"]}]},{"@type":"BreadcrumbList","@id":"https:\/\/www.noticiasradioreflejos.com.ar\/2021\/visito-la-ciudad-nora-biaggio-precandidata-a-diputada-por-el-frente-de-izquierda\/#breadcrumb","itemListElement":[{"@type":"ListItem","position":1,"name":"Portada","item":"https:\/\/www.noticiasradioreflejos.com.ar\/2021\/"},{"@type":"ListItem","position":2,"name":"Visit\u00f3 la ciudad Nora Biaggio, precandidata a diputada por el Frente de Izquierda"}]},{"@type":"WebSite","@id":"https:\/\/www.noticiasradioreflejos.com.ar\/2021\/#website","url":"https:\/\/www.noticiasradioreflejos.com.ar\/2021\/","name":"Noticias Radio Reflejos","description":"Las noticias de mi comarca","potentialAction":[{"@type":"SearchAction","target":{"@type":"EntryPoint","urlTemplate":"https:\/\/www.noticiasradioreflejos.com.ar\/2021\/?s={search_term_string}"},"query-input":{"@type":"PropertyValueSpecification","valueRequired":true,"valueName":"search_term_string"}}],"inLanguage":"es"},{"@type":"Person","@id":"https:\/\/www.noticiasradioreflejos.com.ar\/2021\/#\/schema\/person\/ad82545263dcc5ec0996818884fd5fb1","name":"Arnaldo Botto","image":{"@type":"ImageObject","inLanguage":"es","@id":"https:\/\/www.noticiasradioreflejos.com.ar\/2021\/#\/schema\/person\/image\/","url":"https:\/\/secure.gravatar.com\/avatar\/55cb5e37c1efa326397366e6974cb338056df65cb50e7d64d1cf314e87504837?s=96&d=mm&r=g","contentUrl":"https:\/\/secure.gravatar.com\/avatar\/55cb5e37c1efa326397366e6974cb338056df65cb50e7d64d1cf314e87504837?s=96&d=mm&r=g","caption":"Arnaldo Botto"},"url":"https:\/\/www.noticiasradioreflejos.com.ar\/2021\/author\/arnaldo\/"}]}},"_links":{"self":[{"href":"https:\/\/www.noticiasradioreflejos.com.ar\/2021\/wp-json\/wp\/v2\/posts\/13084","targetHints":{"allow":["GET"]}}],"collection":[{"href":"https:\/\/www.noticiasradioreflejos.com.ar\/2021\/wp-json\/wp\/v2\/posts"}],"about":[{"href":"https:\/\/www.noticiasradioreflejos.com.ar\/2021\/wp-json\/wp\/v2\/types\/post"}],"author":[{"embeddable":true,"href":"https:\/\/www.noticiasradioreflejos.com.ar\/2021\/wp-json\/wp\/v2\/users\/3"}],"replies":[{"embeddable":true,"href":"https:\/\/www.noticiasradioreflejos.com.ar\/2021\/wp-json\/wp\/v2\/comments?post=13084"}],"version-history":[{"count":0,"href":"https:\/\/www.noticiasradioreflejos.com.ar\/2021\/wp-json\/wp\/v2\/posts\/13084\/revisions"}],"wp:attachment":[{"href":"https:\/\/www.noticiasradioreflejos.com.ar\/2021\/wp-json\/wp\/v2\/media?parent=13084"}],"wp:term":[{"taxonomy":"category","embeddable":true,"href":"https:\/\/www.noticiasradioreflejos.com.ar\/2021\/wp-json\/wp\/v2\/categories?post=13084"},{"taxonomy":"post_tag","embeddable":true,"href":"https:\/\/www.noticiasradioreflejos.com.ar\/2021\/wp-json\/wp\/v2\/tags?post=13084"}],"curies":[{"name":"wp","href":"https:\/\/api.w.org\/{rel}","templated":true}]}}