{"id":13080,"date":"2017-08-03T07:55:13","date_gmt":"2017-08-03T10:55:13","guid":{"rendered":"http:\/\/www.noticiasradioreflejos.com.ar\/noticias\/?p=13080"},"modified":"2017-08-03T07:55:13","modified_gmt":"2017-08-03T10:55:13","slug":"cumplir-presento-sus-precandidatos-en-pelicura-y-chasico","status":"publish","type":"post","link":"https:\/\/www.noticiasradioreflejos.com.ar\/2021\/cumplir-presento-sus-precandidatos-en-pelicura-y-chasico\/","title":{"rendered":"Cumplir present\u00f3 sus precandidatos en Pelicur\u00e1 y Chasic\u00f3"},"content":{"rendered":"<p><a title=\"03\" href=\"http:\/\/farm5.staticflickr.com\/4383\/35512731664_6d62518a27.jpg\" rel=\"\"><img loading=\"lazy\" decoding=\"async\" class=\"alignleft\" style=\"float: left;\" title=\"03\" src=\"http:\/\/farm5.staticflickr.com\/4383\/35512731664_6d62518a27.jpg\" alt=\"03\" width=\"500\" height=\"333\" \/><\/a>En lo que fue su \u00faltima recorrida de cara a las PASO del pr\u00f3ximo domingo 13 de agosto, el Frente Justicialista Cumplir efectu\u00f3 la presentaci\u00f3n de sus precandidatos a concejales y consejeros escolares en las localidades de Chasic\u00f3 y Pelicur\u00e1.<br \/>\nEn ambos lugares se cont\u00f3 con la presencia de varios vecinos interesados en conocer las propuestas y objetivos de la n\u00f3mina encabezada por Florencio Randazzo como precandidato a senador nacional y el exintendente Gustavo Trankels como precandidato a diputado provincial.<!--more--><br \/>\nEl Club Atl\u00e9tico Pelicurense, hist\u00f3rica instituci\u00f3n de la localidad, fue el escenario elegido para el contacto con los vecinos en Pelicur\u00e1, mientras que en Chasic\u00f3 la cita se produjo en la sede de la Juventud Agraria.<br \/>\nEn ambos lugares, los integrantes de la lista de Cumplir volvieron a resaltar la importancia que tiene la palabra y plantearon la necesidad de equilibrar las fuerzas en el Concejo Deliberante, con el objetivo de \u201cponerle l\u00edmite a algunas medidas que viene tomando el Ejecutivo y que perjudican a los vecinos\u201d.<br \/>\n\u201cQueremos que el Concejo Deliberante est\u00e9 equilibrado y nos permita ayudar a mejorar la calidad de vida de los habitantes del distrito\u201d, resaltaron los precandidatos.<br \/>\n<a title=\"01\" href=\"http:\/\/farm5.staticflickr.com\/4388\/35512735404_3b8ed02a02_z.jpg\" rel=\"\"><img loading=\"lazy\" decoding=\"async\" class=\"aligncenter\" title=\"01\" src=\"http:\/\/farm5.staticflickr.com\/4388\/35512735404_3b8ed02a02_z.jpg\" alt=\"01\" width=\"640\" height=\"426\" \/><\/a><br \/>\nLa tornquistense Laura \u201cLaly\u201d Rosatelli encabezar\u00e1 la n\u00f3mina de precandidatos a ocupar una banca en el Concejo Deliberante, seguida por Fernando \u201cMandingo\u201d Rojas (Saldungaray), Adriana Nielsen (Sierra de la Ventana), V\u00edctor Ant\u00f3n (Tornquist), Mar\u00eda Olmos (Chasic\u00f3) y Daniel Marchione (Villa Ventana) como titulares.<br \/>\nLos suplentes son Silvina Islas (Tres Picos), Jorque \u201cPiqui\u201d Guti\u00e9rrez (Tornquist), Marcela Gim\u00e9nez (Tornquist) y Fernando Garrido (Tornquist).<br \/>\nRespecto de los consejeros escolares, el primer lugar de la lista lo ocupa Mar\u00eda Luz Palacio y el segundo Alberto Aldecoa, mientras que Paula Mu\u00f1oz y Walter Taylor son los suplentes.<br \/>\n<a title=\"02\" href=\"http:\/\/farm5.staticflickr.com\/4442\/36211891071_378e993593_z.jpg\" rel=\"\"><img loading=\"lazy\" decoding=\"async\" class=\"aligncenter\" title=\"02\" src=\"http:\/\/farm5.staticflickr.com\/4442\/36211891071_378e993593_z.jpg\" alt=\"02\" width=\"426\" height=\"640\" \/><\/a><a title=\"04\" href=\"http:\/\/farm5.staticflickr.com\/4352\/36211889991_96ba868d4f_z.jpg\" rel=\"\"><img loading=\"lazy\" decoding=\"async\" class=\"aligncenter\" title=\"04\" src=\"http:\/\/farm5.staticflickr.com\/4352\/36211889991_96ba868d4f_z.jpg\" alt=\"04\" width=\"640\" height=\"426\" \/><\/a><\/p>\n","protected":false},"excerpt":{"rendered":"<p>En lo que fue su \u00faltima recorrida de cara a las PASO del pr\u00f3ximo domingo 13 de agosto, el Frente Justicialista Cumplir efectu\u00f3 la presentaci\u00f3n de sus precandidatos a concejales y consejeros escolares en las localidades de Chasic\u00f3 y Pelicur\u00e1. En ambos lugares se cont\u00f3 con la presencia de varios vecinos interesados en conocer las [&hellip;]<\/p>\n","protected":false},"author":3,"featured_media":0,"comment_status":"closed","ping_status":"open","sticky":false,"template":"","format":"standard","meta":{"footnotes":""},"categories":[24],"tags":[],"class_list":["post-13080","post","type-post","status-publish","format-standard","hentry","category-politica"],"yoast_head":"<!-- This site is optimized with the Yoast SEO plugin v25.9 - https:\/\/yoast.com\/wordpress\/plugins\/seo\/ -->\n<title>Cumplir present\u00f3 sus precandidatos en Pelicur\u00e1 y Chasic\u00f3 - Noticias Radio Reflejos<\/title>\n<meta name=\"robots\" content=\"index, follow, max-snippet:-1, max-image-preview:large, max-video-preview:-1\" \/>\n<link rel=\"canonical\" href=\"https:\/\/www.noticiasradioreflejos.com.ar\/2021\/cumplir-presento-sus-precandidatos-en-pelicura-y-chasico\/\" \/>\n<meta property=\"og:locale\" content=\"es_ES\" \/>\n<meta property=\"og:type\" content=\"article\" \/>\n<meta property=\"og:title\" content=\"Cumplir present\u00f3 sus precandidatos en Pelicur\u00e1 y Chasic\u00f3 - Noticias Radio Reflejos\" \/>\n<meta property=\"og:description\" content=\"En lo que fue su \u00faltima recorrida de cara a las PASO del pr\u00f3ximo domingo 13 de agosto, el Frente Justicialista Cumplir efectu\u00f3 la presentaci\u00f3n de sus precandidatos a concejales y consejeros escolares en las localidades de Chasic\u00f3 y Pelicur\u00e1. En ambos lugares se cont\u00f3 con la presencia de varios vecinos interesados en conocer las [&hellip;]\" \/>\n<meta property=\"og:url\" content=\"https:\/\/www.noticiasradioreflejos.com.ar\/2021\/cumplir-presento-sus-precandidatos-en-pelicura-y-chasico\/\" \/>\n<meta property=\"og:site_name\" content=\"Noticias Radio Reflejos\" \/>\n<meta property=\"article:published_time\" content=\"2017-08-03T10:55:13+00:00\" \/>\n<meta property=\"og:image\" content=\"http:\/\/farm5.staticflickr.com\/4383\/35512731664_6d62518a27.jpg\" \/>\n<meta name=\"author\" content=\"Arnaldo Botto\" \/>\n<meta name=\"twitter:card\" content=\"summary_large_image\" \/>\n<script type=\"application\/ld+json\" class=\"yoast-schema-graph\">{\"@context\":\"https:\/\/schema.org\",\"@graph\":[{\"@type\":\"WebPage\",\"@id\":\"https:\/\/www.noticiasradioreflejos.com.ar\/2021\/cumplir-presento-sus-precandidatos-en-pelicura-y-chasico\/\",\"url\":\"https:\/\/www.noticiasradioreflejos.com.ar\/2021\/cumplir-presento-sus-precandidatos-en-pelicura-y-chasico\/\",\"name\":\"Cumplir present\u00f3 sus precandidatos en Pelicur\u00e1 y Chasic\u00f3 - Noticias Radio Reflejos\",\"isPartOf\":{\"@id\":\"https:\/\/www.noticiasradioreflejos.com.ar\/2021\/#website\"},\"primaryImageOfPage\":{\"@id\":\"https:\/\/www.noticiasradioreflejos.com.ar\/2021\/cumplir-presento-sus-precandidatos-en-pelicura-y-chasico\/#primaryimage\"},\"image\":{\"@id\":\"https:\/\/www.noticiasradioreflejos.com.ar\/2021\/cumplir-presento-sus-precandidatos-en-pelicura-y-chasico\/#primaryimage\"},\"thumbnailUrl\":\"http:\/\/farm5.staticflickr.com\/4383\/35512731664_6d62518a27.jpg\",\"datePublished\":\"2017-08-03T10:55:13+00:00\",\"author\":{\"@id\":\"https:\/\/www.noticiasradioreflejos.com.ar\/2021\/#\/schema\/person\/ad82545263dcc5ec0996818884fd5fb1\"},\"breadcrumb\":{\"@id\":\"https:\/\/www.noticiasradioreflejos.com.ar\/2021\/cumplir-presento-sus-precandidatos-en-pelicura-y-chasico\/#breadcrumb\"},\"inLanguage\":\"es\",\"potentialAction\":[{\"@type\":\"ReadAction\",\"target\":[\"https:\/\/www.noticiasradioreflejos.com.ar\/2021\/cumplir-presento-sus-precandidatos-en-pelicura-y-chasico\/\"]}]},{\"@type\":\"ImageObject\",\"inLanguage\":\"es\",\"@id\":\"https:\/\/www.noticiasradioreflejos.com.ar\/2021\/cumplir-presento-sus-precandidatos-en-pelicura-y-chasico\/#primaryimage\",\"url\":\"http:\/\/farm5.staticflickr.com\/4383\/35512731664_6d62518a27.jpg\",\"contentUrl\":\"http:\/\/farm5.staticflickr.com\/4383\/35512731664_6d62518a27.jpg\"},{\"@type\":\"BreadcrumbList\",\"@id\":\"https:\/\/www.noticiasradioreflejos.com.ar\/2021\/cumplir-presento-sus-precandidatos-en-pelicura-y-chasico\/#breadcrumb\",\"itemListElement\":[{\"@type\":\"ListItem\",\"position\":1,\"name\":\"Portada\",\"item\":\"https:\/\/www.noticiasradioreflejos.com.ar\/2021\/\"},{\"@type\":\"ListItem\",\"position\":2,\"name\":\"Cumplir present\u00f3 sus precandidatos en Pelicur\u00e1 y Chasic\u00f3\"}]},{\"@type\":\"WebSite\",\"@id\":\"https:\/\/www.noticiasradioreflejos.com.ar\/2021\/#website\",\"url\":\"https:\/\/www.noticiasradioreflejos.com.ar\/2021\/\",\"name\":\"Noticias Radio Reflejos\",\"description\":\"Las noticias de mi comarca\",\"potentialAction\":[{\"@type\":\"SearchAction\",\"target\":{\"@type\":\"EntryPoint\",\"urlTemplate\":\"https:\/\/www.noticiasradioreflejos.com.ar\/2021\/?s={search_term_string}\"},\"query-input\":{\"@type\":\"PropertyValueSpecification\",\"valueRequired\":true,\"valueName\":\"search_term_string\"}}],\"inLanguage\":\"es\"},{\"@type\":\"Person\",\"@id\":\"https:\/\/www.noticiasradioreflejos.com.ar\/2021\/#\/schema\/person\/ad82545263dcc5ec0996818884fd5fb1\",\"name\":\"Arnaldo Botto\",\"image\":{\"@type\":\"ImageObject\",\"inLanguage\":\"es\",\"@id\":\"https:\/\/www.noticiasradioreflejos.com.ar\/2021\/#\/schema\/person\/image\/\",\"url\":\"https:\/\/secure.gravatar.com\/avatar\/55cb5e37c1efa326397366e6974cb338056df65cb50e7d64d1cf314e87504837?s=96&d=mm&r=g\",\"contentUrl\":\"https:\/\/secure.gravatar.com\/avatar\/55cb5e37c1efa326397366e6974cb338056df65cb50e7d64d1cf314e87504837?s=96&d=mm&r=g\",\"caption\":\"Arnaldo Botto\"},\"url\":\"https:\/\/www.noticiasradioreflejos.com.ar\/2021\/author\/arnaldo\/\"}]}<\/script>\n<!-- \/ Yoast SEO plugin. -->","yoast_head_json":{"title":"Cumplir present\u00f3 sus precandidatos en Pelicur\u00e1 y Chasic\u00f3 - Noticias Radio Reflejos","robots":{"index":"index","follow":"follow","max-snippet":"max-snippet:-1","max-image-preview":"max-image-preview:large","max-video-preview":"max-video-preview:-1"},"canonical":"https:\/\/www.noticiasradioreflejos.com.ar\/2021\/cumplir-presento-sus-precandidatos-en-pelicura-y-chasico\/","og_locale":"es_ES","og_type":"article","og_title":"Cumplir present\u00f3 sus precandidatos en Pelicur\u00e1 y Chasic\u00f3 - Noticias Radio Reflejos","og_description":"En lo que fue su \u00faltima recorrida de cara a las PASO del pr\u00f3ximo domingo 13 de agosto, el Frente Justicialista Cumplir efectu\u00f3 la presentaci\u00f3n de sus precandidatos a concejales y consejeros escolares en las localidades de Chasic\u00f3 y Pelicur\u00e1. En ambos lugares se cont\u00f3 con la presencia de varios vecinos interesados en conocer las [&hellip;]","og_url":"https:\/\/www.noticiasradioreflejos.com.ar\/2021\/cumplir-presento-sus-precandidatos-en-pelicura-y-chasico\/","og_site_name":"Noticias Radio Reflejos","article_published_time":"2017-08-03T10:55:13+00:00","og_image":[{"url":"http:\/\/farm5.staticflickr.com\/4383\/35512731664_6d62518a27.jpg","type":"","width":"","height":""}],"author":"Arnaldo Botto","twitter_card":"summary_large_image","schema":{"@context":"https:\/\/schema.org","@graph":[{"@type":"WebPage","@id":"https:\/\/www.noticiasradioreflejos.com.ar\/2021\/cumplir-presento-sus-precandidatos-en-pelicura-y-chasico\/","url":"https:\/\/www.noticiasradioreflejos.com.ar\/2021\/cumplir-presento-sus-precandidatos-en-pelicura-y-chasico\/","name":"Cumplir present\u00f3 sus precandidatos en Pelicur\u00e1 y Chasic\u00f3 - Noticias Radio Reflejos","isPartOf":{"@id":"https:\/\/www.noticiasradioreflejos.com.ar\/2021\/#website"},"primaryImageOfPage":{"@id":"https:\/\/www.noticiasradioreflejos.com.ar\/2021\/cumplir-presento-sus-precandidatos-en-pelicura-y-chasico\/#primaryimage"},"image":{"@id":"https:\/\/www.noticiasradioreflejos.com.ar\/2021\/cumplir-presento-sus-precandidatos-en-pelicura-y-chasico\/#primaryimage"},"thumbnailUrl":"http:\/\/farm5.staticflickr.com\/4383\/35512731664_6d62518a27.jpg","datePublished":"2017-08-03T10:55:13+00:00","author":{"@id":"https:\/\/www.noticiasradioreflejos.com.ar\/2021\/#\/schema\/person\/ad82545263dcc5ec0996818884fd5fb1"},"breadcrumb":{"@id":"https:\/\/www.noticiasradioreflejos.com.ar\/2021\/cumplir-presento-sus-precandidatos-en-pelicura-y-chasico\/#breadcrumb"},"inLanguage":"es","potentialAction":[{"@type":"ReadAction","target":["https:\/\/www.noticiasradioreflejos.com.ar\/2021\/cumplir-presento-sus-precandidatos-en-pelicura-y-chasico\/"]}]},{"@type":"ImageObject","inLanguage":"es","@id":"https:\/\/www.noticiasradioreflejos.com.ar\/2021\/cumplir-presento-sus-precandidatos-en-pelicura-y-chasico\/#primaryimage","url":"http:\/\/farm5.staticflickr.com\/4383\/35512731664_6d62518a27.jpg","contentUrl":"http:\/\/farm5.staticflickr.com\/4383\/35512731664_6d62518a27.jpg"},{"@type":"BreadcrumbList","@id":"https:\/\/www.noticiasradioreflejos.com.ar\/2021\/cumplir-presento-sus-precandidatos-en-pelicura-y-chasico\/#breadcrumb","itemListElement":[{"@type":"ListItem","position":1,"name":"Portada","item":"https:\/\/www.noticiasradioreflejos.com.ar\/2021\/"},{"@type":"ListItem","position":2,"name":"Cumplir present\u00f3 sus precandidatos en Pelicur\u00e1 y Chasic\u00f3"}]},{"@type":"WebSite","@id":"https:\/\/www.noticiasradioreflejos.com.ar\/2021\/#website","url":"https:\/\/www.noticiasradioreflejos.com.ar\/2021\/","name":"Noticias Radio Reflejos","description":"Las noticias de mi comarca","potentialAction":[{"@type":"SearchAction","target":{"@type":"EntryPoint","urlTemplate":"https:\/\/www.noticiasradioreflejos.com.ar\/2021\/?s={search_term_string}"},"query-input":{"@type":"PropertyValueSpecification","valueRequired":true,"valueName":"search_term_string"}}],"inLanguage":"es"},{"@type":"Person","@id":"https:\/\/www.noticiasradioreflejos.com.ar\/2021\/#\/schema\/person\/ad82545263dcc5ec0996818884fd5fb1","name":"Arnaldo Botto","image":{"@type":"ImageObject","inLanguage":"es","@id":"https:\/\/www.noticiasradioreflejos.com.ar\/2021\/#\/schema\/person\/image\/","url":"https:\/\/secure.gravatar.com\/avatar\/55cb5e37c1efa326397366e6974cb338056df65cb50e7d64d1cf314e87504837?s=96&d=mm&r=g","contentUrl":"https:\/\/secure.gravatar.com\/avatar\/55cb5e37c1efa326397366e6974cb338056df65cb50e7d64d1cf314e87504837?s=96&d=mm&r=g","caption":"Arnaldo Botto"},"url":"https:\/\/www.noticiasradioreflejos.com.ar\/2021\/author\/arnaldo\/"}]}},"_links":{"self":[{"href":"https:\/\/www.noticiasradioreflejos.com.ar\/2021\/wp-json\/wp\/v2\/posts\/13080","targetHints":{"allow":["GET"]}}],"collection":[{"href":"https:\/\/www.noticiasradioreflejos.com.ar\/2021\/wp-json\/wp\/v2\/posts"}],"about":[{"href":"https:\/\/www.noticiasradioreflejos.com.ar\/2021\/wp-json\/wp\/v2\/types\/post"}],"author":[{"embeddable":true,"href":"https:\/\/www.noticiasradioreflejos.com.ar\/2021\/wp-json\/wp\/v2\/users\/3"}],"replies":[{"embeddable":true,"href":"https:\/\/www.noticiasradioreflejos.com.ar\/2021\/wp-json\/wp\/v2\/comments?post=13080"}],"version-history":[{"count":0,"href":"https:\/\/www.noticiasradioreflejos.com.ar\/2021\/wp-json\/wp\/v2\/posts\/13080\/revisions"}],"wp:attachment":[{"href":"https:\/\/www.noticiasradioreflejos.com.ar\/2021\/wp-json\/wp\/v2\/media?parent=13080"}],"wp:term":[{"taxonomy":"category","embeddable":true,"href":"https:\/\/www.noticiasradioreflejos.com.ar\/2021\/wp-json\/wp\/v2\/categories?post=13080"},{"taxonomy":"post_tag","embeddable":true,"href":"https:\/\/www.noticiasradioreflejos.com.ar\/2021\/wp-json\/wp\/v2\/tags?post=13080"}],"curies":[{"name":"wp","href":"https:\/\/api.w.org\/{rel}","templated":true}]}}