{"id":13050,"date":"2017-08-02T10:12:04","date_gmt":"2017-08-02T13:12:04","guid":{"rendered":"http:\/\/www.noticiasradioreflejos.com.ar\/noticias\/?p=13050"},"modified":"2017-08-02T10:12:04","modified_gmt":"2017-08-02T13:12:04","slug":"actividades-de-los-candidatos-de-1pais-tornquist","status":"publish","type":"post","link":"https:\/\/www.noticiasradioreflejos.com.ar\/2021\/actividades-de-los-candidatos-de-1pais-tornquist\/","title":{"rendered":"Actividades de los candidatos de 1Pa\u00eds Tornquist"},"content":{"rendered":"<p>\u00abRespetamos a las instituciones y queremos que salgan adelante\u00bb, destac\u00f3 Oscar Scharff<br \/>\nInvitado por la flamante Comisi\u00f3n Directiva de la Sociedad Italiana de Tornquist, los candidatos a concejales por la fuerza pol\u00edtica 1Pa\u00eds , mantuvieron anoche un encuentro con la Comisi\u00f3n Directiva de la Sociedad Italiana.<!--more--><br \/>\nDurante el mismo, se les inform\u00f3 a los candidatos sobre las actividades que se desarrollan en la Instituci\u00f3n, y los objetivos de la misma en el mediano plazo.<br \/>\nJunto a Oscar Scharff estuvieron, Bel\u00e9n Lambicchi, Carla Pollio ambas candidatas a concejales y Patricia Toranzo candidata a Consejera Escolar.<br \/>\nPrevio al encuentro con los integrantes de la Sociedad Italiana, los referentes de la fuerza pol\u00edtica que conduce Sergio Massa, participaron de una reuni\u00f3n de mujeres organizada en el Barrio Sur de nuestra ciudad.<br \/>\nDurante la mateada, organizada por la integrante de la lista 501, Mar\u00eda del Carmen Sep\u00falveda, se trataron diversas problem\u00e1ticas existentes en el barrio como es la falta de viviendas sociales, la falta de materiales para la auto construcci\u00f3n y temas puntuales sobre el funcionamiento del Hospital municipal.<br \/>\nMa\u00f1ana, jueves 3, en Villa Ventana<br \/>\nLa agenda de los candidatos de 1Pa\u00eds contin\u00faa ma\u00f1ana en Villa Ventana, donde se invita a todos los vecinos interesados en conocer las propuestas de \u00e9ste espacio pol\u00edtico a la reuni\u00f3n que se llevar\u00e1 a cabo en las instalaciones de la Sociedad de Fomento, a partir de las 20:00 horas-<br \/>\nPRENSA 1PAIS<br \/>\nTORNQUIST<\/p>\n","protected":false},"excerpt":{"rendered":"<p>\u00abRespetamos a las instituciones y queremos que salgan adelante\u00bb, destac\u00f3 Oscar Scharff Invitado por la flamante Comisi\u00f3n Directiva de la Sociedad Italiana de Tornquist, los candidatos a concejales por la fuerza pol\u00edtica 1Pa\u00eds , mantuvieron anoche un encuentro con la Comisi\u00f3n Directiva de la Sociedad Italiana.<\/p>\n","protected":false},"author":3,"featured_media":0,"comment_status":"closed","ping_status":"open","sticky":false,"template":"","format":"standard","meta":{"footnotes":""},"categories":[24],"tags":[],"class_list":["post-13050","post","type-post","status-publish","format-standard","hentry","category-politica"],"yoast_head":"<!-- This site is optimized with the Yoast SEO plugin v25.9 - https:\/\/yoast.com\/wordpress\/plugins\/seo\/ -->\n<title>Actividades de los candidatos de 1Pa\u00eds Tornquist - Noticias Radio Reflejos<\/title>\n<meta name=\"robots\" content=\"index, follow, max-snippet:-1, max-image-preview:large, max-video-preview:-1\" \/>\n<link rel=\"canonical\" href=\"https:\/\/www.noticiasradioreflejos.com.ar\/2021\/actividades-de-los-candidatos-de-1pais-tornquist\/\" \/>\n<meta property=\"og:locale\" content=\"es_ES\" \/>\n<meta property=\"og:type\" content=\"article\" \/>\n<meta property=\"og:title\" content=\"Actividades de los candidatos de 1Pa\u00eds Tornquist - Noticias Radio Reflejos\" \/>\n<meta property=\"og:description\" content=\"\u00abRespetamos a las instituciones y queremos que salgan adelante\u00bb, destac\u00f3 Oscar Scharff Invitado por la flamante Comisi\u00f3n Directiva de la Sociedad Italiana de Tornquist, los candidatos a concejales por la fuerza pol\u00edtica 1Pa\u00eds , mantuvieron anoche un encuentro con la Comisi\u00f3n Directiva de la Sociedad Italiana.\" \/>\n<meta property=\"og:url\" content=\"https:\/\/www.noticiasradioreflejos.com.ar\/2021\/actividades-de-los-candidatos-de-1pais-tornquist\/\" \/>\n<meta property=\"og:site_name\" content=\"Noticias Radio Reflejos\" \/>\n<meta property=\"article:published_time\" content=\"2017-08-02T13:12:04+00:00\" \/>\n<meta property=\"og:image\" content=\"https:\/\/www.noticiasradioreflejos.com.ar\/2021\/wp-content\/uploads\/2021\/07\/logosol300x200.png\" \/>\n\t<meta property=\"og:image:width\" content=\"300\" \/>\n\t<meta property=\"og:image:height\" content=\"200\" \/>\n\t<meta property=\"og:image:type\" content=\"image\/png\" \/>\n<meta name=\"author\" content=\"Arnaldo Botto\" \/>\n<meta name=\"twitter:card\" content=\"summary_large_image\" \/>\n<script type=\"application\/ld+json\" class=\"yoast-schema-graph\">{\"@context\":\"https:\/\/schema.org\",\"@graph\":[{\"@type\":\"WebPage\",\"@id\":\"https:\/\/www.noticiasradioreflejos.com.ar\/2021\/actividades-de-los-candidatos-de-1pais-tornquist\/\",\"url\":\"https:\/\/www.noticiasradioreflejos.com.ar\/2021\/actividades-de-los-candidatos-de-1pais-tornquist\/\",\"name\":\"Actividades de los candidatos de 1Pa\u00eds Tornquist - Noticias Radio Reflejos\",\"isPartOf\":{\"@id\":\"https:\/\/www.noticiasradioreflejos.com.ar\/2021\/#website\"},\"datePublished\":\"2017-08-02T13:12:04+00:00\",\"author\":{\"@id\":\"https:\/\/www.noticiasradioreflejos.com.ar\/2021\/#\/schema\/person\/ad82545263dcc5ec0996818884fd5fb1\"},\"breadcrumb\":{\"@id\":\"https:\/\/www.noticiasradioreflejos.com.ar\/2021\/actividades-de-los-candidatos-de-1pais-tornquist\/#breadcrumb\"},\"inLanguage\":\"es\",\"potentialAction\":[{\"@type\":\"ReadAction\",\"target\":[\"https:\/\/www.noticiasradioreflejos.com.ar\/2021\/actividades-de-los-candidatos-de-1pais-tornquist\/\"]}]},{\"@type\":\"BreadcrumbList\",\"@id\":\"https:\/\/www.noticiasradioreflejos.com.ar\/2021\/actividades-de-los-candidatos-de-1pais-tornquist\/#breadcrumb\",\"itemListElement\":[{\"@type\":\"ListItem\",\"position\":1,\"name\":\"Portada\",\"item\":\"https:\/\/www.noticiasradioreflejos.com.ar\/2021\/\"},{\"@type\":\"ListItem\",\"position\":2,\"name\":\"Actividades de los candidatos de 1Pa\u00eds Tornquist\"}]},{\"@type\":\"WebSite\",\"@id\":\"https:\/\/www.noticiasradioreflejos.com.ar\/2021\/#website\",\"url\":\"https:\/\/www.noticiasradioreflejos.com.ar\/2021\/\",\"name\":\"Noticias Radio Reflejos\",\"description\":\"Las noticias de mi comarca\",\"potentialAction\":[{\"@type\":\"SearchAction\",\"target\":{\"@type\":\"EntryPoint\",\"urlTemplate\":\"https:\/\/www.noticiasradioreflejos.com.ar\/2021\/?s={search_term_string}\"},\"query-input\":{\"@type\":\"PropertyValueSpecification\",\"valueRequired\":true,\"valueName\":\"search_term_string\"}}],\"inLanguage\":\"es\"},{\"@type\":\"Person\",\"@id\":\"https:\/\/www.noticiasradioreflejos.com.ar\/2021\/#\/schema\/person\/ad82545263dcc5ec0996818884fd5fb1\",\"name\":\"Arnaldo Botto\",\"image\":{\"@type\":\"ImageObject\",\"inLanguage\":\"es\",\"@id\":\"https:\/\/www.noticiasradioreflejos.com.ar\/2021\/#\/schema\/person\/image\/\",\"url\":\"https:\/\/secure.gravatar.com\/avatar\/55cb5e37c1efa326397366e6974cb338056df65cb50e7d64d1cf314e87504837?s=96&d=mm&r=g\",\"contentUrl\":\"https:\/\/secure.gravatar.com\/avatar\/55cb5e37c1efa326397366e6974cb338056df65cb50e7d64d1cf314e87504837?s=96&d=mm&r=g\",\"caption\":\"Arnaldo Botto\"},\"url\":\"https:\/\/www.noticiasradioreflejos.com.ar\/2021\/author\/arnaldo\/\"}]}<\/script>\n<!-- \/ Yoast SEO plugin. -->","yoast_head_json":{"title":"Actividades de los candidatos de 1Pa\u00eds Tornquist - Noticias Radio Reflejos","robots":{"index":"index","follow":"follow","max-snippet":"max-snippet:-1","max-image-preview":"max-image-preview:large","max-video-preview":"max-video-preview:-1"},"canonical":"https:\/\/www.noticiasradioreflejos.com.ar\/2021\/actividades-de-los-candidatos-de-1pais-tornquist\/","og_locale":"es_ES","og_type":"article","og_title":"Actividades de los candidatos de 1Pa\u00eds Tornquist - Noticias Radio Reflejos","og_description":"\u00abRespetamos a las instituciones y queremos que salgan adelante\u00bb, destac\u00f3 Oscar Scharff Invitado por la flamante Comisi\u00f3n Directiva de la Sociedad Italiana de Tornquist, los candidatos a concejales por la fuerza pol\u00edtica 1Pa\u00eds , mantuvieron anoche un encuentro con la Comisi\u00f3n Directiva de la Sociedad Italiana.","og_url":"https:\/\/www.noticiasradioreflejos.com.ar\/2021\/actividades-de-los-candidatos-de-1pais-tornquist\/","og_site_name":"Noticias Radio Reflejos","article_published_time":"2017-08-02T13:12:04+00:00","og_image":[{"width":300,"height":200,"url":"https:\/\/www.noticiasradioreflejos.com.ar\/2021\/wp-content\/uploads\/2021\/07\/logosol300x200.png","type":"image\/png"}],"author":"Arnaldo Botto","twitter_card":"summary_large_image","schema":{"@context":"https:\/\/schema.org","@graph":[{"@type":"WebPage","@id":"https:\/\/www.noticiasradioreflejos.com.ar\/2021\/actividades-de-los-candidatos-de-1pais-tornquist\/","url":"https:\/\/www.noticiasradioreflejos.com.ar\/2021\/actividades-de-los-candidatos-de-1pais-tornquist\/","name":"Actividades de los candidatos de 1Pa\u00eds Tornquist - Noticias Radio Reflejos","isPartOf":{"@id":"https:\/\/www.noticiasradioreflejos.com.ar\/2021\/#website"},"datePublished":"2017-08-02T13:12:04+00:00","author":{"@id":"https:\/\/www.noticiasradioreflejos.com.ar\/2021\/#\/schema\/person\/ad82545263dcc5ec0996818884fd5fb1"},"breadcrumb":{"@id":"https:\/\/www.noticiasradioreflejos.com.ar\/2021\/actividades-de-los-candidatos-de-1pais-tornquist\/#breadcrumb"},"inLanguage":"es","potentialAction":[{"@type":"ReadAction","target":["https:\/\/www.noticiasradioreflejos.com.ar\/2021\/actividades-de-los-candidatos-de-1pais-tornquist\/"]}]},{"@type":"BreadcrumbList","@id":"https:\/\/www.noticiasradioreflejos.com.ar\/2021\/actividades-de-los-candidatos-de-1pais-tornquist\/#breadcrumb","itemListElement":[{"@type":"ListItem","position":1,"name":"Portada","item":"https:\/\/www.noticiasradioreflejos.com.ar\/2021\/"},{"@type":"ListItem","position":2,"name":"Actividades de los candidatos de 1Pa\u00eds Tornquist"}]},{"@type":"WebSite","@id":"https:\/\/www.noticiasradioreflejos.com.ar\/2021\/#website","url":"https:\/\/www.noticiasradioreflejos.com.ar\/2021\/","name":"Noticias Radio Reflejos","description":"Las noticias de mi comarca","potentialAction":[{"@type":"SearchAction","target":{"@type":"EntryPoint","urlTemplate":"https:\/\/www.noticiasradioreflejos.com.ar\/2021\/?s={search_term_string}"},"query-input":{"@type":"PropertyValueSpecification","valueRequired":true,"valueName":"search_term_string"}}],"inLanguage":"es"},{"@type":"Person","@id":"https:\/\/www.noticiasradioreflejos.com.ar\/2021\/#\/schema\/person\/ad82545263dcc5ec0996818884fd5fb1","name":"Arnaldo Botto","image":{"@type":"ImageObject","inLanguage":"es","@id":"https:\/\/www.noticiasradioreflejos.com.ar\/2021\/#\/schema\/person\/image\/","url":"https:\/\/secure.gravatar.com\/avatar\/55cb5e37c1efa326397366e6974cb338056df65cb50e7d64d1cf314e87504837?s=96&d=mm&r=g","contentUrl":"https:\/\/secure.gravatar.com\/avatar\/55cb5e37c1efa326397366e6974cb338056df65cb50e7d64d1cf314e87504837?s=96&d=mm&r=g","caption":"Arnaldo Botto"},"url":"https:\/\/www.noticiasradioreflejos.com.ar\/2021\/author\/arnaldo\/"}]}},"_links":{"self":[{"href":"https:\/\/www.noticiasradioreflejos.com.ar\/2021\/wp-json\/wp\/v2\/posts\/13050","targetHints":{"allow":["GET"]}}],"collection":[{"href":"https:\/\/www.noticiasradioreflejos.com.ar\/2021\/wp-json\/wp\/v2\/posts"}],"about":[{"href":"https:\/\/www.noticiasradioreflejos.com.ar\/2021\/wp-json\/wp\/v2\/types\/post"}],"author":[{"embeddable":true,"href":"https:\/\/www.noticiasradioreflejos.com.ar\/2021\/wp-json\/wp\/v2\/users\/3"}],"replies":[{"embeddable":true,"href":"https:\/\/www.noticiasradioreflejos.com.ar\/2021\/wp-json\/wp\/v2\/comments?post=13050"}],"version-history":[{"count":0,"href":"https:\/\/www.noticiasradioreflejos.com.ar\/2021\/wp-json\/wp\/v2\/posts\/13050\/revisions"}],"wp:attachment":[{"href":"https:\/\/www.noticiasradioreflejos.com.ar\/2021\/wp-json\/wp\/v2\/media?parent=13050"}],"wp:term":[{"taxonomy":"category","embeddable":true,"href":"https:\/\/www.noticiasradioreflejos.com.ar\/2021\/wp-json\/wp\/v2\/categories?post=13050"},{"taxonomy":"post_tag","embeddable":true,"href":"https:\/\/www.noticiasradioreflejos.com.ar\/2021\/wp-json\/wp\/v2\/tags?post=13050"}],"curies":[{"name":"wp","href":"https:\/\/api.w.org\/{rel}","templated":true}]}}