{"id":130461,"date":"2025-12-29T07:58:14","date_gmt":"2025-12-29T10:58:14","guid":{"rendered":"https:\/\/www.noticiasradioreflejos.com.ar\/2021\/?p=130461"},"modified":"2025-12-29T10:32:40","modified_gmt":"2025-12-29T13:32:40","slug":"revolucion-en-la-liga-dorreguense-hacia-un-2026-con-17-protagonistas","status":"publish","type":"post","link":"https:\/\/www.noticiasradioreflejos.com.ar\/2021\/revolucion-en-la-liga-dorreguense-hacia-un-2026-con-17-protagonistas\/","title":{"rendered":"Revoluci\u00f3n en la Liga Dorreguense: Hacia un 2026 con 17 protagonistas"},"content":{"rendered":"<p>Con la inminente disoluci\u00f3n de la Liga de Pringles y el arribo de campeones de la regi\u00f3n, el torneo dorreguense se expande a 8 localidades. El Club Atl\u00e9tico Ventana y Porte\u00f1o de Saldungaray se preparan para un certamen de m\u00e1xima exigencia.<!--more--><\/p>\n<p data-path-to-node=\"5\">El 2026 se perfila como un a\u00f1o hist\u00f3rico para el f\u00fatbol de Coronel Dorrego. Lo que hasta hace poco era una liga de diez equipos, est\u00e1 a un paso de transformarse en un \u00abS\u00faper Torneo\u00bb de <b data-path-to-node=\"5\" data-index-in-node=\"185\">17 clubes<\/b>. La crisis institucional en Coronel Pringles ha acelerado un \u00e9xodo sin precedentes: <b data-path-to-node=\"5\" data-index-in-node=\"279\">Alem, Alumni, Independiente, Almaceneros y Club de Pelota<\/b> ya han presentado notas formales para sumarse a la LFCD, buscando la competitividad que el Consejo Federal avalar\u00eda en los pr\u00f3ximos d\u00edas.<\/p>\n<p data-path-to-node=\"6\">A este desembarco masivo se suma <b data-path-to-node=\"6\" data-index-in-node=\"33\">Esperanza de Monte Hermoso<\/b>, el flamante bicampe\u00f3n de la Liga Rosale\u00f1a, que busca nuevos desaf\u00edos tras dominar su zona. La \u00fanica inc\u00f3gnita que resta despejar es la de <b data-path-to-node=\"6\" data-index-in-node=\"199\">Uni\u00f3n Santamarina de Oriente<\/b>, que define por estos d\u00edas si su estructura le permite dar el salto a la competencia mayor.<\/p>\n<h3 data-path-to-node=\"7\">El Fort\u00edn de las Sierras: Ventana y Porte\u00f1o en el centro de la escena<\/h3>\n<p data-path-to-node=\"8\">En este nuevo ecosistema, los representantes de la zona serrana ganan un protagonismo especial.<\/p>\n<ul data-path-to-node=\"9\">\n<li>\n<p data-path-to-node=\"9,0,0\"><b data-path-to-node=\"9,0,0\" data-index-in-node=\"0\">Club Atl\u00e9tico Ventana:<\/b> Tras un 2025 de adaptaci\u00f3n y crecimiento bajo la conducci\u00f3n de Jorge Brunet (confirmado para 2026), el \u00abTricolor\u00bb de Sierra de la Ventana busca consolidarse como un hueso duro de roer para los grandes. La local\u00eda en el \u00abYIYE Grenz\u00bb ser\u00e1 clave en un torneo con tantos viajes.<\/p>\n<\/li>\n<li>\n<p data-path-to-node=\"9,1,0\"><b data-path-to-node=\"9,1,0\" data-index-in-node=\"0\">Porte\u00f1o de Saldungaray:<\/b> Con Maximiliano Villalba a la cabeza del cuerpo t\u00e9cnico para la nueva temporada, el \u00abSanto\u00bb de Saldungaray pretende mantener la m\u00edstica que lo llev\u00f3 a pelear los puestos de vanguardia en el \u00faltimo Torneo Oficial.<\/p>\n<\/li>\n<\/ul>\n<h3 data-path-to-node=\"10\">La legi\u00f3n que completar\u00eda el mapa<\/h3>\n<p data-path-to-node=\"11\">De confirmarse todas las plazas, estos ser\u00edan los 17 nombres que buscar\u00e1n la gloria:<\/p>\n<div class=\"horizontal-scroll-wrapper\">\n<div class=\"table-block-component\">\n<div class=\"table-block has-export-button\">\n<div class=\"table-content not-end-of-paragraph\" data-hveid=\"0\" data-ved=\"0CAAQ3ecQahgKEwji7fr7xOKRAxUAAAAAHQAAAAAQlAE\">\n<table data-path-to-node=\"12\">\n<thead>\n<tr>\n<td><span data-path-to-node=\"12,0,0,0\">Clubes Fundadores \/ Actuales<\/span><\/td>\n<td><span data-path-to-node=\"12,0,1,0\">Nuevos Aspirantes (Pringles y Regi\u00f3n)<\/span><\/td>\n<\/tr>\n<\/thead>\n<tbody>\n<tr>\n<td><span data-path-to-node=\"12,1,0,0\"><b data-path-to-node=\"12,1,0,0\" data-index-in-node=\"0\">Club Atl\u00e9tico Ventana<\/b> (Sierra de la Ventana)<\/span><\/td>\n<td><span data-path-to-node=\"12,1,1,0\"><b data-path-to-node=\"12,1,1,0\" data-index-in-node=\"0\">Alem<\/b> (Cnel. Pringles)<\/span><\/td>\n<\/tr>\n<tr>\n<td><span data-path-to-node=\"12,2,0,0\"><b data-path-to-node=\"12,2,0,0\" data-index-in-node=\"0\">Porte\u00f1o<\/b> (Saldungaray)<\/span><\/td>\n<td><span data-path-to-node=\"12,2,1,0\"><b data-path-to-node=\"12,2,1,0\" data-index-in-node=\"0\">Alumni<\/b> (Cnel. Pringles)<\/span><\/td>\n<\/tr>\n<tr>\n<td><span data-path-to-node=\"12,3,0,0\"><b data-path-to-node=\"12,3,0,0\" data-index-in-node=\"0\">Ferroviario<\/b> (Cnel. Dorrego)<\/span><\/td>\n<td><span data-path-to-node=\"12,3,1,0\"><b data-path-to-node=\"12,3,1,0\" data-index-in-node=\"0\">Independiente<\/b> (Cnel. Pringles)<\/span><\/td>\n<\/tr>\n<tr>\n<td><span data-path-to-node=\"12,4,0,0\"><b data-path-to-node=\"12,4,0,0\" data-index-in-node=\"0\">Independiente<\/b> (Cnel. Dorrego)<\/span><\/td>\n<td><span data-path-to-node=\"12,4,1,0\"><b data-path-to-node=\"12,4,1,0\" data-index-in-node=\"0\">Almaceneros<\/b> (Cnel. Pringles)<\/span><\/td>\n<\/tr>\n<tr>\n<td><span data-path-to-node=\"12,5,0,0\"><b data-path-to-node=\"12,5,0,0\" data-index-in-node=\"0\">San Mart\u00edn<\/b> (Cnel. Dorrego)<\/span><\/td>\n<td><span data-path-to-node=\"12,5,1,0\"><b data-path-to-node=\"12,5,1,0\" data-index-in-node=\"0\">Club de Pelota<\/b> (Cnel. Pringles)<\/span><\/td>\n<\/tr>\n<tr>\n<td><span data-path-to-node=\"12,6,0,0\"><b data-path-to-node=\"12,6,0,0\" data-index-in-node=\"0\">Villa Rosa<\/b> (Cnel. Dorrego)<\/span><\/td>\n<td><span data-path-to-node=\"12,6,1,0\"><b data-path-to-node=\"12,6,1,0\" data-index-in-node=\"0\">Esperanza<\/b> (Monte Hermoso)<\/span><\/td>\n<\/tr>\n<tr>\n<td><span data-path-to-node=\"12,7,0,0\"><b data-path-to-node=\"12,7,0,0\" data-index-in-node=\"0\">Atl\u00e9tico Monte Hermoso<\/b> (Monte Hermoso)<\/span><\/td>\n<td><span data-path-to-node=\"12,7,1,0\"><b data-path-to-node=\"12,7,1,0\" data-index-in-node=\"0\">Uni\u00f3n Santamarina<\/b> (Oriente) <i data-path-to-node=\"12,7,1,0\" data-index-in-node=\"28\">A confirmar<\/i><\/span><\/td>\n<\/tr>\n<tr>\n<td><span data-path-to-node=\"12,8,0,0\"><b data-path-to-node=\"12,8,0,0\" data-index-in-node=\"0\">Suteryh<\/b> (Monte Hermoso)<\/span><\/td>\n<td><\/td>\n<\/tr>\n<tr>\n<td><span data-path-to-node=\"12,9,0,0\"><b data-path-to-node=\"12,9,0,0\" data-index-in-node=\"0\">Progreso<\/b> (El Perdido)<\/span><\/td>\n<td><\/td>\n<\/tr>\n<tr>\n<td><span data-path-to-node=\"12,10,0,0\"><b data-path-to-node=\"12,10,0,0\" data-index-in-node=\"0\">SUPA<\/b> (Cnel. Dorrego)<\/span><\/td>\n<td><\/td>\n<\/tr>\n<\/tbody>\n<\/table>\n<\/div>\n<\/div>\n<\/div>\n<\/div>\n<h3 data-path-to-node=\"13\">Un desaf\u00edo log\u00edstico y deportivo<\/h3>\n<p data-path-to-node=\"14\">La expansi\u00f3n a <b data-path-to-node=\"14\" data-index-in-node=\"15\">ocho localidades<\/b> (Dorrego, Monte Hermoso, Sierra de la Ventana, Saldungaray, El Perdido, Oriente y ahora Coronel Pringles) supone un crecimiento exponencial \u00abdesde lo cuantitativo\u00bb, pero tambi\u00e9n un reto para la organizaci\u00f3n de los calendarios y la seguridad. Con t\u00e9cnicos de renombre ya confirmados en varios equipos \u2014como Ariel Campistegui en Ferroviario o la dupla Brusa-Rasmussen en Independiente (CD)\u2014, el nivel futbol\u00edstico promete estar a la altura de la expectativa.<\/p>\n<h3 data-path-to-node=\"11\">An\u00e1lisis de Log\u00edstica: El \u00abCampeonato de las Rutas\u00bb<\/h3>\n<p data-path-to-node=\"12\">El ingreso de los equipos de Pringles no simplifica los traslados. Al contrario, debido al trazado vial de la regi\u00f3n, los equipos serranos deber\u00e1n afrontar largos trayectos cada domingo.<\/p>\n<h4 data-path-to-node=\"13\">El desaf\u00edo de los 120 kil\u00f3metros<\/h4>\n<p data-path-to-node=\"14\">A diferencia de lo que se podr\u00eda creer por cercan\u00eda lineal, el viaje de <b data-path-to-node=\"14\" data-index-in-node=\"72\">Sierra de la Ventana \/ Saldungaray hacia Coronel Pringles ronda los 120 km<\/b> (dependiendo de la ruta elegida y el estado de los caminos). Esto significa que cada visita a los nuevos clubes de Pringles demandar\u00e1 casi 2 horas de viaje de ida y otras tantas de vuelta.<\/p>\n<h4 data-path-to-node=\"15\">El kilometraje total: Una cifra de locura<\/h4>\n<p data-path-to-node=\"16\">Si el torneo se juega bajo un formato de todos contra todos a dos ruedas, los equipos serranos enfrentar\u00e1n una odisea:<\/p>\n<ul data-path-to-node=\"17\">\n<li>\n<p data-path-to-node=\"17,0,0\"><b data-path-to-node=\"17,0,0\" data-index-in-node=\"0\">Total estimado de viaje:<\/b> Al tener que visitar al menos una vez a cada uno de los otros 16 rivales, los planteles de Ventana y Porte\u00f1o recorrer\u00e1n aproximadamente <b data-path-to-node=\"17,0,0\" data-index-in-node=\"161\">3.800 kil\u00f3metros<\/b> solo en la etapa regular.<\/p>\n<\/li>\n<li>\n<p data-path-to-node=\"17,1,0\"><b data-path-to-node=\"17,1,0\" data-index-in-node=\"0\">Oriente, el punto m\u00e1s lejano:<\/b> El viaje a <b data-path-to-node=\"17,1,0\" data-index-in-node=\"41\">Uni\u00f3n Santamarina (180 km)<\/b> sigue siendo el trayecto m\u00e1s pesado, representando casi 6 horas de ruta entre ida y vuelta para los jugadores.<\/p>\n<\/li>\n<\/ul>\n<h4 data-path-to-node=\"18\">Tabla de Distancias desde la Comarca Serrana (Aprox. por tramo)<\/h4>\n<table data-path-to-node=\"19\">\n<thead>\n<tr>\n<td><strong>Destino<\/strong><\/td>\n<td><strong>Distancia (Ida)<\/strong><\/td>\n<td><strong>Tiempo Est.<\/strong><\/td>\n<\/tr>\n<\/thead>\n<tbody>\n<tr>\n<td><span data-path-to-node=\"19,1,0,0\"><b data-path-to-node=\"19,1,0,0\" data-index-in-node=\"0\">Coronel Pringles<\/b><\/span><\/td>\n<td><span data-path-to-node=\"19,1,1,0\">120 km<\/span><\/td>\n<td><span data-path-to-node=\"19,1,2,0\">1h 45m<\/span><\/td>\n<\/tr>\n<tr>\n<td><span data-path-to-node=\"19,2,0,0\"><b data-path-to-node=\"19,2,0,0\" data-index-in-node=\"0\">Coronel Dorrego<\/b><\/span><\/td>\n<td><span data-path-to-node=\"19,2,1,0\">100 km<\/span><\/td>\n<td><span data-path-to-node=\"19,2,2,0\">1h 30m<\/span><\/td>\n<\/tr>\n<tr>\n<td><span data-path-to-node=\"19,3,0,0\"><b data-path-to-node=\"19,3,0,0\" data-index-in-node=\"0\">El Perdido<\/b><\/span><\/td>\n<td><span data-path-to-node=\"19,3,1,0\">125 km<\/span><\/td>\n<td><span data-path-to-node=\"19,3,2,0\">1h 45m<\/span><\/td>\n<\/tr>\n<tr>\n<td><span data-path-to-node=\"19,4,0,0\"><b data-path-to-node=\"19,4,0,0\" data-index-in-node=\"0\">Monte Hermoso<\/b><\/span><\/td>\n<td><span data-path-to-node=\"19,4,1,0\">122 km<\/span><\/td>\n<td><span data-path-to-node=\"19,4,2,0\">1h 45m<\/span><\/td>\n<\/tr>\n<tr>\n<td><span data-path-to-node=\"19,5,0,0\"><b data-path-to-node=\"19,5,0,0\" data-index-in-node=\"0\">Oriente<\/b><\/span><\/td>\n<td><span data-path-to-node=\"19,5,1,0\">180 km<\/span><\/td>\n<td><span data-path-to-node=\"19,5,2,0\">2h 45m<\/span><\/td>\n<\/tr>\n<\/tbody>\n<\/table>\n<blockquote data-path-to-node=\"20\">\n<p data-path-to-node=\"20,0\"><b data-path-to-node=\"20,0\" data-index-in-node=\"0\">Nota:<\/b> El costo de transporte se convertir\u00e1 en el \u00abjugador n\u00famero 12\u00bb de las comisiones directivas, que deber\u00e1n agudizar el ingenio para costear una de las ligas m\u00e1s extensas de la provincia.<\/p>\n<\/blockquote>\n<h3 data-path-to-node=\"21\">Los 17 del 2026:<\/h3>\n<p data-path-to-node=\"22\"><b data-path-to-node=\"22\" data-index-in-node=\"0\">Atl\u00e9tico Ventana, Porte\u00f1o (Saldungaray)<\/b>, Ferroviario, Independiente (CD), San Mart\u00edn, Villa Rosa, SUPA, Progreso (El Perdido), Atl\u00e9tico Monte Hermoso, Suteryh, Esperanza (MH), Alem (CP), Alumni (CP), Independiente (CP), Almaceneros (CP), Club de Pelota (CP) y Uni\u00f3n Santamarina (O).<\/p>\n","protected":false},"excerpt":{"rendered":"<p>Con la inminente disoluci\u00f3n de la Liga de Pringles y el arribo de campeones de la regi\u00f3n, el torneo dorreguense se expande a 8 localidades. El Club Atl\u00e9tico Ventana y Porte\u00f1o de Saldungaray se preparan para un certamen de m\u00e1xima exigencia.<\/p>\n","protected":false},"author":3,"featured_media":130462,"comment_status":"closed","ping_status":"closed","sticky":false,"template":"","format":"standard","meta":{"footnotes":""},"categories":[27],"tags":[48],"class_list":["post-130461","post","type-post","status-publish","format-standard","has-post-thumbnail","hentry","category-deportes","tag-destacada"],"yoast_head":"<!-- This site is optimized with the Yoast SEO plugin v25.9 - https:\/\/yoast.com\/wordpress\/plugins\/seo\/ -->\n<title>Revoluci\u00f3n en la Liga Dorreguense: Hacia un 2026 con 17 protagonistas - Noticias Radio Reflejos<\/title>\n<meta name=\"robots\" content=\"index, follow, max-snippet:-1, max-image-preview:large, max-video-preview:-1\" \/>\n<link rel=\"canonical\" href=\"https:\/\/www.noticiasradioreflejos.com.ar\/2021\/revolucion-en-la-liga-dorreguense-hacia-un-2026-con-17-protagonistas\/\" \/>\n<meta property=\"og:locale\" content=\"es_ES\" \/>\n<meta property=\"og:type\" content=\"article\" \/>\n<meta property=\"og:title\" content=\"Revoluci\u00f3n en la Liga Dorreguense: Hacia un 2026 con 17 protagonistas - Noticias Radio Reflejos\" \/>\n<meta property=\"og:description\" content=\"Con la inminente disoluci\u00f3n de la Liga de Pringles y el arribo de campeones de la regi\u00f3n, el torneo dorreguense se expande a 8 localidades. El Club Atl\u00e9tico Ventana y Porte\u00f1o de Saldungaray se preparan para un certamen de m\u00e1xima exigencia.\" \/>\n<meta property=\"og:url\" content=\"https:\/\/www.noticiasradioreflejos.com.ar\/2021\/revolucion-en-la-liga-dorreguense-hacia-un-2026-con-17-protagonistas\/\" \/>\n<meta property=\"og:site_name\" content=\"Noticias Radio Reflejos\" \/>\n<meta property=\"article:published_time\" content=\"2025-12-29T10:58:14+00:00\" \/>\n<meta property=\"article:modified_time\" content=\"2025-12-29T13:32:40+00:00\" \/>\n<meta property=\"og:image\" content=\"https:\/\/www.noticiasradioreflejos.com.ar\/2021\/wp-content\/uploads\/2025\/12\/liga-de-pringles.jpg\" \/>\n\t<meta property=\"og:image:width\" content=\"1638\" \/>\n\t<meta property=\"og:image:height\" content=\"2048\" \/>\n\t<meta property=\"og:image:type\" content=\"image\/jpeg\" \/>\n<meta name=\"author\" content=\"Arnaldo Botto\" \/>\n<meta name=\"twitter:card\" content=\"summary_large_image\" \/>\n<script type=\"application\/ld+json\" class=\"yoast-schema-graph\">{\"@context\":\"https:\/\/schema.org\",\"@graph\":[{\"@type\":\"WebPage\",\"@id\":\"https:\/\/www.noticiasradioreflejos.com.ar\/2021\/revolucion-en-la-liga-dorreguense-hacia-un-2026-con-17-protagonistas\/\",\"url\":\"https:\/\/www.noticiasradioreflejos.com.ar\/2021\/revolucion-en-la-liga-dorreguense-hacia-un-2026-con-17-protagonistas\/\",\"name\":\"Revoluci\u00f3n en la Liga Dorreguense: Hacia un 2026 con 17 protagonistas - Noticias Radio Reflejos\",\"isPartOf\":{\"@id\":\"https:\/\/www.noticiasradioreflejos.com.ar\/2021\/#website\"},\"primaryImageOfPage\":{\"@id\":\"https:\/\/www.noticiasradioreflejos.com.ar\/2021\/revolucion-en-la-liga-dorreguense-hacia-un-2026-con-17-protagonistas\/#primaryimage\"},\"image\":{\"@id\":\"https:\/\/www.noticiasradioreflejos.com.ar\/2021\/revolucion-en-la-liga-dorreguense-hacia-un-2026-con-17-protagonistas\/#primaryimage\"},\"thumbnailUrl\":\"https:\/\/www.noticiasradioreflejos.com.ar\/2021\/wp-content\/uploads\/2025\/12\/liga-de-pringles.jpg\",\"datePublished\":\"2025-12-29T10:58:14+00:00\",\"dateModified\":\"2025-12-29T13:32:40+00:00\",\"author\":{\"@id\":\"https:\/\/www.noticiasradioreflejos.com.ar\/2021\/#\/schema\/person\/ad82545263dcc5ec0996818884fd5fb1\"},\"breadcrumb\":{\"@id\":\"https:\/\/www.noticiasradioreflejos.com.ar\/2021\/revolucion-en-la-liga-dorreguense-hacia-un-2026-con-17-protagonistas\/#breadcrumb\"},\"inLanguage\":\"es\",\"potentialAction\":[{\"@type\":\"ReadAction\",\"target\":[\"https:\/\/www.noticiasradioreflejos.com.ar\/2021\/revolucion-en-la-liga-dorreguense-hacia-un-2026-con-17-protagonistas\/\"]}]},{\"@type\":\"ImageObject\",\"inLanguage\":\"es\",\"@id\":\"https:\/\/www.noticiasradioreflejos.com.ar\/2021\/revolucion-en-la-liga-dorreguense-hacia-un-2026-con-17-protagonistas\/#primaryimage\",\"url\":\"https:\/\/www.noticiasradioreflejos.com.ar\/2021\/wp-content\/uploads\/2025\/12\/liga-de-pringles.jpg\",\"contentUrl\":\"https:\/\/www.noticiasradioreflejos.com.ar\/2021\/wp-content\/uploads\/2025\/12\/liga-de-pringles.jpg\",\"width\":1638,\"height\":2048},{\"@type\":\"BreadcrumbList\",\"@id\":\"https:\/\/www.noticiasradioreflejos.com.ar\/2021\/revolucion-en-la-liga-dorreguense-hacia-un-2026-con-17-protagonistas\/#breadcrumb\",\"itemListElement\":[{\"@type\":\"ListItem\",\"position\":1,\"name\":\"Portada\",\"item\":\"https:\/\/www.noticiasradioreflejos.com.ar\/2021\/\"},{\"@type\":\"ListItem\",\"position\":2,\"name\":\"Revoluci\u00f3n en la Liga Dorreguense: Hacia un 2026 con 17 protagonistas\"}]},{\"@type\":\"WebSite\",\"@id\":\"https:\/\/www.noticiasradioreflejos.com.ar\/2021\/#website\",\"url\":\"https:\/\/www.noticiasradioreflejos.com.ar\/2021\/\",\"name\":\"Noticias Radio Reflejos\",\"description\":\"Las noticias de mi comarca\",\"potentialAction\":[{\"@type\":\"SearchAction\",\"target\":{\"@type\":\"EntryPoint\",\"urlTemplate\":\"https:\/\/www.noticiasradioreflejos.com.ar\/2021\/?s={search_term_string}\"},\"query-input\":{\"@type\":\"PropertyValueSpecification\",\"valueRequired\":true,\"valueName\":\"search_term_string\"}}],\"inLanguage\":\"es\"},{\"@type\":\"Person\",\"@id\":\"https:\/\/www.noticiasradioreflejos.com.ar\/2021\/#\/schema\/person\/ad82545263dcc5ec0996818884fd5fb1\",\"name\":\"Arnaldo Botto\",\"image\":{\"@type\":\"ImageObject\",\"inLanguage\":\"es\",\"@id\":\"https:\/\/www.noticiasradioreflejos.com.ar\/2021\/#\/schema\/person\/image\/\",\"url\":\"https:\/\/secure.gravatar.com\/avatar\/55cb5e37c1efa326397366e6974cb338056df65cb50e7d64d1cf314e87504837?s=96&d=mm&r=g\",\"contentUrl\":\"https:\/\/secure.gravatar.com\/avatar\/55cb5e37c1efa326397366e6974cb338056df65cb50e7d64d1cf314e87504837?s=96&d=mm&r=g\",\"caption\":\"Arnaldo Botto\"},\"url\":\"https:\/\/www.noticiasradioreflejos.com.ar\/2021\/author\/arnaldo\/\"}]}<\/script>\n<!-- \/ Yoast SEO plugin. -->","yoast_head_json":{"title":"Revoluci\u00f3n en la Liga Dorreguense: Hacia un 2026 con 17 protagonistas - Noticias Radio Reflejos","robots":{"index":"index","follow":"follow","max-snippet":"max-snippet:-1","max-image-preview":"max-image-preview:large","max-video-preview":"max-video-preview:-1"},"canonical":"https:\/\/www.noticiasradioreflejos.com.ar\/2021\/revolucion-en-la-liga-dorreguense-hacia-un-2026-con-17-protagonistas\/","og_locale":"es_ES","og_type":"article","og_title":"Revoluci\u00f3n en la Liga Dorreguense: Hacia un 2026 con 17 protagonistas - Noticias Radio Reflejos","og_description":"Con la inminente disoluci\u00f3n de la Liga de Pringles y el arribo de campeones de la regi\u00f3n, el torneo dorreguense se expande a 8 localidades. El Club Atl\u00e9tico Ventana y Porte\u00f1o de Saldungaray se preparan para un certamen de m\u00e1xima exigencia.","og_url":"https:\/\/www.noticiasradioreflejos.com.ar\/2021\/revolucion-en-la-liga-dorreguense-hacia-un-2026-con-17-protagonistas\/","og_site_name":"Noticias Radio Reflejos","article_published_time":"2025-12-29T10:58:14+00:00","article_modified_time":"2025-12-29T13:32:40+00:00","og_image":[{"width":1638,"height":2048,"url":"https:\/\/www.noticiasradioreflejos.com.ar\/2021\/wp-content\/uploads\/2025\/12\/liga-de-pringles.jpg","type":"image\/jpeg"}],"author":"Arnaldo Botto","twitter_card":"summary_large_image","schema":{"@context":"https:\/\/schema.org","@graph":[{"@type":"WebPage","@id":"https:\/\/www.noticiasradioreflejos.com.ar\/2021\/revolucion-en-la-liga-dorreguense-hacia-un-2026-con-17-protagonistas\/","url":"https:\/\/www.noticiasradioreflejos.com.ar\/2021\/revolucion-en-la-liga-dorreguense-hacia-un-2026-con-17-protagonistas\/","name":"Revoluci\u00f3n en la Liga Dorreguense: Hacia un 2026 con 17 protagonistas - Noticias Radio Reflejos","isPartOf":{"@id":"https:\/\/www.noticiasradioreflejos.com.ar\/2021\/#website"},"primaryImageOfPage":{"@id":"https:\/\/www.noticiasradioreflejos.com.ar\/2021\/revolucion-en-la-liga-dorreguense-hacia-un-2026-con-17-protagonistas\/#primaryimage"},"image":{"@id":"https:\/\/www.noticiasradioreflejos.com.ar\/2021\/revolucion-en-la-liga-dorreguense-hacia-un-2026-con-17-protagonistas\/#primaryimage"},"thumbnailUrl":"https:\/\/www.noticiasradioreflejos.com.ar\/2021\/wp-content\/uploads\/2025\/12\/liga-de-pringles.jpg","datePublished":"2025-12-29T10:58:14+00:00","dateModified":"2025-12-29T13:32:40+00:00","author":{"@id":"https:\/\/www.noticiasradioreflejos.com.ar\/2021\/#\/schema\/person\/ad82545263dcc5ec0996818884fd5fb1"},"breadcrumb":{"@id":"https:\/\/www.noticiasradioreflejos.com.ar\/2021\/revolucion-en-la-liga-dorreguense-hacia-un-2026-con-17-protagonistas\/#breadcrumb"},"inLanguage":"es","potentialAction":[{"@type":"ReadAction","target":["https:\/\/www.noticiasradioreflejos.com.ar\/2021\/revolucion-en-la-liga-dorreguense-hacia-un-2026-con-17-protagonistas\/"]}]},{"@type":"ImageObject","inLanguage":"es","@id":"https:\/\/www.noticiasradioreflejos.com.ar\/2021\/revolucion-en-la-liga-dorreguense-hacia-un-2026-con-17-protagonistas\/#primaryimage","url":"https:\/\/www.noticiasradioreflejos.com.ar\/2021\/wp-content\/uploads\/2025\/12\/liga-de-pringles.jpg","contentUrl":"https:\/\/www.noticiasradioreflejos.com.ar\/2021\/wp-content\/uploads\/2025\/12\/liga-de-pringles.jpg","width":1638,"height":2048},{"@type":"BreadcrumbList","@id":"https:\/\/www.noticiasradioreflejos.com.ar\/2021\/revolucion-en-la-liga-dorreguense-hacia-un-2026-con-17-protagonistas\/#breadcrumb","itemListElement":[{"@type":"ListItem","position":1,"name":"Portada","item":"https:\/\/www.noticiasradioreflejos.com.ar\/2021\/"},{"@type":"ListItem","position":2,"name":"Revoluci\u00f3n en la Liga Dorreguense: Hacia un 2026 con 17 protagonistas"}]},{"@type":"WebSite","@id":"https:\/\/www.noticiasradioreflejos.com.ar\/2021\/#website","url":"https:\/\/www.noticiasradioreflejos.com.ar\/2021\/","name":"Noticias Radio Reflejos","description":"Las noticias de mi comarca","potentialAction":[{"@type":"SearchAction","target":{"@type":"EntryPoint","urlTemplate":"https:\/\/www.noticiasradioreflejos.com.ar\/2021\/?s={search_term_string}"},"query-input":{"@type":"PropertyValueSpecification","valueRequired":true,"valueName":"search_term_string"}}],"inLanguage":"es"},{"@type":"Person","@id":"https:\/\/www.noticiasradioreflejos.com.ar\/2021\/#\/schema\/person\/ad82545263dcc5ec0996818884fd5fb1","name":"Arnaldo Botto","image":{"@type":"ImageObject","inLanguage":"es","@id":"https:\/\/www.noticiasradioreflejos.com.ar\/2021\/#\/schema\/person\/image\/","url":"https:\/\/secure.gravatar.com\/avatar\/55cb5e37c1efa326397366e6974cb338056df65cb50e7d64d1cf314e87504837?s=96&d=mm&r=g","contentUrl":"https:\/\/secure.gravatar.com\/avatar\/55cb5e37c1efa326397366e6974cb338056df65cb50e7d64d1cf314e87504837?s=96&d=mm&r=g","caption":"Arnaldo Botto"},"url":"https:\/\/www.noticiasradioreflejos.com.ar\/2021\/author\/arnaldo\/"}]}},"_links":{"self":[{"href":"https:\/\/www.noticiasradioreflejos.com.ar\/2021\/wp-json\/wp\/v2\/posts\/130461","targetHints":{"allow":["GET"]}}],"collection":[{"href":"https:\/\/www.noticiasradioreflejos.com.ar\/2021\/wp-json\/wp\/v2\/posts"}],"about":[{"href":"https:\/\/www.noticiasradioreflejos.com.ar\/2021\/wp-json\/wp\/v2\/types\/post"}],"author":[{"embeddable":true,"href":"https:\/\/www.noticiasradioreflejos.com.ar\/2021\/wp-json\/wp\/v2\/users\/3"}],"replies":[{"embeddable":true,"href":"https:\/\/www.noticiasradioreflejos.com.ar\/2021\/wp-json\/wp\/v2\/comments?post=130461"}],"version-history":[{"count":1,"href":"https:\/\/www.noticiasradioreflejos.com.ar\/2021\/wp-json\/wp\/v2\/posts\/130461\/revisions"}],"predecessor-version":[{"id":130463,"href":"https:\/\/www.noticiasradioreflejos.com.ar\/2021\/wp-json\/wp\/v2\/posts\/130461\/revisions\/130463"}],"wp:featuredmedia":[{"embeddable":true,"href":"https:\/\/www.noticiasradioreflejos.com.ar\/2021\/wp-json\/wp\/v2\/media\/130462"}],"wp:attachment":[{"href":"https:\/\/www.noticiasradioreflejos.com.ar\/2021\/wp-json\/wp\/v2\/media?parent=130461"}],"wp:term":[{"taxonomy":"category","embeddable":true,"href":"https:\/\/www.noticiasradioreflejos.com.ar\/2021\/wp-json\/wp\/v2\/categories?post=130461"},{"taxonomy":"post_tag","embeddable":true,"href":"https:\/\/www.noticiasradioreflejos.com.ar\/2021\/wp-json\/wp\/v2\/tags?post=130461"}],"curies":[{"name":"wp","href":"https:\/\/api.w.org\/{rel}","templated":true}]}}