{"id":130458,"date":"2025-12-29T07:37:57","date_gmt":"2025-12-29T10:37:57","guid":{"rendered":"https:\/\/www.noticiasradioreflejos.com.ar\/2021\/?p=130458"},"modified":"2025-12-29T07:37:57","modified_gmt":"2025-12-29T10:37:57","slug":"ex-trabajadores-de-segba-rechazan-la-privatizacion-de-transener","status":"publish","type":"post","link":"https:\/\/www.noticiasradioreflejos.com.ar\/2021\/ex-trabajadores-de-segba-rechazan-la-privatizacion-de-transener\/","title":{"rendered":"Ex trabajadores de SEGBA rechazan la privatizaci\u00f3n de Transener"},"content":{"rendered":"<p>Advierten que la transportadora de energ\u00eda de alta tensi\u00f3n es \u201cestrat\u00e9gica\u201d para la Argentina.<!--more--><strong>Transener,<\/strong>\u00a0la principal transportista de energ\u00eda el\u00e9ctrica en alta tensi\u00f3n de la Argentina, ser\u00e1\u00a0<strong>privatizada<\/strong>\u00a0por el Gobierno de Javier Milei, lo cual fue rechazado de plano por ex trabajadores de la empresa, al considerar que constituye un \u201cactivo estrat\u00e9gico\u201d para la Argentina.<\/p>\n<div class=\"columns\" data-tadevel-template=\"web\/article-columns\">\n<div class=\"column-main\">\n<div class=\"article-body\" data-tadevel-template=\"web\/article-body\">\n<div class=\"article-body-content\">\n<p>Fuentes gubernamentales estiman que la empresa vale unos\u00a0<strong>US$200 millones<\/strong>\u00a0que permitir\u00edan engrosar las arcas del Tesoro.<\/p>\n<p>Transener fue creada con los activos de las estatales\u00a0<strong>SEGBA<\/strong>\u00a0(Servicios el\u00e9ctricos del Gran Buenos Aires),\u00a0<strong>Agua y Energ\u00eda El\u00e9ctrica<\/strong>\u00a0(AyEE) e\u00a0<strong>Hidronor<\/strong>, empresas estrat\u00e9gicas del Estado que, seg\u00fan los ex operarios, \u201cfueron desguazadas y privatizadas durante la d\u00e9cada de 1990 mediante las leyes de privatizaci\u00f3n del menemismo 23.696 y 24.065\u201d, de acuerdo con un comunicado.<\/p>\n<p>Este proceso, entreg\u00f3 el control de sectores estrat\u00e9gicos a intereses privados,\u00a0<i>\u201cgenerando un da\u00f1o econ\u00f3mico y social profundo que persiste hasta hoy\u201d<\/i>, seg\u00fan advirtieron\u00a0<strong>Jorge Galati y Fernando Cardozo<\/strong>, ex empleados de SEGBA.<\/p>\n<p>Adem\u00e1s,alertaron que el Estado argentino\u00a0<i>\u201cmantiene una deuda hist\u00f3rica con los trabajadores de estas empresas privatizadas por el incumplimiento del Programa de Propiedad Participada (PPP), que deb\u00eda garantizar una participaci\u00f3n accionaria en favor de los empleados\u201d.<\/i><\/p>\n<p><i>\u201cEn lugar de avanzar en la reparaci\u00f3n de esta deuda, el actual gobierno pretende desprenderse de los \u00faltimos activos estrat\u00e9gicos que pertenecen al patrimonio nacional\u201d<\/i>, se\u00f1alaron.<\/p>\n<p>En tanto, dijeron que Transener es\u00a0<i>\u201cuna empresa altamente rentable, generadora de ingresos para el FGS y para el Estado Nacional. La resoluci\u00f3n para la venta de sus acciones, anunciada por el gobierno nacional en v\u00edsperas de Navidad, no se justifica desde el punto de vista financiero ni patrimonial\u201d<\/i>.<\/p>\n<p title=\"__IP__\" data-ipspy=\"__IP__\">Luego, explicaron que\u00a0<i>\u201cdesprenderse de estas acciones significa renunciar al control sobre una infraestructura cr\u00edtica para el desarrollo del pa\u00eds y por consiguiente la p\u00e9rdida de soberan\u00eda nacional sobre decisiones estrat\u00e9gicas\u201d.<\/i><span data-nosnippet=\"\">_<\/span><\/p>\n<p><i>\u201cProtejamos el Patrimonio Nacional; no repitamos la estafa de los &#8217;90\u201d<\/i>, se\u00f1al\u00f3 en un comunicado el Colectivo de ex trabajadores y trabajadoras de SEGBA.<\/p>\n<p><a href=\"https:\/\/noticiasargentinas.com\/-agenciana_t6916e70a4551e78eb9423f59\">#AgenciaNA<\/a><\/p>\n<\/div>\n<\/div>\n<\/div>\n<\/div>\n","protected":false},"excerpt":{"rendered":"<p>Advierten que la transportadora de energ\u00eda de alta tensi\u00f3n es \u201cestrat\u00e9gica\u201d para la Argentina.<\/p>\n","protected":false},"author":3,"featured_media":130459,"comment_status":"closed","ping_status":"closed","sticky":false,"template":"","format":"standard","meta":{"footnotes":""},"categories":[36,24],"tags":[],"class_list":["post-130458","post","type-post","status-publish","format-standard","has-post-thumbnail","hentry","category-economia","category-politica"],"yoast_head":"<!-- This site is optimized with the Yoast SEO plugin v25.9 - https:\/\/yoast.com\/wordpress\/plugins\/seo\/ -->\n<title>Ex trabajadores de SEGBA rechazan la privatizaci\u00f3n de Transener - Noticias Radio Reflejos<\/title>\n<meta name=\"robots\" content=\"index, follow, max-snippet:-1, max-image-preview:large, max-video-preview:-1\" \/>\n<link rel=\"canonical\" href=\"https:\/\/www.noticiasradioreflejos.com.ar\/2021\/ex-trabajadores-de-segba-rechazan-la-privatizacion-de-transener\/\" \/>\n<meta property=\"og:locale\" content=\"es_ES\" \/>\n<meta property=\"og:type\" content=\"article\" \/>\n<meta property=\"og:title\" content=\"Ex trabajadores de SEGBA rechazan la privatizaci\u00f3n de Transener - Noticias Radio Reflejos\" \/>\n<meta property=\"og:description\" content=\"Advierten que la transportadora de energ\u00eda de alta tensi\u00f3n es \u201cestrat\u00e9gica\u201d para la Argentina.\" \/>\n<meta property=\"og:url\" content=\"https:\/\/www.noticiasradioreflejos.com.ar\/2021\/ex-trabajadores-de-segba-rechazan-la-privatizacion-de-transener\/\" \/>\n<meta property=\"og:site_name\" content=\"Noticias Radio Reflejos\" \/>\n<meta property=\"article:published_time\" content=\"2025-12-29T10:37:57+00:00\" \/>\n<meta property=\"og:image\" content=\"https:\/\/www.noticiasradioreflejos.com.ar\/2021\/wp-content\/uploads\/2025\/12\/transener.webp\" \/>\n\t<meta property=\"og:image:width\" content=\"575\" \/>\n\t<meta property=\"og:image:height\" content=\"360\" \/>\n\t<meta property=\"og:image:type\" content=\"image\/webp\" \/>\n<meta name=\"author\" content=\"Arnaldo Botto\" \/>\n<meta name=\"twitter:card\" content=\"summary_large_image\" \/>\n<script type=\"application\/ld+json\" class=\"yoast-schema-graph\">{\"@context\":\"https:\/\/schema.org\",\"@graph\":[{\"@type\":\"WebPage\",\"@id\":\"https:\/\/www.noticiasradioreflejos.com.ar\/2021\/ex-trabajadores-de-segba-rechazan-la-privatizacion-de-transener\/\",\"url\":\"https:\/\/www.noticiasradioreflejos.com.ar\/2021\/ex-trabajadores-de-segba-rechazan-la-privatizacion-de-transener\/\",\"name\":\"Ex trabajadores de SEGBA rechazan la privatizaci\u00f3n de Transener - Noticias Radio Reflejos\",\"isPartOf\":{\"@id\":\"https:\/\/www.noticiasradioreflejos.com.ar\/2021\/#website\"},\"primaryImageOfPage\":{\"@id\":\"https:\/\/www.noticiasradioreflejos.com.ar\/2021\/ex-trabajadores-de-segba-rechazan-la-privatizacion-de-transener\/#primaryimage\"},\"image\":{\"@id\":\"https:\/\/www.noticiasradioreflejos.com.ar\/2021\/ex-trabajadores-de-segba-rechazan-la-privatizacion-de-transener\/#primaryimage\"},\"thumbnailUrl\":\"https:\/\/www.noticiasradioreflejos.com.ar\/2021\/wp-content\/uploads\/2025\/12\/transener.webp\",\"datePublished\":\"2025-12-29T10:37:57+00:00\",\"author\":{\"@id\":\"https:\/\/www.noticiasradioreflejos.com.ar\/2021\/#\/schema\/person\/ad82545263dcc5ec0996818884fd5fb1\"},\"breadcrumb\":{\"@id\":\"https:\/\/www.noticiasradioreflejos.com.ar\/2021\/ex-trabajadores-de-segba-rechazan-la-privatizacion-de-transener\/#breadcrumb\"},\"inLanguage\":\"es\",\"potentialAction\":[{\"@type\":\"ReadAction\",\"target\":[\"https:\/\/www.noticiasradioreflejos.com.ar\/2021\/ex-trabajadores-de-segba-rechazan-la-privatizacion-de-transener\/\"]}]},{\"@type\":\"ImageObject\",\"inLanguage\":\"es\",\"@id\":\"https:\/\/www.noticiasradioreflejos.com.ar\/2021\/ex-trabajadores-de-segba-rechazan-la-privatizacion-de-transener\/#primaryimage\",\"url\":\"https:\/\/www.noticiasradioreflejos.com.ar\/2021\/wp-content\/uploads\/2025\/12\/transener.webp\",\"contentUrl\":\"https:\/\/www.noticiasradioreflejos.com.ar\/2021\/wp-content\/uploads\/2025\/12\/transener.webp\",\"width\":575,\"height\":360},{\"@type\":\"BreadcrumbList\",\"@id\":\"https:\/\/www.noticiasradioreflejos.com.ar\/2021\/ex-trabajadores-de-segba-rechazan-la-privatizacion-de-transener\/#breadcrumb\",\"itemListElement\":[{\"@type\":\"ListItem\",\"position\":1,\"name\":\"Portada\",\"item\":\"https:\/\/www.noticiasradioreflejos.com.ar\/2021\/\"},{\"@type\":\"ListItem\",\"position\":2,\"name\":\"Ex trabajadores de SEGBA rechazan la privatizaci\u00f3n de Transener\"}]},{\"@type\":\"WebSite\",\"@id\":\"https:\/\/www.noticiasradioreflejos.com.ar\/2021\/#website\",\"url\":\"https:\/\/www.noticiasradioreflejos.com.ar\/2021\/\",\"name\":\"Noticias Radio Reflejos\",\"description\":\"Las noticias de mi comarca\",\"potentialAction\":[{\"@type\":\"SearchAction\",\"target\":{\"@type\":\"EntryPoint\",\"urlTemplate\":\"https:\/\/www.noticiasradioreflejos.com.ar\/2021\/?s={search_term_string}\"},\"query-input\":{\"@type\":\"PropertyValueSpecification\",\"valueRequired\":true,\"valueName\":\"search_term_string\"}}],\"inLanguage\":\"es\"},{\"@type\":\"Person\",\"@id\":\"https:\/\/www.noticiasradioreflejos.com.ar\/2021\/#\/schema\/person\/ad82545263dcc5ec0996818884fd5fb1\",\"name\":\"Arnaldo Botto\",\"image\":{\"@type\":\"ImageObject\",\"inLanguage\":\"es\",\"@id\":\"https:\/\/www.noticiasradioreflejos.com.ar\/2021\/#\/schema\/person\/image\/\",\"url\":\"https:\/\/secure.gravatar.com\/avatar\/55cb5e37c1efa326397366e6974cb338056df65cb50e7d64d1cf314e87504837?s=96&d=mm&r=g\",\"contentUrl\":\"https:\/\/secure.gravatar.com\/avatar\/55cb5e37c1efa326397366e6974cb338056df65cb50e7d64d1cf314e87504837?s=96&d=mm&r=g\",\"caption\":\"Arnaldo Botto\"},\"url\":\"https:\/\/www.noticiasradioreflejos.com.ar\/2021\/author\/arnaldo\/\"}]}<\/script>\n<!-- \/ Yoast SEO plugin. -->","yoast_head_json":{"title":"Ex trabajadores de SEGBA rechazan la privatizaci\u00f3n de Transener - Noticias Radio Reflejos","robots":{"index":"index","follow":"follow","max-snippet":"max-snippet:-1","max-image-preview":"max-image-preview:large","max-video-preview":"max-video-preview:-1"},"canonical":"https:\/\/www.noticiasradioreflejos.com.ar\/2021\/ex-trabajadores-de-segba-rechazan-la-privatizacion-de-transener\/","og_locale":"es_ES","og_type":"article","og_title":"Ex trabajadores de SEGBA rechazan la privatizaci\u00f3n de Transener - Noticias Radio Reflejos","og_description":"Advierten que la transportadora de energ\u00eda de alta tensi\u00f3n es \u201cestrat\u00e9gica\u201d para la Argentina.","og_url":"https:\/\/www.noticiasradioreflejos.com.ar\/2021\/ex-trabajadores-de-segba-rechazan-la-privatizacion-de-transener\/","og_site_name":"Noticias Radio Reflejos","article_published_time":"2025-12-29T10:37:57+00:00","og_image":[{"width":575,"height":360,"url":"https:\/\/www.noticiasradioreflejos.com.ar\/2021\/wp-content\/uploads\/2025\/12\/transener.webp","type":"image\/webp"}],"author":"Arnaldo Botto","twitter_card":"summary_large_image","schema":{"@context":"https:\/\/schema.org","@graph":[{"@type":"WebPage","@id":"https:\/\/www.noticiasradioreflejos.com.ar\/2021\/ex-trabajadores-de-segba-rechazan-la-privatizacion-de-transener\/","url":"https:\/\/www.noticiasradioreflejos.com.ar\/2021\/ex-trabajadores-de-segba-rechazan-la-privatizacion-de-transener\/","name":"Ex trabajadores de SEGBA rechazan la privatizaci\u00f3n de Transener - Noticias Radio Reflejos","isPartOf":{"@id":"https:\/\/www.noticiasradioreflejos.com.ar\/2021\/#website"},"primaryImageOfPage":{"@id":"https:\/\/www.noticiasradioreflejos.com.ar\/2021\/ex-trabajadores-de-segba-rechazan-la-privatizacion-de-transener\/#primaryimage"},"image":{"@id":"https:\/\/www.noticiasradioreflejos.com.ar\/2021\/ex-trabajadores-de-segba-rechazan-la-privatizacion-de-transener\/#primaryimage"},"thumbnailUrl":"https:\/\/www.noticiasradioreflejos.com.ar\/2021\/wp-content\/uploads\/2025\/12\/transener.webp","datePublished":"2025-12-29T10:37:57+00:00","author":{"@id":"https:\/\/www.noticiasradioreflejos.com.ar\/2021\/#\/schema\/person\/ad82545263dcc5ec0996818884fd5fb1"},"breadcrumb":{"@id":"https:\/\/www.noticiasradioreflejos.com.ar\/2021\/ex-trabajadores-de-segba-rechazan-la-privatizacion-de-transener\/#breadcrumb"},"inLanguage":"es","potentialAction":[{"@type":"ReadAction","target":["https:\/\/www.noticiasradioreflejos.com.ar\/2021\/ex-trabajadores-de-segba-rechazan-la-privatizacion-de-transener\/"]}]},{"@type":"ImageObject","inLanguage":"es","@id":"https:\/\/www.noticiasradioreflejos.com.ar\/2021\/ex-trabajadores-de-segba-rechazan-la-privatizacion-de-transener\/#primaryimage","url":"https:\/\/www.noticiasradioreflejos.com.ar\/2021\/wp-content\/uploads\/2025\/12\/transener.webp","contentUrl":"https:\/\/www.noticiasradioreflejos.com.ar\/2021\/wp-content\/uploads\/2025\/12\/transener.webp","width":575,"height":360},{"@type":"BreadcrumbList","@id":"https:\/\/www.noticiasradioreflejos.com.ar\/2021\/ex-trabajadores-de-segba-rechazan-la-privatizacion-de-transener\/#breadcrumb","itemListElement":[{"@type":"ListItem","position":1,"name":"Portada","item":"https:\/\/www.noticiasradioreflejos.com.ar\/2021\/"},{"@type":"ListItem","position":2,"name":"Ex trabajadores de SEGBA rechazan la privatizaci\u00f3n de Transener"}]},{"@type":"WebSite","@id":"https:\/\/www.noticiasradioreflejos.com.ar\/2021\/#website","url":"https:\/\/www.noticiasradioreflejos.com.ar\/2021\/","name":"Noticias Radio Reflejos","description":"Las noticias de mi comarca","potentialAction":[{"@type":"SearchAction","target":{"@type":"EntryPoint","urlTemplate":"https:\/\/www.noticiasradioreflejos.com.ar\/2021\/?s={search_term_string}"},"query-input":{"@type":"PropertyValueSpecification","valueRequired":true,"valueName":"search_term_string"}}],"inLanguage":"es"},{"@type":"Person","@id":"https:\/\/www.noticiasradioreflejos.com.ar\/2021\/#\/schema\/person\/ad82545263dcc5ec0996818884fd5fb1","name":"Arnaldo Botto","image":{"@type":"ImageObject","inLanguage":"es","@id":"https:\/\/www.noticiasradioreflejos.com.ar\/2021\/#\/schema\/person\/image\/","url":"https:\/\/secure.gravatar.com\/avatar\/55cb5e37c1efa326397366e6974cb338056df65cb50e7d64d1cf314e87504837?s=96&d=mm&r=g","contentUrl":"https:\/\/secure.gravatar.com\/avatar\/55cb5e37c1efa326397366e6974cb338056df65cb50e7d64d1cf314e87504837?s=96&d=mm&r=g","caption":"Arnaldo Botto"},"url":"https:\/\/www.noticiasradioreflejos.com.ar\/2021\/author\/arnaldo\/"}]}},"_links":{"self":[{"href":"https:\/\/www.noticiasradioreflejos.com.ar\/2021\/wp-json\/wp\/v2\/posts\/130458","targetHints":{"allow":["GET"]}}],"collection":[{"href":"https:\/\/www.noticiasradioreflejos.com.ar\/2021\/wp-json\/wp\/v2\/posts"}],"about":[{"href":"https:\/\/www.noticiasradioreflejos.com.ar\/2021\/wp-json\/wp\/v2\/types\/post"}],"author":[{"embeddable":true,"href":"https:\/\/www.noticiasradioreflejos.com.ar\/2021\/wp-json\/wp\/v2\/users\/3"}],"replies":[{"embeddable":true,"href":"https:\/\/www.noticiasradioreflejos.com.ar\/2021\/wp-json\/wp\/v2\/comments?post=130458"}],"version-history":[{"count":1,"href":"https:\/\/www.noticiasradioreflejos.com.ar\/2021\/wp-json\/wp\/v2\/posts\/130458\/revisions"}],"predecessor-version":[{"id":130460,"href":"https:\/\/www.noticiasradioreflejos.com.ar\/2021\/wp-json\/wp\/v2\/posts\/130458\/revisions\/130460"}],"wp:featuredmedia":[{"embeddable":true,"href":"https:\/\/www.noticiasradioreflejos.com.ar\/2021\/wp-json\/wp\/v2\/media\/130459"}],"wp:attachment":[{"href":"https:\/\/www.noticiasradioreflejos.com.ar\/2021\/wp-json\/wp\/v2\/media?parent=130458"}],"wp:term":[{"taxonomy":"category","embeddable":true,"href":"https:\/\/www.noticiasradioreflejos.com.ar\/2021\/wp-json\/wp\/v2\/categories?post=130458"},{"taxonomy":"post_tag","embeddable":true,"href":"https:\/\/www.noticiasradioreflejos.com.ar\/2021\/wp-json\/wp\/v2\/tags?post=130458"}],"curies":[{"name":"wp","href":"https:\/\/api.w.org\/{rel}","templated":true}]}}