{"id":130456,"date":"2025-12-29T07:35:30","date_gmt":"2025-12-29T10:35:30","guid":{"rendered":"https:\/\/www.noticiasradioreflejos.com.ar\/2021\/?p=130456"},"modified":"2025-12-29T07:35:30","modified_gmt":"2025-12-29T10:35:30","slug":"alerta-sanitaria-en-la-pampa-una-mujer-murio-por-botulismo-y-analizan-un-segundo-caso","status":"publish","type":"post","link":"https:\/\/www.noticiasradioreflejos.com.ar\/2021\/alerta-sanitaria-en-la-pampa-una-mujer-murio-por-botulismo-y-analizan-un-segundo-caso\/","title":{"rendered":"Alerta sanitaria en La Pampa: una mujer muri\u00f3 por botulismo y analizan un segundo caso"},"content":{"rendered":"<p>El Ministerio de Salud provincial confirm\u00f3 el diagn\u00f3stico tras peritajes del Instituto Malbr\u00e1n. Allanaron una vivienda en Toay donde se habr\u00edan elaborado las conservas caseras que originaron el brote.<!--more--><\/p>\n<p data-path-to-node=\"4\">Una mujer falleci\u00f3 en la localidad de <b data-path-to-node=\"4\" data-index-in-node=\"38\">Toay, La Pampa<\/b>, v\u00edctima de una intoxicaci\u00f3n por <b data-path-to-node=\"4\" data-index-in-node=\"86\">botulismo<\/b>, seg\u00fan confirm\u00f3 oficialmente el Ministerio de Salud de la provincia. El diagn\u00f3stico fue ratificado por el <b data-path-to-node=\"4\" data-index-in-node=\"202\">Instituto Malbr\u00e1n<\/b> tras analizar muestras de la paciente y de los alimentos que hab\u00eda ingerido recientemente.<\/p>\n<p data-path-to-node=\"5\">La situaci\u00f3n ha generado una fuerte preocupaci\u00f3n en las autoridades sanitarias, ya que existe un <b data-path-to-node=\"5\" data-index-in-node=\"97\">segundo fallecimiento sospechoso<\/b> que podr\u00eda estar vinculado al mismo foco. Aunque en este segundo caso las muestras iniciales no fueron concluyentes, la investigaci\u00f3n epidemiol\u00f3gica permanece abierta para confirmar o descartar la conexi\u00f3n.<\/p>\n<h3 data-path-to-node=\"6\">El foco de la investigaci\u00f3n<\/h3>\n<p data-path-to-node=\"7\">En el marco de la investigaci\u00f3n judicial, se realiz\u00f3 un <b data-path-to-node=\"7\" data-index-in-node=\"56\">allanamiento<\/b> en una vivienda situada en la intersecci\u00f3n de las calles Moreno e Italia, en Toay. En dicho domicilio:<\/p>\n<ul data-path-to-node=\"8\">\n<li>\n<p data-path-to-node=\"8,0,0\">Se habr\u00edan elaborado las <b data-path-to-node=\"8,0,0\" data-index-in-node=\"25\">conservas caseras<\/b> bajo sospecha.<\/p>\n<\/li>\n<li>\n<p data-path-to-node=\"8,1,0\">Personal de <b data-path-to-node=\"8,1,0\" data-index-in-node=\"12\">Bromatolog\u00eda<\/b> y la polic\u00eda secuestraron material de inter\u00e9s para la causa.<\/p>\n<\/li>\n<li>\n<p data-path-to-node=\"8,2,0\">El inmueble fue <b data-path-to-node=\"8,2,0\" data-index-in-node=\"16\">clausurado<\/b> y permanece bajo custodia.<\/p>\n<\/li>\n<\/ul>\n<h3 data-path-to-node=\"9\">Vigilancia activa<\/h3>\n<p data-path-to-node=\"10\">Hasta el momento no se han reportado nuevos casos, pero la Direcci\u00f3n de Epidemiolog\u00eda mantiene la <b data-path-to-node=\"10\" data-index-in-node=\"98\">vigilancia activa<\/b> en toda la regi\u00f3n. El objetivo primordial es determinar fehacientemente el origen de la toxina y asegurar que no existan m\u00e1s productos contaminados en circulaci\u00f3n.<\/p>\n<h3 data-path-to-node=\"11\">\u00bfQu\u00e9 es el botulismo y por qu\u00e9 es tan peligroso?<\/h3>\n<p data-path-to-node=\"12\">El botulismo es una enfermedad grave causada por la toxina de la bacteria <i data-path-to-node=\"12\" data-index-in-node=\"74\">Clostridium botulinum<\/i>. Se caracteriza por:<\/p>\n<ul data-path-to-node=\"13\">\n<li>\n<p data-path-to-node=\"13,0,0\"><b data-path-to-node=\"13,0,0\" data-index-in-node=\"0\">Origen:<\/b> Principalmente alimentos mal procesados, especialmente conservas, enlatados o fermentados caseros.<\/p>\n<\/li>\n<li>\n<p data-path-to-node=\"13,1,0\"><b data-path-to-node=\"13,1,0\" data-index-in-node=\"0\">Condiciones:<\/b> La bacteria crece en ambientes con <b data-path-to-node=\"13,1,0\" data-index-in-node=\"48\">escasez de ox\u00edgeno<\/b>, como los frascos sellados que no han recibido una esterilizaci\u00f3n adecuada.<\/p>\n<\/li>\n<li>\n<p data-path-to-node=\"13,2,0\"><b data-path-to-node=\"13,2,0\" data-index-in-node=\"0\">Gravedad:<\/b> Es una de las toxinas m\u00e1s potentes conocidas; ataca el sistema nervioso, puede provocar par\u00e1lisis muscular y, en casos severos, la muerte por fallo respiratorio.<\/p>\n<\/li>\n<\/ul>\n<p data-path-to-node=\"14\">Las autoridades recomiendan extremar la precauci\u00f3n con el consumo de productos de elaboraci\u00f3n artesanal que no cuenten con los registros sanitarios correspondientes.<\/p>\n","protected":false},"excerpt":{"rendered":"<p>El Ministerio de Salud provincial confirm\u00f3 el diagn\u00f3stico tras peritajes del Instituto Malbr\u00e1n. Allanaron una vivienda en Toay donde se habr\u00edan elaborado las conservas caseras que originaron el brote.<\/p>\n","protected":false},"author":3,"featured_media":22075,"comment_status":"closed","ping_status":"closed","sticky":false,"template":"","format":"standard","meta":{"footnotes":""},"categories":[30,26],"tags":[],"class_list":["post-130456","post","type-post","status-publish","format-standard","has-post-thumbnail","hentry","category-salud","category-sociedad"],"yoast_head":"<!-- This site is optimized with the Yoast SEO plugin v25.9 - https:\/\/yoast.com\/wordpress\/plugins\/seo\/ -->\n<title>Alerta sanitaria en La Pampa: una mujer muri\u00f3 por botulismo y analizan un segundo caso - Noticias Radio Reflejos<\/title>\n<meta name=\"robots\" content=\"index, follow, max-snippet:-1, max-image-preview:large, max-video-preview:-1\" \/>\n<link rel=\"canonical\" href=\"https:\/\/www.noticiasradioreflejos.com.ar\/2021\/alerta-sanitaria-en-la-pampa-una-mujer-murio-por-botulismo-y-analizan-un-segundo-caso\/\" \/>\n<meta property=\"og:locale\" content=\"es_ES\" \/>\n<meta property=\"og:type\" content=\"article\" \/>\n<meta property=\"og:title\" content=\"Alerta sanitaria en La Pampa: una mujer muri\u00f3 por botulismo y analizan un segundo caso - Noticias Radio Reflejos\" \/>\n<meta property=\"og:description\" content=\"El Ministerio de Salud provincial confirm\u00f3 el diagn\u00f3stico tras peritajes del Instituto Malbr\u00e1n. Allanaron una vivienda en Toay donde se habr\u00edan elaborado las conservas caseras que originaron el brote.\" \/>\n<meta property=\"og:url\" content=\"https:\/\/www.noticiasradioreflejos.com.ar\/2021\/alerta-sanitaria-en-la-pampa-una-mujer-murio-por-botulismo-y-analizan-un-segundo-caso\/\" \/>\n<meta property=\"og:site_name\" content=\"Noticias Radio Reflejos\" \/>\n<meta property=\"article:published_time\" content=\"2025-12-29T10:35:30+00:00\" \/>\n<meta property=\"og:image\" content=\"https:\/\/www.noticiasradioreflejos.com.ar\/2021\/wp-content\/uploads\/2018\/06\/Conservas.jpg\" \/>\n\t<meta property=\"og:image:width\" content=\"426\" \/>\n\t<meta property=\"og:image:height\" content=\"290\" \/>\n\t<meta property=\"og:image:type\" content=\"image\/jpeg\" \/>\n<meta name=\"author\" content=\"Arnaldo Botto\" \/>\n<meta name=\"twitter:card\" content=\"summary_large_image\" \/>\n<script type=\"application\/ld+json\" class=\"yoast-schema-graph\">{\"@context\":\"https:\/\/schema.org\",\"@graph\":[{\"@type\":\"WebPage\",\"@id\":\"https:\/\/www.noticiasradioreflejos.com.ar\/2021\/alerta-sanitaria-en-la-pampa-una-mujer-murio-por-botulismo-y-analizan-un-segundo-caso\/\",\"url\":\"https:\/\/www.noticiasradioreflejos.com.ar\/2021\/alerta-sanitaria-en-la-pampa-una-mujer-murio-por-botulismo-y-analizan-un-segundo-caso\/\",\"name\":\"Alerta sanitaria en La Pampa: una mujer muri\u00f3 por botulismo y analizan un segundo caso - Noticias Radio Reflejos\",\"isPartOf\":{\"@id\":\"https:\/\/www.noticiasradioreflejos.com.ar\/2021\/#website\"},\"primaryImageOfPage\":{\"@id\":\"https:\/\/www.noticiasradioreflejos.com.ar\/2021\/alerta-sanitaria-en-la-pampa-una-mujer-murio-por-botulismo-y-analizan-un-segundo-caso\/#primaryimage\"},\"image\":{\"@id\":\"https:\/\/www.noticiasradioreflejos.com.ar\/2021\/alerta-sanitaria-en-la-pampa-una-mujer-murio-por-botulismo-y-analizan-un-segundo-caso\/#primaryimage\"},\"thumbnailUrl\":\"https:\/\/www.noticiasradioreflejos.com.ar\/2021\/wp-content\/uploads\/2018\/06\/Conservas.jpg\",\"datePublished\":\"2025-12-29T10:35:30+00:00\",\"author\":{\"@id\":\"https:\/\/www.noticiasradioreflejos.com.ar\/2021\/#\/schema\/person\/ad82545263dcc5ec0996818884fd5fb1\"},\"breadcrumb\":{\"@id\":\"https:\/\/www.noticiasradioreflejos.com.ar\/2021\/alerta-sanitaria-en-la-pampa-una-mujer-murio-por-botulismo-y-analizan-un-segundo-caso\/#breadcrumb\"},\"inLanguage\":\"es\",\"potentialAction\":[{\"@type\":\"ReadAction\",\"target\":[\"https:\/\/www.noticiasradioreflejos.com.ar\/2021\/alerta-sanitaria-en-la-pampa-una-mujer-murio-por-botulismo-y-analizan-un-segundo-caso\/\"]}]},{\"@type\":\"ImageObject\",\"inLanguage\":\"es\",\"@id\":\"https:\/\/www.noticiasradioreflejos.com.ar\/2021\/alerta-sanitaria-en-la-pampa-una-mujer-murio-por-botulismo-y-analizan-un-segundo-caso\/#primaryimage\",\"url\":\"https:\/\/www.noticiasradioreflejos.com.ar\/2021\/wp-content\/uploads\/2018\/06\/Conservas.jpg\",\"contentUrl\":\"https:\/\/www.noticiasradioreflejos.com.ar\/2021\/wp-content\/uploads\/2018\/06\/Conservas.jpg\",\"width\":426,\"height\":290},{\"@type\":\"BreadcrumbList\",\"@id\":\"https:\/\/www.noticiasradioreflejos.com.ar\/2021\/alerta-sanitaria-en-la-pampa-una-mujer-murio-por-botulismo-y-analizan-un-segundo-caso\/#breadcrumb\",\"itemListElement\":[{\"@type\":\"ListItem\",\"position\":1,\"name\":\"Portada\",\"item\":\"https:\/\/www.noticiasradioreflejos.com.ar\/2021\/\"},{\"@type\":\"ListItem\",\"position\":2,\"name\":\"Alerta sanitaria en La Pampa: una mujer muri\u00f3 por botulismo y analizan un segundo caso\"}]},{\"@type\":\"WebSite\",\"@id\":\"https:\/\/www.noticiasradioreflejos.com.ar\/2021\/#website\",\"url\":\"https:\/\/www.noticiasradioreflejos.com.ar\/2021\/\",\"name\":\"Noticias Radio Reflejos\",\"description\":\"Las noticias de mi comarca\",\"potentialAction\":[{\"@type\":\"SearchAction\",\"target\":{\"@type\":\"EntryPoint\",\"urlTemplate\":\"https:\/\/www.noticiasradioreflejos.com.ar\/2021\/?s={search_term_string}\"},\"query-input\":{\"@type\":\"PropertyValueSpecification\",\"valueRequired\":true,\"valueName\":\"search_term_string\"}}],\"inLanguage\":\"es\"},{\"@type\":\"Person\",\"@id\":\"https:\/\/www.noticiasradioreflejos.com.ar\/2021\/#\/schema\/person\/ad82545263dcc5ec0996818884fd5fb1\",\"name\":\"Arnaldo Botto\",\"image\":{\"@type\":\"ImageObject\",\"inLanguage\":\"es\",\"@id\":\"https:\/\/www.noticiasradioreflejos.com.ar\/2021\/#\/schema\/person\/image\/\",\"url\":\"https:\/\/secure.gravatar.com\/avatar\/55cb5e37c1efa326397366e6974cb338056df65cb50e7d64d1cf314e87504837?s=96&d=mm&r=g\",\"contentUrl\":\"https:\/\/secure.gravatar.com\/avatar\/55cb5e37c1efa326397366e6974cb338056df65cb50e7d64d1cf314e87504837?s=96&d=mm&r=g\",\"caption\":\"Arnaldo Botto\"},\"url\":\"https:\/\/www.noticiasradioreflejos.com.ar\/2021\/author\/arnaldo\/\"}]}<\/script>\n<!-- \/ Yoast SEO plugin. -->","yoast_head_json":{"title":"Alerta sanitaria en La Pampa: una mujer muri\u00f3 por botulismo y analizan un segundo caso - Noticias Radio Reflejos","robots":{"index":"index","follow":"follow","max-snippet":"max-snippet:-1","max-image-preview":"max-image-preview:large","max-video-preview":"max-video-preview:-1"},"canonical":"https:\/\/www.noticiasradioreflejos.com.ar\/2021\/alerta-sanitaria-en-la-pampa-una-mujer-murio-por-botulismo-y-analizan-un-segundo-caso\/","og_locale":"es_ES","og_type":"article","og_title":"Alerta sanitaria en La Pampa: una mujer muri\u00f3 por botulismo y analizan un segundo caso - Noticias Radio Reflejos","og_description":"El Ministerio de Salud provincial confirm\u00f3 el diagn\u00f3stico tras peritajes del Instituto Malbr\u00e1n. Allanaron una vivienda en Toay donde se habr\u00edan elaborado las conservas caseras que originaron el brote.","og_url":"https:\/\/www.noticiasradioreflejos.com.ar\/2021\/alerta-sanitaria-en-la-pampa-una-mujer-murio-por-botulismo-y-analizan-un-segundo-caso\/","og_site_name":"Noticias Radio Reflejos","article_published_time":"2025-12-29T10:35:30+00:00","og_image":[{"width":426,"height":290,"url":"https:\/\/www.noticiasradioreflejos.com.ar\/2021\/wp-content\/uploads\/2018\/06\/Conservas.jpg","type":"image\/jpeg"}],"author":"Arnaldo Botto","twitter_card":"summary_large_image","schema":{"@context":"https:\/\/schema.org","@graph":[{"@type":"WebPage","@id":"https:\/\/www.noticiasradioreflejos.com.ar\/2021\/alerta-sanitaria-en-la-pampa-una-mujer-murio-por-botulismo-y-analizan-un-segundo-caso\/","url":"https:\/\/www.noticiasradioreflejos.com.ar\/2021\/alerta-sanitaria-en-la-pampa-una-mujer-murio-por-botulismo-y-analizan-un-segundo-caso\/","name":"Alerta sanitaria en La Pampa: una mujer muri\u00f3 por botulismo y analizan un segundo caso - Noticias Radio Reflejos","isPartOf":{"@id":"https:\/\/www.noticiasradioreflejos.com.ar\/2021\/#website"},"primaryImageOfPage":{"@id":"https:\/\/www.noticiasradioreflejos.com.ar\/2021\/alerta-sanitaria-en-la-pampa-una-mujer-murio-por-botulismo-y-analizan-un-segundo-caso\/#primaryimage"},"image":{"@id":"https:\/\/www.noticiasradioreflejos.com.ar\/2021\/alerta-sanitaria-en-la-pampa-una-mujer-murio-por-botulismo-y-analizan-un-segundo-caso\/#primaryimage"},"thumbnailUrl":"https:\/\/www.noticiasradioreflejos.com.ar\/2021\/wp-content\/uploads\/2018\/06\/Conservas.jpg","datePublished":"2025-12-29T10:35:30+00:00","author":{"@id":"https:\/\/www.noticiasradioreflejos.com.ar\/2021\/#\/schema\/person\/ad82545263dcc5ec0996818884fd5fb1"},"breadcrumb":{"@id":"https:\/\/www.noticiasradioreflejos.com.ar\/2021\/alerta-sanitaria-en-la-pampa-una-mujer-murio-por-botulismo-y-analizan-un-segundo-caso\/#breadcrumb"},"inLanguage":"es","potentialAction":[{"@type":"ReadAction","target":["https:\/\/www.noticiasradioreflejos.com.ar\/2021\/alerta-sanitaria-en-la-pampa-una-mujer-murio-por-botulismo-y-analizan-un-segundo-caso\/"]}]},{"@type":"ImageObject","inLanguage":"es","@id":"https:\/\/www.noticiasradioreflejos.com.ar\/2021\/alerta-sanitaria-en-la-pampa-una-mujer-murio-por-botulismo-y-analizan-un-segundo-caso\/#primaryimage","url":"https:\/\/www.noticiasradioreflejos.com.ar\/2021\/wp-content\/uploads\/2018\/06\/Conservas.jpg","contentUrl":"https:\/\/www.noticiasradioreflejos.com.ar\/2021\/wp-content\/uploads\/2018\/06\/Conservas.jpg","width":426,"height":290},{"@type":"BreadcrumbList","@id":"https:\/\/www.noticiasradioreflejos.com.ar\/2021\/alerta-sanitaria-en-la-pampa-una-mujer-murio-por-botulismo-y-analizan-un-segundo-caso\/#breadcrumb","itemListElement":[{"@type":"ListItem","position":1,"name":"Portada","item":"https:\/\/www.noticiasradioreflejos.com.ar\/2021\/"},{"@type":"ListItem","position":2,"name":"Alerta sanitaria en La Pampa: una mujer muri\u00f3 por botulismo y analizan un segundo caso"}]},{"@type":"WebSite","@id":"https:\/\/www.noticiasradioreflejos.com.ar\/2021\/#website","url":"https:\/\/www.noticiasradioreflejos.com.ar\/2021\/","name":"Noticias Radio Reflejos","description":"Las noticias de mi comarca","potentialAction":[{"@type":"SearchAction","target":{"@type":"EntryPoint","urlTemplate":"https:\/\/www.noticiasradioreflejos.com.ar\/2021\/?s={search_term_string}"},"query-input":{"@type":"PropertyValueSpecification","valueRequired":true,"valueName":"search_term_string"}}],"inLanguage":"es"},{"@type":"Person","@id":"https:\/\/www.noticiasradioreflejos.com.ar\/2021\/#\/schema\/person\/ad82545263dcc5ec0996818884fd5fb1","name":"Arnaldo Botto","image":{"@type":"ImageObject","inLanguage":"es","@id":"https:\/\/www.noticiasradioreflejos.com.ar\/2021\/#\/schema\/person\/image\/","url":"https:\/\/secure.gravatar.com\/avatar\/55cb5e37c1efa326397366e6974cb338056df65cb50e7d64d1cf314e87504837?s=96&d=mm&r=g","contentUrl":"https:\/\/secure.gravatar.com\/avatar\/55cb5e37c1efa326397366e6974cb338056df65cb50e7d64d1cf314e87504837?s=96&d=mm&r=g","caption":"Arnaldo Botto"},"url":"https:\/\/www.noticiasradioreflejos.com.ar\/2021\/author\/arnaldo\/"}]}},"_links":{"self":[{"href":"https:\/\/www.noticiasradioreflejos.com.ar\/2021\/wp-json\/wp\/v2\/posts\/130456","targetHints":{"allow":["GET"]}}],"collection":[{"href":"https:\/\/www.noticiasradioreflejos.com.ar\/2021\/wp-json\/wp\/v2\/posts"}],"about":[{"href":"https:\/\/www.noticiasradioreflejos.com.ar\/2021\/wp-json\/wp\/v2\/types\/post"}],"author":[{"embeddable":true,"href":"https:\/\/www.noticiasradioreflejos.com.ar\/2021\/wp-json\/wp\/v2\/users\/3"}],"replies":[{"embeddable":true,"href":"https:\/\/www.noticiasradioreflejos.com.ar\/2021\/wp-json\/wp\/v2\/comments?post=130456"}],"version-history":[{"count":1,"href":"https:\/\/www.noticiasradioreflejos.com.ar\/2021\/wp-json\/wp\/v2\/posts\/130456\/revisions"}],"predecessor-version":[{"id":130457,"href":"https:\/\/www.noticiasradioreflejos.com.ar\/2021\/wp-json\/wp\/v2\/posts\/130456\/revisions\/130457"}],"wp:featuredmedia":[{"embeddable":true,"href":"https:\/\/www.noticiasradioreflejos.com.ar\/2021\/wp-json\/wp\/v2\/media\/22075"}],"wp:attachment":[{"href":"https:\/\/www.noticiasradioreflejos.com.ar\/2021\/wp-json\/wp\/v2\/media?parent=130456"}],"wp:term":[{"taxonomy":"category","embeddable":true,"href":"https:\/\/www.noticiasradioreflejos.com.ar\/2021\/wp-json\/wp\/v2\/categories?post=130456"},{"taxonomy":"post_tag","embeddable":true,"href":"https:\/\/www.noticiasradioreflejos.com.ar\/2021\/wp-json\/wp\/v2\/tags?post=130456"}],"curies":[{"name":"wp","href":"https:\/\/api.w.org\/{rel}","templated":true}]}}