{"id":13033,"date":"2017-08-01T19:33:38","date_gmt":"2017-08-01T22:33:38","guid":{"rendered":"http:\/\/www.noticiasradioreflejos.com.ar\/noticias\/?p=13033"},"modified":"2017-08-01T19:33:38","modified_gmt":"2017-08-01T22:33:38","slug":"en-el-balance-no-podes-quedarte-con-el-resultado-jorge-brunet","status":"publish","type":"post","link":"https:\/\/www.noticiasradioreflejos.com.ar\/2021\/en-el-balance-no-podes-quedarte-con-el-resultado-jorge-brunet\/","title":{"rendered":"&quot;En el balance no podes quedarte con el resultado&quot; &#8211; Jorge Brunet"},"content":{"rendered":"<p><a href=\"http:\/\/www.noticiasradioreflejos.com.ar\/noticias\/wp-content\/uploads\/2017\/08\/35890551240_4fda35eb73_o.jpg\"><img loading=\"lazy\" decoding=\"async\" class=\"alignleft size-full wp-image-13035\" src=\"http:\/\/www.noticiasradioreflejos.com.ar\/noticias\/wp-content\/uploads\/2017\/08\/35890551240_4fda35eb73_o.jpg\" alt=\"35890551240_4fda35eb73_o\" width=\"620\" height=\"480\" \/><\/a>T\u00e9cnico y entrenador del la reserva de f\u00fatbol del Club Atl\u00e9tico Ventana, <strong>Jorge Brunet<\/strong> nos cuenta como vivi\u00f3 este segundo t\u00edtulo que logr\u00f3 la categor\u00eda y la planificaci\u00f3n con la que trabajan para obtener los grandes logros obtenidos en tan corto plazo.<!--more--><br \/>\nJorge nos asegura que hoy, mas distendido de lo que fueron los pasados 15 d\u00edas, pod\u00eda hacer un an\u00e1lisis sobre los resultados y el trabajo que realizan junto a todo el cuerpo t\u00e9cnico, logrando que el \u00abTricolor\u00bb llegue a disputar los \u00faltimos 3 a\u00f1os, finales en la reserva y Primera divisi\u00f3n de la Liga de Cnel Pringles de F\u00fatbol.<br \/>\n\u00abYo ganar, quer\u00eda ganar con las dos categor\u00edas, pero el resultado no modifica el hecho\u00bb, destac\u00f3 durante la charla telef\u00f3nica que mantuvimos en FM Reflejos con el entrenador.<br \/>\nTras participar de 3 finales en Primera divisi\u00f3n y dos en reserva, obteniendo esta \u00faltima los t\u00edtulos respectivos, el an\u00e1lisis de Brunet, muestra una gran satisfacci\u00f3n y el acierto en la planificaci\u00f3n con la que se viene trabajando desde hace a\u00f1os en el club.<br \/>\n\u00abEs un trabajo de muchos a\u00f1os que llevamos con los chicos desde las primeras categor\u00edas, que llegan juntos\u00bb nos describe Brunet, \u00a0qui\u00e9n trabaja junto a<strong> Javier Rubio, Jorge Schwerdt y el Prof Juan Pablo Becchin<\/strong>a.<br \/>\nEn el final, \u00a0destaca toda la labor del resto del plantel de entrenadores y preparadores f\u00edsicos y especialmente a la Comisi\u00f3n Directiva de la Instituci\u00f3n serrana, que apuntala con mucho esfuerzo y dedicaci\u00f3n la tarea del cuerpo t\u00e9cnico.<br \/>\n<iframe loading=\"lazy\" src=\"https:\/\/w.soundcloud.com\/player\/?url=https%3A\/\/api.soundcloud.com\/tracks\/335807506&amp;color=ff5500&amp;auto_play=false&amp;hide_related=false&amp;show_comments=true&amp;show_user=true&amp;show_reposts=false\" width=\"100%\" height=\"166\" frameborder=\"no\" scrolling=\"no\"><\/iframe><\/p>\n","protected":false},"excerpt":{"rendered":"<p>T\u00e9cnico y entrenador del la reserva de f\u00fatbol del Club Atl\u00e9tico Ventana, Jorge Brunet nos cuenta como vivi\u00f3 este segundo t\u00edtulo que logr\u00f3 la categor\u00eda y la planificaci\u00f3n con la que trabajan para obtener los grandes logros obtenidos en tan corto plazo.<\/p>\n","protected":false},"author":3,"featured_media":0,"comment_status":"closed","ping_status":"open","sticky":false,"template":"","format":"standard","meta":{"footnotes":""},"categories":[27],"tags":[],"class_list":["post-13033","post","type-post","status-publish","format-standard","hentry","category-deportes"],"yoast_head":"<!-- This site is optimized with the Yoast SEO plugin v25.9 - https:\/\/yoast.com\/wordpress\/plugins\/seo\/ -->\n<title>&quot;En el balance no podes quedarte con el resultado&quot; - Jorge Brunet - Noticias Radio Reflejos<\/title>\n<meta name=\"robots\" content=\"index, follow, max-snippet:-1, max-image-preview:large, max-video-preview:-1\" \/>\n<link rel=\"canonical\" href=\"https:\/\/www.noticiasradioreflejos.com.ar\/2021\/en-el-balance-no-podes-quedarte-con-el-resultado-jorge-brunet\/\" \/>\n<meta property=\"og:locale\" content=\"es_ES\" \/>\n<meta property=\"og:type\" content=\"article\" \/>\n<meta property=\"og:title\" content=\"&quot;En el balance no podes quedarte con el resultado&quot; - Jorge Brunet - Noticias Radio Reflejos\" \/>\n<meta property=\"og:description\" content=\"T\u00e9cnico y entrenador del la reserva de f\u00fatbol del Club Atl\u00e9tico Ventana, Jorge Brunet nos cuenta como vivi\u00f3 este segundo t\u00edtulo que logr\u00f3 la categor\u00eda y la planificaci\u00f3n con la que trabajan para obtener los grandes logros obtenidos en tan corto plazo.\" \/>\n<meta property=\"og:url\" content=\"https:\/\/www.noticiasradioreflejos.com.ar\/2021\/en-el-balance-no-podes-quedarte-con-el-resultado-jorge-brunet\/\" \/>\n<meta property=\"og:site_name\" content=\"Noticias Radio Reflejos\" \/>\n<meta property=\"article:published_time\" content=\"2017-08-01T22:33:38+00:00\" \/>\n<meta property=\"og:image\" content=\"https:\/\/www.noticiasradioreflejos.com.ar\/2021\/wp-content\/uploads\/2021\/07\/logosol300x200.png\" \/>\n\t<meta property=\"og:image:width\" content=\"300\" \/>\n\t<meta property=\"og:image:height\" content=\"200\" \/>\n\t<meta property=\"og:image:type\" content=\"image\/png\" \/>\n<meta name=\"author\" content=\"Arnaldo Botto\" \/>\n<meta name=\"twitter:card\" content=\"summary_large_image\" \/>\n<script type=\"application\/ld+json\" class=\"yoast-schema-graph\">{\"@context\":\"https:\/\/schema.org\",\"@graph\":[{\"@type\":\"WebPage\",\"@id\":\"https:\/\/www.noticiasradioreflejos.com.ar\/2021\/en-el-balance-no-podes-quedarte-con-el-resultado-jorge-brunet\/\",\"url\":\"https:\/\/www.noticiasradioreflejos.com.ar\/2021\/en-el-balance-no-podes-quedarte-con-el-resultado-jorge-brunet\/\",\"name\":\"&quot;En el balance no podes quedarte con el resultado&quot; - Jorge Brunet - Noticias Radio Reflejos\",\"isPartOf\":{\"@id\":\"https:\/\/www.noticiasradioreflejos.com.ar\/2021\/#website\"},\"primaryImageOfPage\":{\"@id\":\"https:\/\/www.noticiasradioreflejos.com.ar\/2021\/en-el-balance-no-podes-quedarte-con-el-resultado-jorge-brunet\/#primaryimage\"},\"image\":{\"@id\":\"https:\/\/www.noticiasradioreflejos.com.ar\/2021\/en-el-balance-no-podes-quedarte-con-el-resultado-jorge-brunet\/#primaryimage\"},\"thumbnailUrl\":\"http:\/\/www.noticiasradioreflejos.com.ar\/noticias\/wp-content\/uploads\/2017\/08\/35890551240_4fda35eb73_o.jpg\",\"datePublished\":\"2017-08-01T22:33:38+00:00\",\"author\":{\"@id\":\"https:\/\/www.noticiasradioreflejos.com.ar\/2021\/#\/schema\/person\/ad82545263dcc5ec0996818884fd5fb1\"},\"breadcrumb\":{\"@id\":\"https:\/\/www.noticiasradioreflejos.com.ar\/2021\/en-el-balance-no-podes-quedarte-con-el-resultado-jorge-brunet\/#breadcrumb\"},\"inLanguage\":\"es\",\"potentialAction\":[{\"@type\":\"ReadAction\",\"target\":[\"https:\/\/www.noticiasradioreflejos.com.ar\/2021\/en-el-balance-no-podes-quedarte-con-el-resultado-jorge-brunet\/\"]}]},{\"@type\":\"ImageObject\",\"inLanguage\":\"es\",\"@id\":\"https:\/\/www.noticiasradioreflejos.com.ar\/2021\/en-el-balance-no-podes-quedarte-con-el-resultado-jorge-brunet\/#primaryimage\",\"url\":\"http:\/\/www.noticiasradioreflejos.com.ar\/noticias\/wp-content\/uploads\/2017\/08\/35890551240_4fda35eb73_o.jpg\",\"contentUrl\":\"http:\/\/www.noticiasradioreflejos.com.ar\/noticias\/wp-content\/uploads\/2017\/08\/35890551240_4fda35eb73_o.jpg\"},{\"@type\":\"BreadcrumbList\",\"@id\":\"https:\/\/www.noticiasradioreflejos.com.ar\/2021\/en-el-balance-no-podes-quedarte-con-el-resultado-jorge-brunet\/#breadcrumb\",\"itemListElement\":[{\"@type\":\"ListItem\",\"position\":1,\"name\":\"Portada\",\"item\":\"https:\/\/www.noticiasradioreflejos.com.ar\/2021\/\"},{\"@type\":\"ListItem\",\"position\":2,\"name\":\"&quot;En el balance no podes quedarte con el resultado&quot; &#8211; Jorge Brunet\"}]},{\"@type\":\"WebSite\",\"@id\":\"https:\/\/www.noticiasradioreflejos.com.ar\/2021\/#website\",\"url\":\"https:\/\/www.noticiasradioreflejos.com.ar\/2021\/\",\"name\":\"Noticias Radio Reflejos\",\"description\":\"Las noticias de mi comarca\",\"potentialAction\":[{\"@type\":\"SearchAction\",\"target\":{\"@type\":\"EntryPoint\",\"urlTemplate\":\"https:\/\/www.noticiasradioreflejos.com.ar\/2021\/?s={search_term_string}\"},\"query-input\":{\"@type\":\"PropertyValueSpecification\",\"valueRequired\":true,\"valueName\":\"search_term_string\"}}],\"inLanguage\":\"es\"},{\"@type\":\"Person\",\"@id\":\"https:\/\/www.noticiasradioreflejos.com.ar\/2021\/#\/schema\/person\/ad82545263dcc5ec0996818884fd5fb1\",\"name\":\"Arnaldo Botto\",\"image\":{\"@type\":\"ImageObject\",\"inLanguage\":\"es\",\"@id\":\"https:\/\/www.noticiasradioreflejos.com.ar\/2021\/#\/schema\/person\/image\/\",\"url\":\"https:\/\/secure.gravatar.com\/avatar\/55cb5e37c1efa326397366e6974cb338056df65cb50e7d64d1cf314e87504837?s=96&d=mm&r=g\",\"contentUrl\":\"https:\/\/secure.gravatar.com\/avatar\/55cb5e37c1efa326397366e6974cb338056df65cb50e7d64d1cf314e87504837?s=96&d=mm&r=g\",\"caption\":\"Arnaldo Botto\"},\"url\":\"https:\/\/www.noticiasradioreflejos.com.ar\/2021\/author\/arnaldo\/\"}]}<\/script>\n<!-- \/ Yoast SEO plugin. -->","yoast_head_json":{"title":"&quot;En el balance no podes quedarte con el resultado&quot; - Jorge Brunet - Noticias Radio Reflejos","robots":{"index":"index","follow":"follow","max-snippet":"max-snippet:-1","max-image-preview":"max-image-preview:large","max-video-preview":"max-video-preview:-1"},"canonical":"https:\/\/www.noticiasradioreflejos.com.ar\/2021\/en-el-balance-no-podes-quedarte-con-el-resultado-jorge-brunet\/","og_locale":"es_ES","og_type":"article","og_title":"&quot;En el balance no podes quedarte con el resultado&quot; - Jorge Brunet - Noticias Radio Reflejos","og_description":"T\u00e9cnico y entrenador del la reserva de f\u00fatbol del Club Atl\u00e9tico Ventana, Jorge Brunet nos cuenta como vivi\u00f3 este segundo t\u00edtulo que logr\u00f3 la categor\u00eda y la planificaci\u00f3n con la que trabajan para obtener los grandes logros obtenidos en tan corto plazo.","og_url":"https:\/\/www.noticiasradioreflejos.com.ar\/2021\/en-el-balance-no-podes-quedarte-con-el-resultado-jorge-brunet\/","og_site_name":"Noticias Radio Reflejos","article_published_time":"2017-08-01T22:33:38+00:00","og_image":[{"width":300,"height":200,"url":"https:\/\/www.noticiasradioreflejos.com.ar\/2021\/wp-content\/uploads\/2021\/07\/logosol300x200.png","type":"image\/png"}],"author":"Arnaldo Botto","twitter_card":"summary_large_image","schema":{"@context":"https:\/\/schema.org","@graph":[{"@type":"WebPage","@id":"https:\/\/www.noticiasradioreflejos.com.ar\/2021\/en-el-balance-no-podes-quedarte-con-el-resultado-jorge-brunet\/","url":"https:\/\/www.noticiasradioreflejos.com.ar\/2021\/en-el-balance-no-podes-quedarte-con-el-resultado-jorge-brunet\/","name":"&quot;En el balance no podes quedarte con el resultado&quot; - Jorge Brunet - Noticias Radio Reflejos","isPartOf":{"@id":"https:\/\/www.noticiasradioreflejos.com.ar\/2021\/#website"},"primaryImageOfPage":{"@id":"https:\/\/www.noticiasradioreflejos.com.ar\/2021\/en-el-balance-no-podes-quedarte-con-el-resultado-jorge-brunet\/#primaryimage"},"image":{"@id":"https:\/\/www.noticiasradioreflejos.com.ar\/2021\/en-el-balance-no-podes-quedarte-con-el-resultado-jorge-brunet\/#primaryimage"},"thumbnailUrl":"http:\/\/www.noticiasradioreflejos.com.ar\/noticias\/wp-content\/uploads\/2017\/08\/35890551240_4fda35eb73_o.jpg","datePublished":"2017-08-01T22:33:38+00:00","author":{"@id":"https:\/\/www.noticiasradioreflejos.com.ar\/2021\/#\/schema\/person\/ad82545263dcc5ec0996818884fd5fb1"},"breadcrumb":{"@id":"https:\/\/www.noticiasradioreflejos.com.ar\/2021\/en-el-balance-no-podes-quedarte-con-el-resultado-jorge-brunet\/#breadcrumb"},"inLanguage":"es","potentialAction":[{"@type":"ReadAction","target":["https:\/\/www.noticiasradioreflejos.com.ar\/2021\/en-el-balance-no-podes-quedarte-con-el-resultado-jorge-brunet\/"]}]},{"@type":"ImageObject","inLanguage":"es","@id":"https:\/\/www.noticiasradioreflejos.com.ar\/2021\/en-el-balance-no-podes-quedarte-con-el-resultado-jorge-brunet\/#primaryimage","url":"http:\/\/www.noticiasradioreflejos.com.ar\/noticias\/wp-content\/uploads\/2017\/08\/35890551240_4fda35eb73_o.jpg","contentUrl":"http:\/\/www.noticiasradioreflejos.com.ar\/noticias\/wp-content\/uploads\/2017\/08\/35890551240_4fda35eb73_o.jpg"},{"@type":"BreadcrumbList","@id":"https:\/\/www.noticiasradioreflejos.com.ar\/2021\/en-el-balance-no-podes-quedarte-con-el-resultado-jorge-brunet\/#breadcrumb","itemListElement":[{"@type":"ListItem","position":1,"name":"Portada","item":"https:\/\/www.noticiasradioreflejos.com.ar\/2021\/"},{"@type":"ListItem","position":2,"name":"&quot;En el balance no podes quedarte con el resultado&quot; &#8211; Jorge Brunet"}]},{"@type":"WebSite","@id":"https:\/\/www.noticiasradioreflejos.com.ar\/2021\/#website","url":"https:\/\/www.noticiasradioreflejos.com.ar\/2021\/","name":"Noticias Radio Reflejos","description":"Las noticias de mi comarca","potentialAction":[{"@type":"SearchAction","target":{"@type":"EntryPoint","urlTemplate":"https:\/\/www.noticiasradioreflejos.com.ar\/2021\/?s={search_term_string}"},"query-input":{"@type":"PropertyValueSpecification","valueRequired":true,"valueName":"search_term_string"}}],"inLanguage":"es"},{"@type":"Person","@id":"https:\/\/www.noticiasradioreflejos.com.ar\/2021\/#\/schema\/person\/ad82545263dcc5ec0996818884fd5fb1","name":"Arnaldo Botto","image":{"@type":"ImageObject","inLanguage":"es","@id":"https:\/\/www.noticiasradioreflejos.com.ar\/2021\/#\/schema\/person\/image\/","url":"https:\/\/secure.gravatar.com\/avatar\/55cb5e37c1efa326397366e6974cb338056df65cb50e7d64d1cf314e87504837?s=96&d=mm&r=g","contentUrl":"https:\/\/secure.gravatar.com\/avatar\/55cb5e37c1efa326397366e6974cb338056df65cb50e7d64d1cf314e87504837?s=96&d=mm&r=g","caption":"Arnaldo Botto"},"url":"https:\/\/www.noticiasradioreflejos.com.ar\/2021\/author\/arnaldo\/"}]}},"_links":{"self":[{"href":"https:\/\/www.noticiasradioreflejos.com.ar\/2021\/wp-json\/wp\/v2\/posts\/13033","targetHints":{"allow":["GET"]}}],"collection":[{"href":"https:\/\/www.noticiasradioreflejos.com.ar\/2021\/wp-json\/wp\/v2\/posts"}],"about":[{"href":"https:\/\/www.noticiasradioreflejos.com.ar\/2021\/wp-json\/wp\/v2\/types\/post"}],"author":[{"embeddable":true,"href":"https:\/\/www.noticiasradioreflejos.com.ar\/2021\/wp-json\/wp\/v2\/users\/3"}],"replies":[{"embeddable":true,"href":"https:\/\/www.noticiasradioreflejos.com.ar\/2021\/wp-json\/wp\/v2\/comments?post=13033"}],"version-history":[{"count":0,"href":"https:\/\/www.noticiasradioreflejos.com.ar\/2021\/wp-json\/wp\/v2\/posts\/13033\/revisions"}],"wp:attachment":[{"href":"https:\/\/www.noticiasradioreflejos.com.ar\/2021\/wp-json\/wp\/v2\/media?parent=13033"}],"wp:term":[{"taxonomy":"category","embeddable":true,"href":"https:\/\/www.noticiasradioreflejos.com.ar\/2021\/wp-json\/wp\/v2\/categories?post=13033"},{"taxonomy":"post_tag","embeddable":true,"href":"https:\/\/www.noticiasradioreflejos.com.ar\/2021\/wp-json\/wp\/v2\/tags?post=13033"}],"curies":[{"name":"wp","href":"https:\/\/api.w.org\/{rel}","templated":true}]}}