{"id":13027,"date":"2017-08-01T16:59:29","date_gmt":"2017-08-01T19:59:29","guid":{"rendered":"http:\/\/www.noticiasradioreflejos.com.ar\/noticias\/?p=13027"},"modified":"2017-08-01T16:59:29","modified_gmt":"2017-08-01T19:59:29","slug":"otra-jugadora-de-union-a-la-seleccion-de-la-asociacion-bahiense-de-hockey","status":"publish","type":"post","link":"https:\/\/www.noticiasradioreflejos.com.ar\/2021\/otra-jugadora-de-union-a-la-seleccion-de-la-asociacion-bahiense-de-hockey\/","title":{"rendered":"Otra jugadora de Uni\u00f3n a la selecci\u00f3n de la Asociaci\u00f3n Bahiense de Hockey"},"content":{"rendered":"<p>Nuevamente una jugadora de Uni\u00f3n integrar\u00e1 un seleccionado de la Asociaci\u00f3n Bahiense de Hockey.<br \/>\nSe trata de Constanza Terrugi, quien qued\u00f3 en el plantel definitivo de la Selecci\u00f3n Sub-16 \u201cA\u201d de la ABH para disputar el Torneo Nacional de la categor\u00eda del 7 al 10 de septiembre en Tucum\u00e1n.<!--more--><br \/>\nLa defensora de 16 a\u00f1os jugar\u00e1 por segundo a\u00f1o consecutivo un certamen con la camiseta de la ABH, ya que en 2016 hab\u00eda sido parte de la Sub-16 B (donde era la capitana) en el Regional Bonaerense desarrollado en Tandil.<br \/>\nPor otra parte, Las Lobas Triana Oteiza, Nahiara Moyano, Josefina Scasso y Sof\u00eda Marcolini contin\u00faan entrenando en la preselecci\u00f3n Sub-16 \u201cB\u201d en busca de un lugar en el equipo que participar\u00e1 del Regional Bonaerense con sede en Jun\u00edn del 14 al 17 de septiembre.<br \/>\nAsimismo, Giuliana Marcolini y Martina Idoeta comenzaron el proceso de selecci\u00f3n Sub-18 con vistas al Torneo Nacional de la categor\u00eda, que se disputar\u00e1 del 5 al 8 de octubre en Mendoza.<br \/>\nVale recordar que en julio Valentina Abarz\u00faa y Priscila Sandobal fueron parte de la Selecci\u00f3n Sub-14 \u201cB\u201d de la ABH en el campeonato regional desarrollado en Mar del Plata.<br \/>\nEl Verde contin\u00faa ampliando su aporte de jugadoras a los combinados de la ABH, un verdadero orgullo para la instituci\u00f3n.<br \/>\nPrensa Club Uni\u00f3n<br \/>\nwww.uniondetornquist.com &#8211; clubuniondetornquist@gmail.com &#8211; \/ClubUnionDeTornquist &#8211; @UnionTornquist<\/p>\n","protected":false},"excerpt":{"rendered":"<p>Nuevamente una jugadora de Uni\u00f3n integrar\u00e1 un seleccionado de la Asociaci\u00f3n Bahiense de Hockey. Se trata de Constanza Terrugi, quien qued\u00f3 en el plantel definitivo de la Selecci\u00f3n Sub-16 \u201cA\u201d de la ABH para disputar el Torneo Nacional de la categor\u00eda del 7 al 10 de septiembre en Tucum\u00e1n.<\/p>\n","protected":false},"author":3,"featured_media":0,"comment_status":"closed","ping_status":"open","sticky":false,"template":"","format":"standard","meta":{"footnotes":""},"categories":[27],"tags":[],"class_list":["post-13027","post","type-post","status-publish","format-standard","hentry","category-deportes"],"yoast_head":"<!-- This site is optimized with the Yoast SEO plugin v25.9 - https:\/\/yoast.com\/wordpress\/plugins\/seo\/ -->\n<title>Otra jugadora de Uni\u00f3n a la selecci\u00f3n de la Asociaci\u00f3n Bahiense de Hockey - Noticias Radio Reflejos<\/title>\n<meta name=\"robots\" content=\"index, follow, max-snippet:-1, max-image-preview:large, max-video-preview:-1\" \/>\n<link rel=\"canonical\" href=\"https:\/\/www.noticiasradioreflejos.com.ar\/2021\/otra-jugadora-de-union-a-la-seleccion-de-la-asociacion-bahiense-de-hockey\/\" \/>\n<meta property=\"og:locale\" content=\"es_ES\" \/>\n<meta property=\"og:type\" content=\"article\" \/>\n<meta property=\"og:title\" content=\"Otra jugadora de Uni\u00f3n a la selecci\u00f3n de la Asociaci\u00f3n Bahiense de Hockey - Noticias Radio Reflejos\" \/>\n<meta property=\"og:description\" content=\"Nuevamente una jugadora de Uni\u00f3n integrar\u00e1 un seleccionado de la Asociaci\u00f3n Bahiense de Hockey. Se trata de Constanza Terrugi, quien qued\u00f3 en el plantel definitivo de la Selecci\u00f3n Sub-16 \u201cA\u201d de la ABH para disputar el Torneo Nacional de la categor\u00eda del 7 al 10 de septiembre en Tucum\u00e1n.\" \/>\n<meta property=\"og:url\" content=\"https:\/\/www.noticiasradioreflejos.com.ar\/2021\/otra-jugadora-de-union-a-la-seleccion-de-la-asociacion-bahiense-de-hockey\/\" \/>\n<meta property=\"og:site_name\" content=\"Noticias Radio Reflejos\" \/>\n<meta property=\"article:published_time\" content=\"2017-08-01T19:59:29+00:00\" \/>\n<meta property=\"og:image\" content=\"https:\/\/www.noticiasradioreflejos.com.ar\/2021\/wp-content\/uploads\/2021\/07\/logosol300x200.png\" \/>\n\t<meta property=\"og:image:width\" content=\"300\" \/>\n\t<meta property=\"og:image:height\" content=\"200\" \/>\n\t<meta property=\"og:image:type\" content=\"image\/png\" \/>\n<meta name=\"author\" content=\"Arnaldo Botto\" \/>\n<meta name=\"twitter:card\" content=\"summary_large_image\" \/>\n<script type=\"application\/ld+json\" class=\"yoast-schema-graph\">{\"@context\":\"https:\/\/schema.org\",\"@graph\":[{\"@type\":\"WebPage\",\"@id\":\"https:\/\/www.noticiasradioreflejos.com.ar\/2021\/otra-jugadora-de-union-a-la-seleccion-de-la-asociacion-bahiense-de-hockey\/\",\"url\":\"https:\/\/www.noticiasradioreflejos.com.ar\/2021\/otra-jugadora-de-union-a-la-seleccion-de-la-asociacion-bahiense-de-hockey\/\",\"name\":\"Otra jugadora de Uni\u00f3n a la selecci\u00f3n de la Asociaci\u00f3n Bahiense de Hockey - Noticias Radio Reflejos\",\"isPartOf\":{\"@id\":\"https:\/\/www.noticiasradioreflejos.com.ar\/2021\/#website\"},\"datePublished\":\"2017-08-01T19:59:29+00:00\",\"author\":{\"@id\":\"https:\/\/www.noticiasradioreflejos.com.ar\/2021\/#\/schema\/person\/ad82545263dcc5ec0996818884fd5fb1\"},\"breadcrumb\":{\"@id\":\"https:\/\/www.noticiasradioreflejos.com.ar\/2021\/otra-jugadora-de-union-a-la-seleccion-de-la-asociacion-bahiense-de-hockey\/#breadcrumb\"},\"inLanguage\":\"es\",\"potentialAction\":[{\"@type\":\"ReadAction\",\"target\":[\"https:\/\/www.noticiasradioreflejos.com.ar\/2021\/otra-jugadora-de-union-a-la-seleccion-de-la-asociacion-bahiense-de-hockey\/\"]}]},{\"@type\":\"BreadcrumbList\",\"@id\":\"https:\/\/www.noticiasradioreflejos.com.ar\/2021\/otra-jugadora-de-union-a-la-seleccion-de-la-asociacion-bahiense-de-hockey\/#breadcrumb\",\"itemListElement\":[{\"@type\":\"ListItem\",\"position\":1,\"name\":\"Portada\",\"item\":\"https:\/\/www.noticiasradioreflejos.com.ar\/2021\/\"},{\"@type\":\"ListItem\",\"position\":2,\"name\":\"Otra jugadora de Uni\u00f3n a la selecci\u00f3n de la Asociaci\u00f3n Bahiense de Hockey\"}]},{\"@type\":\"WebSite\",\"@id\":\"https:\/\/www.noticiasradioreflejos.com.ar\/2021\/#website\",\"url\":\"https:\/\/www.noticiasradioreflejos.com.ar\/2021\/\",\"name\":\"Noticias Radio Reflejos\",\"description\":\"Las noticias de mi comarca\",\"potentialAction\":[{\"@type\":\"SearchAction\",\"target\":{\"@type\":\"EntryPoint\",\"urlTemplate\":\"https:\/\/www.noticiasradioreflejos.com.ar\/2021\/?s={search_term_string}\"},\"query-input\":{\"@type\":\"PropertyValueSpecification\",\"valueRequired\":true,\"valueName\":\"search_term_string\"}}],\"inLanguage\":\"es\"},{\"@type\":\"Person\",\"@id\":\"https:\/\/www.noticiasradioreflejos.com.ar\/2021\/#\/schema\/person\/ad82545263dcc5ec0996818884fd5fb1\",\"name\":\"Arnaldo Botto\",\"image\":{\"@type\":\"ImageObject\",\"inLanguage\":\"es\",\"@id\":\"https:\/\/www.noticiasradioreflejos.com.ar\/2021\/#\/schema\/person\/image\/\",\"url\":\"https:\/\/secure.gravatar.com\/avatar\/55cb5e37c1efa326397366e6974cb338056df65cb50e7d64d1cf314e87504837?s=96&d=mm&r=g\",\"contentUrl\":\"https:\/\/secure.gravatar.com\/avatar\/55cb5e37c1efa326397366e6974cb338056df65cb50e7d64d1cf314e87504837?s=96&d=mm&r=g\",\"caption\":\"Arnaldo Botto\"},\"url\":\"https:\/\/www.noticiasradioreflejos.com.ar\/2021\/author\/arnaldo\/\"}]}<\/script>\n<!-- \/ Yoast SEO plugin. -->","yoast_head_json":{"title":"Otra jugadora de Uni\u00f3n a la selecci\u00f3n de la Asociaci\u00f3n Bahiense de Hockey - Noticias Radio Reflejos","robots":{"index":"index","follow":"follow","max-snippet":"max-snippet:-1","max-image-preview":"max-image-preview:large","max-video-preview":"max-video-preview:-1"},"canonical":"https:\/\/www.noticiasradioreflejos.com.ar\/2021\/otra-jugadora-de-union-a-la-seleccion-de-la-asociacion-bahiense-de-hockey\/","og_locale":"es_ES","og_type":"article","og_title":"Otra jugadora de Uni\u00f3n a la selecci\u00f3n de la Asociaci\u00f3n Bahiense de Hockey - Noticias Radio Reflejos","og_description":"Nuevamente una jugadora de Uni\u00f3n integrar\u00e1 un seleccionado de la Asociaci\u00f3n Bahiense de Hockey. Se trata de Constanza Terrugi, quien qued\u00f3 en el plantel definitivo de la Selecci\u00f3n Sub-16 \u201cA\u201d de la ABH para disputar el Torneo Nacional de la categor\u00eda del 7 al 10 de septiembre en Tucum\u00e1n.","og_url":"https:\/\/www.noticiasradioreflejos.com.ar\/2021\/otra-jugadora-de-union-a-la-seleccion-de-la-asociacion-bahiense-de-hockey\/","og_site_name":"Noticias Radio Reflejos","article_published_time":"2017-08-01T19:59:29+00:00","og_image":[{"width":300,"height":200,"url":"https:\/\/www.noticiasradioreflejos.com.ar\/2021\/wp-content\/uploads\/2021\/07\/logosol300x200.png","type":"image\/png"}],"author":"Arnaldo Botto","twitter_card":"summary_large_image","schema":{"@context":"https:\/\/schema.org","@graph":[{"@type":"WebPage","@id":"https:\/\/www.noticiasradioreflejos.com.ar\/2021\/otra-jugadora-de-union-a-la-seleccion-de-la-asociacion-bahiense-de-hockey\/","url":"https:\/\/www.noticiasradioreflejos.com.ar\/2021\/otra-jugadora-de-union-a-la-seleccion-de-la-asociacion-bahiense-de-hockey\/","name":"Otra jugadora de Uni\u00f3n a la selecci\u00f3n de la Asociaci\u00f3n Bahiense de Hockey - Noticias Radio Reflejos","isPartOf":{"@id":"https:\/\/www.noticiasradioreflejos.com.ar\/2021\/#website"},"datePublished":"2017-08-01T19:59:29+00:00","author":{"@id":"https:\/\/www.noticiasradioreflejos.com.ar\/2021\/#\/schema\/person\/ad82545263dcc5ec0996818884fd5fb1"},"breadcrumb":{"@id":"https:\/\/www.noticiasradioreflejos.com.ar\/2021\/otra-jugadora-de-union-a-la-seleccion-de-la-asociacion-bahiense-de-hockey\/#breadcrumb"},"inLanguage":"es","potentialAction":[{"@type":"ReadAction","target":["https:\/\/www.noticiasradioreflejos.com.ar\/2021\/otra-jugadora-de-union-a-la-seleccion-de-la-asociacion-bahiense-de-hockey\/"]}]},{"@type":"BreadcrumbList","@id":"https:\/\/www.noticiasradioreflejos.com.ar\/2021\/otra-jugadora-de-union-a-la-seleccion-de-la-asociacion-bahiense-de-hockey\/#breadcrumb","itemListElement":[{"@type":"ListItem","position":1,"name":"Portada","item":"https:\/\/www.noticiasradioreflejos.com.ar\/2021\/"},{"@type":"ListItem","position":2,"name":"Otra jugadora de Uni\u00f3n a la selecci\u00f3n de la Asociaci\u00f3n Bahiense de Hockey"}]},{"@type":"WebSite","@id":"https:\/\/www.noticiasradioreflejos.com.ar\/2021\/#website","url":"https:\/\/www.noticiasradioreflejos.com.ar\/2021\/","name":"Noticias Radio Reflejos","description":"Las noticias de mi comarca","potentialAction":[{"@type":"SearchAction","target":{"@type":"EntryPoint","urlTemplate":"https:\/\/www.noticiasradioreflejos.com.ar\/2021\/?s={search_term_string}"},"query-input":{"@type":"PropertyValueSpecification","valueRequired":true,"valueName":"search_term_string"}}],"inLanguage":"es"},{"@type":"Person","@id":"https:\/\/www.noticiasradioreflejos.com.ar\/2021\/#\/schema\/person\/ad82545263dcc5ec0996818884fd5fb1","name":"Arnaldo Botto","image":{"@type":"ImageObject","inLanguage":"es","@id":"https:\/\/www.noticiasradioreflejos.com.ar\/2021\/#\/schema\/person\/image\/","url":"https:\/\/secure.gravatar.com\/avatar\/55cb5e37c1efa326397366e6974cb338056df65cb50e7d64d1cf314e87504837?s=96&d=mm&r=g","contentUrl":"https:\/\/secure.gravatar.com\/avatar\/55cb5e37c1efa326397366e6974cb338056df65cb50e7d64d1cf314e87504837?s=96&d=mm&r=g","caption":"Arnaldo Botto"},"url":"https:\/\/www.noticiasradioreflejos.com.ar\/2021\/author\/arnaldo\/"}]}},"_links":{"self":[{"href":"https:\/\/www.noticiasradioreflejos.com.ar\/2021\/wp-json\/wp\/v2\/posts\/13027","targetHints":{"allow":["GET"]}}],"collection":[{"href":"https:\/\/www.noticiasradioreflejos.com.ar\/2021\/wp-json\/wp\/v2\/posts"}],"about":[{"href":"https:\/\/www.noticiasradioreflejos.com.ar\/2021\/wp-json\/wp\/v2\/types\/post"}],"author":[{"embeddable":true,"href":"https:\/\/www.noticiasradioreflejos.com.ar\/2021\/wp-json\/wp\/v2\/users\/3"}],"replies":[{"embeddable":true,"href":"https:\/\/www.noticiasradioreflejos.com.ar\/2021\/wp-json\/wp\/v2\/comments?post=13027"}],"version-history":[{"count":0,"href":"https:\/\/www.noticiasradioreflejos.com.ar\/2021\/wp-json\/wp\/v2\/posts\/13027\/revisions"}],"wp:attachment":[{"href":"https:\/\/www.noticiasradioreflejos.com.ar\/2021\/wp-json\/wp\/v2\/media?parent=13027"}],"wp:term":[{"taxonomy":"category","embeddable":true,"href":"https:\/\/www.noticiasradioreflejos.com.ar\/2021\/wp-json\/wp\/v2\/categories?post=13027"},{"taxonomy":"post_tag","embeddable":true,"href":"https:\/\/www.noticiasradioreflejos.com.ar\/2021\/wp-json\/wp\/v2\/tags?post=13027"}],"curies":[{"name":"wp","href":"https:\/\/api.w.org\/{rel}","templated":true}]}}