{"id":12999,"date":"2017-08-01T09:10:28","date_gmt":"2017-08-01T12:10:28","guid":{"rendered":"http:\/\/www.noticiasradioreflejos.com.ar\/noticias\/?p=12999"},"modified":"2017-08-01T09:10:28","modified_gmt":"2017-08-01T12:10:28","slug":"cambiemos-llevo-propuesta-a-tres-picos","status":"publish","type":"post","link":"https:\/\/www.noticiasradioreflejos.com.ar\/2021\/cambiemos-llevo-propuesta-a-tres-picos\/","title":{"rendered":"Cambiemos llev\u00f3 propuesta a Tres Picos."},"content":{"rendered":"<p>Un buen marco de p\u00fablico acompa\u00f1\u00f3 este lunes por la noche la presentaci\u00f3n de los candidatos de cambiemos que se presentaron en la sede del remozado Sportman Club de Tres Picos.<!--more--><br \/>\nEn el encuentro estuvo presente el Intendente Municipal Sergio Bordoni qui\u00e9n destac\u00f3 a los habitantes de la localidad como ejemplo a la hora de trabajar y resalt\u00f3 que en la gesti\u00f3n anterior se hab\u00edan hecho buenas cosas en la localidad que tuvo tambi\u00e9n la continuidad y el respaldo en su actual gobierno con obras en distintas instituciones trabajando sin bander\u00edas pol\u00edticas.<br \/>\nEl presupuesto participativo fue un gran ejemplo con los logros de los ba\u00f1os en el galp\u00f3n de fiestas y las nuevas instalaciones del Sportman Club de Tres Picos.<br \/>\nJunto al Intendente estuvieron la candidata a primera concejal Noelia Baier, Jose Pepe Fonfria de Saldungaray segundo en la lista, Viviana Montibeller de Sierra de la Ventana tercera candidata y otros integrantes de la lista que acompa\u00f1aron la mesa como Cristian Raising,Silvia Rossi,Germ\u00e1n Scharff y el candidato local Walter Maccari.<br \/>\nLa reuni\u00f3n termin\u00f3 con una cena de camarader\u00eda para culminar la jornada pol\u00edtica con los vecinos.<br \/>\n<a title=\"trespicoscambiemos (16)\" href=\"http:\/\/farm5.staticflickr.com\/4322\/35914767600_05f1216520.jpg\" rel=\"\"><img loading=\"lazy\" decoding=\"async\" class=\"aligncenter\" title=\"trespicoscambiemos (16)\" src=\"http:\/\/farm5.staticflickr.com\/4322\/35914767600_05f1216520.jpg\" alt=\"trespicoscambiemos (16)\" width=\"500\" height=\"334\" \/><\/a><a title=\"trespicoscambiemos (12)\" href=\"http:\/\/farm5.staticflickr.com\/4310\/36141937142_255c49c9e4.jpg\" rel=\"\"><img loading=\"lazy\" decoding=\"async\" class=\"aligncenter\" title=\"trespicoscambiemos (12)\" src=\"http:\/\/farm5.staticflickr.com\/4310\/36141937142_255c49c9e4.jpg\" alt=\"trespicoscambiemos (12)\" width=\"500\" height=\"334\" \/><\/a><a title=\"trespicoscambiemos (1)\" href=\"http:\/\/farm5.staticflickr.com\/4327\/36141937342_fa805acdb6.jpg\" rel=\"\"><img loading=\"lazy\" decoding=\"async\" class=\"aligncenter\" title=\"trespicoscambiemos (1)\" src=\"http:\/\/farm5.staticflickr.com\/4327\/36141937342_fa805acdb6.jpg\" alt=\"trespicoscambiemos (1)\" width=\"500\" height=\"334\" \/><\/a><a title=\"trespicoscambiemos (20)\" href=\"http:\/\/farm5.staticflickr.com\/4298\/36141936752_1a7f5dacb2.jpg\" rel=\"\"><img loading=\"lazy\" decoding=\"async\" class=\"aligncenter\" title=\"trespicoscambiemos (20)\" src=\"http:\/\/farm5.staticflickr.com\/4298\/36141936752_1a7f5dacb2.jpg\" alt=\"trespicoscambiemos (20)\" width=\"500\" height=\"334\" \/><\/a><\/p>\n","protected":false},"excerpt":{"rendered":"<p>Un buen marco de p\u00fablico acompa\u00f1\u00f3 este lunes por la noche la presentaci\u00f3n de los candidatos de cambiemos que se presentaron en la sede del remozado Sportman Club de Tres Picos.<\/p>\n","protected":false},"author":3,"featured_media":0,"comment_status":"closed","ping_status":"open","sticky":false,"template":"","format":"standard","meta":{"footnotes":""},"categories":[24],"tags":[],"class_list":["post-12999","post","type-post","status-publish","format-standard","hentry","category-politica"],"yoast_head":"<!-- This site is optimized with the Yoast SEO plugin v25.9 - https:\/\/yoast.com\/wordpress\/plugins\/seo\/ -->\n<title>Cambiemos llev\u00f3 propuesta a Tres Picos. - Noticias Radio Reflejos<\/title>\n<meta name=\"robots\" content=\"index, follow, max-snippet:-1, max-image-preview:large, max-video-preview:-1\" \/>\n<link rel=\"canonical\" href=\"https:\/\/www.noticiasradioreflejos.com.ar\/2021\/cambiemos-llevo-propuesta-a-tres-picos\/\" \/>\n<meta property=\"og:locale\" content=\"es_ES\" \/>\n<meta property=\"og:type\" content=\"article\" \/>\n<meta property=\"og:title\" content=\"Cambiemos llev\u00f3 propuesta a Tres Picos. - Noticias Radio Reflejos\" \/>\n<meta property=\"og:description\" content=\"Un buen marco de p\u00fablico acompa\u00f1\u00f3 este lunes por la noche la presentaci\u00f3n de los candidatos de cambiemos que se presentaron en la sede del remozado Sportman Club de Tres Picos.\" \/>\n<meta property=\"og:url\" content=\"https:\/\/www.noticiasradioreflejos.com.ar\/2021\/cambiemos-llevo-propuesta-a-tres-picos\/\" \/>\n<meta property=\"og:site_name\" content=\"Noticias Radio Reflejos\" \/>\n<meta property=\"article:published_time\" content=\"2017-08-01T12:10:28+00:00\" \/>\n<meta property=\"og:image\" content=\"http:\/\/farm5.staticflickr.com\/4322\/35914767600_05f1216520.jpg\" \/>\n<meta name=\"author\" content=\"Arnaldo Botto\" \/>\n<meta name=\"twitter:card\" content=\"summary_large_image\" \/>\n<script type=\"application\/ld+json\" class=\"yoast-schema-graph\">{\"@context\":\"https:\/\/schema.org\",\"@graph\":[{\"@type\":\"WebPage\",\"@id\":\"https:\/\/www.noticiasradioreflejos.com.ar\/2021\/cambiemos-llevo-propuesta-a-tres-picos\/\",\"url\":\"https:\/\/www.noticiasradioreflejos.com.ar\/2021\/cambiemos-llevo-propuesta-a-tres-picos\/\",\"name\":\"Cambiemos llev\u00f3 propuesta a Tres Picos. - Noticias Radio Reflejos\",\"isPartOf\":{\"@id\":\"https:\/\/www.noticiasradioreflejos.com.ar\/2021\/#website\"},\"primaryImageOfPage\":{\"@id\":\"https:\/\/www.noticiasradioreflejos.com.ar\/2021\/cambiemos-llevo-propuesta-a-tres-picos\/#primaryimage\"},\"image\":{\"@id\":\"https:\/\/www.noticiasradioreflejos.com.ar\/2021\/cambiemos-llevo-propuesta-a-tres-picos\/#primaryimage\"},\"thumbnailUrl\":\"http:\/\/farm5.staticflickr.com\/4322\/35914767600_05f1216520.jpg\",\"datePublished\":\"2017-08-01T12:10:28+00:00\",\"author\":{\"@id\":\"https:\/\/www.noticiasradioreflejos.com.ar\/2021\/#\/schema\/person\/ad82545263dcc5ec0996818884fd5fb1\"},\"breadcrumb\":{\"@id\":\"https:\/\/www.noticiasradioreflejos.com.ar\/2021\/cambiemos-llevo-propuesta-a-tres-picos\/#breadcrumb\"},\"inLanguage\":\"es\",\"potentialAction\":[{\"@type\":\"ReadAction\",\"target\":[\"https:\/\/www.noticiasradioreflejos.com.ar\/2021\/cambiemos-llevo-propuesta-a-tres-picos\/\"]}]},{\"@type\":\"ImageObject\",\"inLanguage\":\"es\",\"@id\":\"https:\/\/www.noticiasradioreflejos.com.ar\/2021\/cambiemos-llevo-propuesta-a-tres-picos\/#primaryimage\",\"url\":\"http:\/\/farm5.staticflickr.com\/4322\/35914767600_05f1216520.jpg\",\"contentUrl\":\"http:\/\/farm5.staticflickr.com\/4322\/35914767600_05f1216520.jpg\"},{\"@type\":\"BreadcrumbList\",\"@id\":\"https:\/\/www.noticiasradioreflejos.com.ar\/2021\/cambiemos-llevo-propuesta-a-tres-picos\/#breadcrumb\",\"itemListElement\":[{\"@type\":\"ListItem\",\"position\":1,\"name\":\"Portada\",\"item\":\"https:\/\/www.noticiasradioreflejos.com.ar\/2021\/\"},{\"@type\":\"ListItem\",\"position\":2,\"name\":\"Cambiemos llev\u00f3 propuesta a Tres Picos.\"}]},{\"@type\":\"WebSite\",\"@id\":\"https:\/\/www.noticiasradioreflejos.com.ar\/2021\/#website\",\"url\":\"https:\/\/www.noticiasradioreflejos.com.ar\/2021\/\",\"name\":\"Noticias Radio Reflejos\",\"description\":\"Las noticias de mi comarca\",\"potentialAction\":[{\"@type\":\"SearchAction\",\"target\":{\"@type\":\"EntryPoint\",\"urlTemplate\":\"https:\/\/www.noticiasradioreflejos.com.ar\/2021\/?s={search_term_string}\"},\"query-input\":{\"@type\":\"PropertyValueSpecification\",\"valueRequired\":true,\"valueName\":\"search_term_string\"}}],\"inLanguage\":\"es\"},{\"@type\":\"Person\",\"@id\":\"https:\/\/www.noticiasradioreflejos.com.ar\/2021\/#\/schema\/person\/ad82545263dcc5ec0996818884fd5fb1\",\"name\":\"Arnaldo Botto\",\"image\":{\"@type\":\"ImageObject\",\"inLanguage\":\"es\",\"@id\":\"https:\/\/www.noticiasradioreflejos.com.ar\/2021\/#\/schema\/person\/image\/\",\"url\":\"https:\/\/secure.gravatar.com\/avatar\/55cb5e37c1efa326397366e6974cb338056df65cb50e7d64d1cf314e87504837?s=96&d=mm&r=g\",\"contentUrl\":\"https:\/\/secure.gravatar.com\/avatar\/55cb5e37c1efa326397366e6974cb338056df65cb50e7d64d1cf314e87504837?s=96&d=mm&r=g\",\"caption\":\"Arnaldo Botto\"},\"url\":\"https:\/\/www.noticiasradioreflejos.com.ar\/2021\/author\/arnaldo\/\"}]}<\/script>\n<!-- \/ Yoast SEO plugin. -->","yoast_head_json":{"title":"Cambiemos llev\u00f3 propuesta a Tres Picos. - Noticias Radio Reflejos","robots":{"index":"index","follow":"follow","max-snippet":"max-snippet:-1","max-image-preview":"max-image-preview:large","max-video-preview":"max-video-preview:-1"},"canonical":"https:\/\/www.noticiasradioreflejos.com.ar\/2021\/cambiemos-llevo-propuesta-a-tres-picos\/","og_locale":"es_ES","og_type":"article","og_title":"Cambiemos llev\u00f3 propuesta a Tres Picos. - Noticias Radio Reflejos","og_description":"Un buen marco de p\u00fablico acompa\u00f1\u00f3 este lunes por la noche la presentaci\u00f3n de los candidatos de cambiemos que se presentaron en la sede del remozado Sportman Club de Tres Picos.","og_url":"https:\/\/www.noticiasradioreflejos.com.ar\/2021\/cambiemos-llevo-propuesta-a-tres-picos\/","og_site_name":"Noticias Radio Reflejos","article_published_time":"2017-08-01T12:10:28+00:00","og_image":[{"url":"http:\/\/farm5.staticflickr.com\/4322\/35914767600_05f1216520.jpg","type":"","width":"","height":""}],"author":"Arnaldo Botto","twitter_card":"summary_large_image","schema":{"@context":"https:\/\/schema.org","@graph":[{"@type":"WebPage","@id":"https:\/\/www.noticiasradioreflejos.com.ar\/2021\/cambiemos-llevo-propuesta-a-tres-picos\/","url":"https:\/\/www.noticiasradioreflejos.com.ar\/2021\/cambiemos-llevo-propuesta-a-tres-picos\/","name":"Cambiemos llev\u00f3 propuesta a Tres Picos. - Noticias Radio Reflejos","isPartOf":{"@id":"https:\/\/www.noticiasradioreflejos.com.ar\/2021\/#website"},"primaryImageOfPage":{"@id":"https:\/\/www.noticiasradioreflejos.com.ar\/2021\/cambiemos-llevo-propuesta-a-tres-picos\/#primaryimage"},"image":{"@id":"https:\/\/www.noticiasradioreflejos.com.ar\/2021\/cambiemos-llevo-propuesta-a-tres-picos\/#primaryimage"},"thumbnailUrl":"http:\/\/farm5.staticflickr.com\/4322\/35914767600_05f1216520.jpg","datePublished":"2017-08-01T12:10:28+00:00","author":{"@id":"https:\/\/www.noticiasradioreflejos.com.ar\/2021\/#\/schema\/person\/ad82545263dcc5ec0996818884fd5fb1"},"breadcrumb":{"@id":"https:\/\/www.noticiasradioreflejos.com.ar\/2021\/cambiemos-llevo-propuesta-a-tres-picos\/#breadcrumb"},"inLanguage":"es","potentialAction":[{"@type":"ReadAction","target":["https:\/\/www.noticiasradioreflejos.com.ar\/2021\/cambiemos-llevo-propuesta-a-tres-picos\/"]}]},{"@type":"ImageObject","inLanguage":"es","@id":"https:\/\/www.noticiasradioreflejos.com.ar\/2021\/cambiemos-llevo-propuesta-a-tres-picos\/#primaryimage","url":"http:\/\/farm5.staticflickr.com\/4322\/35914767600_05f1216520.jpg","contentUrl":"http:\/\/farm5.staticflickr.com\/4322\/35914767600_05f1216520.jpg"},{"@type":"BreadcrumbList","@id":"https:\/\/www.noticiasradioreflejos.com.ar\/2021\/cambiemos-llevo-propuesta-a-tres-picos\/#breadcrumb","itemListElement":[{"@type":"ListItem","position":1,"name":"Portada","item":"https:\/\/www.noticiasradioreflejos.com.ar\/2021\/"},{"@type":"ListItem","position":2,"name":"Cambiemos llev\u00f3 propuesta a Tres Picos."}]},{"@type":"WebSite","@id":"https:\/\/www.noticiasradioreflejos.com.ar\/2021\/#website","url":"https:\/\/www.noticiasradioreflejos.com.ar\/2021\/","name":"Noticias Radio Reflejos","description":"Las noticias de mi comarca","potentialAction":[{"@type":"SearchAction","target":{"@type":"EntryPoint","urlTemplate":"https:\/\/www.noticiasradioreflejos.com.ar\/2021\/?s={search_term_string}"},"query-input":{"@type":"PropertyValueSpecification","valueRequired":true,"valueName":"search_term_string"}}],"inLanguage":"es"},{"@type":"Person","@id":"https:\/\/www.noticiasradioreflejos.com.ar\/2021\/#\/schema\/person\/ad82545263dcc5ec0996818884fd5fb1","name":"Arnaldo Botto","image":{"@type":"ImageObject","inLanguage":"es","@id":"https:\/\/www.noticiasradioreflejos.com.ar\/2021\/#\/schema\/person\/image\/","url":"https:\/\/secure.gravatar.com\/avatar\/55cb5e37c1efa326397366e6974cb338056df65cb50e7d64d1cf314e87504837?s=96&d=mm&r=g","contentUrl":"https:\/\/secure.gravatar.com\/avatar\/55cb5e37c1efa326397366e6974cb338056df65cb50e7d64d1cf314e87504837?s=96&d=mm&r=g","caption":"Arnaldo Botto"},"url":"https:\/\/www.noticiasradioreflejos.com.ar\/2021\/author\/arnaldo\/"}]}},"_links":{"self":[{"href":"https:\/\/www.noticiasradioreflejos.com.ar\/2021\/wp-json\/wp\/v2\/posts\/12999","targetHints":{"allow":["GET"]}}],"collection":[{"href":"https:\/\/www.noticiasradioreflejos.com.ar\/2021\/wp-json\/wp\/v2\/posts"}],"about":[{"href":"https:\/\/www.noticiasradioreflejos.com.ar\/2021\/wp-json\/wp\/v2\/types\/post"}],"author":[{"embeddable":true,"href":"https:\/\/www.noticiasradioreflejos.com.ar\/2021\/wp-json\/wp\/v2\/users\/3"}],"replies":[{"embeddable":true,"href":"https:\/\/www.noticiasradioreflejos.com.ar\/2021\/wp-json\/wp\/v2\/comments?post=12999"}],"version-history":[{"count":0,"href":"https:\/\/www.noticiasradioreflejos.com.ar\/2021\/wp-json\/wp\/v2\/posts\/12999\/revisions"}],"wp:attachment":[{"href":"https:\/\/www.noticiasradioreflejos.com.ar\/2021\/wp-json\/wp\/v2\/media?parent=12999"}],"wp:term":[{"taxonomy":"category","embeddable":true,"href":"https:\/\/www.noticiasradioreflejos.com.ar\/2021\/wp-json\/wp\/v2\/categories?post=12999"},{"taxonomy":"post_tag","embeddable":true,"href":"https:\/\/www.noticiasradioreflejos.com.ar\/2021\/wp-json\/wp\/v2\/tags?post=12999"}],"curies":[{"name":"wp","href":"https:\/\/api.w.org\/{rel}","templated":true}]}}