{"id":12981,"date":"2017-07-31T16:08:05","date_gmt":"2017-07-31T19:08:05","guid":{"rendered":"http:\/\/www.noticiasradioreflejos.com.ar\/noticias\/?p=12981"},"modified":"2017-07-31T16:08:05","modified_gmt":"2017-07-31T19:08:05","slug":"el-turista-tiene-que-ser-mimado-bien-tratado-susana-dos-santos","status":"publish","type":"post","link":"https:\/\/www.noticiasradioreflejos.com.ar\/2021\/el-turista-tiene-que-ser-mimado-bien-tratado-susana-dos-santos\/","title":{"rendered":"&quot;El turista tiene que ser mimado, bien tratado&quot; &#8211; Susana Dos Santos"},"content":{"rendered":"<p>La Secretaria de Turismo de Tornquist, particip\u00f3 de una entrevista en nuestros estudios, donde evaluamos la reciente visita del Ministro de Turismo de la Naci\u00f3n, Lic. Gustavo Santos y los resultados de las vacaciones de invierno.<br \/>\nLa llegada del Lic. Gustavo Santos, Ministro de Turismo de la Naci\u00f3n el pasado mi\u00e9rcoles, merec\u00eda el an\u00e1lisis de las \u00e1reas involucradas; por eso invitamos a Susana Dos Santos, para conocer los pormenores de este hecho y qu\u00e9 cosas se hablaron, se pidieron y cu\u00e1les fueron las respuestas e im\u00e1gen que el ministro se llev\u00f3 de su paso por nuestra Comarca.<!--more--><br \/>\nSusana manifest\u00f3 inicialmente que la accesibilidad fue el tema principal: rutas, caminos, v\u00edas a\u00e9reas y ferroviarias.<br \/>\n\u00abDe cada pedido, de cada reclamo se llev\u00f3 un proyecto\u00bb aseguraba durante la nota la funcionaria, al tiempo que destac\u00f3: \u00abY al otro d\u00eda tuvimos respuestas\u00bb.<br \/>\nDos Santos describe durante la entrevista los lugares visitados junto al ministro y las diferentes problem\u00e1ticas que existen con lugares donde el abandono est\u00e1 terminando con referencias hist\u00f3ricas y patrimonio del distrito, Susana manifiesta: \u00ablo que hace la desidia, no se le da el valor que tienen\u00bb en franca referencia a por ejemplo el Club Hotel y Casino de la Ventana, el Hotel del Abra, la confiter\u00eda del Lago Paso de las piedras y otros.<br \/>\nTambi\u00e9n evaluamos la temporada invernal recientemente finalizada, a lao que asegura que el incremento en referencia al a\u00f1o pasado super\u00f3 el 22 a 23%, cuando en el resto de los destinos elegidos por los argentinos, solo alcanzaron el 15%.<br \/>\nConsultada sobre la escalada de precios que vive el pa\u00eds en relaci\u00f3n con la comarca, Susana asegur\u00f3; El incremento no fu\u00e9 proporcional a los aumentos que tuvo todo el pa\u00eds\u00bb.<br \/>\n<iframe loading=\"lazy\" src=\"https:\/\/w.soundcloud.com\/player\/?url=https%3A\/\/api.soundcloud.com\/tracks\/335648874&amp;color=ff5500&amp;auto_play=false&amp;hide_related=false&amp;show_comments=true&amp;show_user=true&amp;show_reposts=false\" width=\"100%\" height=\"166\" frameborder=\"no\" scrolling=\"no\"><\/iframe><\/p>\n","protected":false},"excerpt":{"rendered":"<p>La Secretaria de Turismo de Tornquist, particip\u00f3 de una entrevista en nuestros estudios, donde evaluamos la reciente visita del Ministro de Turismo de la Naci\u00f3n, Lic. Gustavo Santos y los resultados de las vacaciones de invierno. La llegada del Lic. Gustavo Santos, Ministro de Turismo de la Naci\u00f3n el pasado mi\u00e9rcoles, merec\u00eda el an\u00e1lisis de [&hellip;]<\/p>\n","protected":false},"author":3,"featured_media":0,"comment_status":"closed","ping_status":"open","sticky":false,"template":"","format":"standard","meta":{"footnotes":""},"categories":[33],"tags":[],"class_list":["post-12981","post","type-post","status-publish","format-standard","hentry","category-turismo"],"yoast_head":"<!-- This site is optimized with the Yoast SEO plugin v25.9 - https:\/\/yoast.com\/wordpress\/plugins\/seo\/ -->\n<title>&quot;El turista tiene que ser mimado, bien tratado&quot; - Susana Dos Santos - Noticias Radio Reflejos<\/title>\n<meta name=\"robots\" content=\"index, follow, max-snippet:-1, max-image-preview:large, max-video-preview:-1\" \/>\n<link rel=\"canonical\" href=\"https:\/\/www.noticiasradioreflejos.com.ar\/2021\/el-turista-tiene-que-ser-mimado-bien-tratado-susana-dos-santos\/\" \/>\n<meta property=\"og:locale\" content=\"es_ES\" \/>\n<meta property=\"og:type\" content=\"article\" \/>\n<meta property=\"og:title\" content=\"&quot;El turista tiene que ser mimado, bien tratado&quot; - Susana Dos Santos - Noticias Radio Reflejos\" \/>\n<meta property=\"og:description\" content=\"La Secretaria de Turismo de Tornquist, particip\u00f3 de una entrevista en nuestros estudios, donde evaluamos la reciente visita del Ministro de Turismo de la Naci\u00f3n, Lic. Gustavo Santos y los resultados de las vacaciones de invierno. La llegada del Lic. Gustavo Santos, Ministro de Turismo de la Naci\u00f3n el pasado mi\u00e9rcoles, merec\u00eda el an\u00e1lisis de [&hellip;]\" \/>\n<meta property=\"og:url\" content=\"https:\/\/www.noticiasradioreflejos.com.ar\/2021\/el-turista-tiene-que-ser-mimado-bien-tratado-susana-dos-santos\/\" \/>\n<meta property=\"og:site_name\" content=\"Noticias Radio Reflejos\" \/>\n<meta property=\"article:published_time\" content=\"2017-07-31T19:08:05+00:00\" \/>\n<meta property=\"og:image\" content=\"https:\/\/www.noticiasradioreflejos.com.ar\/2021\/wp-content\/uploads\/2021\/07\/logosol300x200.png\" \/>\n\t<meta property=\"og:image:width\" content=\"300\" \/>\n\t<meta property=\"og:image:height\" content=\"200\" \/>\n\t<meta property=\"og:image:type\" content=\"image\/png\" \/>\n<meta name=\"author\" content=\"Arnaldo Botto\" \/>\n<meta name=\"twitter:card\" content=\"summary_large_image\" \/>\n<script type=\"application\/ld+json\" class=\"yoast-schema-graph\">{\"@context\":\"https:\/\/schema.org\",\"@graph\":[{\"@type\":\"WebPage\",\"@id\":\"https:\/\/www.noticiasradioreflejos.com.ar\/2021\/el-turista-tiene-que-ser-mimado-bien-tratado-susana-dos-santos\/\",\"url\":\"https:\/\/www.noticiasradioreflejos.com.ar\/2021\/el-turista-tiene-que-ser-mimado-bien-tratado-susana-dos-santos\/\",\"name\":\"&quot;El turista tiene que ser mimado, bien tratado&quot; - Susana Dos Santos - Noticias Radio Reflejos\",\"isPartOf\":{\"@id\":\"https:\/\/www.noticiasradioreflejos.com.ar\/2021\/#website\"},\"datePublished\":\"2017-07-31T19:08:05+00:00\",\"author\":{\"@id\":\"https:\/\/www.noticiasradioreflejos.com.ar\/2021\/#\/schema\/person\/ad82545263dcc5ec0996818884fd5fb1\"},\"breadcrumb\":{\"@id\":\"https:\/\/www.noticiasradioreflejos.com.ar\/2021\/el-turista-tiene-que-ser-mimado-bien-tratado-susana-dos-santos\/#breadcrumb\"},\"inLanguage\":\"es\",\"potentialAction\":[{\"@type\":\"ReadAction\",\"target\":[\"https:\/\/www.noticiasradioreflejos.com.ar\/2021\/el-turista-tiene-que-ser-mimado-bien-tratado-susana-dos-santos\/\"]}]},{\"@type\":\"BreadcrumbList\",\"@id\":\"https:\/\/www.noticiasradioreflejos.com.ar\/2021\/el-turista-tiene-que-ser-mimado-bien-tratado-susana-dos-santos\/#breadcrumb\",\"itemListElement\":[{\"@type\":\"ListItem\",\"position\":1,\"name\":\"Portada\",\"item\":\"https:\/\/www.noticiasradioreflejos.com.ar\/2021\/\"},{\"@type\":\"ListItem\",\"position\":2,\"name\":\"&quot;El turista tiene que ser mimado, bien tratado&quot; &#8211; Susana Dos Santos\"}]},{\"@type\":\"WebSite\",\"@id\":\"https:\/\/www.noticiasradioreflejos.com.ar\/2021\/#website\",\"url\":\"https:\/\/www.noticiasradioreflejos.com.ar\/2021\/\",\"name\":\"Noticias Radio Reflejos\",\"description\":\"Las noticias de mi comarca\",\"potentialAction\":[{\"@type\":\"SearchAction\",\"target\":{\"@type\":\"EntryPoint\",\"urlTemplate\":\"https:\/\/www.noticiasradioreflejos.com.ar\/2021\/?s={search_term_string}\"},\"query-input\":{\"@type\":\"PropertyValueSpecification\",\"valueRequired\":true,\"valueName\":\"search_term_string\"}}],\"inLanguage\":\"es\"},{\"@type\":\"Person\",\"@id\":\"https:\/\/www.noticiasradioreflejos.com.ar\/2021\/#\/schema\/person\/ad82545263dcc5ec0996818884fd5fb1\",\"name\":\"Arnaldo Botto\",\"image\":{\"@type\":\"ImageObject\",\"inLanguage\":\"es\",\"@id\":\"https:\/\/www.noticiasradioreflejos.com.ar\/2021\/#\/schema\/person\/image\/\",\"url\":\"https:\/\/secure.gravatar.com\/avatar\/55cb5e37c1efa326397366e6974cb338056df65cb50e7d64d1cf314e87504837?s=96&d=mm&r=g\",\"contentUrl\":\"https:\/\/secure.gravatar.com\/avatar\/55cb5e37c1efa326397366e6974cb338056df65cb50e7d64d1cf314e87504837?s=96&d=mm&r=g\",\"caption\":\"Arnaldo Botto\"},\"url\":\"https:\/\/www.noticiasradioreflejos.com.ar\/2021\/author\/arnaldo\/\"}]}<\/script>\n<!-- \/ Yoast SEO plugin. -->","yoast_head_json":{"title":"&quot;El turista tiene que ser mimado, bien tratado&quot; - Susana Dos Santos - Noticias Radio Reflejos","robots":{"index":"index","follow":"follow","max-snippet":"max-snippet:-1","max-image-preview":"max-image-preview:large","max-video-preview":"max-video-preview:-1"},"canonical":"https:\/\/www.noticiasradioreflejos.com.ar\/2021\/el-turista-tiene-que-ser-mimado-bien-tratado-susana-dos-santos\/","og_locale":"es_ES","og_type":"article","og_title":"&quot;El turista tiene que ser mimado, bien tratado&quot; - Susana Dos Santos - Noticias Radio Reflejos","og_description":"La Secretaria de Turismo de Tornquist, particip\u00f3 de una entrevista en nuestros estudios, donde evaluamos la reciente visita del Ministro de Turismo de la Naci\u00f3n, Lic. Gustavo Santos y los resultados de las vacaciones de invierno. La llegada del Lic. Gustavo Santos, Ministro de Turismo de la Naci\u00f3n el pasado mi\u00e9rcoles, merec\u00eda el an\u00e1lisis de [&hellip;]","og_url":"https:\/\/www.noticiasradioreflejos.com.ar\/2021\/el-turista-tiene-que-ser-mimado-bien-tratado-susana-dos-santos\/","og_site_name":"Noticias Radio Reflejos","article_published_time":"2017-07-31T19:08:05+00:00","og_image":[{"width":300,"height":200,"url":"https:\/\/www.noticiasradioreflejos.com.ar\/2021\/wp-content\/uploads\/2021\/07\/logosol300x200.png","type":"image\/png"}],"author":"Arnaldo Botto","twitter_card":"summary_large_image","schema":{"@context":"https:\/\/schema.org","@graph":[{"@type":"WebPage","@id":"https:\/\/www.noticiasradioreflejos.com.ar\/2021\/el-turista-tiene-que-ser-mimado-bien-tratado-susana-dos-santos\/","url":"https:\/\/www.noticiasradioreflejos.com.ar\/2021\/el-turista-tiene-que-ser-mimado-bien-tratado-susana-dos-santos\/","name":"&quot;El turista tiene que ser mimado, bien tratado&quot; - Susana Dos Santos - Noticias Radio Reflejos","isPartOf":{"@id":"https:\/\/www.noticiasradioreflejos.com.ar\/2021\/#website"},"datePublished":"2017-07-31T19:08:05+00:00","author":{"@id":"https:\/\/www.noticiasradioreflejos.com.ar\/2021\/#\/schema\/person\/ad82545263dcc5ec0996818884fd5fb1"},"breadcrumb":{"@id":"https:\/\/www.noticiasradioreflejos.com.ar\/2021\/el-turista-tiene-que-ser-mimado-bien-tratado-susana-dos-santos\/#breadcrumb"},"inLanguage":"es","potentialAction":[{"@type":"ReadAction","target":["https:\/\/www.noticiasradioreflejos.com.ar\/2021\/el-turista-tiene-que-ser-mimado-bien-tratado-susana-dos-santos\/"]}]},{"@type":"BreadcrumbList","@id":"https:\/\/www.noticiasradioreflejos.com.ar\/2021\/el-turista-tiene-que-ser-mimado-bien-tratado-susana-dos-santos\/#breadcrumb","itemListElement":[{"@type":"ListItem","position":1,"name":"Portada","item":"https:\/\/www.noticiasradioreflejos.com.ar\/2021\/"},{"@type":"ListItem","position":2,"name":"&quot;El turista tiene que ser mimado, bien tratado&quot; &#8211; Susana Dos Santos"}]},{"@type":"WebSite","@id":"https:\/\/www.noticiasradioreflejos.com.ar\/2021\/#website","url":"https:\/\/www.noticiasradioreflejos.com.ar\/2021\/","name":"Noticias Radio Reflejos","description":"Las noticias de mi comarca","potentialAction":[{"@type":"SearchAction","target":{"@type":"EntryPoint","urlTemplate":"https:\/\/www.noticiasradioreflejos.com.ar\/2021\/?s={search_term_string}"},"query-input":{"@type":"PropertyValueSpecification","valueRequired":true,"valueName":"search_term_string"}}],"inLanguage":"es"},{"@type":"Person","@id":"https:\/\/www.noticiasradioreflejos.com.ar\/2021\/#\/schema\/person\/ad82545263dcc5ec0996818884fd5fb1","name":"Arnaldo Botto","image":{"@type":"ImageObject","inLanguage":"es","@id":"https:\/\/www.noticiasradioreflejos.com.ar\/2021\/#\/schema\/person\/image\/","url":"https:\/\/secure.gravatar.com\/avatar\/55cb5e37c1efa326397366e6974cb338056df65cb50e7d64d1cf314e87504837?s=96&d=mm&r=g","contentUrl":"https:\/\/secure.gravatar.com\/avatar\/55cb5e37c1efa326397366e6974cb338056df65cb50e7d64d1cf314e87504837?s=96&d=mm&r=g","caption":"Arnaldo Botto"},"url":"https:\/\/www.noticiasradioreflejos.com.ar\/2021\/author\/arnaldo\/"}]}},"_links":{"self":[{"href":"https:\/\/www.noticiasradioreflejos.com.ar\/2021\/wp-json\/wp\/v2\/posts\/12981","targetHints":{"allow":["GET"]}}],"collection":[{"href":"https:\/\/www.noticiasradioreflejos.com.ar\/2021\/wp-json\/wp\/v2\/posts"}],"about":[{"href":"https:\/\/www.noticiasradioreflejos.com.ar\/2021\/wp-json\/wp\/v2\/types\/post"}],"author":[{"embeddable":true,"href":"https:\/\/www.noticiasradioreflejos.com.ar\/2021\/wp-json\/wp\/v2\/users\/3"}],"replies":[{"embeddable":true,"href":"https:\/\/www.noticiasradioreflejos.com.ar\/2021\/wp-json\/wp\/v2\/comments?post=12981"}],"version-history":[{"count":0,"href":"https:\/\/www.noticiasradioreflejos.com.ar\/2021\/wp-json\/wp\/v2\/posts\/12981\/revisions"}],"wp:attachment":[{"href":"https:\/\/www.noticiasradioreflejos.com.ar\/2021\/wp-json\/wp\/v2\/media?parent=12981"}],"wp:term":[{"taxonomy":"category","embeddable":true,"href":"https:\/\/www.noticiasradioreflejos.com.ar\/2021\/wp-json\/wp\/v2\/categories?post=12981"},{"taxonomy":"post_tag","embeddable":true,"href":"https:\/\/www.noticiasradioreflejos.com.ar\/2021\/wp-json\/wp\/v2\/tags?post=12981"}],"curies":[{"name":"wp","href":"https:\/\/api.w.org\/{rel}","templated":true}]}}