{"id":12968,"date":"2017-07-31T11:08:08","date_gmt":"2017-07-31T14:08:08","guid":{"rendered":"http:\/\/www.noticiasradioreflejos.com.ar\/noticias\/?p=12968"},"modified":"2017-07-31T11:08:08","modified_gmt":"2017-07-31T14:08:08","slug":"susana-marcolini-deja-la-direccion-de-la-escuela-secundaria-no-3","status":"publish","type":"post","link":"https:\/\/www.noticiasradioreflejos.com.ar\/2021\/susana-marcolini-deja-la-direccion-de-la-escuela-secundaria-no-3\/","title":{"rendered":"Susana Marcolini deja la direcci\u00f3n de la Escuela Secundaria N\u00ba 3"},"content":{"rendered":"<p><a title=\"despedida (13)\" href=\"http:\/\/farm5.staticflickr.com\/4297\/35454113094_d48f0ffb76_s.jpg\" rel=\"\"><img loading=\"lazy\" decoding=\"async\" class=\"alignleft\" style=\"float: left;\" title=\"despedida (13)\" src=\"http:\/\/farm5.staticflickr.com\/4297\/35454113094_d48f0ffb76.jpg\" alt=\"despedida (13)\" width=\"500\" height=\"334\" \/><\/a>No ha pasado desapercibido el \u00faltimo d\u00eda como Directora de la Escuela Secundaria N\u00ba 3 de Susana Marcolini, porque este lunes, cuando el term\u00f3metro marcaba dos grados bajo cero, los profesores y allegados del establecimiento fueron a esperarla al acceso a ruta 33 para acompa\u00f1arla hasta su lugar de trabajo.<!--more--><br \/>\n7.30 de la ma\u00f1ana la esperaban los alumnos , familiares y amigos que se acercaron para brindarle su afecto.<br \/>\nSusana, no sal\u00eda de su asombro y coment\u00f3 que se preocup\u00f3 cuando vio valisas encendidas en el cruce de la carretera cercana al establecimiento agropecuario donde reside.<br \/>\nBocinas, c\u00e1nticos y aplausos la recibieron y todos le demostraron su afecto. Ella se encarg\u00f3 de devolver con abrazos y saludos a cada uno que expresaba su alegr\u00eda.<br \/>\nYa en el establecimiento habl\u00f3 ante todos, luego del izado del pabell\u00f3n nacional y en el reinicio de las actividades despu\u00e9s del receso invernal.<br \/>\nCon satisfacci\u00f3n y algunos sinsabores destac\u00f3 que la escuela fue el sost\u00e9n en su vida luego de la p\u00e9rdida de su esposo.<br \/>\nAdem\u00e1s agradeci\u00f3 a su familia \u00edntima que fueron pilares por el acompa\u00f1amiento en estos 30 a\u00f1os de docencia y breg\u00f3 por la defensa de lo que considera su segundo hogar.<br \/>\nLe pidi\u00f3 a todos los presentes que defendieran a rajatabla los pilares b\u00e1sicos de respeto y solidaridad para ser personas de bien formados en un establecimiento muy caro a sus sentimientos.<br \/>\nSusana recibi\u00f3 presentes de sus pares profesores y se mostr\u00f3 muy emocionada posando junto a la promoci\u00f3n 2017 y familiares y amigos que le demostraron todo su cari\u00f1o.<br \/>\n<iframe loading=\"lazy\" src=\"https:\/\/w.soundcloud.com\/player\/?url=https%3A\/\/api.soundcloud.com\/tracks\/335639327&amp;color=ff5500&amp;auto_play=false&amp;hide_related=false&amp;show_comments=true&amp;show_user=true&amp;show_reposts=false\" width=\"100%\" height=\"166\" frameborder=\"no\" scrolling=\"no\"><\/iframe><\/p>\n","protected":false},"excerpt":{"rendered":"<p>No ha pasado desapercibido el \u00faltimo d\u00eda como Directora de la Escuela Secundaria N\u00ba 3 de Susana Marcolini, porque este lunes, cuando el term\u00f3metro marcaba dos grados bajo cero, los profesores y allegados del establecimiento fueron a esperarla al acceso a ruta 33 para acompa\u00f1arla hasta su lugar de trabajo.<\/p>\n","protected":false},"author":3,"featured_media":0,"comment_status":"closed","ping_status":"open","sticky":false,"template":"","format":"standard","meta":{"footnotes":""},"categories":[26],"tags":[],"class_list":["post-12968","post","type-post","status-publish","format-standard","hentry","category-sociedad"],"yoast_head":"<!-- This site is optimized with the Yoast SEO plugin v25.9 - https:\/\/yoast.com\/wordpress\/plugins\/seo\/ -->\n<title>Susana Marcolini deja la direcci\u00f3n de la Escuela Secundaria N\u00ba 3 - Noticias Radio Reflejos<\/title>\n<meta name=\"robots\" content=\"index, follow, max-snippet:-1, max-image-preview:large, max-video-preview:-1\" \/>\n<link rel=\"canonical\" href=\"https:\/\/www.noticiasradioreflejos.com.ar\/2021\/susana-marcolini-deja-la-direccion-de-la-escuela-secundaria-no-3\/\" \/>\n<meta property=\"og:locale\" content=\"es_ES\" \/>\n<meta property=\"og:type\" content=\"article\" \/>\n<meta property=\"og:title\" content=\"Susana Marcolini deja la direcci\u00f3n de la Escuela Secundaria N\u00ba 3 - Noticias Radio Reflejos\" \/>\n<meta property=\"og:description\" content=\"No ha pasado desapercibido el \u00faltimo d\u00eda como Directora de la Escuela Secundaria N\u00ba 3 de Susana Marcolini, porque este lunes, cuando el term\u00f3metro marcaba dos grados bajo cero, los profesores y allegados del establecimiento fueron a esperarla al acceso a ruta 33 para acompa\u00f1arla hasta su lugar de trabajo.\" \/>\n<meta property=\"og:url\" content=\"https:\/\/www.noticiasradioreflejos.com.ar\/2021\/susana-marcolini-deja-la-direccion-de-la-escuela-secundaria-no-3\/\" \/>\n<meta property=\"og:site_name\" content=\"Noticias Radio Reflejos\" \/>\n<meta property=\"article:published_time\" content=\"2017-07-31T14:08:08+00:00\" \/>\n<meta property=\"og:image\" content=\"http:\/\/farm5.staticflickr.com\/4297\/35454113094_d48f0ffb76.jpg\" \/>\n<meta name=\"author\" content=\"Arnaldo Botto\" \/>\n<meta name=\"twitter:card\" content=\"summary_large_image\" \/>\n<script type=\"application\/ld+json\" class=\"yoast-schema-graph\">{\"@context\":\"https:\/\/schema.org\",\"@graph\":[{\"@type\":\"WebPage\",\"@id\":\"https:\/\/www.noticiasradioreflejos.com.ar\/2021\/susana-marcolini-deja-la-direccion-de-la-escuela-secundaria-no-3\/\",\"url\":\"https:\/\/www.noticiasradioreflejos.com.ar\/2021\/susana-marcolini-deja-la-direccion-de-la-escuela-secundaria-no-3\/\",\"name\":\"Susana Marcolini deja la direcci\u00f3n de la Escuela Secundaria N\u00ba 3 - Noticias Radio Reflejos\",\"isPartOf\":{\"@id\":\"https:\/\/www.noticiasradioreflejos.com.ar\/2021\/#website\"},\"primaryImageOfPage\":{\"@id\":\"https:\/\/www.noticiasradioreflejos.com.ar\/2021\/susana-marcolini-deja-la-direccion-de-la-escuela-secundaria-no-3\/#primaryimage\"},\"image\":{\"@id\":\"https:\/\/www.noticiasradioreflejos.com.ar\/2021\/susana-marcolini-deja-la-direccion-de-la-escuela-secundaria-no-3\/#primaryimage\"},\"thumbnailUrl\":\"http:\/\/farm5.staticflickr.com\/4297\/35454113094_d48f0ffb76.jpg\",\"datePublished\":\"2017-07-31T14:08:08+00:00\",\"author\":{\"@id\":\"https:\/\/www.noticiasradioreflejos.com.ar\/2021\/#\/schema\/person\/ad82545263dcc5ec0996818884fd5fb1\"},\"breadcrumb\":{\"@id\":\"https:\/\/www.noticiasradioreflejos.com.ar\/2021\/susana-marcolini-deja-la-direccion-de-la-escuela-secundaria-no-3\/#breadcrumb\"},\"inLanguage\":\"es\",\"potentialAction\":[{\"@type\":\"ReadAction\",\"target\":[\"https:\/\/www.noticiasradioreflejos.com.ar\/2021\/susana-marcolini-deja-la-direccion-de-la-escuela-secundaria-no-3\/\"]}]},{\"@type\":\"ImageObject\",\"inLanguage\":\"es\",\"@id\":\"https:\/\/www.noticiasradioreflejos.com.ar\/2021\/susana-marcolini-deja-la-direccion-de-la-escuela-secundaria-no-3\/#primaryimage\",\"url\":\"http:\/\/farm5.staticflickr.com\/4297\/35454113094_d48f0ffb76.jpg\",\"contentUrl\":\"http:\/\/farm5.staticflickr.com\/4297\/35454113094_d48f0ffb76.jpg\"},{\"@type\":\"BreadcrumbList\",\"@id\":\"https:\/\/www.noticiasradioreflejos.com.ar\/2021\/susana-marcolini-deja-la-direccion-de-la-escuela-secundaria-no-3\/#breadcrumb\",\"itemListElement\":[{\"@type\":\"ListItem\",\"position\":1,\"name\":\"Portada\",\"item\":\"https:\/\/www.noticiasradioreflejos.com.ar\/2021\/\"},{\"@type\":\"ListItem\",\"position\":2,\"name\":\"Susana Marcolini deja la direcci\u00f3n de la Escuela Secundaria N\u00ba 3\"}]},{\"@type\":\"WebSite\",\"@id\":\"https:\/\/www.noticiasradioreflejos.com.ar\/2021\/#website\",\"url\":\"https:\/\/www.noticiasradioreflejos.com.ar\/2021\/\",\"name\":\"Noticias Radio Reflejos\",\"description\":\"Las noticias de mi comarca\",\"potentialAction\":[{\"@type\":\"SearchAction\",\"target\":{\"@type\":\"EntryPoint\",\"urlTemplate\":\"https:\/\/www.noticiasradioreflejos.com.ar\/2021\/?s={search_term_string}\"},\"query-input\":{\"@type\":\"PropertyValueSpecification\",\"valueRequired\":true,\"valueName\":\"search_term_string\"}}],\"inLanguage\":\"es\"},{\"@type\":\"Person\",\"@id\":\"https:\/\/www.noticiasradioreflejos.com.ar\/2021\/#\/schema\/person\/ad82545263dcc5ec0996818884fd5fb1\",\"name\":\"Arnaldo Botto\",\"image\":{\"@type\":\"ImageObject\",\"inLanguage\":\"es\",\"@id\":\"https:\/\/www.noticiasradioreflejos.com.ar\/2021\/#\/schema\/person\/image\/\",\"url\":\"https:\/\/secure.gravatar.com\/avatar\/55cb5e37c1efa326397366e6974cb338056df65cb50e7d64d1cf314e87504837?s=96&d=mm&r=g\",\"contentUrl\":\"https:\/\/secure.gravatar.com\/avatar\/55cb5e37c1efa326397366e6974cb338056df65cb50e7d64d1cf314e87504837?s=96&d=mm&r=g\",\"caption\":\"Arnaldo Botto\"},\"url\":\"https:\/\/www.noticiasradioreflejos.com.ar\/2021\/author\/arnaldo\/\"}]}<\/script>\n<!-- \/ Yoast SEO plugin. -->","yoast_head_json":{"title":"Susana Marcolini deja la direcci\u00f3n de la Escuela Secundaria N\u00ba 3 - Noticias Radio Reflejos","robots":{"index":"index","follow":"follow","max-snippet":"max-snippet:-1","max-image-preview":"max-image-preview:large","max-video-preview":"max-video-preview:-1"},"canonical":"https:\/\/www.noticiasradioreflejos.com.ar\/2021\/susana-marcolini-deja-la-direccion-de-la-escuela-secundaria-no-3\/","og_locale":"es_ES","og_type":"article","og_title":"Susana Marcolini deja la direcci\u00f3n de la Escuela Secundaria N\u00ba 3 - Noticias Radio Reflejos","og_description":"No ha pasado desapercibido el \u00faltimo d\u00eda como Directora de la Escuela Secundaria N\u00ba 3 de Susana Marcolini, porque este lunes, cuando el term\u00f3metro marcaba dos grados bajo cero, los profesores y allegados del establecimiento fueron a esperarla al acceso a ruta 33 para acompa\u00f1arla hasta su lugar de trabajo.","og_url":"https:\/\/www.noticiasradioreflejos.com.ar\/2021\/susana-marcolini-deja-la-direccion-de-la-escuela-secundaria-no-3\/","og_site_name":"Noticias Radio Reflejos","article_published_time":"2017-07-31T14:08:08+00:00","og_image":[{"url":"http:\/\/farm5.staticflickr.com\/4297\/35454113094_d48f0ffb76.jpg","type":"","width":"","height":""}],"author":"Arnaldo Botto","twitter_card":"summary_large_image","schema":{"@context":"https:\/\/schema.org","@graph":[{"@type":"WebPage","@id":"https:\/\/www.noticiasradioreflejos.com.ar\/2021\/susana-marcolini-deja-la-direccion-de-la-escuela-secundaria-no-3\/","url":"https:\/\/www.noticiasradioreflejos.com.ar\/2021\/susana-marcolini-deja-la-direccion-de-la-escuela-secundaria-no-3\/","name":"Susana Marcolini deja la direcci\u00f3n de la Escuela Secundaria N\u00ba 3 - Noticias Radio Reflejos","isPartOf":{"@id":"https:\/\/www.noticiasradioreflejos.com.ar\/2021\/#website"},"primaryImageOfPage":{"@id":"https:\/\/www.noticiasradioreflejos.com.ar\/2021\/susana-marcolini-deja-la-direccion-de-la-escuela-secundaria-no-3\/#primaryimage"},"image":{"@id":"https:\/\/www.noticiasradioreflejos.com.ar\/2021\/susana-marcolini-deja-la-direccion-de-la-escuela-secundaria-no-3\/#primaryimage"},"thumbnailUrl":"http:\/\/farm5.staticflickr.com\/4297\/35454113094_d48f0ffb76.jpg","datePublished":"2017-07-31T14:08:08+00:00","author":{"@id":"https:\/\/www.noticiasradioreflejos.com.ar\/2021\/#\/schema\/person\/ad82545263dcc5ec0996818884fd5fb1"},"breadcrumb":{"@id":"https:\/\/www.noticiasradioreflejos.com.ar\/2021\/susana-marcolini-deja-la-direccion-de-la-escuela-secundaria-no-3\/#breadcrumb"},"inLanguage":"es","potentialAction":[{"@type":"ReadAction","target":["https:\/\/www.noticiasradioreflejos.com.ar\/2021\/susana-marcolini-deja-la-direccion-de-la-escuela-secundaria-no-3\/"]}]},{"@type":"ImageObject","inLanguage":"es","@id":"https:\/\/www.noticiasradioreflejos.com.ar\/2021\/susana-marcolini-deja-la-direccion-de-la-escuela-secundaria-no-3\/#primaryimage","url":"http:\/\/farm5.staticflickr.com\/4297\/35454113094_d48f0ffb76.jpg","contentUrl":"http:\/\/farm5.staticflickr.com\/4297\/35454113094_d48f0ffb76.jpg"},{"@type":"BreadcrumbList","@id":"https:\/\/www.noticiasradioreflejos.com.ar\/2021\/susana-marcolini-deja-la-direccion-de-la-escuela-secundaria-no-3\/#breadcrumb","itemListElement":[{"@type":"ListItem","position":1,"name":"Portada","item":"https:\/\/www.noticiasradioreflejos.com.ar\/2021\/"},{"@type":"ListItem","position":2,"name":"Susana Marcolini deja la direcci\u00f3n de la Escuela Secundaria N\u00ba 3"}]},{"@type":"WebSite","@id":"https:\/\/www.noticiasradioreflejos.com.ar\/2021\/#website","url":"https:\/\/www.noticiasradioreflejos.com.ar\/2021\/","name":"Noticias Radio Reflejos","description":"Las noticias de mi comarca","potentialAction":[{"@type":"SearchAction","target":{"@type":"EntryPoint","urlTemplate":"https:\/\/www.noticiasradioreflejos.com.ar\/2021\/?s={search_term_string}"},"query-input":{"@type":"PropertyValueSpecification","valueRequired":true,"valueName":"search_term_string"}}],"inLanguage":"es"},{"@type":"Person","@id":"https:\/\/www.noticiasradioreflejos.com.ar\/2021\/#\/schema\/person\/ad82545263dcc5ec0996818884fd5fb1","name":"Arnaldo Botto","image":{"@type":"ImageObject","inLanguage":"es","@id":"https:\/\/www.noticiasradioreflejos.com.ar\/2021\/#\/schema\/person\/image\/","url":"https:\/\/secure.gravatar.com\/avatar\/55cb5e37c1efa326397366e6974cb338056df65cb50e7d64d1cf314e87504837?s=96&d=mm&r=g","contentUrl":"https:\/\/secure.gravatar.com\/avatar\/55cb5e37c1efa326397366e6974cb338056df65cb50e7d64d1cf314e87504837?s=96&d=mm&r=g","caption":"Arnaldo Botto"},"url":"https:\/\/www.noticiasradioreflejos.com.ar\/2021\/author\/arnaldo\/"}]}},"_links":{"self":[{"href":"https:\/\/www.noticiasradioreflejos.com.ar\/2021\/wp-json\/wp\/v2\/posts\/12968","targetHints":{"allow":["GET"]}}],"collection":[{"href":"https:\/\/www.noticiasradioreflejos.com.ar\/2021\/wp-json\/wp\/v2\/posts"}],"about":[{"href":"https:\/\/www.noticiasradioreflejos.com.ar\/2021\/wp-json\/wp\/v2\/types\/post"}],"author":[{"embeddable":true,"href":"https:\/\/www.noticiasradioreflejos.com.ar\/2021\/wp-json\/wp\/v2\/users\/3"}],"replies":[{"embeddable":true,"href":"https:\/\/www.noticiasradioreflejos.com.ar\/2021\/wp-json\/wp\/v2\/comments?post=12968"}],"version-history":[{"count":0,"href":"https:\/\/www.noticiasradioreflejos.com.ar\/2021\/wp-json\/wp\/v2\/posts\/12968\/revisions"}],"wp:attachment":[{"href":"https:\/\/www.noticiasradioreflejos.com.ar\/2021\/wp-json\/wp\/v2\/media?parent=12968"}],"wp:term":[{"taxonomy":"category","embeddable":true,"href":"https:\/\/www.noticiasradioreflejos.com.ar\/2021\/wp-json\/wp\/v2\/categories?post=12968"},{"taxonomy":"post_tag","embeddable":true,"href":"https:\/\/www.noticiasradioreflejos.com.ar\/2021\/wp-json\/wp\/v2\/tags?post=12968"}],"curies":[{"name":"wp","href":"https:\/\/api.w.org\/{rel}","templated":true}]}}