{"id":12963,"date":"2017-07-31T11:46:03","date_gmt":"2017-07-31T14:46:03","guid":{"rendered":"http:\/\/www.noticiasradioreflejos.com.ar\/noticias\/?p=12963"},"modified":"2017-07-31T11:46:03","modified_gmt":"2017-07-31T14:46:03","slug":"si-no-hay-amor-programa-del-31-de-julio","status":"publish","type":"post","link":"https:\/\/www.noticiasradioreflejos.com.ar\/2021\/si-no-hay-amor-programa-del-31-de-julio\/","title":{"rendered":"&quot;Si no Hay Amor&quot;  &#8211; Programa del 31 de Julio."},"content":{"rendered":"<p>En el inicio compartimos A quien duda de Bertolh Bretch.<br \/>\nEntrevistamos al Secretario de Servicios P\u00fablicos de la Defensor\u00eda del Pueblo de la Provincia de Buenos Aires, el ex diputado provincial por nuestra 6ta secci\u00f3n, Jorge Ruesga, abogado oriundo de Cnel Pringles.<!--more--><br \/>\nPara poder relajarnos y re\u00edrnos un ratito escuchamos al Cadete y Pesky, en una conversaci\u00f3n entre la Subsecretaria de la Alegr\u00eda y Claudito. Imperdible!<br \/>\nEn la agenda, te contamos nuestro Encuentro con Vanesa Siley candidata a Diputada Nacional por Unidad Ciudadana, el homenaje a Evita, nuestro encuentro con los vecinos de La Cumbre y Valle Hermoso, y que nos dicen los vecinos sobre c\u00f3mo les desorganizaron la vida.<br \/>\nMientras escuchamos a Daniel de Vita, con su rap \u00bfQuer\u00edan Globos? te compartimos nuestra editorial.<br \/>\nLa consigna corresponde a un Monse\u00f1or Angelelli, Obispo del Pueblo, cuando recordamos un nuevo a\u00f1o de su asesinato por parte de la dictadura c\u00edvico, eclesi\u00e1stico y militar\u2026PUEBLO ES EL QUE NO OPRIME Y LUCHA CONTRA LA OPRESION.<br \/>\nComunicate con nosotros a la p\u00e1gina del face Si no hay amor 2502, al mail frentepopular25defebrero@gmail.com o al 2915070408<br \/>\n<iframe loading=\"lazy\" src=\"https:\/\/w.soundcloud.com\/player\/?url=https%3A\/\/api.soundcloud.com\/tracks\/335642993&amp;color=ff5500&amp;auto_play=false&amp;hide_related=false&amp;show_comments=true&amp;show_user=true&amp;show_reposts=false\" width=\"100%\" height=\"166\" frameborder=\"no\" scrolling=\"no\"><\/iframe><\/p>\n","protected":false},"excerpt":{"rendered":"<p>En el inicio compartimos A quien duda de Bertolh Bretch. Entrevistamos al Secretario de Servicios P\u00fablicos de la Defensor\u00eda del Pueblo de la Provincia de Buenos Aires, el ex diputado provincial por nuestra 6ta secci\u00f3n, Jorge Ruesga, abogado oriundo de Cnel Pringles.<\/p>\n","protected":false},"author":3,"featured_media":0,"comment_status":"closed","ping_status":"open","sticky":false,"template":"","format":"standard","meta":{"footnotes":""},"categories":[26],"tags":[],"class_list":["post-12963","post","type-post","status-publish","format-standard","hentry","category-sociedad"],"yoast_head":"<!-- This site is optimized with the Yoast SEO plugin v25.9 - https:\/\/yoast.com\/wordpress\/plugins\/seo\/ -->\n<title>&quot;Si no Hay Amor&quot; - Programa del 31 de Julio. - Noticias Radio Reflejos<\/title>\n<meta name=\"robots\" content=\"index, follow, max-snippet:-1, max-image-preview:large, max-video-preview:-1\" \/>\n<link rel=\"canonical\" href=\"https:\/\/www.noticiasradioreflejos.com.ar\/2021\/si-no-hay-amor-programa-del-31-de-julio\/\" \/>\n<meta property=\"og:locale\" content=\"es_ES\" \/>\n<meta property=\"og:type\" content=\"article\" \/>\n<meta property=\"og:title\" content=\"&quot;Si no Hay Amor&quot; - Programa del 31 de Julio. - Noticias Radio Reflejos\" \/>\n<meta property=\"og:description\" content=\"En el inicio compartimos A quien duda de Bertolh Bretch. Entrevistamos al Secretario de Servicios P\u00fablicos de la Defensor\u00eda del Pueblo de la Provincia de Buenos Aires, el ex diputado provincial por nuestra 6ta secci\u00f3n, Jorge Ruesga, abogado oriundo de Cnel Pringles.\" \/>\n<meta property=\"og:url\" content=\"https:\/\/www.noticiasradioreflejos.com.ar\/2021\/si-no-hay-amor-programa-del-31-de-julio\/\" \/>\n<meta property=\"og:site_name\" content=\"Noticias Radio Reflejos\" \/>\n<meta property=\"article:published_time\" content=\"2017-07-31T14:46:03+00:00\" \/>\n<meta property=\"og:image\" content=\"https:\/\/www.noticiasradioreflejos.com.ar\/2021\/wp-content\/uploads\/2021\/07\/logosol300x200.png\" \/>\n\t<meta property=\"og:image:width\" content=\"300\" \/>\n\t<meta property=\"og:image:height\" content=\"200\" \/>\n\t<meta property=\"og:image:type\" content=\"image\/png\" \/>\n<meta name=\"author\" content=\"Arnaldo Botto\" \/>\n<meta name=\"twitter:card\" content=\"summary_large_image\" \/>\n<script type=\"application\/ld+json\" class=\"yoast-schema-graph\">{\"@context\":\"https:\/\/schema.org\",\"@graph\":[{\"@type\":\"WebPage\",\"@id\":\"https:\/\/www.noticiasradioreflejos.com.ar\/2021\/si-no-hay-amor-programa-del-31-de-julio\/\",\"url\":\"https:\/\/www.noticiasradioreflejos.com.ar\/2021\/si-no-hay-amor-programa-del-31-de-julio\/\",\"name\":\"&quot;Si no Hay Amor&quot; - Programa del 31 de Julio. - Noticias Radio Reflejos\",\"isPartOf\":{\"@id\":\"https:\/\/www.noticiasradioreflejos.com.ar\/2021\/#website\"},\"datePublished\":\"2017-07-31T14:46:03+00:00\",\"author\":{\"@id\":\"https:\/\/www.noticiasradioreflejos.com.ar\/2021\/#\/schema\/person\/ad82545263dcc5ec0996818884fd5fb1\"},\"breadcrumb\":{\"@id\":\"https:\/\/www.noticiasradioreflejos.com.ar\/2021\/si-no-hay-amor-programa-del-31-de-julio\/#breadcrumb\"},\"inLanguage\":\"es\",\"potentialAction\":[{\"@type\":\"ReadAction\",\"target\":[\"https:\/\/www.noticiasradioreflejos.com.ar\/2021\/si-no-hay-amor-programa-del-31-de-julio\/\"]}]},{\"@type\":\"BreadcrumbList\",\"@id\":\"https:\/\/www.noticiasradioreflejos.com.ar\/2021\/si-no-hay-amor-programa-del-31-de-julio\/#breadcrumb\",\"itemListElement\":[{\"@type\":\"ListItem\",\"position\":1,\"name\":\"Portada\",\"item\":\"https:\/\/www.noticiasradioreflejos.com.ar\/2021\/\"},{\"@type\":\"ListItem\",\"position\":2,\"name\":\"&quot;Si no Hay Amor&quot; &#8211; Programa del 31 de Julio.\"}]},{\"@type\":\"WebSite\",\"@id\":\"https:\/\/www.noticiasradioreflejos.com.ar\/2021\/#website\",\"url\":\"https:\/\/www.noticiasradioreflejos.com.ar\/2021\/\",\"name\":\"Noticias Radio Reflejos\",\"description\":\"Las noticias de mi comarca\",\"potentialAction\":[{\"@type\":\"SearchAction\",\"target\":{\"@type\":\"EntryPoint\",\"urlTemplate\":\"https:\/\/www.noticiasradioreflejos.com.ar\/2021\/?s={search_term_string}\"},\"query-input\":{\"@type\":\"PropertyValueSpecification\",\"valueRequired\":true,\"valueName\":\"search_term_string\"}}],\"inLanguage\":\"es\"},{\"@type\":\"Person\",\"@id\":\"https:\/\/www.noticiasradioreflejos.com.ar\/2021\/#\/schema\/person\/ad82545263dcc5ec0996818884fd5fb1\",\"name\":\"Arnaldo Botto\",\"image\":{\"@type\":\"ImageObject\",\"inLanguage\":\"es\",\"@id\":\"https:\/\/www.noticiasradioreflejos.com.ar\/2021\/#\/schema\/person\/image\/\",\"url\":\"https:\/\/secure.gravatar.com\/avatar\/55cb5e37c1efa326397366e6974cb338056df65cb50e7d64d1cf314e87504837?s=96&d=mm&r=g\",\"contentUrl\":\"https:\/\/secure.gravatar.com\/avatar\/55cb5e37c1efa326397366e6974cb338056df65cb50e7d64d1cf314e87504837?s=96&d=mm&r=g\",\"caption\":\"Arnaldo Botto\"},\"url\":\"https:\/\/www.noticiasradioreflejos.com.ar\/2021\/author\/arnaldo\/\"}]}<\/script>\n<!-- \/ Yoast SEO plugin. -->","yoast_head_json":{"title":"&quot;Si no Hay Amor&quot; - Programa del 31 de Julio. - Noticias Radio Reflejos","robots":{"index":"index","follow":"follow","max-snippet":"max-snippet:-1","max-image-preview":"max-image-preview:large","max-video-preview":"max-video-preview:-1"},"canonical":"https:\/\/www.noticiasradioreflejos.com.ar\/2021\/si-no-hay-amor-programa-del-31-de-julio\/","og_locale":"es_ES","og_type":"article","og_title":"&quot;Si no Hay Amor&quot; - Programa del 31 de Julio. - Noticias Radio Reflejos","og_description":"En el inicio compartimos A quien duda de Bertolh Bretch. Entrevistamos al Secretario de Servicios P\u00fablicos de la Defensor\u00eda del Pueblo de la Provincia de Buenos Aires, el ex diputado provincial por nuestra 6ta secci\u00f3n, Jorge Ruesga, abogado oriundo de Cnel Pringles.","og_url":"https:\/\/www.noticiasradioreflejos.com.ar\/2021\/si-no-hay-amor-programa-del-31-de-julio\/","og_site_name":"Noticias Radio Reflejos","article_published_time":"2017-07-31T14:46:03+00:00","og_image":[{"width":300,"height":200,"url":"https:\/\/www.noticiasradioreflejos.com.ar\/2021\/wp-content\/uploads\/2021\/07\/logosol300x200.png","type":"image\/png"}],"author":"Arnaldo Botto","twitter_card":"summary_large_image","schema":{"@context":"https:\/\/schema.org","@graph":[{"@type":"WebPage","@id":"https:\/\/www.noticiasradioreflejos.com.ar\/2021\/si-no-hay-amor-programa-del-31-de-julio\/","url":"https:\/\/www.noticiasradioreflejos.com.ar\/2021\/si-no-hay-amor-programa-del-31-de-julio\/","name":"&quot;Si no Hay Amor&quot; - Programa del 31 de Julio. - Noticias Radio Reflejos","isPartOf":{"@id":"https:\/\/www.noticiasradioreflejos.com.ar\/2021\/#website"},"datePublished":"2017-07-31T14:46:03+00:00","author":{"@id":"https:\/\/www.noticiasradioreflejos.com.ar\/2021\/#\/schema\/person\/ad82545263dcc5ec0996818884fd5fb1"},"breadcrumb":{"@id":"https:\/\/www.noticiasradioreflejos.com.ar\/2021\/si-no-hay-amor-programa-del-31-de-julio\/#breadcrumb"},"inLanguage":"es","potentialAction":[{"@type":"ReadAction","target":["https:\/\/www.noticiasradioreflejos.com.ar\/2021\/si-no-hay-amor-programa-del-31-de-julio\/"]}]},{"@type":"BreadcrumbList","@id":"https:\/\/www.noticiasradioreflejos.com.ar\/2021\/si-no-hay-amor-programa-del-31-de-julio\/#breadcrumb","itemListElement":[{"@type":"ListItem","position":1,"name":"Portada","item":"https:\/\/www.noticiasradioreflejos.com.ar\/2021\/"},{"@type":"ListItem","position":2,"name":"&quot;Si no Hay Amor&quot; &#8211; Programa del 31 de Julio."}]},{"@type":"WebSite","@id":"https:\/\/www.noticiasradioreflejos.com.ar\/2021\/#website","url":"https:\/\/www.noticiasradioreflejos.com.ar\/2021\/","name":"Noticias Radio Reflejos","description":"Las noticias de mi comarca","potentialAction":[{"@type":"SearchAction","target":{"@type":"EntryPoint","urlTemplate":"https:\/\/www.noticiasradioreflejos.com.ar\/2021\/?s={search_term_string}"},"query-input":{"@type":"PropertyValueSpecification","valueRequired":true,"valueName":"search_term_string"}}],"inLanguage":"es"},{"@type":"Person","@id":"https:\/\/www.noticiasradioreflejos.com.ar\/2021\/#\/schema\/person\/ad82545263dcc5ec0996818884fd5fb1","name":"Arnaldo Botto","image":{"@type":"ImageObject","inLanguage":"es","@id":"https:\/\/www.noticiasradioreflejos.com.ar\/2021\/#\/schema\/person\/image\/","url":"https:\/\/secure.gravatar.com\/avatar\/55cb5e37c1efa326397366e6974cb338056df65cb50e7d64d1cf314e87504837?s=96&d=mm&r=g","contentUrl":"https:\/\/secure.gravatar.com\/avatar\/55cb5e37c1efa326397366e6974cb338056df65cb50e7d64d1cf314e87504837?s=96&d=mm&r=g","caption":"Arnaldo Botto"},"url":"https:\/\/www.noticiasradioreflejos.com.ar\/2021\/author\/arnaldo\/"}]}},"_links":{"self":[{"href":"https:\/\/www.noticiasradioreflejos.com.ar\/2021\/wp-json\/wp\/v2\/posts\/12963","targetHints":{"allow":["GET"]}}],"collection":[{"href":"https:\/\/www.noticiasradioreflejos.com.ar\/2021\/wp-json\/wp\/v2\/posts"}],"about":[{"href":"https:\/\/www.noticiasradioreflejos.com.ar\/2021\/wp-json\/wp\/v2\/types\/post"}],"author":[{"embeddable":true,"href":"https:\/\/www.noticiasradioreflejos.com.ar\/2021\/wp-json\/wp\/v2\/users\/3"}],"replies":[{"embeddable":true,"href":"https:\/\/www.noticiasradioreflejos.com.ar\/2021\/wp-json\/wp\/v2\/comments?post=12963"}],"version-history":[{"count":0,"href":"https:\/\/www.noticiasradioreflejos.com.ar\/2021\/wp-json\/wp\/v2\/posts\/12963\/revisions"}],"wp:attachment":[{"href":"https:\/\/www.noticiasradioreflejos.com.ar\/2021\/wp-json\/wp\/v2\/media?parent=12963"}],"wp:term":[{"taxonomy":"category","embeddable":true,"href":"https:\/\/www.noticiasradioreflejos.com.ar\/2021\/wp-json\/wp\/v2\/categories?post=12963"},{"taxonomy":"post_tag","embeddable":true,"href":"https:\/\/www.noticiasradioreflejos.com.ar\/2021\/wp-json\/wp\/v2\/tags?post=12963"}],"curies":[{"name":"wp","href":"https:\/\/api.w.org\/{rel}","templated":true}]}}