{"id":12960,"date":"2017-07-31T09:07:47","date_gmt":"2017-07-31T12:07:47","guid":{"rendered":"http:\/\/www.noticiasradioreflejos.com.ar\/noticias\/?p=12960"},"modified":"2017-07-31T09:07:47","modified_gmt":"2017-07-31T12:07:47","slug":"independiente-de-cnel-pringles-se-quedo-con-el-titulo-n-35-de-su-carrera","status":"publish","type":"post","link":"https:\/\/www.noticiasradioreflejos.com.ar\/2021\/independiente-de-cnel-pringles-se-quedo-con-el-titulo-n-35-de-su-carrera\/","title":{"rendered":"Independiente de Cnel Pringles se qued\u00f3 con el t\u00edtulo N\u00b0 35 de su carrera."},"content":{"rendered":"<p><a title=\"2017073102482535cf45dc2fc814b5c4428e2591805fe5_med\" href=\"http:\/\/farm5.staticflickr.com\/4310\/36118870082_54912c1027_n.jpg\" rel=\"\"><img loading=\"lazy\" decoding=\"async\" class=\"alignleft\" style=\"float: left;\" title=\"2017073102482535cf45dc2fc814b5c4428e2591805fe5_med\" src=\"http:\/\/farm5.staticflickr.com\/4310\/36118870082_54912c1027_n.jpg\" alt=\"2017073102482535cf45dc2fc814b5c4428e2591805fe5_med\" width=\"212\" height=\"320\" \/><\/a>El empate sin goles frente al club Atl\u00e9tico Ventana \u00a0le alcanz\u00f3 al \u00abLomonegro\u00bb para volver a festejar un titulo, despu\u00e9s de 7 a\u00f1os gritaron \u00a1campe\u00f3n!. La victoria 1 a 0 obtenida en Sierra de la Ventana por la primera final fue clave.<!--more--><br \/>\nGran marco de publico en el Bartolo Garino, la barriada del \u00ablomo\u00bb, los de siempre, y tambi\u00e9n los amantes del futbol, todos juntos para presenciar la final, hab\u00eda olor a un nuevo titulo, ya que en la ida el equipo pringlense hab\u00eda derrotado a Ventana por 1 a 0.<br \/>\nDe movida, se vio un partido con mucho ritmo, intensidad, nerviosismo, presi\u00f3n, imprecisi\u00f3n, algo t\u00edpico en una final, ambos bien plantados en el fondo, como primera medida, y viendo como pod\u00edan llegar.<br \/>\nLa primera clara la tuvo Ventana, mano a mano de Sonzini con Angladette, el delantero la tir\u00f3 por encima del arquero y la pelota qued\u00f3 en el techo del arco.<br \/>\nIndependiente cometi\u00f3 varias faltas en tres cuartos del ataque de Ventana, y esos tiros libres fueron de lo m\u00e1s peligroso para el visitante. Fueron todos centros de Arias, el primero qued\u00f3 en el techo del arco tras un cabezazo, el segundo en las manos de Angladette, que se mostr\u00f3 muy seguro, y el tercer nuevamente en el techo del arco, avisaba Ventana, Independiente sufr\u00eda por las faltas, producto del nerviosismo, el af\u00e1n de no permitir que los delanteros de Atl\u00e9tico se den vuelta con pelota dominada.<br \/>\nEl enviste de Ventana dur\u00f3 unos 15 minutos, promediando el primer tiempo el partido se normaliz\u00f3, y fueron muy pocas las ocasiones de riesgo que tuvieron cada uno, el visitante sum\u00f3 un remate cruzado del \u00abGula\u00bb Gonz\u00e1lez que pas\u00f3 muy cerca, y el \u00abLomo\u00bb un par de centros peligrosos, aunque sin poder llegar con claridad al arco visitante. Cabe destacar, que en ese primer tiempo se fue expulsado \u00abPico\u00bb Sirion en el \u00abLomo\u00bb.<br \/>\nEn el complemento. El partido no cambio demasiado, Ventana estuvo desconocido, no tuvo en ning\u00fan momento la claridad que suele tener, se sinti\u00f3 incomodo, sin espacios, producto del planteo de Independiente, que se cuid\u00f3 en defensa y medio campo, priorizando el cero en su arco, y saliendo de contra golpe cada vez que pod\u00eda, manteniendo la ventaja en el marcador, y dejando todo en cancha, con entrega y sacrificio.<br \/>\nVentana tuvo un par de ocasiones muy claras, Luis G\u00f3mez esquiv\u00f3 al arquero pringlense y con poco \u00e1ngulo remat\u00f3 al arco, la pelota dio en el palo. El \u00ab1\u00bb del \u00abLomo\u00bb tambi\u00e9n tap\u00f3 en dos oportunidades lo que pod\u00eda ser un gol de Esp\u00ednola.<br \/>\nLa mas clara para Independiente la tuvo Gianfranco Romero, centro del \u00abLoli\u00bb Acosta al segundo palo, y Gianfranco de cabeza revent\u00f3 el palo derecho de Rinaldi, tambi\u00e9n tuvo las suyas el \u00abLoli\u00bb Acosta, aunque con mucha soledad y sin poder quedar c\u00f3modo para la definici\u00f3n.<br \/>\nVentana tuvo dos mas, ambas en los pies de Mat\u00edas Juan, la primera se fue por encima del travesa\u00f1o y la segunda apenas desviado por el palo izquierdo de Angladette, si no entraron esas, parec\u00eda que nada iba a pasar.<br \/>\nPitazo final, 0 a 0, Independiente campe\u00f3n del futbol pringlense, se qued\u00f3 con el torneo Juan Molina, Copa Municipalidad de Coronel Pringles, luego de 7 a\u00f1os de mala racha, el \u00abLomo\u00bb volvi\u00f3 a festejar un campeonato.<br \/>\nEn la tercera, fueron vencidos. Ventana sum\u00f3 su tercera final consecutiva, pero la mala suerte persigue a los \u00abserranos\u00bb, ya que volvieron a perder. En 2015 cayeron en manos de Alem, 2016 ante Almaceneros, 2017 ante Independiente, el gran trabajo que viene haciendo el equipo durante los \u00faltimos a\u00f1os no logra coronarse con una vuelta ol\u00edmpica. MJH<br \/>\n<a title=\"201707310248264c09ebd455002096523505e21be10c25_med\" href=\"http:\/\/farm5.staticflickr.com\/4303\/35452059984_a6b26152d9_b.jpg\" rel=\"\"><img loading=\"lazy\" decoding=\"async\" class=\"aligncenter\" title=\"201707310248264c09ebd455002096523505e21be10c25_med\" src=\"http:\/\/farm5.staticflickr.com\/4303\/35452059984_a6b26152d9_b.jpg\" alt=\"201707310248264c09ebd455002096523505e21be10c25_med\" width=\"463\" height=\"700\" \/><\/a><a title=\"20170731024824169c4a7642453b1f9eadb8921834fb1d_med\" href=\"http:\/\/farm5.staticflickr.com\/4297\/36118870702_c1730e5acb_b.jpg\" rel=\"\"><img loading=\"lazy\" decoding=\"async\" class=\"aligncenter\" title=\"20170731024824169c4a7642453b1f9eadb8921834fb1d_med\" src=\"http:\/\/farm5.staticflickr.com\/4297\/36118870702_c1730e5acb_b.jpg\" alt=\"20170731024824169c4a7642453b1f9eadb8921834fb1d_med\" width=\"463\" height=\"700\" \/><\/a><br \/>\nFuente El Orden.<\/p>\n","protected":false},"excerpt":{"rendered":"<p>El empate sin goles frente al club Atl\u00e9tico Ventana \u00a0le alcanz\u00f3 al \u00abLomonegro\u00bb para volver a festejar un titulo, despu\u00e9s de 7 a\u00f1os gritaron \u00a1campe\u00f3n!. La victoria 1 a 0 obtenida en Sierra de la Ventana por la primera final fue clave.<\/p>\n","protected":false},"author":3,"featured_media":0,"comment_status":"closed","ping_status":"open","sticky":false,"template":"","format":"standard","meta":{"footnotes":""},"categories":[27],"tags":[],"class_list":["post-12960","post","type-post","status-publish","format-standard","hentry","category-deportes"],"yoast_head":"<!-- This site is optimized with the Yoast SEO plugin v25.9 - https:\/\/yoast.com\/wordpress\/plugins\/seo\/ -->\n<title>Independiente de Cnel Pringles se qued\u00f3 con el t\u00edtulo N\u00b0 35 de su carrera. - Noticias Radio Reflejos<\/title>\n<meta name=\"robots\" content=\"index, follow, max-snippet:-1, max-image-preview:large, max-video-preview:-1\" \/>\n<link rel=\"canonical\" href=\"https:\/\/www.noticiasradioreflejos.com.ar\/2021\/independiente-de-cnel-pringles-se-quedo-con-el-titulo-n-35-de-su-carrera\/\" \/>\n<meta property=\"og:locale\" content=\"es_ES\" \/>\n<meta property=\"og:type\" content=\"article\" \/>\n<meta property=\"og:title\" content=\"Independiente de Cnel Pringles se qued\u00f3 con el t\u00edtulo N\u00b0 35 de su carrera. - Noticias Radio Reflejos\" \/>\n<meta property=\"og:description\" content=\"El empate sin goles frente al club Atl\u00e9tico Ventana \u00a0le alcanz\u00f3 al \u00abLomonegro\u00bb para volver a festejar un titulo, despu\u00e9s de 7 a\u00f1os gritaron \u00a1campe\u00f3n!. La victoria 1 a 0 obtenida en Sierra de la Ventana por la primera final fue clave.\" \/>\n<meta property=\"og:url\" content=\"https:\/\/www.noticiasradioreflejos.com.ar\/2021\/independiente-de-cnel-pringles-se-quedo-con-el-titulo-n-35-de-su-carrera\/\" \/>\n<meta property=\"og:site_name\" content=\"Noticias Radio Reflejos\" \/>\n<meta property=\"article:published_time\" content=\"2017-07-31T12:07:47+00:00\" \/>\n<meta property=\"og:image\" content=\"http:\/\/farm5.staticflickr.com\/4310\/36118870082_54912c1027_n.jpg\" \/>\n<meta name=\"author\" content=\"Arnaldo Botto\" \/>\n<meta name=\"twitter:card\" content=\"summary_large_image\" \/>\n<script type=\"application\/ld+json\" class=\"yoast-schema-graph\">{\"@context\":\"https:\/\/schema.org\",\"@graph\":[{\"@type\":\"WebPage\",\"@id\":\"https:\/\/www.noticiasradioreflejos.com.ar\/2021\/independiente-de-cnel-pringles-se-quedo-con-el-titulo-n-35-de-su-carrera\/\",\"url\":\"https:\/\/www.noticiasradioreflejos.com.ar\/2021\/independiente-de-cnel-pringles-se-quedo-con-el-titulo-n-35-de-su-carrera\/\",\"name\":\"Independiente de Cnel Pringles se qued\u00f3 con el t\u00edtulo N\u00b0 35 de su carrera. - Noticias Radio Reflejos\",\"isPartOf\":{\"@id\":\"https:\/\/www.noticiasradioreflejos.com.ar\/2021\/#website\"},\"primaryImageOfPage\":{\"@id\":\"https:\/\/www.noticiasradioreflejos.com.ar\/2021\/independiente-de-cnel-pringles-se-quedo-con-el-titulo-n-35-de-su-carrera\/#primaryimage\"},\"image\":{\"@id\":\"https:\/\/www.noticiasradioreflejos.com.ar\/2021\/independiente-de-cnel-pringles-se-quedo-con-el-titulo-n-35-de-su-carrera\/#primaryimage\"},\"thumbnailUrl\":\"http:\/\/farm5.staticflickr.com\/4310\/36118870082_54912c1027_n.jpg\",\"datePublished\":\"2017-07-31T12:07:47+00:00\",\"author\":{\"@id\":\"https:\/\/www.noticiasradioreflejos.com.ar\/2021\/#\/schema\/person\/ad82545263dcc5ec0996818884fd5fb1\"},\"breadcrumb\":{\"@id\":\"https:\/\/www.noticiasradioreflejos.com.ar\/2021\/independiente-de-cnel-pringles-se-quedo-con-el-titulo-n-35-de-su-carrera\/#breadcrumb\"},\"inLanguage\":\"es\",\"potentialAction\":[{\"@type\":\"ReadAction\",\"target\":[\"https:\/\/www.noticiasradioreflejos.com.ar\/2021\/independiente-de-cnel-pringles-se-quedo-con-el-titulo-n-35-de-su-carrera\/\"]}]},{\"@type\":\"ImageObject\",\"inLanguage\":\"es\",\"@id\":\"https:\/\/www.noticiasradioreflejos.com.ar\/2021\/independiente-de-cnel-pringles-se-quedo-con-el-titulo-n-35-de-su-carrera\/#primaryimage\",\"url\":\"http:\/\/farm5.staticflickr.com\/4310\/36118870082_54912c1027_n.jpg\",\"contentUrl\":\"http:\/\/farm5.staticflickr.com\/4310\/36118870082_54912c1027_n.jpg\"},{\"@type\":\"BreadcrumbList\",\"@id\":\"https:\/\/www.noticiasradioreflejos.com.ar\/2021\/independiente-de-cnel-pringles-se-quedo-con-el-titulo-n-35-de-su-carrera\/#breadcrumb\",\"itemListElement\":[{\"@type\":\"ListItem\",\"position\":1,\"name\":\"Portada\",\"item\":\"https:\/\/www.noticiasradioreflejos.com.ar\/2021\/\"},{\"@type\":\"ListItem\",\"position\":2,\"name\":\"Independiente de Cnel Pringles se qued\u00f3 con el t\u00edtulo N\u00b0 35 de su carrera.\"}]},{\"@type\":\"WebSite\",\"@id\":\"https:\/\/www.noticiasradioreflejos.com.ar\/2021\/#website\",\"url\":\"https:\/\/www.noticiasradioreflejos.com.ar\/2021\/\",\"name\":\"Noticias Radio Reflejos\",\"description\":\"Las noticias de mi comarca\",\"potentialAction\":[{\"@type\":\"SearchAction\",\"target\":{\"@type\":\"EntryPoint\",\"urlTemplate\":\"https:\/\/www.noticiasradioreflejos.com.ar\/2021\/?s={search_term_string}\"},\"query-input\":{\"@type\":\"PropertyValueSpecification\",\"valueRequired\":true,\"valueName\":\"search_term_string\"}}],\"inLanguage\":\"es\"},{\"@type\":\"Person\",\"@id\":\"https:\/\/www.noticiasradioreflejos.com.ar\/2021\/#\/schema\/person\/ad82545263dcc5ec0996818884fd5fb1\",\"name\":\"Arnaldo Botto\",\"image\":{\"@type\":\"ImageObject\",\"inLanguage\":\"es\",\"@id\":\"https:\/\/www.noticiasradioreflejos.com.ar\/2021\/#\/schema\/person\/image\/\",\"url\":\"https:\/\/secure.gravatar.com\/avatar\/55cb5e37c1efa326397366e6974cb338056df65cb50e7d64d1cf314e87504837?s=96&d=mm&r=g\",\"contentUrl\":\"https:\/\/secure.gravatar.com\/avatar\/55cb5e37c1efa326397366e6974cb338056df65cb50e7d64d1cf314e87504837?s=96&d=mm&r=g\",\"caption\":\"Arnaldo Botto\"},\"url\":\"https:\/\/www.noticiasradioreflejos.com.ar\/2021\/author\/arnaldo\/\"}]}<\/script>\n<!-- \/ Yoast SEO plugin. -->","yoast_head_json":{"title":"Independiente de Cnel Pringles se qued\u00f3 con el t\u00edtulo N\u00b0 35 de su carrera. - Noticias Radio Reflejos","robots":{"index":"index","follow":"follow","max-snippet":"max-snippet:-1","max-image-preview":"max-image-preview:large","max-video-preview":"max-video-preview:-1"},"canonical":"https:\/\/www.noticiasradioreflejos.com.ar\/2021\/independiente-de-cnel-pringles-se-quedo-con-el-titulo-n-35-de-su-carrera\/","og_locale":"es_ES","og_type":"article","og_title":"Independiente de Cnel Pringles se qued\u00f3 con el t\u00edtulo N\u00b0 35 de su carrera. - Noticias Radio Reflejos","og_description":"El empate sin goles frente al club Atl\u00e9tico Ventana \u00a0le alcanz\u00f3 al \u00abLomonegro\u00bb para volver a festejar un titulo, despu\u00e9s de 7 a\u00f1os gritaron \u00a1campe\u00f3n!. La victoria 1 a 0 obtenida en Sierra de la Ventana por la primera final fue clave.","og_url":"https:\/\/www.noticiasradioreflejos.com.ar\/2021\/independiente-de-cnel-pringles-se-quedo-con-el-titulo-n-35-de-su-carrera\/","og_site_name":"Noticias Radio Reflejos","article_published_time":"2017-07-31T12:07:47+00:00","og_image":[{"url":"http:\/\/farm5.staticflickr.com\/4310\/36118870082_54912c1027_n.jpg","type":"","width":"","height":""}],"author":"Arnaldo Botto","twitter_card":"summary_large_image","schema":{"@context":"https:\/\/schema.org","@graph":[{"@type":"WebPage","@id":"https:\/\/www.noticiasradioreflejos.com.ar\/2021\/independiente-de-cnel-pringles-se-quedo-con-el-titulo-n-35-de-su-carrera\/","url":"https:\/\/www.noticiasradioreflejos.com.ar\/2021\/independiente-de-cnel-pringles-se-quedo-con-el-titulo-n-35-de-su-carrera\/","name":"Independiente de Cnel Pringles se qued\u00f3 con el t\u00edtulo N\u00b0 35 de su carrera. - Noticias Radio Reflejos","isPartOf":{"@id":"https:\/\/www.noticiasradioreflejos.com.ar\/2021\/#website"},"primaryImageOfPage":{"@id":"https:\/\/www.noticiasradioreflejos.com.ar\/2021\/independiente-de-cnel-pringles-se-quedo-con-el-titulo-n-35-de-su-carrera\/#primaryimage"},"image":{"@id":"https:\/\/www.noticiasradioreflejos.com.ar\/2021\/independiente-de-cnel-pringles-se-quedo-con-el-titulo-n-35-de-su-carrera\/#primaryimage"},"thumbnailUrl":"http:\/\/farm5.staticflickr.com\/4310\/36118870082_54912c1027_n.jpg","datePublished":"2017-07-31T12:07:47+00:00","author":{"@id":"https:\/\/www.noticiasradioreflejos.com.ar\/2021\/#\/schema\/person\/ad82545263dcc5ec0996818884fd5fb1"},"breadcrumb":{"@id":"https:\/\/www.noticiasradioreflejos.com.ar\/2021\/independiente-de-cnel-pringles-se-quedo-con-el-titulo-n-35-de-su-carrera\/#breadcrumb"},"inLanguage":"es","potentialAction":[{"@type":"ReadAction","target":["https:\/\/www.noticiasradioreflejos.com.ar\/2021\/independiente-de-cnel-pringles-se-quedo-con-el-titulo-n-35-de-su-carrera\/"]}]},{"@type":"ImageObject","inLanguage":"es","@id":"https:\/\/www.noticiasradioreflejos.com.ar\/2021\/independiente-de-cnel-pringles-se-quedo-con-el-titulo-n-35-de-su-carrera\/#primaryimage","url":"http:\/\/farm5.staticflickr.com\/4310\/36118870082_54912c1027_n.jpg","contentUrl":"http:\/\/farm5.staticflickr.com\/4310\/36118870082_54912c1027_n.jpg"},{"@type":"BreadcrumbList","@id":"https:\/\/www.noticiasradioreflejos.com.ar\/2021\/independiente-de-cnel-pringles-se-quedo-con-el-titulo-n-35-de-su-carrera\/#breadcrumb","itemListElement":[{"@type":"ListItem","position":1,"name":"Portada","item":"https:\/\/www.noticiasradioreflejos.com.ar\/2021\/"},{"@type":"ListItem","position":2,"name":"Independiente de Cnel Pringles se qued\u00f3 con el t\u00edtulo N\u00b0 35 de su carrera."}]},{"@type":"WebSite","@id":"https:\/\/www.noticiasradioreflejos.com.ar\/2021\/#website","url":"https:\/\/www.noticiasradioreflejos.com.ar\/2021\/","name":"Noticias Radio Reflejos","description":"Las noticias de mi comarca","potentialAction":[{"@type":"SearchAction","target":{"@type":"EntryPoint","urlTemplate":"https:\/\/www.noticiasradioreflejos.com.ar\/2021\/?s={search_term_string}"},"query-input":{"@type":"PropertyValueSpecification","valueRequired":true,"valueName":"search_term_string"}}],"inLanguage":"es"},{"@type":"Person","@id":"https:\/\/www.noticiasradioreflejos.com.ar\/2021\/#\/schema\/person\/ad82545263dcc5ec0996818884fd5fb1","name":"Arnaldo Botto","image":{"@type":"ImageObject","inLanguage":"es","@id":"https:\/\/www.noticiasradioreflejos.com.ar\/2021\/#\/schema\/person\/image\/","url":"https:\/\/secure.gravatar.com\/avatar\/55cb5e37c1efa326397366e6974cb338056df65cb50e7d64d1cf314e87504837?s=96&d=mm&r=g","contentUrl":"https:\/\/secure.gravatar.com\/avatar\/55cb5e37c1efa326397366e6974cb338056df65cb50e7d64d1cf314e87504837?s=96&d=mm&r=g","caption":"Arnaldo Botto"},"url":"https:\/\/www.noticiasradioreflejos.com.ar\/2021\/author\/arnaldo\/"}]}},"_links":{"self":[{"href":"https:\/\/www.noticiasradioreflejos.com.ar\/2021\/wp-json\/wp\/v2\/posts\/12960","targetHints":{"allow":["GET"]}}],"collection":[{"href":"https:\/\/www.noticiasradioreflejos.com.ar\/2021\/wp-json\/wp\/v2\/posts"}],"about":[{"href":"https:\/\/www.noticiasradioreflejos.com.ar\/2021\/wp-json\/wp\/v2\/types\/post"}],"author":[{"embeddable":true,"href":"https:\/\/www.noticiasradioreflejos.com.ar\/2021\/wp-json\/wp\/v2\/users\/3"}],"replies":[{"embeddable":true,"href":"https:\/\/www.noticiasradioreflejos.com.ar\/2021\/wp-json\/wp\/v2\/comments?post=12960"}],"version-history":[{"count":0,"href":"https:\/\/www.noticiasradioreflejos.com.ar\/2021\/wp-json\/wp\/v2\/posts\/12960\/revisions"}],"wp:attachment":[{"href":"https:\/\/www.noticiasradioreflejos.com.ar\/2021\/wp-json\/wp\/v2\/media?parent=12960"}],"wp:term":[{"taxonomy":"category","embeddable":true,"href":"https:\/\/www.noticiasradioreflejos.com.ar\/2021\/wp-json\/wp\/v2\/categories?post=12960"},{"taxonomy":"post_tag","embeddable":true,"href":"https:\/\/www.noticiasradioreflejos.com.ar\/2021\/wp-json\/wp\/v2\/tags?post=12960"}],"curies":[{"name":"wp","href":"https:\/\/api.w.org\/{rel}","templated":true}]}}