{"id":129451,"date":"2025-12-08T09:37:12","date_gmt":"2025-12-08T12:37:12","guid":{"rendered":"https:\/\/www.noticiasradioreflejos.com.ar\/2021\/?p=129451"},"modified":"2025-12-08T09:37:56","modified_gmt":"2025-12-08T12:37:56","slug":"centro-de-jubilados-eterna-primavera-cierra-un-ciclo-de-talleres-enriquecedor-con-muestra-y-agasajo-comunitario","status":"publish","type":"post","link":"https:\/\/www.noticiasradioreflejos.com.ar\/2021\/centro-de-jubilados-eterna-primavera-cierra-un-ciclo-de-talleres-enriquecedor-con-muestra-y-agasajo-comunitario\/","title":{"rendered":"Centro de Jubilados \u00abEterna Primavera\u00bb cierra un ciclo de talleres enriquecedor con muestra y agasajo comunitario"},"content":{"rendered":"<p data-path-to-node=\"1\">El <b>Centro de Jubilados y Pensionados \u00abEterna Primavera\u00bb<\/b> de Sierra de la Ventana celebr\u00f3 el final del ciclo 2025 de sus talleres con un emotivo acto y muestra en su sede social. La jornada, realizada este viernes 5, reuni\u00f3 a socios, participantes y profesores para compartir con la comunidad los aprendizajes y producciones realizadas a lo largo del a\u00f1o.<!--more--><\/p>\n<p data-path-to-node=\"2\">El evento, calificado como \u00abcordial y divertido\u00bb, culmin\u00f3 con un \u00e1gape compartido por participantes, docentes, familiares de los asociados y el p\u00fablico asistente, junto a los integrantes de la comisi\u00f3n directiva. El Centro de Jubilados ofreci\u00f3 un amplio abanico de talleres que buscaron promover el <b>\u00abBuen Vivir\u00bb<\/b> de los adultos mayores.<\/p>\n<h4 data-path-to-node=\"4\"><b>Detalle de los Talleres Finalizados y sus Profesores<\/b><\/h4>\n<p data-path-to-node=\"5\">La instituci\u00f3n ofreci\u00f3 un programa variado que abarc\u00f3 desde actividades f\u00edsicas y art\u00edsticas hasta capacitaci\u00f3n y salud:<\/p>\n<ul data-path-to-node=\"6\">\n<li>\n<p data-path-to-node=\"6,0,0\"><b>Ajedrez:<\/b> Julio Cleppe<\/p>\n<\/li>\n<li>\n<p data-path-to-node=\"6,1,0\"><b>Computaci\u00f3n:<\/b> Dider Correa<\/p>\n<\/li>\n<li>\n<p data-path-to-node=\"6,2,0\"><b>Expresi\u00f3n Corporal:<\/b> Larisa Franchi<\/p>\n<\/li>\n<li>\n<p data-path-to-node=\"6,3,0\"><b>Folklore:<\/b> Soledad Davis<\/p>\n<\/li>\n<li>\n<p data-path-to-node=\"6,4,0\"><b>Memoria:<\/b> Sol Gerstner<\/p>\n<\/li>\n<li>\n<p data-path-to-node=\"6,5,0\"><b>Radio:<\/b> Arnaldo Botto<\/p>\n<\/li>\n<li>\n<p data-path-to-node=\"6,6,0\"><b>Teatro:<\/b> Anal\u00eda Dominguez<\/p>\n<\/li>\n<li>\n<p data-path-to-node=\"6,7,0\"><b>Yoga (Silla y Colchoneta) y M\u00fasica:<\/b> Natalia Pacheco<\/p>\n<\/li>\n<li>\n<p data-path-to-node=\"6,8,0\"><b>Masoterapia-Reflexolog\u00eda (Buen Vivir):<\/b> Magali Ramirez<\/p>\n<\/li>\n<li>\n<p data-path-to-node=\"6,9,0\"><b>Pedicur\u00eda:<\/b> Miriam Detzel<\/p>\n<\/li>\n<\/ul>\n<p>&nbsp;<br \/>\n<iframe loading=\"lazy\" src=\"https:\/\/www.facebook.com\/plugins\/post.php?href=https%3A%2F%2Fwww.facebook.com%2Fpermalink.php%3Fstory_fbid%3Dpfbid02Hr8FZtRBFTAwJg7hTMHcZaYVNNrheUJqDAAsJSTpsPpWpeM14nRVozv9zruU2fK2l%26id%3D100091327519773&#038;show_text=true&#038;width=500\" width=\"500\" height=\"250\" style=\"border:none;overflow:hidden\" scrolling=\"no\" frameborder=\"0\" allowfullscreen=\"true\" allow=\"autoplay; clipboard-write; encrypted-media; picture-in-picture; web-share\"><\/iframe><br \/>\n&nbsp;<\/p>\n","protected":false},"excerpt":{"rendered":"<p>El Centro de Jubilados y Pensionados \u00abEterna Primavera\u00bb de Sierra de la Ventana celebr\u00f3 el final del ciclo 2025 de sus talleres con un emotivo acto y muestra en su sede social. La jornada, realizada este viernes 5, reuni\u00f3 a socios, participantes y profesores para compartir con la comunidad los aprendizajes y producciones realizadas a [&hellip;]<\/p>\n","protected":false},"author":3,"featured_media":129452,"comment_status":"closed","ping_status":"closed","sticky":false,"template":"","format":"standard","meta":{"footnotes":""},"categories":[26],"tags":[],"class_list":["post-129451","post","type-post","status-publish","format-standard","has-post-thumbnail","hentry","category-sociedad"],"yoast_head":"<!-- This site is optimized with the Yoast SEO plugin v25.9 - https:\/\/yoast.com\/wordpress\/plugins\/seo\/ -->\n<title>Centro de Jubilados &quot;Eterna Primavera&quot; cierra un ciclo de talleres enriquecedor con muestra y agasajo comunitario - Noticias Radio Reflejos<\/title>\n<meta name=\"robots\" content=\"index, follow, max-snippet:-1, max-image-preview:large, max-video-preview:-1\" \/>\n<link rel=\"canonical\" href=\"https:\/\/www.noticiasradioreflejos.com.ar\/2021\/centro-de-jubilados-eterna-primavera-cierra-un-ciclo-de-talleres-enriquecedor-con-muestra-y-agasajo-comunitario\/\" \/>\n<meta property=\"og:locale\" content=\"es_ES\" \/>\n<meta property=\"og:type\" content=\"article\" \/>\n<meta property=\"og:title\" content=\"Centro de Jubilados &quot;Eterna Primavera&quot; cierra un ciclo de talleres enriquecedor con muestra y agasajo comunitario - Noticias Radio Reflejos\" \/>\n<meta property=\"og:description\" content=\"El Centro de Jubilados y Pensionados \u00abEterna Primavera\u00bb de Sierra de la Ventana celebr\u00f3 el final del ciclo 2025 de sus talleres con un emotivo acto y muestra en su sede social. La jornada, realizada este viernes 5, reuni\u00f3 a socios, participantes y profesores para compartir con la comunidad los aprendizajes y producciones realizadas a [&hellip;]\" \/>\n<meta property=\"og:url\" content=\"https:\/\/www.noticiasradioreflejos.com.ar\/2021\/centro-de-jubilados-eterna-primavera-cierra-un-ciclo-de-talleres-enriquecedor-con-muestra-y-agasajo-comunitario\/\" \/>\n<meta property=\"og:site_name\" content=\"Noticias Radio Reflejos\" \/>\n<meta property=\"article:published_time\" content=\"2025-12-08T12:37:12+00:00\" \/>\n<meta property=\"article:modified_time\" content=\"2025-12-08T12:37:56+00:00\" \/>\n<meta property=\"og:image\" content=\"https:\/\/www.noticiasradioreflejos.com.ar\/2021\/wp-content\/uploads\/2025\/12\/talleres-jubilados.jpg\" \/>\n\t<meta property=\"og:image:width\" content=\"1600\" \/>\n\t<meta property=\"og:image:height\" content=\"1200\" \/>\n\t<meta property=\"og:image:type\" content=\"image\/jpeg\" \/>\n<meta name=\"author\" content=\"Arnaldo Botto\" \/>\n<meta name=\"twitter:card\" content=\"summary_large_image\" \/>\n<script type=\"application\/ld+json\" class=\"yoast-schema-graph\">{\"@context\":\"https:\/\/schema.org\",\"@graph\":[{\"@type\":\"WebPage\",\"@id\":\"https:\/\/www.noticiasradioreflejos.com.ar\/2021\/centro-de-jubilados-eterna-primavera-cierra-un-ciclo-de-talleres-enriquecedor-con-muestra-y-agasajo-comunitario\/\",\"url\":\"https:\/\/www.noticiasradioreflejos.com.ar\/2021\/centro-de-jubilados-eterna-primavera-cierra-un-ciclo-de-talleres-enriquecedor-con-muestra-y-agasajo-comunitario\/\",\"name\":\"Centro de Jubilados \\\"Eterna Primavera\\\" cierra un ciclo de talleres enriquecedor con muestra y agasajo comunitario - Noticias Radio Reflejos\",\"isPartOf\":{\"@id\":\"https:\/\/www.noticiasradioreflejos.com.ar\/2021\/#website\"},\"primaryImageOfPage\":{\"@id\":\"https:\/\/www.noticiasradioreflejos.com.ar\/2021\/centro-de-jubilados-eterna-primavera-cierra-un-ciclo-de-talleres-enriquecedor-con-muestra-y-agasajo-comunitario\/#primaryimage\"},\"image\":{\"@id\":\"https:\/\/www.noticiasradioreflejos.com.ar\/2021\/centro-de-jubilados-eterna-primavera-cierra-un-ciclo-de-talleres-enriquecedor-con-muestra-y-agasajo-comunitario\/#primaryimage\"},\"thumbnailUrl\":\"https:\/\/www.noticiasradioreflejos.com.ar\/2021\/wp-content\/uploads\/2025\/12\/talleres-jubilados.jpg\",\"datePublished\":\"2025-12-08T12:37:12+00:00\",\"dateModified\":\"2025-12-08T12:37:56+00:00\",\"author\":{\"@id\":\"https:\/\/www.noticiasradioreflejos.com.ar\/2021\/#\/schema\/person\/ad82545263dcc5ec0996818884fd5fb1\"},\"breadcrumb\":{\"@id\":\"https:\/\/www.noticiasradioreflejos.com.ar\/2021\/centro-de-jubilados-eterna-primavera-cierra-un-ciclo-de-talleres-enriquecedor-con-muestra-y-agasajo-comunitario\/#breadcrumb\"},\"inLanguage\":\"es\",\"potentialAction\":[{\"@type\":\"ReadAction\",\"target\":[\"https:\/\/www.noticiasradioreflejos.com.ar\/2021\/centro-de-jubilados-eterna-primavera-cierra-un-ciclo-de-talleres-enriquecedor-con-muestra-y-agasajo-comunitario\/\"]}]},{\"@type\":\"ImageObject\",\"inLanguage\":\"es\",\"@id\":\"https:\/\/www.noticiasradioreflejos.com.ar\/2021\/centro-de-jubilados-eterna-primavera-cierra-un-ciclo-de-talleres-enriquecedor-con-muestra-y-agasajo-comunitario\/#primaryimage\",\"url\":\"https:\/\/www.noticiasradioreflejos.com.ar\/2021\/wp-content\/uploads\/2025\/12\/talleres-jubilados.jpg\",\"contentUrl\":\"https:\/\/www.noticiasradioreflejos.com.ar\/2021\/wp-content\/uploads\/2025\/12\/talleres-jubilados.jpg\",\"width\":1600,\"height\":1200},{\"@type\":\"BreadcrumbList\",\"@id\":\"https:\/\/www.noticiasradioreflejos.com.ar\/2021\/centro-de-jubilados-eterna-primavera-cierra-un-ciclo-de-talleres-enriquecedor-con-muestra-y-agasajo-comunitario\/#breadcrumb\",\"itemListElement\":[{\"@type\":\"ListItem\",\"position\":1,\"name\":\"Portada\",\"item\":\"https:\/\/www.noticiasradioreflejos.com.ar\/2021\/\"},{\"@type\":\"ListItem\",\"position\":2,\"name\":\"Centro de Jubilados \u00abEterna Primavera\u00bb cierra un ciclo de talleres enriquecedor con muestra y agasajo comunitario\"}]},{\"@type\":\"WebSite\",\"@id\":\"https:\/\/www.noticiasradioreflejos.com.ar\/2021\/#website\",\"url\":\"https:\/\/www.noticiasradioreflejos.com.ar\/2021\/\",\"name\":\"Noticias Radio Reflejos\",\"description\":\"Las noticias de mi comarca\",\"potentialAction\":[{\"@type\":\"SearchAction\",\"target\":{\"@type\":\"EntryPoint\",\"urlTemplate\":\"https:\/\/www.noticiasradioreflejos.com.ar\/2021\/?s={search_term_string}\"},\"query-input\":{\"@type\":\"PropertyValueSpecification\",\"valueRequired\":true,\"valueName\":\"search_term_string\"}}],\"inLanguage\":\"es\"},{\"@type\":\"Person\",\"@id\":\"https:\/\/www.noticiasradioreflejos.com.ar\/2021\/#\/schema\/person\/ad82545263dcc5ec0996818884fd5fb1\",\"name\":\"Arnaldo Botto\",\"image\":{\"@type\":\"ImageObject\",\"inLanguage\":\"es\",\"@id\":\"https:\/\/www.noticiasradioreflejos.com.ar\/2021\/#\/schema\/person\/image\/\",\"url\":\"https:\/\/secure.gravatar.com\/avatar\/55cb5e37c1efa326397366e6974cb338056df65cb50e7d64d1cf314e87504837?s=96&d=mm&r=g\",\"contentUrl\":\"https:\/\/secure.gravatar.com\/avatar\/55cb5e37c1efa326397366e6974cb338056df65cb50e7d64d1cf314e87504837?s=96&d=mm&r=g\",\"caption\":\"Arnaldo Botto\"},\"url\":\"https:\/\/www.noticiasradioreflejos.com.ar\/2021\/author\/arnaldo\/\"}]}<\/script>\n<!-- \/ Yoast SEO plugin. -->","yoast_head_json":{"title":"Centro de Jubilados \"Eterna Primavera\" cierra un ciclo de talleres enriquecedor con muestra y agasajo comunitario - Noticias Radio Reflejos","robots":{"index":"index","follow":"follow","max-snippet":"max-snippet:-1","max-image-preview":"max-image-preview:large","max-video-preview":"max-video-preview:-1"},"canonical":"https:\/\/www.noticiasradioreflejos.com.ar\/2021\/centro-de-jubilados-eterna-primavera-cierra-un-ciclo-de-talleres-enriquecedor-con-muestra-y-agasajo-comunitario\/","og_locale":"es_ES","og_type":"article","og_title":"Centro de Jubilados \"Eterna Primavera\" cierra un ciclo de talleres enriquecedor con muestra y agasajo comunitario - Noticias Radio Reflejos","og_description":"El Centro de Jubilados y Pensionados \u00abEterna Primavera\u00bb de Sierra de la Ventana celebr\u00f3 el final del ciclo 2025 de sus talleres con un emotivo acto y muestra en su sede social. La jornada, realizada este viernes 5, reuni\u00f3 a socios, participantes y profesores para compartir con la comunidad los aprendizajes y producciones realizadas a [&hellip;]","og_url":"https:\/\/www.noticiasradioreflejos.com.ar\/2021\/centro-de-jubilados-eterna-primavera-cierra-un-ciclo-de-talleres-enriquecedor-con-muestra-y-agasajo-comunitario\/","og_site_name":"Noticias Radio Reflejos","article_published_time":"2025-12-08T12:37:12+00:00","article_modified_time":"2025-12-08T12:37:56+00:00","og_image":[{"width":1600,"height":1200,"url":"https:\/\/www.noticiasradioreflejos.com.ar\/2021\/wp-content\/uploads\/2025\/12\/talleres-jubilados.jpg","type":"image\/jpeg"}],"author":"Arnaldo Botto","twitter_card":"summary_large_image","schema":{"@context":"https:\/\/schema.org","@graph":[{"@type":"WebPage","@id":"https:\/\/www.noticiasradioreflejos.com.ar\/2021\/centro-de-jubilados-eterna-primavera-cierra-un-ciclo-de-talleres-enriquecedor-con-muestra-y-agasajo-comunitario\/","url":"https:\/\/www.noticiasradioreflejos.com.ar\/2021\/centro-de-jubilados-eterna-primavera-cierra-un-ciclo-de-talleres-enriquecedor-con-muestra-y-agasajo-comunitario\/","name":"Centro de Jubilados \"Eterna Primavera\" cierra un ciclo de talleres enriquecedor con muestra y agasajo comunitario - Noticias Radio Reflejos","isPartOf":{"@id":"https:\/\/www.noticiasradioreflejos.com.ar\/2021\/#website"},"primaryImageOfPage":{"@id":"https:\/\/www.noticiasradioreflejos.com.ar\/2021\/centro-de-jubilados-eterna-primavera-cierra-un-ciclo-de-talleres-enriquecedor-con-muestra-y-agasajo-comunitario\/#primaryimage"},"image":{"@id":"https:\/\/www.noticiasradioreflejos.com.ar\/2021\/centro-de-jubilados-eterna-primavera-cierra-un-ciclo-de-talleres-enriquecedor-con-muestra-y-agasajo-comunitario\/#primaryimage"},"thumbnailUrl":"https:\/\/www.noticiasradioreflejos.com.ar\/2021\/wp-content\/uploads\/2025\/12\/talleres-jubilados.jpg","datePublished":"2025-12-08T12:37:12+00:00","dateModified":"2025-12-08T12:37:56+00:00","author":{"@id":"https:\/\/www.noticiasradioreflejos.com.ar\/2021\/#\/schema\/person\/ad82545263dcc5ec0996818884fd5fb1"},"breadcrumb":{"@id":"https:\/\/www.noticiasradioreflejos.com.ar\/2021\/centro-de-jubilados-eterna-primavera-cierra-un-ciclo-de-talleres-enriquecedor-con-muestra-y-agasajo-comunitario\/#breadcrumb"},"inLanguage":"es","potentialAction":[{"@type":"ReadAction","target":["https:\/\/www.noticiasradioreflejos.com.ar\/2021\/centro-de-jubilados-eterna-primavera-cierra-un-ciclo-de-talleres-enriquecedor-con-muestra-y-agasajo-comunitario\/"]}]},{"@type":"ImageObject","inLanguage":"es","@id":"https:\/\/www.noticiasradioreflejos.com.ar\/2021\/centro-de-jubilados-eterna-primavera-cierra-un-ciclo-de-talleres-enriquecedor-con-muestra-y-agasajo-comunitario\/#primaryimage","url":"https:\/\/www.noticiasradioreflejos.com.ar\/2021\/wp-content\/uploads\/2025\/12\/talleres-jubilados.jpg","contentUrl":"https:\/\/www.noticiasradioreflejos.com.ar\/2021\/wp-content\/uploads\/2025\/12\/talleres-jubilados.jpg","width":1600,"height":1200},{"@type":"BreadcrumbList","@id":"https:\/\/www.noticiasradioreflejos.com.ar\/2021\/centro-de-jubilados-eterna-primavera-cierra-un-ciclo-de-talleres-enriquecedor-con-muestra-y-agasajo-comunitario\/#breadcrumb","itemListElement":[{"@type":"ListItem","position":1,"name":"Portada","item":"https:\/\/www.noticiasradioreflejos.com.ar\/2021\/"},{"@type":"ListItem","position":2,"name":"Centro de Jubilados \u00abEterna Primavera\u00bb cierra un ciclo de talleres enriquecedor con muestra y agasajo comunitario"}]},{"@type":"WebSite","@id":"https:\/\/www.noticiasradioreflejos.com.ar\/2021\/#website","url":"https:\/\/www.noticiasradioreflejos.com.ar\/2021\/","name":"Noticias Radio Reflejos","description":"Las noticias de mi comarca","potentialAction":[{"@type":"SearchAction","target":{"@type":"EntryPoint","urlTemplate":"https:\/\/www.noticiasradioreflejos.com.ar\/2021\/?s={search_term_string}"},"query-input":{"@type":"PropertyValueSpecification","valueRequired":true,"valueName":"search_term_string"}}],"inLanguage":"es"},{"@type":"Person","@id":"https:\/\/www.noticiasradioreflejos.com.ar\/2021\/#\/schema\/person\/ad82545263dcc5ec0996818884fd5fb1","name":"Arnaldo Botto","image":{"@type":"ImageObject","inLanguage":"es","@id":"https:\/\/www.noticiasradioreflejos.com.ar\/2021\/#\/schema\/person\/image\/","url":"https:\/\/secure.gravatar.com\/avatar\/55cb5e37c1efa326397366e6974cb338056df65cb50e7d64d1cf314e87504837?s=96&d=mm&r=g","contentUrl":"https:\/\/secure.gravatar.com\/avatar\/55cb5e37c1efa326397366e6974cb338056df65cb50e7d64d1cf314e87504837?s=96&d=mm&r=g","caption":"Arnaldo Botto"},"url":"https:\/\/www.noticiasradioreflejos.com.ar\/2021\/author\/arnaldo\/"}]}},"_links":{"self":[{"href":"https:\/\/www.noticiasradioreflejos.com.ar\/2021\/wp-json\/wp\/v2\/posts\/129451","targetHints":{"allow":["GET"]}}],"collection":[{"href":"https:\/\/www.noticiasradioreflejos.com.ar\/2021\/wp-json\/wp\/v2\/posts"}],"about":[{"href":"https:\/\/www.noticiasradioreflejos.com.ar\/2021\/wp-json\/wp\/v2\/types\/post"}],"author":[{"embeddable":true,"href":"https:\/\/www.noticiasradioreflejos.com.ar\/2021\/wp-json\/wp\/v2\/users\/3"}],"replies":[{"embeddable":true,"href":"https:\/\/www.noticiasradioreflejos.com.ar\/2021\/wp-json\/wp\/v2\/comments?post=129451"}],"version-history":[{"count":2,"href":"https:\/\/www.noticiasradioreflejos.com.ar\/2021\/wp-json\/wp\/v2\/posts\/129451\/revisions"}],"predecessor-version":[{"id":129454,"href":"https:\/\/www.noticiasradioreflejos.com.ar\/2021\/wp-json\/wp\/v2\/posts\/129451\/revisions\/129454"}],"wp:featuredmedia":[{"embeddable":true,"href":"https:\/\/www.noticiasradioreflejos.com.ar\/2021\/wp-json\/wp\/v2\/media\/129452"}],"wp:attachment":[{"href":"https:\/\/www.noticiasradioreflejos.com.ar\/2021\/wp-json\/wp\/v2\/media?parent=129451"}],"wp:term":[{"taxonomy":"category","embeddable":true,"href":"https:\/\/www.noticiasradioreflejos.com.ar\/2021\/wp-json\/wp\/v2\/categories?post=129451"},{"taxonomy":"post_tag","embeddable":true,"href":"https:\/\/www.noticiasradioreflejos.com.ar\/2021\/wp-json\/wp\/v2\/tags?post=129451"}],"curies":[{"name":"wp","href":"https:\/\/api.w.org\/{rel}","templated":true}]}}